{"id":16263,"date":"2025-05-26T13:30:48","date_gmt":"2025-05-26T13:30:48","guid":{"rendered":"https:\/\/contrastes.com.co\/web\/?p=16263"},"modified":"2025-05-26T13:30:54","modified_gmt":"2025-05-26T13:30:54","slug":"con-un-exitoso-balance-finaliza-semana-de-la-herencia-afro-tras-una-amplia-agenda-de-actividades","status":"publish","type":"post","link":"https:\/\/contrastes.com.co\/web\/2025\/05\/26\/con-un-exitoso-balance-finaliza-semana-de-la-herencia-afro-tras-una-amplia-agenda-de-actividades\/","title":{"rendered":"Con un exitoso balance finaliza Semana de la Herencia Afro tras una amplia agenda de actividades"},"content":{"rendered":"\n<h2 class=\"wp-block-heading\">Durante seis d\u00edas, cerca de 2.000 asistentes participaron en las diferentes actividades desde talleres, feria artesanal, festival gastron\u00f3mico, conversatorios, talleres y puestas en escena de danzas negras del Carnaval, entre otras<\/h2>\n\n\n\n<p>Barranquilla, mayo 26 de 2025 &#8211; Oficina de prensa Carnaval S.A.S<\/p>\n\n\n\n<p>. Con una nutrida participaci\u00f3n ciudadana y una variada agenda cultural, la Semana de la Herencia Africana organizada por Carnaval de Barranquilla concluy\u00f3 con un balance exitoso, reafirmando el compromiso de la organizaci\u00f3n con la preservaci\u00f3n, difusi\u00f3n y valoraci\u00f3n de las ra\u00edces afrocolombianas como parte fundamental del patrimonio cultural de la ciudad.<\/p>\n\n\n\n<p>Durante seis d\u00edas de celebraci\u00f3n, los asistentes disfrutaron de una programaci\u00f3n que integr\u00f3 el arte, la tradici\u00f3n y el emprendimiento con actividades como talleres de saberes afro, un conversatorio con investigadores, escritores y portadores de tradici\u00f3n afro, un museo vivo con muestras folcl\u00f3ricas, adem\u00e1s de una colorida feria artesanal y un exquisito festival gastron\u00f3mico con las matronas de gastronom\u00eda popular afro colombiana.<\/p>\n\n\n\n<figure class=\"wp-block-image size-large\"><img fetchpriority=\"high\" decoding=\"async\" width=\"1024\" height=\"682\" src=\"https:\/\/contrastes.com.co\/web\/wp-content\/uploads\/2025\/05\/WhatsApp-Image-2025-05-26-at-7.29.49-AM-1024x682.jpeg\" alt=\"\" class=\"wp-image-16265\" srcset=\"https:\/\/contrastes.com.co\/web\/wp-content\/uploads\/2025\/05\/WhatsApp-Image-2025-05-26-at-7.29.49-AM-1024x682.jpeg 1024w, https:\/\/contrastes.com.co\/web\/wp-content\/uploads\/2025\/05\/WhatsApp-Image-2025-05-26-at-7.29.49-AM-300x200.jpeg 300w, https:\/\/contrastes.com.co\/web\/wp-content\/uploads\/2025\/05\/WhatsApp-Image-2025-05-26-at-7.29.49-AM-768x512.jpeg 768w, https:\/\/contrastes.com.co\/web\/wp-content\/uploads\/2025\/05\/WhatsApp-Image-2025-05-26-at-7.29.49-AM-1536x1023.jpeg 1536w, https:\/\/contrastes.com.co\/web\/wp-content\/uploads\/2025\/05\/WhatsApp-Image-2025-05-26-at-7.29.49-AM.jpeg 1600w\" sizes=\"(max-width: 1024px) 100vw, 1024px\" \/><\/figure>\n\n\n\n<p>Impacto cultural y econ\u00f3mico:<\/p>\n\n\n\n<p>M\u00e1s de 2.000 asistentes participaron en las distintas actividades que se realizaron en la Semana de la Herencia Afro.<\/p>\n\n\n\n<p>110 hacedores culturales entre grupos folcl\u00f3ricos, cocineras tradicionales, artesanos, m\u00fasicos, bailarines y narradores orales mostraron la riqueza de la herencia africana en el Caribe.<\/p>\n\n\n\n<p>La feria artesanal y el festival gastron\u00f3mico generaron ingresos estimados en m\u00e1s de 10 millones de pesos, fortaleciendo el sustento de emprendimientos locales y dinamizando la econom\u00eda popular.<\/p>\n\n\n\n<p>El museo vivo reuni\u00f3 expresiones simb\u00f3licas del legado afro a trav\u00e9s de danzas, vestuarios, peinados, cantos y relatos, recibiendo a m\u00e1s de 800 visitantes durante la semana.<\/p>\n\n\n\n<p>El conversatorio Negros Somos cont\u00f3 con la presencia de l\u00edderes sociales, acad\u00e9micos y gestores culturales, quienes reflexionaron sobre los aportes de las comunidades afrodescendientes en la construcci\u00f3n de la identidad nacional y su papel en la transformaci\u00f3n social.<\/p>\n\n\n\n<figure class=\"wp-block-image size-large\"><img decoding=\"async\" width=\"1024\" height=\"683\" src=\"https:\/\/contrastes.com.co\/web\/wp-content\/uploads\/2025\/05\/WhatsApp-Image-2025-05-26-at-7.40.35-AM-1024x683.jpeg\" alt=\"\" class=\"wp-image-16266\" srcset=\"https:\/\/contrastes.com.co\/web\/wp-content\/uploads\/2025\/05\/WhatsApp-Image-2025-05-26-at-7.40.35-AM-1024x683.jpeg 1024w, https:\/\/contrastes.com.co\/web\/wp-content\/uploads\/2025\/05\/WhatsApp-Image-2025-05-26-at-7.40.35-AM-300x200.jpeg 300w, https:\/\/contrastes.com.co\/web\/wp-content\/uploads\/2025\/05\/WhatsApp-Image-2025-05-26-at-7.40.35-AM-768x512.jpeg 768w, https:\/\/contrastes.com.co\/web\/wp-content\/uploads\/2025\/05\/WhatsApp-Image-2025-05-26-at-7.40.35-AM-1536x1024.jpeg 1536w, https:\/\/contrastes.com.co\/web\/wp-content\/uploads\/2025\/05\/WhatsApp-Image-2025-05-26-at-7.40.35-AM-2048x1366.jpeg 2048w\" sizes=\"(max-width: 1024px) 100vw, 1024px\" \/><\/figure>\n\n\n\n<p>\u201cLa Semana de la Herencia Africana es una oportunidad para reconocer nuestras ra\u00edces, pero tambi\u00e9n para crear espacios de crecimiento econ\u00f3mico y empoderamiento para quienes han sostenido estas tradiciones por generaciones\u201d, se\u00f1al\u00f3 Juan Jos\u00e9 Jaramillo director de Carnaval de Barranquilla.<\/p>\n\n\n\n<p>Con esta iniciativa, Carnaval de Barranquilla reafirma su compromiso con la inclusi\u00f3n, la diversidad y el fortalecimiento de las expresiones patrimoniales, consolidando este espacio como un referente nacional en la promoci\u00f3n de la cultura afrocolombiana, adem\u00e1s contin\u00faa potencializando su apuesta Carnaval 365, que exalta las tradiciones que enriquecen el Carnaval todo el a\u00f1o a trav\u00e9s de su prop\u00f3sito superior: hacer visible lo invisible, d\u00e1ndole gran relevancia a los actores que engrandecen la cultura y el Carnaval de Barranquilla.<\/p>\n","protected":false},"excerpt":{"rendered":"<p>Durante seis d\u00edas, cerca de 2.000 asistentes participaron en las diferentes actividades desde talleres, feria artesanal, festival gastron\u00f3mico, conversatorios, talleres y puestas en escena de danzas negras del Carnaval, entre otras Barranquilla, mayo 26 de 2025 &#8211; Oficina de prensa Carnaval S.A.S . Con una nutrida participaci\u00f3n ciudadana y una variada agenda cultural, la Semana [&hellip;]<\/p>\n","protected":false},"author":4,"featured_media":16264,"comment_status":"open","ping_status":"open","sticky":false,"template":"","format":"standard","meta":{"footnotes":""},"categories":[6778,1796,8566,7411,104,7272,8562,277,101,2067],"tags":[],"class_list":["post-16263","post","type-post","status-publish","format-standard","has-post-thumbnail","hentry","category-arte","category-carnaval","category-colombia-hoy","category-convivencia-y-cultura-ciudadana","category-cultura","category-cultura-ciudadana","category-lester-padilla","category-opinion","category-pais","category-tendencias"],"blog_post_layout_featured_media_urls":{"thumbnail":["https:\/\/contrastes.com.co\/web\/wp-content\/uploads\/2025\/05\/WhatsApp-Image-2025-05-26-at-7.29.42-AM-150x150.jpeg",150,150,true],"full":["https:\/\/contrastes.com.co\/web\/wp-content\/uploads\/2025\/05\/WhatsApp-Image-2025-05-26-at-7.29.42-AM.jpeg",1600,1066,false]},"categories_names":{"6778":{"name":"Arte","link":"https:\/\/contrastes.com.co\/web\/category\/arte\/"},"1796":{"name":"Carnaval","link":"https:\/\/contrastes.com.co\/web\/category\/carnaval\/"},"8566":{"name":"Colombia Hoy","link":"https:\/\/contrastes.com.co\/web\/category\/colombia-hoy\/"},"7411":{"name":"Convivencia y Cultura Ciudadana","link":"https:\/\/contrastes.com.co\/web\/category\/convivencia-y-cultura-ciudadana\/"},"104":{"name":"Cultura","link":"https:\/\/contrastes.com.co\/web\/category\/cultura\/"},"7272":{"name":"Cultura Ciudadana","link":"https:\/\/contrastes.com.co\/web\/category\/cultura-ciudadana\/"},"8562":{"name":"Lester Padilla","link":"https:\/\/contrastes.com.co\/web\/category\/lester-padilla\/"},"277":{"name":"Opini\u00f3n","link":"https:\/\/contrastes.com.co\/web\/category\/opinion\/"},"101":{"name":"Pa\u00eds","link":"https:\/\/contrastes.com.co\/web\/category\/pais\/"},"2067":{"name":"Tendencias","link":"https:\/\/contrastes.com.co\/web\/category\/tendencias\/"}},"tags_names":[],"comments_number":"0","wpmagazine_modules_lite_featured_media_urls":{"thumbnail":["https:\/\/contrastes.com.co\/web\/wp-content\/uploads\/2025\/05\/WhatsApp-Image-2025-05-26-at-7.29.42-AM-150x150.jpeg",150,150,true],"cvmm-medium":["https:\/\/contrastes.com.co\/web\/wp-content\/uploads\/2025\/05\/WhatsApp-Image-2025-05-26-at-7.29.42-AM-300x300.jpeg",300,300,true],"cvmm-medium-plus":["https:\/\/contrastes.com.co\/web\/wp-content\/uploads\/2025\/05\/WhatsApp-Image-2025-05-26-at-7.29.42-AM-305x207.jpeg",305,207,true],"cvmm-portrait":["https:\/\/contrastes.com.co\/web\/wp-content\/uploads\/2025\/05\/WhatsApp-Image-2025-05-26-at-7.29.42-AM-400x600.jpeg",400,600,true],"cvmm-medium-square":["https:\/\/contrastes.com.co\/web\/wp-content\/uploads\/2025\/05\/WhatsApp-Image-2025-05-26-at-7.29.42-AM-600x600.jpeg",600,600,true],"cvmm-large":["https:\/\/contrastes.com.co\/web\/wp-content\/uploads\/2025\/05\/WhatsApp-Image-2025-05-26-at-7.29.42-AM-1024x1024.jpeg",1024,1024,true],"cvmm-small":["https:\/\/contrastes.com.co\/web\/wp-content\/uploads\/2025\/05\/WhatsApp-Image-2025-05-26-at-7.29.42-AM-130x95.jpeg",130,95,true],"full":["https:\/\/contrastes.com.co\/web\/wp-content\/uploads\/2025\/05\/WhatsApp-Image-2025-05-26-at-7.29.42-AM.jpeg",1600,1066,false]},"_links":{"self":[{"href":"https:\/\/contrastes.com.co\/web\/wp-json\/wp\/v2\/posts\/16263","targetHints":{"allow":["GET"]}}],"collection":[{"href":"https:\/\/contrastes.com.co\/web\/wp-json\/wp\/v2\/posts"}],"about":[{"href":"https:\/\/contrastes.com.co\/web\/wp-json\/wp\/v2\/types\/post"}],"author":[{"embeddable":true,"href":"https:\/\/contrastes.com.co\/web\/wp-json\/wp\/v2\/users\/4"}],"replies":[{"embeddable":true,"href":"https:\/\/contrastes.com.co\/web\/wp-json\/wp\/v2\/comments?post=16263"}],"version-history":[{"count":1,"href":"https:\/\/contrastes.com.co\/web\/wp-json\/wp\/v2\/posts\/16263\/revisions"}],"predecessor-version":[{"id":16267,"href":"https:\/\/contrastes.com.co\/web\/wp-json\/wp\/v2\/posts\/16263\/revisions\/16267"}],"wp:featuredmedia":[{"embeddable":true,"href":"https:\/\/contrastes.com.co\/web\/wp-json\/wp\/v2\/media\/16264"}],"wp:attachment":[{"href":"https:\/\/contrastes.com.co\/web\/wp-json\/wp\/v2\/media?parent=16263"}],"wp:term":[{"taxonomy":"category","embeddable":true,"href":"https:\/\/contrastes.com.co\/web\/wp-json\/wp\/v2\/categories?post=16263"},{"taxonomy":"post_tag","embeddable":true,"href":"https:\/\/contrastes.com.co\/web\/wp-json\/wp\/v2\/tags?post=16263"}],"curies":[{"name":"wp","href":"https:\/\/api.w.org\/{rel}","templated":true}]}}