{"id":16274,"date":"2025-06-01T23:07:59","date_gmt":"2025-06-01T23:07:59","guid":{"rendered":"https:\/\/contrastes.com.co\/web\/?p=16274"},"modified":"2025-06-01T23:08:07","modified_gmt":"2025-06-01T23:08:07","slug":"catedra-de-la-paz-uninunez-barranquilla-el-buen-trato-para-la-defensa-de-los-derechos-de-la-infancia-y-adolescencia","status":"publish","type":"post","link":"https:\/\/contrastes.com.co\/web\/2025\/06\/01\/catedra-de-la-paz-uninunez-barranquilla-el-buen-trato-para-la-defensa-de-los-derechos-de-la-infancia-y-adolescencia\/","title":{"rendered":"C\u00e1tedra de la Paz Uninu\u00f1ez Barranquilla: El Buen Trato para la Defensa de los Derechos de la Infancia y Adolescencia"},"content":{"rendered":"\n<blockquote class=\"wp-block-quote has-text-align-right is-layout-flow wp-block-quote-is-layout-flow\">\n<p><em>El programa de  Trabajo Social  de la Cooperaci\u00f3n Universitaria Rafael Nu\u00f1ez sede Barranquilla, realiz\u00f3<\/em> <\/p>\n\n\n\n<p>  <\/p>\n<\/blockquote>\n\n\n\n<p>Junio 2 de 2025 &#8211; Comunicaciones Uninu\u00f1ez Barranquilla<\/p>\n\n\n\n<p>la C\u00e1tedra de la Paz titulada\u00a0<em>\u2018El buen trato para la defensa de los Derechos de los ni\u00f1os, ni\u00f1as y adolescentes\u2019,<\/em>\u00a0 un enriquecedor encuentro que cont\u00f3 con la ponencia de la Dra. Isabel Cuadro Ferr\u00e9r, directora de la\u00a0<strong>Asociaci\u00f3n Afecto contra el Maltrato Infantil<\/strong> quien destac\u00f3 la importancia de promover una cultura de respeto y protecci\u00f3n para garantizar el bienestar de nuestros ni\u00f1os, ni\u00f1as y adolescentes.<\/p>\n\n\n\n<p>Este espacio no solo gener\u00f3 un di\u00e1logo profundo sobre los desaf\u00edos en la defensa de sus derechos, sino que tambi\u00e9n inspir\u00f3 acciones concretas para fortalecer su protecci\u00f3n. Esta c\u00e1tedra representa un esfuerzo significativo por parte de Unin\u00fa\u00f1ez para fortalecer la articulaci\u00f3n entre varias entidades ante el alarmante aumento del maltrato infantil y la vulneraci\u00f3n de los derechos de ni\u00f1os, ni\u00f1as y adolescentes en nuestra sociedad<\/p>\n\n\n\n<figure class=\"wp-block-gallery has-nested-images columns-default is-cropped wp-block-gallery-1 is-layout-flex wp-block-gallery-is-layout-flex\">\n<figure class=\"wp-block-image size-large\"><img fetchpriority=\"high\" decoding=\"async\" width=\"720\" height=\"475\" data-id=\"16276\" src=\"https:\/\/contrastes.com.co\/web\/wp-content\/uploads\/2025\/06\/WhatsApp-Image-2025-06-01-at-5.50.45-PM.jpeg\" alt=\"\" class=\"wp-image-16276\" srcset=\"https:\/\/contrastes.com.co\/web\/wp-content\/uploads\/2025\/06\/WhatsApp-Image-2025-06-01-at-5.50.45-PM.jpeg 720w, https:\/\/contrastes.com.co\/web\/wp-content\/uploads\/2025\/06\/WhatsApp-Image-2025-06-01-at-5.50.45-PM-300x198.jpeg 300w\" sizes=\"(max-width: 720px) 100vw, 720px\" \/><\/figure>\n<\/figure>\n\n\n\n<p>En el acto hicieron presencia la Secretar\u00eda de Educaci\u00f3n de Puerto Colombia, la Comisar\u00eda de Familia y a todos los docentes y orientadores que se unieron a esta causa. Juntos, trabajando por un entorno m\u00e1s seguro y respetuoso para nuestras futuras generaciones<\/p>\n\n\n<div class=\"wp-block-image\">\n<figure class=\"aligncenter size-full\"><img decoding=\"async\" width=\"720\" height=\"475\" src=\"https:\/\/contrastes.com.co\/web\/wp-content\/uploads\/2025\/06\/WhatsApp-Image-2025-06-01-at-5.51.38-PM.jpeg\" alt=\"\" class=\"wp-image-16277\" srcset=\"https:\/\/contrastes.com.co\/web\/wp-content\/uploads\/2025\/06\/WhatsApp-Image-2025-06-01-at-5.51.38-PM.jpeg 720w, https:\/\/contrastes.com.co\/web\/wp-content\/uploads\/2025\/06\/WhatsApp-Image-2025-06-01-at-5.51.38-PM-300x198.jpeg 300w\" sizes=\"(max-width: 720px) 100vw, 720px\" \/><figcaption class=\"wp-element-caption\">Asistentes al evento acad\u00e9mico, de la Corporaci\u00f3n Universitaria Rafael Nu\u00f1ez Barranquilla<\/figcaption><\/figure>\n<\/div>\n\n\n<p><\/p>\n","protected":false},"excerpt":{"rendered":"<p>El programa de Trabajo Social de la Cooperaci\u00f3n Universitaria Rafael Nu\u00f1ez sede Barranquilla, realiz\u00f3 Junio 2 de 2025 &#8211; Comunicaciones Uninu\u00f1ez Barranquilla la C\u00e1tedra de la Paz titulada\u00a0\u2018El buen trato para la defensa de los Derechos de los ni\u00f1os, ni\u00f1as y adolescentes\u2019,\u00a0 un enriquecedor encuentro que cont\u00f3 con la ponencia de la Dra. Isabel Cuadro [&hellip;]<\/p>\n","protected":false},"author":4,"featured_media":16275,"comment_status":"open","ping_status":"open","sticky":false,"template":"","format":"standard","meta":{"footnotes":""},"categories":[2080,8566,7411,2082,3516,4208,207,1034,3143,277,101,33,24],"tags":[],"class_list":["post-16274","post","type-post","status-publish","format-standard","has-post-thumbnail","hentry","category-bienestar","category-colombia-hoy","category-convivencia-y-cultura-ciudadana","category-crecimiento","category-derechos-humanos","category-diversidad","category-educacion","category-juventud","category-ninos-y-adolescentes","category-opinion","category-pais","category-politicas-publicas","category-region"],"blog_post_layout_featured_media_urls":{"thumbnail":["https:\/\/contrastes.com.co\/web\/wp-content\/uploads\/2025\/06\/WhatsApp-Image-2025-06-01-at-5.51.11-PM-150x150.jpeg",150,150,true],"full":["https:\/\/contrastes.com.co\/web\/wp-content\/uploads\/2025\/06\/WhatsApp-Image-2025-06-01-at-5.51.11-PM.jpeg",720,471,false]},"categories_names":{"2080":{"name":"Bienestar","link":"https:\/\/contrastes.com.co\/web\/category\/bienestar\/"},"8566":{"name":"Colombia Hoy","link":"https:\/\/contrastes.com.co\/web\/category\/colombia-hoy\/"},"7411":{"name":"Convivencia y Cultura Ciudadana","link":"https:\/\/contrastes.com.co\/web\/category\/convivencia-y-cultura-ciudadana\/"},"2082":{"name":"Crecimiento","link":"https:\/\/contrastes.com.co\/web\/category\/crecimiento\/"},"3516":{"name":"Derechos Humanos","link":"https:\/\/contrastes.com.co\/web\/category\/derechos-humanos\/"},"4208":{"name":"Diversidad","link":"https:\/\/contrastes.com.co\/web\/category\/diversidad\/"},"207":{"name":"Educaci\u00f3n","link":"https:\/\/contrastes.com.co\/web\/category\/educacion\/"},"1034":{"name":"Juventud","link":"https:\/\/contrastes.com.co\/web\/category\/juventud\/"},"3143":{"name":"Ni\u00f1os y adolescentes","link":"https:\/\/contrastes.com.co\/web\/category\/ninos-y-adolescentes\/"},"277":{"name":"Opini\u00f3n","link":"https:\/\/contrastes.com.co\/web\/category\/opinion\/"},"101":{"name":"Pa\u00eds","link":"https:\/\/contrastes.com.co\/web\/category\/pais\/"},"33":{"name":"Pol\u00edticas P\u00fablicas","link":"https:\/\/contrastes.com.co\/web\/category\/politicas-publicas\/"},"24":{"name":"Regi\u00f3n","link":"https:\/\/contrastes.com.co\/web\/category\/region\/"}},"tags_names":[],"comments_number":"0","wpmagazine_modules_lite_featured_media_urls":{"thumbnail":["https:\/\/contrastes.com.co\/web\/wp-content\/uploads\/2025\/06\/WhatsApp-Image-2025-06-01-at-5.51.11-PM-150x150.jpeg",150,150,true],"cvmm-medium":["https:\/\/contrastes.com.co\/web\/wp-content\/uploads\/2025\/06\/WhatsApp-Image-2025-06-01-at-5.51.11-PM-300x300.jpeg",300,300,true],"cvmm-medium-plus":["https:\/\/contrastes.com.co\/web\/wp-content\/uploads\/2025\/06\/WhatsApp-Image-2025-06-01-at-5.51.11-PM-305x207.jpeg",305,207,true],"cvmm-portrait":["https:\/\/contrastes.com.co\/web\/wp-content\/uploads\/2025\/06\/WhatsApp-Image-2025-06-01-at-5.51.11-PM-400x471.jpeg",400,471,true],"cvmm-medium-square":["https:\/\/contrastes.com.co\/web\/wp-content\/uploads\/2025\/06\/WhatsApp-Image-2025-06-01-at-5.51.11-PM-600x471.jpeg",600,471,true],"cvmm-large":["https:\/\/contrastes.com.co\/web\/wp-content\/uploads\/2025\/06\/WhatsApp-Image-2025-06-01-at-5.51.11-PM.jpeg",720,471,false],"cvmm-small":["https:\/\/contrastes.com.co\/web\/wp-content\/uploads\/2025\/06\/WhatsApp-Image-2025-06-01-at-5.51.11-PM-130x95.jpeg",130,95,true],"full":["https:\/\/contrastes.com.co\/web\/wp-content\/uploads\/2025\/06\/WhatsApp-Image-2025-06-01-at-5.51.11-PM.jpeg",720,471,false]},"_links":{"self":[{"href":"https:\/\/contrastes.com.co\/web\/wp-json\/wp\/v2\/posts\/16274","targetHints":{"allow":["GET"]}}],"collection":[{"href":"https:\/\/contrastes.com.co\/web\/wp-json\/wp\/v2\/posts"}],"about":[{"href":"https:\/\/contrastes.com.co\/web\/wp-json\/wp\/v2\/types\/post"}],"author":[{"embeddable":true,"href":"https:\/\/contrastes.com.co\/web\/wp-json\/wp\/v2\/users\/4"}],"replies":[{"embeddable":true,"href":"https:\/\/contrastes.com.co\/web\/wp-json\/wp\/v2\/comments?post=16274"}],"version-history":[{"count":1,"href":"https:\/\/contrastes.com.co\/web\/wp-json\/wp\/v2\/posts\/16274\/revisions"}],"predecessor-version":[{"id":16278,"href":"https:\/\/contrastes.com.co\/web\/wp-json\/wp\/v2\/posts\/16274\/revisions\/16278"}],"wp:featuredmedia":[{"embeddable":true,"href":"https:\/\/contrastes.com.co\/web\/wp-json\/wp\/v2\/media\/16275"}],"wp:attachment":[{"href":"https:\/\/contrastes.com.co\/web\/wp-json\/wp\/v2\/media?parent=16274"}],"wp:term":[{"taxonomy":"category","embeddable":true,"href":"https:\/\/contrastes.com.co\/web\/wp-json\/wp\/v2\/categories?post=16274"},{"taxonomy":"post_tag","embeddable":true,"href":"https:\/\/contrastes.com.co\/web\/wp-json\/wp\/v2\/tags?post=16274"}],"curies":[{"name":"wp","href":"https:\/\/api.w.org\/{rel}","templated":true}]}}