{"id":16403,"date":"2025-08-15T15:54:06","date_gmt":"2025-08-15T15:54:06","guid":{"rendered":"https:\/\/contrastes.com.co\/web\/?p=16403"},"modified":"2025-08-15T15:54:08","modified_gmt":"2025-08-15T15:54:08","slug":"habemus-reina-michelle-char-reina-del-carnaval-de-barranquilla-2026","status":"publish","type":"post","link":"https:\/\/contrastes.com.co\/web\/2025\/08\/15\/habemus-reina-michelle-char-reina-del-carnaval-de-barranquilla-2026\/","title":{"rendered":"\u00abHabemus Reina\u00bb: Michelle Char, Reina Del Carnaval De Barranquilla 2026"},"content":{"rendered":"\n<p class=\"has-text-align-right\"><strong><em>La ma\u00f1ana de este viernes, 15 de agosto, la Junta Directiva de Carnaval de Barranquilla design\u00f3 de manera un\u00e1nime a Michelle Char Fern\u00e1ndez como la reina del Carnaval de Barranquilla 2026, convirti\u00e9ndose en la soberana n\u00famero 90 en presidir la fiesta m\u00e1s grande de Colombia.<\/em><\/strong><\/p>\n\n\n\n<p>Barranquilla, agosto de 2025<\/p>\n\n\n\n<p>La noticia fue anunciada por el alcalde distrital Alejandro Char a trav\u00e9s de su cuenta oficial de Instagram donde salud\u00f3 a la soberana en la llamada e indic\u00f3: \u201cFelicitaciones a esta barranquillera y carnavalera que nos har\u00e1 gozar y vivir la fiesta en uni\u00f3n, alegr\u00eda y comunidad\u201d.<\/p>\n\n\n\n<p>Michelle es una barranquillera de 23 a\u00f1os, desde muy peque\u00f1a ha estado conectada con el folclor y la danza. Su formaci\u00f3n inici\u00f3 en la escuela de Julie de Donado, durante una d\u00e9cada hizo parte del Ballet de Barranquilla y en 2018, fue capitana juvenil del Country Club y ha participado en diferentes escenarios art\u00edsticos y dos coronaciones de Reinas del Carnaval. Adem\u00e1s, ha hecho parte de grupos folcl\u00f3ricos como Kadanz\u00e1, la cumbiamba La Revoltosa y la comparsa Pasi\u00f3n Latina, y desde hace tres a\u00f1os integra el grupo Fuerza Negra, con el que ha seguido cultivando su amor por las ra\u00edces del Carnaval, ganando junto a ellos dos Congos de Oro.&nbsp;<\/p>\n\n\n\n<p>\u201cSoy una mujer barranquillera, apasionada por mi cultura, una persona creativa, talentosa y con un buen coraz\u00f3n. Recibo con orgullo y emoci\u00f3n esta designaci\u00f3n como la Reina del Carnaval de Barranquilla 2026. Para m\u00ed es un honor que llevar\u00e9 en alto con total agradecimiento y alegr\u00eda. \u00a1Invito a Barranquilla y al pa\u00eds a vivir este Carnaval con mucha uni\u00f3n, a que disfrutemos juntos y en paz. Estoy lista para llevar nuestra fiesta a todos los rincones de Colombia y el mundo!\u201d, manifest\u00f3 Michelle, quien prometi\u00f3 un Carnaval inolvidable.<br><br>Estudi\u00f3 en Mil\u00e1n Dise\u00f1o de Interiores y Productos en la Universidad NABA, Nuova Accademia di Belle Arti. Es una empresaria de la moda, cuenta con dos l\u00edneas creativas, 08MIL una marca de ropa que guarda la esencia de Barranquilla con su nombre inspirado en el c\u00f3digo postal de la ciudad y el emprendimiento COSSAS que construye experiencias&nbsp; entre los espacios y el producto.<br><br>Es amante de la cumbia, por guardar la historia de la ra\u00edz cultural del Carnaval, y del mapal\u00e9, por su gran fuerza y porque celebra la raza y resalta la libertad. Es hija del hogar conformado por Miguel Char y Rocio Fern\u00e1ndez.&nbsp;<\/p>\n\n\n\n<figure class=\"wp-block-gallery has-nested-images columns-default is-cropped wp-block-gallery-1 is-layout-flex wp-block-gallery-is-layout-flex\">\n<figure class=\"wp-block-image size-large\"><img fetchpriority=\"high\" decoding=\"async\" width=\"819\" height=\"1024\" data-id=\"16407\" src=\"https:\/\/contrastes.com.co\/web\/wp-content\/uploads\/2025\/08\/Michelle-Char-1-819x1024.jpg\" alt=\"\" class=\"wp-image-16407\" srcset=\"https:\/\/contrastes.com.co\/web\/wp-content\/uploads\/2025\/08\/Michelle-Char-1-819x1024.jpg 819w, https:\/\/contrastes.com.co\/web\/wp-content\/uploads\/2025\/08\/Michelle-Char-1-240x300.jpg 240w, https:\/\/contrastes.com.co\/web\/wp-content\/uploads\/2025\/08\/Michelle-Char-1-768x960.jpg 768w, https:\/\/contrastes.com.co\/web\/wp-content\/uploads\/2025\/08\/Michelle-Char-1-1229x1536.jpg 1229w, https:\/\/contrastes.com.co\/web\/wp-content\/uploads\/2025\/08\/Michelle-Char-1-1638x2048.jpg 1638w, https:\/\/contrastes.com.co\/web\/wp-content\/uploads\/2025\/08\/Michelle-Char-1-scaled.jpg 2048w\" sizes=\"(max-width: 819px) 100vw, 819px\" \/><\/figure>\n\n\n\n<figure class=\"wp-block-image size-large\"><img decoding=\"async\" width=\"819\" height=\"1024\" data-id=\"16409\" src=\"https:\/\/contrastes.com.co\/web\/wp-content\/uploads\/2025\/08\/Michelle-Char-2-1-819x1024.jpg\" alt=\"\" class=\"wp-image-16409\" srcset=\"https:\/\/contrastes.com.co\/web\/wp-content\/uploads\/2025\/08\/Michelle-Char-2-1-819x1024.jpg 819w, https:\/\/contrastes.com.co\/web\/wp-content\/uploads\/2025\/08\/Michelle-Char-2-1-240x300.jpg 240w, https:\/\/contrastes.com.co\/web\/wp-content\/uploads\/2025\/08\/Michelle-Char-2-1-768x960.jpg 768w, https:\/\/contrastes.com.co\/web\/wp-content\/uploads\/2025\/08\/Michelle-Char-2-1-1229x1536.jpg 1229w, https:\/\/contrastes.com.co\/web\/wp-content\/uploads\/2025\/08\/Michelle-Char-2-1-1638x2048.jpg 1638w, https:\/\/contrastes.com.co\/web\/wp-content\/uploads\/2025\/08\/Michelle-Char-2-1-scaled.jpg 2048w\" sizes=\"(max-width: 819px) 100vw, 819px\" \/><\/figure>\n\n\n\n<figure class=\"wp-block-image size-large\"><img decoding=\"async\" width=\"819\" height=\"1024\" data-id=\"16408\" src=\"https:\/\/contrastes.com.co\/web\/wp-content\/uploads\/2025\/08\/Michelle-Char-3-1-819x1024.jpg\" alt=\"\" class=\"wp-image-16408\" srcset=\"https:\/\/contrastes.com.co\/web\/wp-content\/uploads\/2025\/08\/Michelle-Char-3-1-819x1024.jpg 819w, https:\/\/contrastes.com.co\/web\/wp-content\/uploads\/2025\/08\/Michelle-Char-3-1-240x300.jpg 240w, https:\/\/contrastes.com.co\/web\/wp-content\/uploads\/2025\/08\/Michelle-Char-3-1-768x960.jpg 768w, https:\/\/contrastes.com.co\/web\/wp-content\/uploads\/2025\/08\/Michelle-Char-3-1-1229x1536.jpg 1229w, https:\/\/contrastes.com.co\/web\/wp-content\/uploads\/2025\/08\/Michelle-Char-3-1-1638x2048.jpg 1638w, https:\/\/contrastes.com.co\/web\/wp-content\/uploads\/2025\/08\/Michelle-Char-3-1-scaled.jpg 2048w\" sizes=\"(max-width: 819px) 100vw, 819px\" \/><\/figure>\n\n\n\n<figure class=\"wp-block-image size-large\"><img loading=\"lazy\" decoding=\"async\" width=\"819\" height=\"1024\" data-id=\"16410\" src=\"https:\/\/contrastes.com.co\/web\/wp-content\/uploads\/2025\/08\/Michelle-Char-3-819x1024.jpg\" alt=\"\" class=\"wp-image-16410\" srcset=\"https:\/\/contrastes.com.co\/web\/wp-content\/uploads\/2025\/08\/Michelle-Char-3-819x1024.jpg 819w, https:\/\/contrastes.com.co\/web\/wp-content\/uploads\/2025\/08\/Michelle-Char-3-240x300.jpg 240w, https:\/\/contrastes.com.co\/web\/wp-content\/uploads\/2025\/08\/Michelle-Char-3-768x960.jpg 768w, https:\/\/contrastes.com.co\/web\/wp-content\/uploads\/2025\/08\/Michelle-Char-3-1229x1536.jpg 1229w, https:\/\/contrastes.com.co\/web\/wp-content\/uploads\/2025\/08\/Michelle-Char-3-1638x2048.jpg 1638w, https:\/\/contrastes.com.co\/web\/wp-content\/uploads\/2025\/08\/Michelle-Char-3-scaled.jpg 2048w\" sizes=\"(max-width: 819px) 100vw, 819px\" \/><\/figure>\n\n\n\n<figure class=\"wp-block-image size-large\"><img loading=\"lazy\" decoding=\"async\" width=\"819\" height=\"1024\" data-id=\"16412\" src=\"https:\/\/contrastes.com.co\/web\/wp-content\/uploads\/2025\/08\/Michelle-Char-4-1-819x1024.jpg\" alt=\"\" class=\"wp-image-16412\" srcset=\"https:\/\/contrastes.com.co\/web\/wp-content\/uploads\/2025\/08\/Michelle-Char-4-1-819x1024.jpg 819w, https:\/\/contrastes.com.co\/web\/wp-content\/uploads\/2025\/08\/Michelle-Char-4-1-240x300.jpg 240w, https:\/\/contrastes.com.co\/web\/wp-content\/uploads\/2025\/08\/Michelle-Char-4-1-768x960.jpg 768w, https:\/\/contrastes.com.co\/web\/wp-content\/uploads\/2025\/08\/Michelle-Char-4-1-1229x1536.jpg 1229w, https:\/\/contrastes.com.co\/web\/wp-content\/uploads\/2025\/08\/Michelle-Char-4-1-1638x2048.jpg 1638w, https:\/\/contrastes.com.co\/web\/wp-content\/uploads\/2025\/08\/Michelle-Char-4-1-scaled.jpg 2048w\" sizes=\"(max-width: 819px) 100vw, 819px\" \/><\/figure>\n\n\n\n<figure class=\"wp-block-image size-large\"><img loading=\"lazy\" decoding=\"async\" width=\"819\" height=\"1024\" data-id=\"16411\" src=\"https:\/\/contrastes.com.co\/web\/wp-content\/uploads\/2025\/08\/Michelle-Char-4-819x1024.jpg\" alt=\"\" class=\"wp-image-16411\" srcset=\"https:\/\/contrastes.com.co\/web\/wp-content\/uploads\/2025\/08\/Michelle-Char-4-819x1024.jpg 819w, https:\/\/contrastes.com.co\/web\/wp-content\/uploads\/2025\/08\/Michelle-Char-4-240x300.jpg 240w, https:\/\/contrastes.com.co\/web\/wp-content\/uploads\/2025\/08\/Michelle-Char-4-768x960.jpg 768w, https:\/\/contrastes.com.co\/web\/wp-content\/uploads\/2025\/08\/Michelle-Char-4-1229x1536.jpg 1229w, https:\/\/contrastes.com.co\/web\/wp-content\/uploads\/2025\/08\/Michelle-Char-4-1638x2048.jpg 1638w, https:\/\/contrastes.com.co\/web\/wp-content\/uploads\/2025\/08\/Michelle-Char-4-scaled.jpg 2048w\" sizes=\"(max-width: 819px) 100vw, 819px\" \/><\/figure>\n\n\n\n<figure class=\"wp-block-image size-large\"><img loading=\"lazy\" decoding=\"async\" width=\"819\" height=\"1024\" data-id=\"16405\" src=\"https:\/\/contrastes.com.co\/web\/wp-content\/uploads\/2025\/08\/Reina-del-Carnaval-2026-1-819x1024.jpg\" alt=\"\" class=\"wp-image-16405\" srcset=\"https:\/\/contrastes.com.co\/web\/wp-content\/uploads\/2025\/08\/Reina-del-Carnaval-2026-1-819x1024.jpg 819w, https:\/\/contrastes.com.co\/web\/wp-content\/uploads\/2025\/08\/Reina-del-Carnaval-2026-1-240x300.jpg 240w, https:\/\/contrastes.com.co\/web\/wp-content\/uploads\/2025\/08\/Reina-del-Carnaval-2026-1-768x960.jpg 768w, https:\/\/contrastes.com.co\/web\/wp-content\/uploads\/2025\/08\/Reina-del-Carnaval-2026-1.jpg 1080w\" sizes=\"(max-width: 819px) 100vw, 819px\" \/><\/figure>\n\n\n\n<figure class=\"wp-block-image size-large\"><img loading=\"lazy\" decoding=\"async\" width=\"819\" height=\"1024\" data-id=\"16406\" src=\"https:\/\/contrastes.com.co\/web\/wp-content\/uploads\/2025\/08\/Reina-del-Carnaval-2026-819x1024.jpg\" alt=\"\" class=\"wp-image-16406\" srcset=\"https:\/\/contrastes.com.co\/web\/wp-content\/uploads\/2025\/08\/Reina-del-Carnaval-2026-819x1024.jpg 819w, https:\/\/contrastes.com.co\/web\/wp-content\/uploads\/2025\/08\/Reina-del-Carnaval-2026-240x300.jpg 240w, https:\/\/contrastes.com.co\/web\/wp-content\/uploads\/2025\/08\/Reina-del-Carnaval-2026-768x960.jpg 768w, https:\/\/contrastes.com.co\/web\/wp-content\/uploads\/2025\/08\/Reina-del-Carnaval-2026.jpg 1080w\" sizes=\"(max-width: 819px) 100vw, 819px\" \/><\/figure>\n<\/figure>\n\n\n\n<p>Michelle viene de una dinast\u00eda familiar de Reinas que inici\u00f3 Laura Char Carson<strong>&nbsp;<\/strong>en 1989<strong>,&nbsp;<\/strong>&nbsp;continu\u00f3 Andrea Jaramillo Char, en 2012, y sigui\u00f3 Victoria Char en el 2022 en el Carnaval de los Ni\u00f1os, un compromiso que asume Michelle, para seguir llevando en alto una tradici\u00f3n que se remonta a 1918, y la&nbsp; convierte en la embajadora universal del Carnaval de Barranquilla.&nbsp;<\/p>\n\n\n\n<p>Con la designaci\u00f3n de la nueva soberana de los barranquilleros, empieza a escribirse la historia del Carnaval de Barranquilla 2026, que se vivir\u00e1 del 14 al 17 de febrero porque quien lo vive es quien lo goza.<\/p>\n","protected":false},"excerpt":{"rendered":"<p>La ma\u00f1ana de este viernes, 15 de agosto, la Junta Directiva de Carnaval de Barranquilla design\u00f3 de manera un\u00e1nime a Michelle Char Fern\u00e1ndez como la reina del Carnaval de Barranquilla 2026, convirti\u00e9ndose en la soberana n\u00famero 90 en presidir la fiesta m\u00e1s grande de Colombia. Barranquilla, agosto de 2025 La noticia fue anunciada por el [&hellip;]<\/p>\n","protected":false},"author":4,"featured_media":16404,"comment_status":"open","ping_status":"open","sticky":false,"template":"","format":"standard","meta":{"footnotes":""},"categories":[9828],"tags":[],"class_list":["post-16403","post","type-post","status-publish","format-standard","has-post-thumbnail","hentry","category-carnaval-opinion-pais"],"blog_post_layout_featured_media_urls":{"thumbnail":["https:\/\/contrastes.com.co\/web\/wp-content\/uploads\/2025\/08\/Michelle-Char-2-150x150.jpg",150,150,true],"full":["https:\/\/contrastes.com.co\/web\/wp-content\/uploads\/2025\/08\/Michelle-Char-2-scaled.jpg",2048,2560,false]},"categories_names":{"9828":{"name":"carnaval, opinion, pais","link":"https:\/\/contrastes.com.co\/web\/category\/carnaval-opinion-pais\/"}},"tags_names":[],"comments_number":"0","wpmagazine_modules_lite_featured_media_urls":{"thumbnail":["https:\/\/contrastes.com.co\/web\/wp-content\/uploads\/2025\/08\/Michelle-Char-2-150x150.jpg",150,150,true],"cvmm-medium":["https:\/\/contrastes.com.co\/web\/wp-content\/uploads\/2025\/08\/Michelle-Char-2-300x300.jpg",300,300,true],"cvmm-medium-plus":["https:\/\/contrastes.com.co\/web\/wp-content\/uploads\/2025\/08\/Michelle-Char-2-305x207.jpg",305,207,true],"cvmm-portrait":["https:\/\/contrastes.com.co\/web\/wp-content\/uploads\/2025\/08\/Michelle-Char-2-400x600.jpg",400,600,true],"cvmm-medium-square":["https:\/\/contrastes.com.co\/web\/wp-content\/uploads\/2025\/08\/Michelle-Char-2-600x600.jpg",600,600,true],"cvmm-large":["https:\/\/contrastes.com.co\/web\/wp-content\/uploads\/2025\/08\/Michelle-Char-2-1024x1024.jpg",1024,1024,true],"cvmm-small":["https:\/\/contrastes.com.co\/web\/wp-content\/uploads\/2025\/08\/Michelle-Char-2-130x95.jpg",130,95,true],"full":["https:\/\/contrastes.com.co\/web\/wp-content\/uploads\/2025\/08\/Michelle-Char-2-scaled.jpg",2048,2560,false]},"_links":{"self":[{"href":"https:\/\/contrastes.com.co\/web\/wp-json\/wp\/v2\/posts\/16403","targetHints":{"allow":["GET"]}}],"collection":[{"href":"https:\/\/contrastes.com.co\/web\/wp-json\/wp\/v2\/posts"}],"about":[{"href":"https:\/\/contrastes.com.co\/web\/wp-json\/wp\/v2\/types\/post"}],"author":[{"embeddable":true,"href":"https:\/\/contrastes.com.co\/web\/wp-json\/wp\/v2\/users\/4"}],"replies":[{"embeddable":true,"href":"https:\/\/contrastes.com.co\/web\/wp-json\/wp\/v2\/comments?post=16403"}],"version-history":[{"count":1,"href":"https:\/\/contrastes.com.co\/web\/wp-json\/wp\/v2\/posts\/16403\/revisions"}],"predecessor-version":[{"id":16413,"href":"https:\/\/contrastes.com.co\/web\/wp-json\/wp\/v2\/posts\/16403\/revisions\/16413"}],"wp:featuredmedia":[{"embeddable":true,"href":"https:\/\/contrastes.com.co\/web\/wp-json\/wp\/v2\/media\/16404"}],"wp:attachment":[{"href":"https:\/\/contrastes.com.co\/web\/wp-json\/wp\/v2\/media?parent=16403"}],"wp:term":[{"taxonomy":"category","embeddable":true,"href":"https:\/\/contrastes.com.co\/web\/wp-json\/wp\/v2\/categories?post=16403"},{"taxonomy":"post_tag","embeddable":true,"href":"https:\/\/contrastes.com.co\/web\/wp-json\/wp\/v2\/tags?post=16403"}],"curies":[{"name":"wp","href":"https:\/\/api.w.org\/{rel}","templated":true}]}}