{"id":16537,"date":"2026-01-16T18:09:16","date_gmt":"2026-01-16T18:09:16","guid":{"rendered":"https:\/\/contrastes.com.co\/web\/?p=16537"},"modified":"2026-01-16T18:13:37","modified_gmt":"2026-01-16T18:13:37","slug":"rio-de-tradiciones-en-gran-malecon-y-malecon-de-rebolo-la-exposicion-del-carnaval-a-cielo-abierto","status":"publish","type":"post","link":"https:\/\/contrastes.com.co\/web\/2026\/01\/16\/rio-de-tradiciones-en-gran-malecon-y-malecon-de-rebolo-la-exposicion-del-carnaval-a-cielo-abierto\/","title":{"rendered":"R\u00edo de Tradiciones en Gran Malec\u00f3n y Malec\u00f3n de Rebolo.  La Exposici\u00f3n del Carnaval, A Cielo Abierto"},"content":{"rendered":"\n<p>Barranquilla &#8211;  Enero 16 de 2026<\/p>\n\n\n\n<p>Oficina De Prensa Carnaval A.A.S<\/p>\n\n\n\n<p>Carnaval de Barranquilla abre la exposici\u00f3n de macrofiguras R\u00edo de Tradiciones en el Malec\u00f3n del R\u00edo y Malec\u00f3n de Rebolo, la muestra a cielo abierto m\u00e1s grande del Carnaval que vuelve a engalanar al R\u00edo Magdalena, conmemorando los 525 a\u00f1os del descubrimiento de su desembocadura.<\/p>\n\n\n\n<p>Seis majestuosas macrofiguras se encuentran disponibles para recibir a miles de visitantes en el Gran Malec\u00f3n, narrando una historia de origen, desarrollo&nbsp; y memoria, escrita a trav\u00e9s de este gran hilo conductor de la vida en el Caribe que es el r\u00edo. Obras como Cumbiambera de Agua, Mokan\u00e1 de la Orilla, Ola de Cumbia, El Pescador de Fiesta, Marimonda de Agua Dulce y Tradici\u00f3n Puloy, muestran la fuerza simb\u00f3lica de la fiesta y el agua, desde donde nacieron algunas de las tradiciones m\u00e1s representativas del Carnaval.&nbsp;<\/p>\n\n\n\n<p>Por su parte el Malec\u00f3n de Rebolo albergar\u00e1 por primera vez esta exposici\u00f3n que expresa su valor cultural y tradicional, como uno de los sectores m\u00e1s populares y de mayor riqueza ancestral de la ciudad, cuna de grandes grupos folcl\u00f3ricos del Carnaval de Barranquilla.&nbsp;<\/p>\n\n\n\n<figure class=\"wp-block-image size-large\"><img fetchpriority=\"high\" decoding=\"async\" width=\"1024\" height=\"683\" src=\"https:\/\/contrastes.com.co\/web\/wp-content\/uploads\/2026\/01\/WhatsApp-Image-2026-01-14-at-4.05.01-PM-1024x683.jpeg\" alt=\"\" class=\"wp-image-16541\" srcset=\"https:\/\/contrastes.com.co\/web\/wp-content\/uploads\/2026\/01\/WhatsApp-Image-2026-01-14-at-4.05.01-PM-1024x683.jpeg 1024w, https:\/\/contrastes.com.co\/web\/wp-content\/uploads\/2026\/01\/WhatsApp-Image-2026-01-14-at-4.05.01-PM-300x200.jpeg 300w, https:\/\/contrastes.com.co\/web\/wp-content\/uploads\/2026\/01\/WhatsApp-Image-2026-01-14-at-4.05.01-PM-768x512.jpeg 768w, https:\/\/contrastes.com.co\/web\/wp-content\/uploads\/2026\/01\/WhatsApp-Image-2026-01-14-at-4.05.01-PM-1536x1024.jpeg 1536w, https:\/\/contrastes.com.co\/web\/wp-content\/uploads\/2026\/01\/WhatsApp-Image-2026-01-14-at-4.05.01-PM-2048x1366.jpeg 2048w\" sizes=\"(max-width: 1024px) 100vw, 1024px\" \/><\/figure>\n\n\n\n<p>Fauna Congo, Cumbia y Gusanito Carnavalero, ser\u00e1n las tres macrofiguras que adornar\u00e1n este espacio con obras que representan la calle 17, las danzas tradicionales y rinden homenaje al r\u00edo y al Carnaval.<\/p>\n\n\n\n<p>Estas obras en gran formato son elaboradas por el talento de los maestros artesanos de la F\u00e1brica de Carrozas del Carnaval de Barranquilla y cuentan con el apoyo de Alcald\u00eda Distrital y empresas colombianas que hacen grandes aportes para dinamizar este sector productivo y artesanal del Carnaval.<\/p>\n\n\n\n<p>Las obras fueron elaboradas por artistas pl\u00e1sticos y maestros artesanos con t\u00e9cnicas tradicionales que se conservan de generaci\u00f3n en generaci\u00f3n, \u00c1lvaro De la Hoz, Rubiel Badillo, Milva Moreno, Luis Solano, \u00d3scar Oliveros, Henry Solano, Jos\u00e9 Arzuza y Eduardo Castillejo y los dise\u00f1os estuvieron a cargo de Liz Thomas,&nbsp; Miller Solano, Rafael Polanco y Antonio de Alba.&nbsp;<\/p>\n\n\n\n<p>R\u00edo de Tradiciones cuenta con la financiaci\u00f3n de ocho instituciones y empresas colombianas cuyo aporte ha permitido desarrollar estas obras de arte que atesora los saberes de artistas, maestros y artesanos especialmente un impulso importante para la econom\u00eda de este sector productivo del Carnaval, son ellos: Alcald\u00eda de Barranquilla, Ol\u00edmpica, Bavaria, Coca Cola,Triple A y D1.<\/p>\n\n\n\n<p>Esta exposici\u00f3n abierta al p\u00fablico barranquillero que se realiza por sexto a\u00f1o consecutivo, reafirma el compromiso del Carnaval de Barranquilla con la salvaguarda de su patrimonio cultural y con la creaci\u00f3n de experiencias que lleven la tradici\u00f3n de la fiesta a nuevos escenarios y p\u00fablicos.<\/p>\n","protected":false},"excerpt":{"rendered":"<p>Barranquilla &#8211; Enero 16 de 2026 Oficina De Prensa Carnaval A.A.S Carnaval de Barranquilla abre la exposici\u00f3n de macrofiguras R\u00edo de Tradiciones en el Malec\u00f3n del R\u00edo y Malec\u00f3n de Rebolo, la muestra a cielo abierto m\u00e1s grande del Carnaval que vuelve a engalanar al R\u00edo Magdalena, conmemorando los 525 a\u00f1os del descubrimiento de su [&hellip;]<\/p>\n","protected":false},"author":4,"featured_media":16538,"comment_status":"open","ping_status":"open","sticky":false,"template":"","format":"standard","meta":{"footnotes":""},"categories":[1796,9828,7411,104,7272,583],"tags":[],"class_list":["post-16537","post","type-post","status-publish","format-standard","has-post-thumbnail","hentry","category-carnaval","category-carnaval-opinion-pais","category-convivencia-y-cultura-ciudadana","category-cultura","category-cultura-ciudadana","category-principal"],"blog_post_layout_featured_media_urls":{"thumbnail":["https:\/\/contrastes.com.co\/web\/wp-content\/uploads\/2026\/01\/WhatsApp-Image-2026-01-14-at-4.04.48-PM-150x150.jpeg",150,150,true],"full":["https:\/\/contrastes.com.co\/web\/wp-content\/uploads\/2026\/01\/WhatsApp-Image-2026-01-14-at-4.04.48-PM-scaled.jpeg",2560,1707,false]},"categories_names":{"1796":{"name":"Carnaval","link":"https:\/\/contrastes.com.co\/web\/category\/carnaval\/"},"9828":{"name":"carnaval, opinion, pais","link":"https:\/\/contrastes.com.co\/web\/category\/carnaval-opinion-pais\/"},"7411":{"name":"Convivencia y Cultura Ciudadana","link":"https:\/\/contrastes.com.co\/web\/category\/convivencia-y-cultura-ciudadana\/"},"104":{"name":"Cultura","link":"https:\/\/contrastes.com.co\/web\/category\/cultura\/"},"7272":{"name":"Cultura Ciudadana","link":"https:\/\/contrastes.com.co\/web\/category\/cultura-ciudadana\/"},"583":{"name":"Principal","link":"https:\/\/contrastes.com.co\/web\/category\/principal\/"}},"tags_names":[],"comments_number":"0","wpmagazine_modules_lite_featured_media_urls":{"thumbnail":["https:\/\/contrastes.com.co\/web\/wp-content\/uploads\/2026\/01\/WhatsApp-Image-2026-01-14-at-4.04.48-PM-150x150.jpeg",150,150,true],"cvmm-medium":["https:\/\/contrastes.com.co\/web\/wp-content\/uploads\/2026\/01\/WhatsApp-Image-2026-01-14-at-4.04.48-PM-300x300.jpeg",300,300,true],"cvmm-medium-plus":["https:\/\/contrastes.com.co\/web\/wp-content\/uploads\/2026\/01\/WhatsApp-Image-2026-01-14-at-4.04.48-PM-305x207.jpeg",305,207,true],"cvmm-portrait":["https:\/\/contrastes.com.co\/web\/wp-content\/uploads\/2026\/01\/WhatsApp-Image-2026-01-14-at-4.04.48-PM-400x600.jpeg",400,600,true],"cvmm-medium-square":["https:\/\/contrastes.com.co\/web\/wp-content\/uploads\/2026\/01\/WhatsApp-Image-2026-01-14-at-4.04.48-PM-600x600.jpeg",600,600,true],"cvmm-large":["https:\/\/contrastes.com.co\/web\/wp-content\/uploads\/2026\/01\/WhatsApp-Image-2026-01-14-at-4.04.48-PM-1024x1024.jpeg",1024,1024,true],"cvmm-small":["https:\/\/contrastes.com.co\/web\/wp-content\/uploads\/2026\/01\/WhatsApp-Image-2026-01-14-at-4.04.48-PM-130x95.jpeg",130,95,true],"full":["https:\/\/contrastes.com.co\/web\/wp-content\/uploads\/2026\/01\/WhatsApp-Image-2026-01-14-at-4.04.48-PM-scaled.jpeg",2560,1707,false]},"_links":{"self":[{"href":"https:\/\/contrastes.com.co\/web\/wp-json\/wp\/v2\/posts\/16537","targetHints":{"allow":["GET"]}}],"collection":[{"href":"https:\/\/contrastes.com.co\/web\/wp-json\/wp\/v2\/posts"}],"about":[{"href":"https:\/\/contrastes.com.co\/web\/wp-json\/wp\/v2\/types\/post"}],"author":[{"embeddable":true,"href":"https:\/\/contrastes.com.co\/web\/wp-json\/wp\/v2\/users\/4"}],"replies":[{"embeddable":true,"href":"https:\/\/contrastes.com.co\/web\/wp-json\/wp\/v2\/comments?post=16537"}],"version-history":[{"count":2,"href":"https:\/\/contrastes.com.co\/web\/wp-json\/wp\/v2\/posts\/16537\/revisions"}],"predecessor-version":[{"id":16552,"href":"https:\/\/contrastes.com.co\/web\/wp-json\/wp\/v2\/posts\/16537\/revisions\/16552"}],"wp:featuredmedia":[{"embeddable":true,"href":"https:\/\/contrastes.com.co\/web\/wp-json\/wp\/v2\/media\/16538"}],"wp:attachment":[{"href":"https:\/\/contrastes.com.co\/web\/wp-json\/wp\/v2\/media?parent=16537"}],"wp:term":[{"taxonomy":"category","embeddable":true,"href":"https:\/\/contrastes.com.co\/web\/wp-json\/wp\/v2\/categories?post=16537"},{"taxonomy":"post_tag","embeddable":true,"href":"https:\/\/contrastes.com.co\/web\/wp-json\/wp\/v2\/tags?post=16537"}],"curies":[{"name":"wp","href":"https:\/\/api.w.org\/{rel}","templated":true}]}}