{"id":16548,"date":"2026-01-16T18:32:19","date_gmt":"2026-01-16T18:32:19","guid":{"rendered":"https:\/\/contrastes.com.co\/web\/?p=16548"},"modified":"2026-01-16T18:32:23","modified_gmt":"2026-01-16T18:32:23","slug":"atlantico-se-prepara-para-la-temporada-de-vientos-en-salinas-del-rey-epicentro-del-turismo-nautico-del-caribe-colombiano","status":"publish","type":"post","link":"https:\/\/contrastes.com.co\/web\/2026\/01\/16\/atlantico-se-prepara-para-la-temporada-de-vientos-en-salinas-del-rey-epicentro-del-turismo-nautico-del-caribe-colombiano\/","title":{"rendered":"Atl\u00e1ntico se prepara para la temporada de vientos en Salinas del Rey, epicentro del turismo n\u00e1utico del Caribe colombiano"},"content":{"rendered":"\n<p class=\"has-text-align-right\">\u2022 La temporada, que se extender\u00e1 del 15 de enero al 15 de abril, contar\u00e1 con articulaci\u00f3n institucional, fortalecimiento de servicios y condiciones \u00f3ptimas para el turismo deportivo en una playa certificada con Bandera Azul.<\/p>\n\n\n\n<p>Barranquilla, Atl\u00e1ntico, 16 de enero de 2026<\/p>\n\n\n\n<p>OFICINA DE COMUNICACIONES<br>GOBERNACI\u00d3N DEL ATL\u00c1NTICO<\/p>\n\n\n\n<p><\/p>\n\n\n\n<p> La Gobernaci\u00f3n del Atl\u00e1ntico avanza en la preparaci\u00f3n integral de la temporada de vientos en Salinas del Rey, uno de los principales destinos de turismo n\u00e1utico del pa\u00eds, cuya temporada inicia este 15 de enero y se extender\u00e1 hasta el pr\u00f3ximo 15 de abril. Este periodo es clave para la dinamizaci\u00f3n del turismo deportivo, el desarrollo econ\u00f3mico local y la proyecci\u00f3n internacional del departamento.<\/p>\n\n\n\n<p>Como parte de esta preparaci\u00f3n, se llev\u00f3 a cabo una reuni\u00f3n de coordinaci\u00f3n institucional en la Sala de Juntas del piso 11 de la Gobernaci\u00f3n del Atl\u00e1ntico, espacio liderado por el gobernador Eduardo Verano y que cont\u00f3 con la participaci\u00f3n de la Polic\u00eda de Turismo, la Direcci\u00f3n General Mar\u00edtima (Dimar), representantes de la comunidad, escuelas deportivas, la Secretar\u00eda del Interior, la Secretar\u00eda de Desarrollo Econ\u00f3mico.<\/p>\n\n\n\n<p>Salinas del Rey no solo alberga el centro de deportes N\u00e1utica Salinas del Rey, sino que adem\u00e1s ostenta la certificaci\u00f3n internacional de Bandera Azul, reconocimiento que garantiza altos est\u00e1ndares en calidad ambiental, seguridad, servicios y gesti\u00f3n sostenible de playas, consolidando al territorio como un destino de clase mundial.<\/p>\n\n\n\n<figure class=\"wp-block-image size-large\"><img fetchpriority=\"high\" decoding=\"async\" width=\"1024\" height=\"683\" src=\"https:\/\/contrastes.com.co\/web\/wp-content\/uploads\/2026\/01\/salinas-del-rey-5-1024x683.jpg\" alt=\"\" class=\"wp-image-16550\" srcset=\"https:\/\/contrastes.com.co\/web\/wp-content\/uploads\/2026\/01\/salinas-del-rey-5-1024x683.jpg 1024w, https:\/\/contrastes.com.co\/web\/wp-content\/uploads\/2026\/01\/salinas-del-rey-5-300x200.jpg 300w, https:\/\/contrastes.com.co\/web\/wp-content\/uploads\/2026\/01\/salinas-del-rey-5-768x512.jpg 768w, https:\/\/contrastes.com.co\/web\/wp-content\/uploads\/2026\/01\/salinas-del-rey-5.jpg 1200w\" sizes=\"(max-width: 1024px) 100vw, 1024px\" \/><\/figure>\n\n\n\n<p>El subsecretario de Turismo del Atl\u00e1ntico, Jaime Alfaro, destac\u00f3 el alcance del encuentro y la preparaci\u00f3n que se viene adelantando desde hace m\u00e1s de un a\u00f1o. \u201cSalimos del comit\u00e9 de preparaci\u00f3n de la temporada de vientos de Salinas del Rey. Fue un espacio supremamente enriquecedor donde participaron autoridades mar\u00edtimas, comunidad y escuelas deportivas, en general todo el p\u00fablico que se ha venido preparando desde hace m\u00e1s de un a\u00f1o para hoy gozar de una de las principales temporadas que tiene nuestro departamento\u201d, se\u00f1al\u00f3<br>Durante la reuni\u00f3n se abordaron temas clave relacionados con la articulaci\u00f3n interinstitucional, la seguridad en el mar, la organizaci\u00f3n del territorio, la prestaci\u00f3n de servicios p\u00fablicos, el aseo de playa y el fortalecimiento de la oferta tur\u00edstica, con el objetivo de garantizar una experiencia segura y de calidad tanto para visitantes nacionales como internacionales.<\/p>\n\n\n\n<p>\u201cEstamos trabajando de manera integral para satisfacer las necesidades de la comunidad en t\u00e9rminos de servicios p\u00fablicos, aseo y desarrollo econ\u00f3mico, mostr\u00e1ndoles todas las alternativas y el desarrollo que trae este turismo deportivo\u201d, agreg\u00f3 Alfaro, quien adem\u00e1s invit\u00f3 a disfrutar de esta temporada.<\/p>\n\n\n\n<p>Desde el sector privado, las escuelas deportivas resaltaron el buen comportamiento de las condiciones clim\u00e1ticas y el creciente inter\u00e9s de turistas extranjeros. Juan Pablo Melgarejo, representante de Kite Surf Experience, afirm\u00f3 que \u201cla temporada ha empezado muy bien. Desde diciembre tenemos vientos todos los d\u00edas y enero est\u00e1 fant\u00e1stico. Est\u00e1n empezando a llegar los extranjeros desde esta semana\u201d.<\/p>\n\n\n\n<p>Melgarejo tambi\u00e9n extendi\u00f3 una invitaci\u00f3n abierta a conocer y disfrutar de Salinas del Rey, destacando el potencial del destino y la articulaci\u00f3n entre autoridades, comunidad y operadores tur\u00edsticos para ofrecer una experiencia segura y organizada durante toda la temporada.<\/p>\n\n\n\n<p>En este espacio, el gerente de Plazas y Parques de la Gobernaci\u00f3n del Atl\u00e1ntico, Jorge \u00c1vila, reiter\u00f3 la necesidad de trabajar de manera mancomunada entre instituciones, comunidad y sector privado para garantizar la sostenibilidad de Salinas del Rey y el disfrute responsable de la playa por parte de la comunidad, los deportistas y los visitantes.<\/p>\n\n\n\n<p>La Gobernaci\u00f3n del Atl\u00e1ntico, a trav\u00e9s de la Secretar\u00eda de Desarrollo Econ\u00f3mico y en articulaci\u00f3n con las dem\u00e1s entidades, reafirma su compromiso con el fortalecimiento del turismo sostenible, el impulso a la econom\u00eda local y la promoci\u00f3n de Salinas del Rey como uno de los principales referentes del turismo n\u00e1utico y deportivo del Caribe colombiano.<\/p>\n\n\n\n<p><\/p>\n","protected":false},"excerpt":{"rendered":"<p>\u2022 La temporada, que se extender\u00e1 del 15 de enero al 15 de abril, contar\u00e1 con articulaci\u00f3n institucional, fortalecimiento de servicios y condiciones \u00f3ptimas para el turismo deportivo en una playa certificada con Bandera Azul. Barranquilla, Atl\u00e1ntico, 16 de enero de 2026 OFICINA DE COMUNICACIONESGOBERNACI\u00d3N DEL ATL\u00c1NTICO La Gobernaci\u00f3n del Atl\u00e1ntico avanza en la preparaci\u00f3n [&hellip;]<\/p>\n","protected":false},"author":4,"featured_media":16549,"comment_status":"open","ping_status":"open","sticky":false,"template":"","format":"standard","meta":{"footnotes":""},"categories":[7411,9749,277,101,583],"tags":[],"class_list":["post-16548","post","type-post","status-publish","format-standard","has-post-thumbnail","hentry","category-convivencia-y-cultura-ciudadana","category-gobernacion-del-atlantico","category-opinion","category-pais","category-principal"],"blog_post_layout_featured_media_urls":{"thumbnail":["https:\/\/contrastes.com.co\/web\/wp-content\/uploads\/2026\/01\/Salinas-del-Rey-iza-la-primera-Bandera-Azul-3-1024x596-1-150x150.jpg",150,150,true],"full":["https:\/\/contrastes.com.co\/web\/wp-content\/uploads\/2026\/01\/Salinas-del-Rey-iza-la-primera-Bandera-Azul-3-1024x596-1.jpg",1024,596,false]},"categories_names":{"7411":{"name":"Convivencia y Cultura Ciudadana","link":"https:\/\/contrastes.com.co\/web\/category\/convivencia-y-cultura-ciudadana\/"},"9749":{"name":"Gobernaci\u00f3n del Atl\u00e1ntico","link":"https:\/\/contrastes.com.co\/web\/category\/gobernacion-del-atlantico\/"},"277":{"name":"Opini\u00f3n","link":"https:\/\/contrastes.com.co\/web\/category\/opinion\/"},"101":{"name":"Pa\u00eds","link":"https:\/\/contrastes.com.co\/web\/category\/pais\/"},"583":{"name":"Principal","link":"https:\/\/contrastes.com.co\/web\/category\/principal\/"}},"tags_names":[],"comments_number":"0","wpmagazine_modules_lite_featured_media_urls":{"thumbnail":["https:\/\/contrastes.com.co\/web\/wp-content\/uploads\/2026\/01\/Salinas-del-Rey-iza-la-primera-Bandera-Azul-3-1024x596-1-150x150.jpg",150,150,true],"cvmm-medium":["https:\/\/contrastes.com.co\/web\/wp-content\/uploads\/2026\/01\/Salinas-del-Rey-iza-la-primera-Bandera-Azul-3-1024x596-1-300x300.jpg",300,300,true],"cvmm-medium-plus":["https:\/\/contrastes.com.co\/web\/wp-content\/uploads\/2026\/01\/Salinas-del-Rey-iza-la-primera-Bandera-Azul-3-1024x596-1-305x207.jpg",305,207,true],"cvmm-portrait":["https:\/\/contrastes.com.co\/web\/wp-content\/uploads\/2026\/01\/Salinas-del-Rey-iza-la-primera-Bandera-Azul-3-1024x596-1-400x596.jpg",400,596,true],"cvmm-medium-square":["https:\/\/contrastes.com.co\/web\/wp-content\/uploads\/2026\/01\/Salinas-del-Rey-iza-la-primera-Bandera-Azul-3-1024x596-1-600x596.jpg",600,596,true],"cvmm-large":["https:\/\/contrastes.com.co\/web\/wp-content\/uploads\/2026\/01\/Salinas-del-Rey-iza-la-primera-Bandera-Azul-3-1024x596-1.jpg",1024,596,false],"cvmm-small":["https:\/\/contrastes.com.co\/web\/wp-content\/uploads\/2026\/01\/Salinas-del-Rey-iza-la-primera-Bandera-Azul-3-1024x596-1-130x95.jpg",130,95,true],"full":["https:\/\/contrastes.com.co\/web\/wp-content\/uploads\/2026\/01\/Salinas-del-Rey-iza-la-primera-Bandera-Azul-3-1024x596-1.jpg",1024,596,false]},"_links":{"self":[{"href":"https:\/\/contrastes.com.co\/web\/wp-json\/wp\/v2\/posts\/16548","targetHints":{"allow":["GET"]}}],"collection":[{"href":"https:\/\/contrastes.com.co\/web\/wp-json\/wp\/v2\/posts"}],"about":[{"href":"https:\/\/contrastes.com.co\/web\/wp-json\/wp\/v2\/types\/post"}],"author":[{"embeddable":true,"href":"https:\/\/contrastes.com.co\/web\/wp-json\/wp\/v2\/users\/4"}],"replies":[{"embeddable":true,"href":"https:\/\/contrastes.com.co\/web\/wp-json\/wp\/v2\/comments?post=16548"}],"version-history":[{"count":1,"href":"https:\/\/contrastes.com.co\/web\/wp-json\/wp\/v2\/posts\/16548\/revisions"}],"predecessor-version":[{"id":16551,"href":"https:\/\/contrastes.com.co\/web\/wp-json\/wp\/v2\/posts\/16548\/revisions\/16551"}],"wp:featuredmedia":[{"embeddable":true,"href":"https:\/\/contrastes.com.co\/web\/wp-json\/wp\/v2\/media\/16549"}],"wp:attachment":[{"href":"https:\/\/contrastes.com.co\/web\/wp-json\/wp\/v2\/media?parent=16548"}],"wp:term":[{"taxonomy":"category","embeddable":true,"href":"https:\/\/contrastes.com.co\/web\/wp-json\/wp\/v2\/categories?post=16548"},{"taxonomy":"post_tag","embeddable":true,"href":"https:\/\/contrastes.com.co\/web\/wp-json\/wp\/v2\/tags?post=16548"}],"curies":[{"name":"wp","href":"https:\/\/api.w.org\/{rel}","templated":true}]}}