{"id":16617,"date":"2026-01-21T18:50:45","date_gmt":"2026-01-21T18:50:45","guid":{"rendered":"https:\/\/contrastes.com.co\/web\/?p=16617"},"modified":"2026-01-21T18:50:52","modified_gmt":"2026-01-21T18:50:52","slug":"de-jueves-a-lunes-eventos-carnavaleros-para-todo-gusto","status":"publish","type":"post","link":"https:\/\/contrastes.com.co\/web\/2026\/01\/21\/de-jueves-a-lunes-eventos-carnavaleros-para-todo-gusto\/","title":{"rendered":"De Jueves A Lunes  Eventos Carnavaleros Para Todo Gusto"},"content":{"rendered":"\n<p class=\"has-text-align-right\"><strong><em>Del jueves 22 de enero, al domingo 25 de enero, la ciudad celebrar\u00e1 la diversidad de la fiesta m\u00e1s grande de Colombia con actividades de tradici\u00f3n, la formaci\u00f3n sobre el Carnaval, humor y el semillero del Carnaval de los Ni\u00f1os.&nbsp;<\/em><\/strong><\/p>\n\n\n\n<p><strong>Barranquilla, enero de 2026.\u00a0<\/strong><\/p>\n\n\n\n<p>Carnaval de Barranquilla se toma la ciudad este fin de semana con una extensa y variada agenda de eventos que invitan a barranquilleros y visitantes a vivir la fiesta desde su diversidad de expresiones culturales.\u00a0<\/p>\n\n\n\n<p>Del jueves 22 de enero, al domingo 25 de enero, en diferentes puntos de la ciudad, se realizar\u00e1n grandes actividades para todos los p\u00fablicos. La programaci\u00f3n se inicia con la jornada acad\u00e9mica \u201cPensar en Carnaval: Industria Creativa y Cultural\u201d, en la Galer\u00eda de la Plaza de La Paz, desde las 8:00 a.m, y continuar\u00e1 el viernes, 23 de enero, con el inicio del Fin de Semana de la Tradici\u00f3n que empieza, a las 10:00 a.m., con el esperado regreso del Semillero del Carnaval de los Ni\u00f1os, un espacio dedicado a las nuevas generaciones, donde ni\u00f1os y j\u00f3venes muestran su proceso art\u00edstico y su compromiso con la salvaguarda de las manifestaciones tradicionales y Festival de Danzas Especiales y de Relaci\u00f3n, desde las 5:00 p.m.&nbsp;<\/p>\n\n\n\n<figure class=\"wp-block-gallery has-nested-images columns-default is-cropped wp-block-gallery-1 is-layout-flex wp-block-gallery-is-layout-flex\">\n<figure class=\"wp-block-image size-large\"><img fetchpriority=\"high\" decoding=\"async\" width=\"819\" height=\"1024\" data-id=\"16620\" src=\"https:\/\/contrastes.com.co\/web\/wp-content\/uploads\/2026\/01\/WhatsApp-Image-2026-01-21-at-8.57.11-AM-1-819x1024.jpeg\" alt=\"\" class=\"wp-image-16620\" srcset=\"https:\/\/contrastes.com.co\/web\/wp-content\/uploads\/2026\/01\/WhatsApp-Image-2026-01-21-at-8.57.11-AM-1-819x1024.jpeg 819w, https:\/\/contrastes.com.co\/web\/wp-content\/uploads\/2026\/01\/WhatsApp-Image-2026-01-21-at-8.57.11-AM-1-240x300.jpeg 240w, https:\/\/contrastes.com.co\/web\/wp-content\/uploads\/2026\/01\/WhatsApp-Image-2026-01-21-at-8.57.11-AM-1-768x960.jpeg 768w, https:\/\/contrastes.com.co\/web\/wp-content\/uploads\/2026\/01\/WhatsApp-Image-2026-01-21-at-8.57.11-AM-1.jpeg 1080w\" sizes=\"(max-width: 819px) 100vw, 819px\" \/><\/figure>\n\n\n\n<figure class=\"wp-block-image size-large\"><img decoding=\"async\" width=\"819\" height=\"1024\" data-id=\"16621\" src=\"https:\/\/contrastes.com.co\/web\/wp-content\/uploads\/2026\/01\/WhatsApp-Image-2026-01-21-at-8.57.14-AM-819x1024.jpeg\" alt=\"\" class=\"wp-image-16621\" srcset=\"https:\/\/contrastes.com.co\/web\/wp-content\/uploads\/2026\/01\/WhatsApp-Image-2026-01-21-at-8.57.14-AM-819x1024.jpeg 819w, https:\/\/contrastes.com.co\/web\/wp-content\/uploads\/2026\/01\/WhatsApp-Image-2026-01-21-at-8.57.14-AM-240x300.jpeg 240w, https:\/\/contrastes.com.co\/web\/wp-content\/uploads\/2026\/01\/WhatsApp-Image-2026-01-21-at-8.57.14-AM-768x960.jpeg 768w, https:\/\/contrastes.com.co\/web\/wp-content\/uploads\/2026\/01\/WhatsApp-Image-2026-01-21-at-8.57.14-AM.jpeg 1080w\" sizes=\"(max-width: 819px) 100vw, 819px\" \/><\/figure>\n\n\n\n<figure class=\"wp-block-image size-large\"><img decoding=\"async\" width=\"819\" height=\"1024\" data-id=\"16622\" src=\"https:\/\/contrastes.com.co\/web\/wp-content\/uploads\/2026\/01\/WhatsApp-Image-2026-01-21-at-8.57.22-AM-819x1024.jpeg\" alt=\"\" class=\"wp-image-16622\" srcset=\"https:\/\/contrastes.com.co\/web\/wp-content\/uploads\/2026\/01\/WhatsApp-Image-2026-01-21-at-8.57.22-AM-819x1024.jpeg 819w, https:\/\/contrastes.com.co\/web\/wp-content\/uploads\/2026\/01\/WhatsApp-Image-2026-01-21-at-8.57.22-AM-240x300.jpeg 240w, https:\/\/contrastes.com.co\/web\/wp-content\/uploads\/2026\/01\/WhatsApp-Image-2026-01-21-at-8.57.22-AM-768x960.jpeg 768w, https:\/\/contrastes.com.co\/web\/wp-content\/uploads\/2026\/01\/WhatsApp-Image-2026-01-21-at-8.57.22-AM.jpeg 1080w\" sizes=\"(max-width: 819px) 100vw, 819px\" \/><\/figure>\n<\/figure>\n\n\n\n<p>El Fin de Semana de la Tradici\u00f3n, continuar\u00e1 en la Plaza de la Paz, el s\u00e1bado 24 de enero, con la segunda jornada de Semilleros a las 10:00 a.m. y a partir de las 3:00 de la tarde, se iniciar\u00e1 la gran Fiesta de Comparsas, donde las m\u00e1s vistosas comparsas del Carnaval dar\u00e1n una muestra de sus coreograf\u00edas y puestas en escena con las que sorprender\u00e1n a los Carnavaleros durante el Carnaval 2026. Este d\u00eda, paralelamente, comenzar\u00e1 la agenda del Festival de Comedias en el Parque Sagrado Coraz\u00f3n a las 5:00 p.m., destacando el humor y el teatro como uno de los espacios importantes de la fiesta.&nbsp;<\/p>\n\n\n\n<p>El domingo, 25 de enero, desde las 10:00 de la ma\u00f1ana comenzar\u00e1 la Fiesta de Danzas y Cumbias, donde las manifestaciones que exaltan el patrimonio inmaterial del Carnaval se presentar\u00e1n en la Plaza de la Paz ante el p\u00fablico barranquillero, recordando el valor de quienes, generaci\u00f3n tras generaci\u00f3n, han mantenido viva la esencia del Carnaval de Barranquilla. Tambi\u00e9n, a las 3:30 p.m. en el Centro Comercial Carnaval, se realizar\u00e1 el primer Paco Paco al Parque, una jornada pensada para la diversi\u00f3n de los ni\u00f1os y las familias.<\/p>\n\n\n\n<figure class=\"wp-block-gallery has-nested-images columns-default is-cropped wp-block-gallery-2 is-layout-flex wp-block-gallery-is-layout-flex\">\n<figure class=\"wp-block-image size-large\"><img loading=\"lazy\" decoding=\"async\" width=\"819\" height=\"1024\" data-id=\"16624\" src=\"https:\/\/contrastes.com.co\/web\/wp-content\/uploads\/2026\/01\/WhatsApp-Image-2026-01-21-at-8.57.10-AM-819x1024.jpeg\" alt=\"\" class=\"wp-image-16624\" srcset=\"https:\/\/contrastes.com.co\/web\/wp-content\/uploads\/2026\/01\/WhatsApp-Image-2026-01-21-at-8.57.10-AM-819x1024.jpeg 819w, https:\/\/contrastes.com.co\/web\/wp-content\/uploads\/2026\/01\/WhatsApp-Image-2026-01-21-at-8.57.10-AM-240x300.jpeg 240w, https:\/\/contrastes.com.co\/web\/wp-content\/uploads\/2026\/01\/WhatsApp-Image-2026-01-21-at-8.57.10-AM-768x960.jpeg 768w, https:\/\/contrastes.com.co\/web\/wp-content\/uploads\/2026\/01\/WhatsApp-Image-2026-01-21-at-8.57.10-AM.jpeg 1080w\" sizes=\"(max-width: 819px) 100vw, 819px\" \/><\/figure>\n\n\n\n<figure class=\"wp-block-image size-large\"><img loading=\"lazy\" decoding=\"async\" width=\"819\" height=\"1024\" data-id=\"16626\" src=\"https:\/\/contrastes.com.co\/web\/wp-content\/uploads\/2026\/01\/WhatsApp-Image-2026-01-21-at-8.57.11-AM-2-819x1024.jpeg\" alt=\"\" class=\"wp-image-16626\" srcset=\"https:\/\/contrastes.com.co\/web\/wp-content\/uploads\/2026\/01\/WhatsApp-Image-2026-01-21-at-8.57.11-AM-2-819x1024.jpeg 819w, https:\/\/contrastes.com.co\/web\/wp-content\/uploads\/2026\/01\/WhatsApp-Image-2026-01-21-at-8.57.11-AM-2-240x300.jpeg 240w, https:\/\/contrastes.com.co\/web\/wp-content\/uploads\/2026\/01\/WhatsApp-Image-2026-01-21-at-8.57.11-AM-2-768x960.jpeg 768w, https:\/\/contrastes.com.co\/web\/wp-content\/uploads\/2026\/01\/WhatsApp-Image-2026-01-21-at-8.57.11-AM-2.jpeg 1080w\" sizes=\"(max-width: 819px) 100vw, 819px\" \/><\/figure>\n\n\n\n<figure class=\"wp-block-image size-large\"><img loading=\"lazy\" decoding=\"async\" width=\"819\" height=\"1024\" data-id=\"16625\" src=\"https:\/\/contrastes.com.co\/web\/wp-content\/uploads\/2026\/01\/WhatsApp-Image-2026-01-21-at-8.57.14-AM-1-819x1024.jpeg\" alt=\"\" class=\"wp-image-16625\" srcset=\"https:\/\/contrastes.com.co\/web\/wp-content\/uploads\/2026\/01\/WhatsApp-Image-2026-01-21-at-8.57.14-AM-1-819x1024.jpeg 819w, https:\/\/contrastes.com.co\/web\/wp-content\/uploads\/2026\/01\/WhatsApp-Image-2026-01-21-at-8.57.14-AM-1-240x300.jpeg 240w, https:\/\/contrastes.com.co\/web\/wp-content\/uploads\/2026\/01\/WhatsApp-Image-2026-01-21-at-8.57.14-AM-1-768x960.jpeg 768w, https:\/\/contrastes.com.co\/web\/wp-content\/uploads\/2026\/01\/WhatsApp-Image-2026-01-21-at-8.57.14-AM-1.jpeg 1080w\" sizes=\"(max-width: 819px) 100vw, 819px\" \/><\/figure>\n<\/figure>\n\n\n\n<p>Con esta amplia y diversa agenda, Carnaval de Barranquilla contin\u00faa demostrando que los eventos de la fiesta se viven en todas las localidades para todo tipo de p\u00fablicos y gustos, llegando a los parques, calles, plazas&nbsp; y escenarios culturales, prepar\u00e1ndose, con este abrebocas carnavalero, para el Carnaval de Barranquilla 2026, que se realizar\u00e1 hasta el 17 de febrero.<\/p>\n\n\n\n<p><\/p>\n","protected":false},"excerpt":{"rendered":"<p>Del jueves 22 de enero, al domingo 25 de enero, la ciudad celebrar\u00e1 la diversidad de la fiesta m\u00e1s grande de Colombia con actividades de tradici\u00f3n, la formaci\u00f3n sobre el Carnaval, humor y el semillero del Carnaval de los Ni\u00f1os.&nbsp; Barranquilla, enero de 2026.\u00a0 Carnaval de Barranquilla se toma la ciudad este fin de semana [&hellip;]<\/p>\n","protected":false},"author":4,"featured_media":16627,"comment_status":"open","ping_status":"open","sticky":false,"template":"","format":"standard","meta":{"footnotes":""},"categories":[151,3712,277,101,3160],"tags":[],"class_list":["post-16617","post","type-post","status-publish","format-standard","has-post-thumbnail","hentry","category-deportes","category-escenarios-deportivos","category-opinion","category-pais","category-parques-y-escenarios-deportivos"],"blog_post_layout_featured_media_urls":{"thumbnail":["https:\/\/contrastes.com.co\/web\/wp-content\/uploads\/2026\/01\/WhatsApp-Image-2026-01-21-at-8.55.09-AM-150x150.jpeg",150,150,true],"full":["https:\/\/contrastes.com.co\/web\/wp-content\/uploads\/2026\/01\/WhatsApp-Image-2026-01-21-at-8.55.09-AM.jpeg",1600,1066,false]},"categories_names":{"151":{"name":"Deportes","link":"https:\/\/contrastes.com.co\/web\/category\/deportes\/"},"3712":{"name":"Escenarios Deportivos","link":"https:\/\/contrastes.com.co\/web\/category\/escenarios-deportivos\/"},"277":{"name":"Opini\u00f3n","link":"https:\/\/contrastes.com.co\/web\/category\/opinion\/"},"101":{"name":"Pa\u00eds","link":"https:\/\/contrastes.com.co\/web\/category\/pais\/"},"3160":{"name":"Parques y escenarios deportivos","link":"https:\/\/contrastes.com.co\/web\/category\/parques-y-escenarios-deportivos\/"}},"tags_names":[],"comments_number":"0","wpmagazine_modules_lite_featured_media_urls":{"thumbnail":["https:\/\/contrastes.com.co\/web\/wp-content\/uploads\/2026\/01\/WhatsApp-Image-2026-01-21-at-8.55.09-AM-150x150.jpeg",150,150,true],"cvmm-medium":["https:\/\/contrastes.com.co\/web\/wp-content\/uploads\/2026\/01\/WhatsApp-Image-2026-01-21-at-8.55.09-AM-300x300.jpeg",300,300,true],"cvmm-medium-plus":["https:\/\/contrastes.com.co\/web\/wp-content\/uploads\/2026\/01\/WhatsApp-Image-2026-01-21-at-8.55.09-AM-305x207.jpeg",305,207,true],"cvmm-portrait":["https:\/\/contrastes.com.co\/web\/wp-content\/uploads\/2026\/01\/WhatsApp-Image-2026-01-21-at-8.55.09-AM-400x600.jpeg",400,600,true],"cvmm-medium-square":["https:\/\/contrastes.com.co\/web\/wp-content\/uploads\/2026\/01\/WhatsApp-Image-2026-01-21-at-8.55.09-AM-600x600.jpeg",600,600,true],"cvmm-large":["https:\/\/contrastes.com.co\/web\/wp-content\/uploads\/2026\/01\/WhatsApp-Image-2026-01-21-at-8.55.09-AM-1024x1024.jpeg",1024,1024,true],"cvmm-small":["https:\/\/contrastes.com.co\/web\/wp-content\/uploads\/2026\/01\/WhatsApp-Image-2026-01-21-at-8.55.09-AM-130x95.jpeg",130,95,true],"full":["https:\/\/contrastes.com.co\/web\/wp-content\/uploads\/2026\/01\/WhatsApp-Image-2026-01-21-at-8.55.09-AM.jpeg",1600,1066,false]},"_links":{"self":[{"href":"https:\/\/contrastes.com.co\/web\/wp-json\/wp\/v2\/posts\/16617","targetHints":{"allow":["GET"]}}],"collection":[{"href":"https:\/\/contrastes.com.co\/web\/wp-json\/wp\/v2\/posts"}],"about":[{"href":"https:\/\/contrastes.com.co\/web\/wp-json\/wp\/v2\/types\/post"}],"author":[{"embeddable":true,"href":"https:\/\/contrastes.com.co\/web\/wp-json\/wp\/v2\/users\/4"}],"replies":[{"embeddable":true,"href":"https:\/\/contrastes.com.co\/web\/wp-json\/wp\/v2\/comments?post=16617"}],"version-history":[{"count":1,"href":"https:\/\/contrastes.com.co\/web\/wp-json\/wp\/v2\/posts\/16617\/revisions"}],"predecessor-version":[{"id":16628,"href":"https:\/\/contrastes.com.co\/web\/wp-json\/wp\/v2\/posts\/16617\/revisions\/16628"}],"wp:featuredmedia":[{"embeddable":true,"href":"https:\/\/contrastes.com.co\/web\/wp-json\/wp\/v2\/media\/16627"}],"wp:attachment":[{"href":"https:\/\/contrastes.com.co\/web\/wp-json\/wp\/v2\/media?parent=16617"}],"wp:term":[{"taxonomy":"category","embeddable":true,"href":"https:\/\/contrastes.com.co\/web\/wp-json\/wp\/v2\/categories?post=16617"},{"taxonomy":"post_tag","embeddable":true,"href":"https:\/\/contrastes.com.co\/web\/wp-json\/wp\/v2\/tags?post=16617"}],"curies":[{"name":"wp","href":"https:\/\/api.w.org\/{rel}","templated":true}]}}