{"id":16649,"date":"2026-01-24T14:29:49","date_gmt":"2026-01-24T14:29:49","guid":{"rendered":"https:\/\/contrastes.com.co\/web\/?p=16649"},"modified":"2026-01-24T14:29:53","modified_gmt":"2026-01-24T14:29:53","slug":"el-turno-hoy-es-de-las-raquetas","status":"publish","type":"post","link":"https:\/\/contrastes.com.co\/web\/2026\/01\/24\/el-turno-hoy-es-de-las-raquetas\/","title":{"rendered":"El Turno Hoy&#8230; Es De Las Raquetas"},"content":{"rendered":"\n<p class=\"has-text-align-right\"><strong><em>Inician hoy los partidos clasificatorios para el cuadro principal, hoy desde las 10.00 a.m. en el complejo de raquetas Mar\u00eda Fernanda Herazo<\/em><\/strong><\/p>\n\n\n\n<p>S\u00e1bado 24  de enero de 2026<\/p>\n\n\n\n<p>OFICINA DE PRENSA MUNDIAL JUVENIL DE TENIS TORNEO J300<\/p>\n\n\n\n<p>Ya todo est\u00e1 listo para el inicio de la versi\u00f3n 43 del Mundial Juvenil de Tenis torneo J300.<br>M\u00e1s de 140 tenistas de 27 pa\u00edses, tomar\u00e1n parte del certamen orbital. Este s\u00e1bado con el torneo de Clasificaci\u00f3n o Qualy se pone en acci\u00f3n el Mundial, y all\u00ed 12 jugadores, 6 varones y 6 damas obtendr\u00e1n una Tarjeta de Invitaci\u00f3n para el cuadro principal, torneo que iniciar\u00e1 el lunes 26 de enero.<br><\/p>\n\n\n\n<p>Las principales cartas y sembrados por su ranking a nivel mundial, ser\u00e1n Michael Antonius de EE.UU. y el brasile\u00f1o Pedro Henrique Chavalgoity. En Damas las mejores ubicadas en la clasificaci\u00f3n Mundial Junior son Welles Newman de EE.UU. y Pietra Rivoli de Brasil.<\/p>\n\n\n\n<figure class=\"wp-block-gallery has-nested-images columns-default is-cropped wp-block-gallery-1 is-layout-flex wp-block-gallery-is-layout-flex\">\n<figure class=\"wp-block-image size-large\"><img fetchpriority=\"high\" decoding=\"async\" width=\"960\" height=\"720\" data-id=\"16651\" src=\"https:\/\/contrastes.com.co\/web\/wp-content\/uploads\/2026\/01\/WhatsApp-Image-2026-01-23-at-2.41.03-PM.jpeg\" alt=\"\" class=\"wp-image-16651\" srcset=\"https:\/\/contrastes.com.co\/web\/wp-content\/uploads\/2026\/01\/WhatsApp-Image-2026-01-23-at-2.41.03-PM.jpeg 960w, https:\/\/contrastes.com.co\/web\/wp-content\/uploads\/2026\/01\/WhatsApp-Image-2026-01-23-at-2.41.03-PM-300x225.jpeg 300w, https:\/\/contrastes.com.co\/web\/wp-content\/uploads\/2026\/01\/WhatsApp-Image-2026-01-23-at-2.41.03-PM-768x576.jpeg 768w, https:\/\/contrastes.com.co\/web\/wp-content\/uploads\/2026\/01\/WhatsApp-Image-2026-01-23-at-2.41.03-PM-136x102.jpeg 136w\" sizes=\"(max-width: 960px) 100vw, 960px\" \/><\/figure>\n\n\n\n<figure class=\"wp-block-image size-large\"><img decoding=\"async\" width=\"960\" height=\"720\" data-id=\"16652\" src=\"https:\/\/contrastes.com.co\/web\/wp-content\/uploads\/2026\/01\/WhatsApp-Image-2026-01-23-at-2.41.04-PM-1.jpeg\" alt=\"\" class=\"wp-image-16652\" srcset=\"https:\/\/contrastes.com.co\/web\/wp-content\/uploads\/2026\/01\/WhatsApp-Image-2026-01-23-at-2.41.04-PM-1.jpeg 960w, https:\/\/contrastes.com.co\/web\/wp-content\/uploads\/2026\/01\/WhatsApp-Image-2026-01-23-at-2.41.04-PM-1-300x225.jpeg 300w, https:\/\/contrastes.com.co\/web\/wp-content\/uploads\/2026\/01\/WhatsApp-Image-2026-01-23-at-2.41.04-PM-1-768x576.jpeg 768w, https:\/\/contrastes.com.co\/web\/wp-content\/uploads\/2026\/01\/WhatsApp-Image-2026-01-23-at-2.41.04-PM-1-136x102.jpeg 136w\" sizes=\"(max-width: 960px) 100vw, 960px\" \/><\/figure>\n<\/figure>\n\n\n\n<p>Parque de raquetas Mar\u00eda Fernanda Herazo, donde se jugar\u00e1n todos los partidos del torneo <\/p>\n\n\n\n<p>Por Colombia las principales cartas son Alejandro Castellanos y Lucas Velasco.<br>En damas las mejores ranqueadas son Mar\u00eda Isabel Su\u00e1rez y Emanuela Lares.<br>La Liga del Atl\u00e1ntico le di\u00f3 Tarjeta de Invitaci\u00f3n a 5 tenistas luego de la organizaci\u00f3n de 2 torneos cortos, ellos son Chetan V\u00e1squez, Juan Pablo Ordo\u00f1ez, Mateo Gonz\u00e1lez, Juan Alberto Sandoval y Mar\u00eda Gabriela Baena.<br>Despu\u00e9s de varios a\u00f1os en esta oportunidad, se volver\u00e1 a realizar la ceremonia de Inauguraci\u00f3n. Los actos se efectuar\u00e1n el domingo en el Complejo de Raquetas a las 5 de la tarde, una vez concluido el torneo Qualy.<\/p>\n\n\n\n<figure class=\"wp-block-gallery has-nested-images columns-default is-cropped wp-block-gallery-2 is-layout-flex wp-block-gallery-is-layout-flex\">\n<figure class=\"wp-block-image size-large\"><img decoding=\"async\" width=\"1024\" height=\"576\" data-id=\"16653\" src=\"https:\/\/contrastes.com.co\/web\/wp-content\/uploads\/2026\/01\/WhatsApp-Image-2026-01-23-at-7.20.48-PM-1024x576.jpeg\" alt=\"\" class=\"wp-image-16653\" srcset=\"https:\/\/contrastes.com.co\/web\/wp-content\/uploads\/2026\/01\/WhatsApp-Image-2026-01-23-at-7.20.48-PM-1024x576.jpeg 1024w, https:\/\/contrastes.com.co\/web\/wp-content\/uploads\/2026\/01\/WhatsApp-Image-2026-01-23-at-7.20.48-PM-300x169.jpeg 300w, https:\/\/contrastes.com.co\/web\/wp-content\/uploads\/2026\/01\/WhatsApp-Image-2026-01-23-at-7.20.48-PM-768x432.jpeg 768w, https:\/\/contrastes.com.co\/web\/wp-content\/uploads\/2026\/01\/WhatsApp-Image-2026-01-23-at-7.20.48-PM.jpeg 1280w\" sizes=\"(max-width: 1024px) 100vw, 1024px\" \/><\/figure>\n<\/figure>\n\n\n\n<p><strong>Emanuela Lares de la Liga del Valle, Mariana Pinz\u00f3n de Bogot\u00e1, Valentina Garc\u00eda de la Liga de Boyac\u00e1 y Nicole Lederman de Cundinamarca. Los varones que tendr\u00e1n Wild Card son Mat\u00edas Quintero, Emilio Cardona y Santiago L\u00f3pez, todos de la Liga de Antioquia y Chetan V\u00e1squez del Atl\u00e1ntico.<\/strong><\/p>\n\n\n\n<p><br>Otra novedad en el certamen, ser\u00e1 el uso de Cadies o Recoge pelotas en los Juegos de este torneo J300. Estos ni\u00f1os ser\u00e1n integrantes de la Academia de la Liga del Atl\u00e1ntico.<br>La entrada para los aficionados al Mundial Juvenil de Tenis J300, ser\u00e1 sin costo alguno.<\/p>\n","protected":false},"excerpt":{"rendered":"<p>Inician hoy los partidos clasificatorios para el cuadro principal, hoy desde las 10.00 a.m. en el complejo de raquetas Mar\u00eda Fernanda Herazo S\u00e1bado 24 de enero de 2026 OFICINA DE PRENSA MUNDIAL JUVENIL DE TENIS TORNEO J300 Ya todo est\u00e1 listo para el inicio de la versi\u00f3n 43 del Mundial Juvenil de Tenis torneo J300.M\u00e1s [&hellip;]<\/p>\n","protected":false},"author":4,"featured_media":16650,"comment_status":"open","ping_status":"open","sticky":false,"template":"","format":"standard","meta":{"footnotes":""},"categories":[151,3712,277,101,3160,583,9868,1],"tags":[],"class_list":["post-16649","post","type-post","status-publish","format-standard","has-post-thumbnail","hentry","category-deportes","category-escenarios-deportivos","category-opinion","category-pais","category-parques-y-escenarios-deportivos","category-principal","category-tenis","category-uncategorized"],"blog_post_layout_featured_media_urls":{"thumbnail":["https:\/\/contrastes.com.co\/web\/wp-content\/uploads\/2026\/01\/WhatsApp-Image-2026-01-23-at-2.41.04-PM-150x150.jpeg",150,150,true],"full":["https:\/\/contrastes.com.co\/web\/wp-content\/uploads\/2026\/01\/WhatsApp-Image-2026-01-23-at-2.41.04-PM.jpeg",1600,900,false]},"categories_names":{"151":{"name":"Deportes","link":"https:\/\/contrastes.com.co\/web\/category\/deportes\/"},"3712":{"name":"Escenarios Deportivos","link":"https:\/\/contrastes.com.co\/web\/category\/escenarios-deportivos\/"},"277":{"name":"Opini\u00f3n","link":"https:\/\/contrastes.com.co\/web\/category\/opinion\/"},"101":{"name":"Pa\u00eds","link":"https:\/\/contrastes.com.co\/web\/category\/pais\/"},"3160":{"name":"Parques y escenarios deportivos","link":"https:\/\/contrastes.com.co\/web\/category\/parques-y-escenarios-deportivos\/"},"583":{"name":"Principal","link":"https:\/\/contrastes.com.co\/web\/category\/principal\/"},"9868":{"name":"TENIS","link":"https:\/\/contrastes.com.co\/web\/category\/tenis\/"},"1":{"name":"Uncategorized","link":"https:\/\/contrastes.com.co\/web\/category\/uncategorized\/"}},"tags_names":[],"comments_number":"0","wpmagazine_modules_lite_featured_media_urls":{"thumbnail":["https:\/\/contrastes.com.co\/web\/wp-content\/uploads\/2026\/01\/WhatsApp-Image-2026-01-23-at-2.41.04-PM-150x150.jpeg",150,150,true],"cvmm-medium":["https:\/\/contrastes.com.co\/web\/wp-content\/uploads\/2026\/01\/WhatsApp-Image-2026-01-23-at-2.41.04-PM-300x300.jpeg",300,300,true],"cvmm-medium-plus":["https:\/\/contrastes.com.co\/web\/wp-content\/uploads\/2026\/01\/WhatsApp-Image-2026-01-23-at-2.41.04-PM-305x207.jpeg",305,207,true],"cvmm-portrait":["https:\/\/contrastes.com.co\/web\/wp-content\/uploads\/2026\/01\/WhatsApp-Image-2026-01-23-at-2.41.04-PM-400x600.jpeg",400,600,true],"cvmm-medium-square":["https:\/\/contrastes.com.co\/web\/wp-content\/uploads\/2026\/01\/WhatsApp-Image-2026-01-23-at-2.41.04-PM-600x600.jpeg",600,600,true],"cvmm-large":["https:\/\/contrastes.com.co\/web\/wp-content\/uploads\/2026\/01\/WhatsApp-Image-2026-01-23-at-2.41.04-PM-1024x900.jpeg",1024,900,true],"cvmm-small":["https:\/\/contrastes.com.co\/web\/wp-content\/uploads\/2026\/01\/WhatsApp-Image-2026-01-23-at-2.41.04-PM-130x95.jpeg",130,95,true],"full":["https:\/\/contrastes.com.co\/web\/wp-content\/uploads\/2026\/01\/WhatsApp-Image-2026-01-23-at-2.41.04-PM.jpeg",1600,900,false]},"_links":{"self":[{"href":"https:\/\/contrastes.com.co\/web\/wp-json\/wp\/v2\/posts\/16649","targetHints":{"allow":["GET"]}}],"collection":[{"href":"https:\/\/contrastes.com.co\/web\/wp-json\/wp\/v2\/posts"}],"about":[{"href":"https:\/\/contrastes.com.co\/web\/wp-json\/wp\/v2\/types\/post"}],"author":[{"embeddable":true,"href":"https:\/\/contrastes.com.co\/web\/wp-json\/wp\/v2\/users\/4"}],"replies":[{"embeddable":true,"href":"https:\/\/contrastes.com.co\/web\/wp-json\/wp\/v2\/comments?post=16649"}],"version-history":[{"count":2,"href":"https:\/\/contrastes.com.co\/web\/wp-json\/wp\/v2\/posts\/16649\/revisions"}],"predecessor-version":[{"id":16656,"href":"https:\/\/contrastes.com.co\/web\/wp-json\/wp\/v2\/posts\/16649\/revisions\/16656"}],"wp:featuredmedia":[{"embeddable":true,"href":"https:\/\/contrastes.com.co\/web\/wp-json\/wp\/v2\/media\/16650"}],"wp:attachment":[{"href":"https:\/\/contrastes.com.co\/web\/wp-json\/wp\/v2\/media?parent=16649"}],"wp:term":[{"taxonomy":"category","embeddable":true,"href":"https:\/\/contrastes.com.co\/web\/wp-json\/wp\/v2\/categories?post=16649"},{"taxonomy":"post_tag","embeddable":true,"href":"https:\/\/contrastes.com.co\/web\/wp-json\/wp\/v2\/tags?post=16649"}],"curies":[{"name":"wp","href":"https:\/\/api.w.org\/{rel}","templated":true}]}}