{"id":16675,"date":"2026-01-29T01:11:47","date_gmt":"2026-01-29T01:11:47","guid":{"rendered":"https:\/\/contrastes.com.co\/web\/?p=16675"},"modified":"2026-01-29T01:11:50","modified_gmt":"2026-01-29T01:11:50","slug":"asamblea-del-atlantico-condecoro-a-la-embajadora-del-carnaval-del-atlantico-2026-stefanny-martinez","status":"publish","type":"post","link":"https:\/\/contrastes.com.co\/web\/2026\/01\/29\/asamblea-del-atlantico-condecoro-a-la-embajadora-del-carnaval-del-atlantico-2026-stefanny-martinez\/","title":{"rendered":"Asamblea del Atl\u00e1ntico condecor\u00f3 a la embajadora del Carnaval del Atl\u00e1ntico 2026, Stefanny Mart\u00ednez"},"content":{"rendered":"\n<ul class=\"wp-block-list\">\n<li>En la sesi\u00f3n tambi\u00e9n fue exaltada la monarqu\u00eda de la 44.<\/li>\n<\/ul>\n\n\n\n<p class=\"wp-block-paragraph\">Barranquilla, Atl\u00e1ntico, 28 de enero de 2026. <\/p>\n\n\n\n<p class=\"wp-block-paragraph\">La Asamblea del Atl\u00e1ntico condecor\u00f3 a Stefanny Mart\u00ednez Barcel\u00f3, embajadora del Carnaval del Atl\u00e1ntico 2026, en reconocimiento a su labor de visibilizaci\u00f3n de las manifestaciones folcl\u00f3ricas y el fortalecimiento de los procesos culturales en los municipios del departamento.<\/p>\n\n\n\n<p class=\"wp-block-paragraph\">El acto protocolario se cumpli\u00f3 en el recinto de sesiones de la corporaci\u00f3n, con la asistencia de gestores culturales, invitados especiales y medios de comunicaci\u00f3n.<\/p>\n\n\n\n<p class=\"wp-block-paragraph\">Durante la jornada tambi\u00e9n se rindi\u00f3 homenaje a la monarqu\u00eda de la 44, integrada por la reina Sharon Hurtado y el rey Momo Luis Mauricio Arag\u00f3n, as\u00ed como a los reyes infantiles Ashley G\u00f3mez y Germ\u00e1n Palomino.<\/p>\n\n\n\n<p class=\"wp-block-paragraph\">El presidente de la corporaci\u00f3n, Estefano Gonz\u00e1lez D\u00edazgranados, destac\u00f3 la importancia de esta condecoraci\u00f3n como un reconocimiento a la identidad cultural y a las tradiciones de los municipios del Atl\u00e1ntico.<\/p>\n\n\n\n<figure class=\"wp-block-gallery has-nested-images columns-default is-cropped wp-block-gallery-1 is-layout-flex wp-block-gallery-is-layout-flex\">\n<figure class=\"wp-block-image size-large\"><img fetchpriority=\"high\" decoding=\"async\" width=\"1024\" height=\"819\" data-id=\"16677\" src=\"https:\/\/contrastes.com.co\/web\/wp-content\/uploads\/2026\/01\/WhatsApp-Image-2026-01-28-at-4.05.37-PM-1-1024x819.jpeg\" alt=\"\" class=\"wp-image-16677\" srcset=\"https:\/\/contrastes.com.co\/web\/wp-content\/uploads\/2026\/01\/WhatsApp-Image-2026-01-28-at-4.05.37-PM-1-1024x819.jpeg 1024w, https:\/\/contrastes.com.co\/web\/wp-content\/uploads\/2026\/01\/WhatsApp-Image-2026-01-28-at-4.05.37-PM-1-300x240.jpeg 300w, https:\/\/contrastes.com.co\/web\/wp-content\/uploads\/2026\/01\/WhatsApp-Image-2026-01-28-at-4.05.37-PM-1-768x614.jpeg 768w, https:\/\/contrastes.com.co\/web\/wp-content\/uploads\/2026\/01\/WhatsApp-Image-2026-01-28-at-4.05.37-PM-1-1536x1228.jpeg 1536w, https:\/\/contrastes.com.co\/web\/wp-content\/uploads\/2026\/01\/WhatsApp-Image-2026-01-28-at-4.05.37-PM-1-2048x1637.jpeg 2048w\" sizes=\"(max-width: 1024px) 100vw, 1024px\" \/><\/figure>\n\n\n\n<figure class=\"wp-block-image size-large\"><img decoding=\"async\" width=\"1024\" height=\"683\" data-id=\"16678\" src=\"https:\/\/contrastes.com.co\/web\/wp-content\/uploads\/2026\/01\/WhatsApp-Image-2026-01-28-at-4.05.37-PM-1024x683.jpeg\" alt=\"\" class=\"wp-image-16678\" srcset=\"https:\/\/contrastes.com.co\/web\/wp-content\/uploads\/2026\/01\/WhatsApp-Image-2026-01-28-at-4.05.37-PM-1024x683.jpeg 1024w, https:\/\/contrastes.com.co\/web\/wp-content\/uploads\/2026\/01\/WhatsApp-Image-2026-01-28-at-4.05.37-PM-300x200.jpeg 300w, https:\/\/contrastes.com.co\/web\/wp-content\/uploads\/2026\/01\/WhatsApp-Image-2026-01-28-at-4.05.37-PM-768x512.jpeg 768w, https:\/\/contrastes.com.co\/web\/wp-content\/uploads\/2026\/01\/WhatsApp-Image-2026-01-28-at-4.05.37-PM-1536x1024.jpeg 1536w, https:\/\/contrastes.com.co\/web\/wp-content\/uploads\/2026\/01\/WhatsApp-Image-2026-01-28-at-4.05.37-PM-2048x1365.jpeg 2048w\" sizes=\"(max-width: 1024px) 100vw, 1024px\" \/><\/figure>\n\n\n\n<figure class=\"wp-block-image size-large\"><img decoding=\"async\" width=\"1024\" height=\"683\" data-id=\"16679\" src=\"https:\/\/contrastes.com.co\/web\/wp-content\/uploads\/2026\/01\/WhatsApp-Image-2026-01-28-at-4.05.38-PM-1-1024x683.jpeg\" alt=\"\" class=\"wp-image-16679\" srcset=\"https:\/\/contrastes.com.co\/web\/wp-content\/uploads\/2026\/01\/WhatsApp-Image-2026-01-28-at-4.05.38-PM-1-1024x683.jpeg 1024w, https:\/\/contrastes.com.co\/web\/wp-content\/uploads\/2026\/01\/WhatsApp-Image-2026-01-28-at-4.05.38-PM-1-300x200.jpeg 300w, https:\/\/contrastes.com.co\/web\/wp-content\/uploads\/2026\/01\/WhatsApp-Image-2026-01-28-at-4.05.38-PM-1-768x512.jpeg 768w, https:\/\/contrastes.com.co\/web\/wp-content\/uploads\/2026\/01\/WhatsApp-Image-2026-01-28-at-4.05.38-PM-1-1536x1024.jpeg 1536w, https:\/\/contrastes.com.co\/web\/wp-content\/uploads\/2026\/01\/WhatsApp-Image-2026-01-28-at-4.05.38-PM-1-2048x1365.jpeg 2048w\" sizes=\"(max-width: 1024px) 100vw, 1024px\" \/><\/figure>\n<\/figure>\n\n\n\n<p class=\"wp-block-paragraph\">\u201cPara nosotros es importante y parte fundamental de la ideolog\u00eda de esta corporaci\u00f3n tiene que ver con poderle llevar lo de Barranquilla a cada rinc\u00f3n del departamento del Atl\u00e1ntico\u201d, expres\u00f3.<\/p>\n\n\n\n<p class=\"wp-block-paragraph\">Asimismo, resalt\u00f3 la relevancia de visibilizar la diversidad cultural presente en el territorio departamental. \u201cEs importante que en cada rinc\u00f3n, en cada municipio del departamento puedan disfrutar de los carnavales y qu\u00e9 mejor manera que a trav\u00e9s de la embajadora del Atl\u00e1ntico 2026\u201d, mencion\u00f3.<\/p>\n\n\n\n<p class=\"wp-block-paragraph\">Finalmente, reiter\u00f3 el compromiso institucional con la promoci\u00f3n de esta festividad.<\/p>\n\n\n\n<p class=\"wp-block-paragraph\">\u201cLo que nosotros queremos siempre es llevarle bienestar a nuestra gente, es nuestra visi\u00f3n, nuestro objetivo, y en eso consiste lo que queremos mostrar permanentemente, y por eso en temas culturales estamos ah\u00ed apoyando a los municipios\u201d, finaliz\u00f3.<\/p>\n\n\n\n<p class=\"wp-block-paragraph\">La embajadora del Carnaval del Atl\u00e1ntico, Stefanny Mart\u00ednez, manifest\u00f3 sentirse honrada de representar y de visibilizar las tradiciones y expresiones culturales de los municipios del departamento.<\/p>\n\n\n\n<p class=\"wp-block-paragraph\">\u201cMe siento muy feliz y honrada de recibir esta condecoraci\u00f3n, no solo es para m\u00ed y el carnaval, es para todos los hacedores y personas que hacen parte de las tradiciones de los municipios y de las historias que nos identifican\u201d, expres\u00f3.<\/p>\n\n\n\n<p class=\"wp-block-paragraph\">Tambi\u00e9n subray\u00f3 la importancia de preservar las tradiciones propias de cada municipio. \u201cLes pido que no dejen morir nuestras tradiciones, cada vez m\u00e1s me sorprende lo que nuestros municipios tienen para ofrecer\u201d, sostuvo.<\/p>\n\n\n\n<p class=\"wp-block-paragraph\">Agreg\u00f3 que las nuevas generaciones participan activamente en la promoci\u00f3n cultural del departamento, a trav\u00e9s de su vinculaci\u00f3n a la fiesta.<\/p>\n\n\n\n<p class=\"wp-block-paragraph\">\u201cTu joven, tu ni\u00f1o est\u00e1s preparado y listo para vivir lo hermoso de nuestro departamento, cada vez hay m\u00e1s hacedores, m\u00e1s ni\u00f1os que hacen parte de comparsas y grupos de folclor\u201d, coment\u00f3.<\/p>\n\n\n\n<p class=\"wp-block-paragraph\">Finalmente, la embajadora invit\u00f3 a los atlanticenses a no perderse los recorridos de la Ruta de la Tradici\u00f3n.<\/p>\n\n\n\n<p class=\"wp-block-paragraph\">OFICINA DE COMUNICACIONES<br>GOBERNACI\u00d3N DEL ATL\u00c1NTICO<\/p>\n","protected":false},"excerpt":{"rendered":"<p>Barranquilla, Atl\u00e1ntico, 28 de enero de 2026. La Asamblea del Atl\u00e1ntico condecor\u00f3 a Stefanny Mart\u00ednez Barcel\u00f3, embajadora del Carnaval del Atl\u00e1ntico 2026, en reconocimiento a su labor de visibilizaci\u00f3n de las manifestaciones folcl\u00f3ricas y el fortalecimiento de los procesos culturales en los municipios del departamento. El acto protocolario se cumpli\u00f3 en el recinto de sesiones [&hellip;]<\/p>\n","protected":false},"author":4,"featured_media":16676,"comment_status":"open","ping_status":"open","sticky":false,"template":"","format":"standard","meta":{"footnotes":""},"categories":[1796,9828,277,101,583],"tags":[],"class_list":["post-16675","post","type-post","status-publish","format-standard","has-post-thumbnail","hentry","category-carnaval","category-carnaval-opinion-pais","category-opinion","category-pais","category-principal"],"yoast_head":"<!-- This site is optimized with the Yoast SEO plugin v27.7 - https:\/\/yoast.com\/product\/yoast-seo-wordpress\/ -->\n<title>Asamblea del Atl\u00e1ntico condecor\u00f3 a la embajadora del Carnaval del Atl\u00e1ntico 2026, Stefanny Mart\u00ednez - Constrastes<\/title>\n<meta name=\"robots\" content=\"index, follow, max-snippet:-1, max-image-preview:large, max-video-preview:-1\" \/>\n<link rel=\"canonical\" href=\"https:\/\/contrastes.com.co\/web\/2026\/01\/29\/asamblea-del-atlantico-condecoro-a-la-embajadora-del-carnaval-del-atlantico-2026-stefanny-martinez\/\" \/>\n<meta property=\"og:locale\" content=\"es_ES\" \/>\n<meta property=\"og:type\" content=\"article\" \/>\n<meta property=\"og:title\" content=\"Asamblea del Atl\u00e1ntico condecor\u00f3 a la embajadora del Carnaval del Atl\u00e1ntico 2026, Stefanny Mart\u00ednez - Constrastes\" \/>\n<meta property=\"og:description\" content=\"Barranquilla, Atl\u00e1ntico, 28 de enero de 2026. La Asamblea del Atl\u00e1ntico condecor\u00f3 a Stefanny Mart\u00ednez Barcel\u00f3, embajadora del Carnaval del Atl\u00e1ntico 2026, en reconocimiento a su labor de visibilizaci\u00f3n de las manifestaciones folcl\u00f3ricas y el fortalecimiento de los procesos culturales en los municipios del departamento. El acto protocolario se cumpli\u00f3 en el recinto de sesiones [&hellip;]\" \/>\n<meta property=\"og:url\" content=\"https:\/\/contrastes.com.co\/web\/2026\/01\/29\/asamblea-del-atlantico-condecoro-a-la-embajadora-del-carnaval-del-atlantico-2026-stefanny-martinez\/\" \/>\n<meta property=\"og:site_name\" content=\"Constrastes\" \/>\n<meta property=\"article:publisher\" content=\"https:\/\/www.facebook.com\/guillo.pantoja.1\" \/>\n<meta property=\"article:published_time\" content=\"2026-01-29T01:11:47+00:00\" \/>\n<meta property=\"article:modified_time\" content=\"2026-01-29T01:11:50+00:00\" \/>\n<meta property=\"og:image\" content=\"https:\/\/contrastes.com.co\/web\/wp-content\/uploads\/2026\/01\/WhatsApp-Image-2026-01-28-at-4.05.38-PM-scaled.jpeg\" \/>\n\t<meta property=\"og:image:width\" content=\"2560\" \/>\n\t<meta property=\"og:image:height\" content=\"1706\" \/>\n\t<meta property=\"og:image:type\" content=\"image\/jpeg\" \/>\n<meta name=\"author\" content=\"Guillermo Pantoja\" \/>\n<meta name=\"twitter:card\" content=\"summary_large_image\" \/>\n<meta name=\"twitter:label1\" content=\"Escrito por\" \/>\n\t<meta name=\"twitter:data1\" content=\"Guillermo Pantoja\" \/>\n\t<meta name=\"twitter:label2\" content=\"Tiempo de lectura\" \/>\n\t<meta name=\"twitter:data2\" content=\"2 minutos\" \/>\n<script type=\"application\/ld+json\" class=\"yoast-schema-graph\">{\"@context\":\"https:\\\/\\\/schema.org\",\"@graph\":[{\"@type\":\"Article\",\"@id\":\"https:\\\/\\\/contrastes.com.co\\\/web\\\/2026\\\/01\\\/29\\\/asamblea-del-atlantico-condecoro-a-la-embajadora-del-carnaval-del-atlantico-2026-stefanny-martinez\\\/#article\",\"isPartOf\":{\"@id\":\"https:\\\/\\\/contrastes.com.co\\\/web\\\/2026\\\/01\\\/29\\\/asamblea-del-atlantico-condecoro-a-la-embajadora-del-carnaval-del-atlantico-2026-stefanny-martinez\\\/\"},\"author\":{\"name\":\"Guillermo Pantoja\",\"@id\":\"https:\\\/\\\/contrastes.com.co\\\/web\\\/#\\\/schema\\\/person\\\/3f8f997c64fecafe3d45313f7f884d82\"},\"headline\":\"Asamblea del Atl\u00e1ntico condecor\u00f3 a la embajadora del Carnaval del Atl\u00e1ntico 2026, Stefanny Mart\u00ednez\",\"datePublished\":\"2026-01-29T01:11:47+00:00\",\"dateModified\":\"2026-01-29T01:11:50+00:00\",\"mainEntityOfPage\":{\"@id\":\"https:\\\/\\\/contrastes.com.co\\\/web\\\/2026\\\/01\\\/29\\\/asamblea-del-atlantico-condecoro-a-la-embajadora-del-carnaval-del-atlantico-2026-stefanny-martinez\\\/\"},\"wordCount\":504,\"commentCount\":0,\"publisher\":{\"@id\":\"https:\\\/\\\/contrastes.com.co\\\/web\\\/#organization\"},\"image\":{\"@id\":\"https:\\\/\\\/contrastes.com.co\\\/web\\\/2026\\\/01\\\/29\\\/asamblea-del-atlantico-condecoro-a-la-embajadora-del-carnaval-del-atlantico-2026-stefanny-martinez\\\/#primaryimage\"},\"thumbnailUrl\":\"https:\\\/\\\/contrastes.com.co\\\/web\\\/wp-content\\\/uploads\\\/2026\\\/01\\\/WhatsApp-Image-2026-01-28-at-4.05.38-PM-scaled.jpeg\",\"articleSection\":[\"Carnaval\",\"carnaval, opinion, pais\",\"Opini\u00f3n\",\"Pa\u00eds\",\"Principal\"],\"inLanguage\":\"es\",\"potentialAction\":[{\"@type\":\"CommentAction\",\"name\":\"Comment\",\"target\":[\"https:\\\/\\\/contrastes.com.co\\\/web\\\/2026\\\/01\\\/29\\\/asamblea-del-atlantico-condecoro-a-la-embajadora-del-carnaval-del-atlantico-2026-stefanny-martinez\\\/#respond\"]}]},{\"@type\":\"WebPage\",\"@id\":\"https:\\\/\\\/contrastes.com.co\\\/web\\\/2026\\\/01\\\/29\\\/asamblea-del-atlantico-condecoro-a-la-embajadora-del-carnaval-del-atlantico-2026-stefanny-martinez\\\/\",\"url\":\"https:\\\/\\\/contrastes.com.co\\\/web\\\/2026\\\/01\\\/29\\\/asamblea-del-atlantico-condecoro-a-la-embajadora-del-carnaval-del-atlantico-2026-stefanny-martinez\\\/\",\"name\":\"Asamblea del Atl\u00e1ntico condecor\u00f3 a la embajadora del Carnaval del Atl\u00e1ntico 2026, Stefanny Mart\u00ednez - Constrastes\",\"isPartOf\":{\"@id\":\"https:\\\/\\\/contrastes.com.co\\\/web\\\/#website\"},\"primaryImageOfPage\":{\"@id\":\"https:\\\/\\\/contrastes.com.co\\\/web\\\/2026\\\/01\\\/29\\\/asamblea-del-atlantico-condecoro-a-la-embajadora-del-carnaval-del-atlantico-2026-stefanny-martinez\\\/#primaryimage\"},\"image\":{\"@id\":\"https:\\\/\\\/contrastes.com.co\\\/web\\\/2026\\\/01\\\/29\\\/asamblea-del-atlantico-condecoro-a-la-embajadora-del-carnaval-del-atlantico-2026-stefanny-martinez\\\/#primaryimage\"},\"thumbnailUrl\":\"https:\\\/\\\/contrastes.com.co\\\/web\\\/wp-content\\\/uploads\\\/2026\\\/01\\\/WhatsApp-Image-2026-01-28-at-4.05.38-PM-scaled.jpeg\",\"datePublished\":\"2026-01-29T01:11:47+00:00\",\"dateModified\":\"2026-01-29T01:11:50+00:00\",\"breadcrumb\":{\"@id\":\"https:\\\/\\\/contrastes.com.co\\\/web\\\/2026\\\/01\\\/29\\\/asamblea-del-atlantico-condecoro-a-la-embajadora-del-carnaval-del-atlantico-2026-stefanny-martinez\\\/#breadcrumb\"},\"inLanguage\":\"es\",\"potentialAction\":[{\"@type\":\"ReadAction\",\"target\":[\"https:\\\/\\\/contrastes.com.co\\\/web\\\/2026\\\/01\\\/29\\\/asamblea-del-atlantico-condecoro-a-la-embajadora-del-carnaval-del-atlantico-2026-stefanny-martinez\\\/\"]}]},{\"@type\":\"ImageObject\",\"inLanguage\":\"es\",\"@id\":\"https:\\\/\\\/contrastes.com.co\\\/web\\\/2026\\\/01\\\/29\\\/asamblea-del-atlantico-condecoro-a-la-embajadora-del-carnaval-del-atlantico-2026-stefanny-martinez\\\/#primaryimage\",\"url\":\"https:\\\/\\\/contrastes.com.co\\\/web\\\/wp-content\\\/uploads\\\/2026\\\/01\\\/WhatsApp-Image-2026-01-28-at-4.05.38-PM-scaled.jpeg\",\"contentUrl\":\"https:\\\/\\\/contrastes.com.co\\\/web\\\/wp-content\\\/uploads\\\/2026\\\/01\\\/WhatsApp-Image-2026-01-28-at-4.05.38-PM-scaled.jpeg\",\"width\":2560,\"height\":1706},{\"@type\":\"BreadcrumbList\",\"@id\":\"https:\\\/\\\/contrastes.com.co\\\/web\\\/2026\\\/01\\\/29\\\/asamblea-del-atlantico-condecoro-a-la-embajadora-del-carnaval-del-atlantico-2026-stefanny-martinez\\\/#breadcrumb\",\"itemListElement\":[{\"@type\":\"ListItem\",\"position\":1,\"name\":\"Portada\",\"item\":\"https:\\\/\\\/contrastes.com.co\\\/web\\\/\"},{\"@type\":\"ListItem\",\"position\":2,\"name\":\"Asamblea del Atl\u00e1ntico condecor\u00f3 a la embajadora del Carnaval del Atl\u00e1ntico 2026, Stefanny Mart\u00ednez\"}]},{\"@type\":\"WebSite\",\"@id\":\"https:\\\/\\\/contrastes.com.co\\\/web\\\/#website\",\"url\":\"https:\\\/\\\/contrastes.com.co\\\/web\\\/\",\"name\":\"Contrastes\",\"description\":\"Periodismo de Conciencia\",\"publisher\":{\"@id\":\"https:\\\/\\\/contrastes.com.co\\\/web\\\/#organization\"},\"potentialAction\":[{\"@type\":\"SearchAction\",\"target\":{\"@type\":\"EntryPoint\",\"urlTemplate\":\"https:\\\/\\\/contrastes.com.co\\\/web\\\/?s={search_term_string}\"},\"query-input\":{\"@type\":\"PropertyValueSpecification\",\"valueRequired\":true,\"valueName\":\"search_term_string\"}}],\"inLanguage\":\"es\"},{\"@type\":\"Organization\",\"@id\":\"https:\\\/\\\/contrastes.com.co\\\/web\\\/#organization\",\"name\":\"Contrastes\",\"url\":\"https:\\\/\\\/contrastes.com.co\\\/web\\\/\",\"logo\":{\"@type\":\"ImageObject\",\"inLanguage\":\"es\",\"@id\":\"https:\\\/\\\/contrastes.com.co\\\/web\\\/#\\\/schema\\\/logo\\\/image\\\/\",\"url\":\"https:\\\/\\\/contrastes.com.co\\\/web\\\/wp-content\\\/uploads\\\/2025\\\/04\\\/15CONTRASTES3.png\",\"contentUrl\":\"https:\\\/\\\/contrastes.com.co\\\/web\\\/wp-content\\\/uploads\\\/2025\\\/04\\\/15CONTRASTES3.png\",\"width\":1536,\"height\":231,\"caption\":\"Contrastes\"},\"image\":{\"@id\":\"https:\\\/\\\/contrastes.com.co\\\/web\\\/#\\\/schema\\\/logo\\\/image\\\/\"},\"sameAs\":[\"https:\\\/\\\/www.facebook.com\\\/guillo.pantoja.1\"]},{\"@type\":\"Person\",\"@id\":\"https:\\\/\\\/contrastes.com.co\\\/web\\\/#\\\/schema\\\/person\\\/3f8f997c64fecafe3d45313f7f884d82\",\"name\":\"Guillermo Pantoja\",\"image\":{\"@type\":\"ImageObject\",\"inLanguage\":\"es\",\"@id\":\"https:\\\/\\\/secure.gravatar.com\\\/avatar\\\/f581bc96aba6d0f69c699bc6111d1c24d0b3c3cb1327fabcc2c14c115e0d21a3?s=96&d=mm&r=g\",\"url\":\"https:\\\/\\\/secure.gravatar.com\\\/avatar\\\/f581bc96aba6d0f69c699bc6111d1c24d0b3c3cb1327fabcc2c14c115e0d21a3?s=96&d=mm&r=g\",\"contentUrl\":\"https:\\\/\\\/secure.gravatar.com\\\/avatar\\\/f581bc96aba6d0f69c699bc6111d1c24d0b3c3cb1327fabcc2c14c115e0d21a3?s=96&d=mm&r=g\",\"caption\":\"Guillermo Pantoja\"},\"url\":\"https:\\\/\\\/contrastes.com.co\\\/web\\\/author\\\/gpantoja\\\/\"}]}<\/script>\n<!-- \/ Yoast SEO plugin. -->","yoast_head_json":{"title":"Asamblea del Atl\u00e1ntico condecor\u00f3 a la embajadora del Carnaval del Atl\u00e1ntico 2026, Stefanny Mart\u00ednez - Constrastes","robots":{"index":"index","follow":"follow","max-snippet":"max-snippet:-1","max-image-preview":"max-image-preview:large","max-video-preview":"max-video-preview:-1"},"canonical":"https:\/\/contrastes.com.co\/web\/2026\/01\/29\/asamblea-del-atlantico-condecoro-a-la-embajadora-del-carnaval-del-atlantico-2026-stefanny-martinez\/","og_locale":"es_ES","og_type":"article","og_title":"Asamblea del Atl\u00e1ntico condecor\u00f3 a la embajadora del Carnaval del Atl\u00e1ntico 2026, Stefanny Mart\u00ednez - Constrastes","og_description":"Barranquilla, Atl\u00e1ntico, 28 de enero de 2026. La Asamblea del Atl\u00e1ntico condecor\u00f3 a Stefanny Mart\u00ednez Barcel\u00f3, embajadora del Carnaval del Atl\u00e1ntico 2026, en reconocimiento a su labor de visibilizaci\u00f3n de las manifestaciones folcl\u00f3ricas y el fortalecimiento de los procesos culturales en los municipios del departamento. El acto protocolario se cumpli\u00f3 en el recinto de sesiones [&hellip;]","og_url":"https:\/\/contrastes.com.co\/web\/2026\/01\/29\/asamblea-del-atlantico-condecoro-a-la-embajadora-del-carnaval-del-atlantico-2026-stefanny-martinez\/","og_site_name":"Constrastes","article_publisher":"https:\/\/www.facebook.com\/guillo.pantoja.1","article_published_time":"2026-01-29T01:11:47+00:00","article_modified_time":"2026-01-29T01:11:50+00:00","og_image":[{"width":2560,"height":1706,"url":"https:\/\/contrastes.com.co\/web\/wp-content\/uploads\/2026\/01\/WhatsApp-Image-2026-01-28-at-4.05.38-PM-scaled.jpeg","type":"image\/jpeg"}],"author":"Guillermo Pantoja","twitter_card":"summary_large_image","twitter_misc":{"Escrito por":"Guillermo Pantoja","Tiempo de lectura":"2 minutos"},"schema":{"@context":"https:\/\/schema.org","@graph":[{"@type":"Article","@id":"https:\/\/contrastes.com.co\/web\/2026\/01\/29\/asamblea-del-atlantico-condecoro-a-la-embajadora-del-carnaval-del-atlantico-2026-stefanny-martinez\/#article","isPartOf":{"@id":"https:\/\/contrastes.com.co\/web\/2026\/01\/29\/asamblea-del-atlantico-condecoro-a-la-embajadora-del-carnaval-del-atlantico-2026-stefanny-martinez\/"},"author":{"name":"Guillermo Pantoja","@id":"https:\/\/contrastes.com.co\/web\/#\/schema\/person\/3f8f997c64fecafe3d45313f7f884d82"},"headline":"Asamblea del Atl\u00e1ntico condecor\u00f3 a la embajadora del Carnaval del Atl\u00e1ntico 2026, Stefanny Mart\u00ednez","datePublished":"2026-01-29T01:11:47+00:00","dateModified":"2026-01-29T01:11:50+00:00","mainEntityOfPage":{"@id":"https:\/\/contrastes.com.co\/web\/2026\/01\/29\/asamblea-del-atlantico-condecoro-a-la-embajadora-del-carnaval-del-atlantico-2026-stefanny-martinez\/"},"wordCount":504,"commentCount":0,"publisher":{"@id":"https:\/\/contrastes.com.co\/web\/#organization"},"image":{"@id":"https:\/\/contrastes.com.co\/web\/2026\/01\/29\/asamblea-del-atlantico-condecoro-a-la-embajadora-del-carnaval-del-atlantico-2026-stefanny-martinez\/#primaryimage"},"thumbnailUrl":"https:\/\/contrastes.com.co\/web\/wp-content\/uploads\/2026\/01\/WhatsApp-Image-2026-01-28-at-4.05.38-PM-scaled.jpeg","articleSection":["Carnaval","carnaval, opinion, pais","Opini\u00f3n","Pa\u00eds","Principal"],"inLanguage":"es","potentialAction":[{"@type":"CommentAction","name":"Comment","target":["https:\/\/contrastes.com.co\/web\/2026\/01\/29\/asamblea-del-atlantico-condecoro-a-la-embajadora-del-carnaval-del-atlantico-2026-stefanny-martinez\/#respond"]}]},{"@type":"WebPage","@id":"https:\/\/contrastes.com.co\/web\/2026\/01\/29\/asamblea-del-atlantico-condecoro-a-la-embajadora-del-carnaval-del-atlantico-2026-stefanny-martinez\/","url":"https:\/\/contrastes.com.co\/web\/2026\/01\/29\/asamblea-del-atlantico-condecoro-a-la-embajadora-del-carnaval-del-atlantico-2026-stefanny-martinez\/","name":"Asamblea del Atl\u00e1ntico condecor\u00f3 a la embajadora del Carnaval del Atl\u00e1ntico 2026, Stefanny Mart\u00ednez - Constrastes","isPartOf":{"@id":"https:\/\/contrastes.com.co\/web\/#website"},"primaryImageOfPage":{"@id":"https:\/\/contrastes.com.co\/web\/2026\/01\/29\/asamblea-del-atlantico-condecoro-a-la-embajadora-del-carnaval-del-atlantico-2026-stefanny-martinez\/#primaryimage"},"image":{"@id":"https:\/\/contrastes.com.co\/web\/2026\/01\/29\/asamblea-del-atlantico-condecoro-a-la-embajadora-del-carnaval-del-atlantico-2026-stefanny-martinez\/#primaryimage"},"thumbnailUrl":"https:\/\/contrastes.com.co\/web\/wp-content\/uploads\/2026\/01\/WhatsApp-Image-2026-01-28-at-4.05.38-PM-scaled.jpeg","datePublished":"2026-01-29T01:11:47+00:00","dateModified":"2026-01-29T01:11:50+00:00","breadcrumb":{"@id":"https:\/\/contrastes.com.co\/web\/2026\/01\/29\/asamblea-del-atlantico-condecoro-a-la-embajadora-del-carnaval-del-atlantico-2026-stefanny-martinez\/#breadcrumb"},"inLanguage":"es","potentialAction":[{"@type":"ReadAction","target":["https:\/\/contrastes.com.co\/web\/2026\/01\/29\/asamblea-del-atlantico-condecoro-a-la-embajadora-del-carnaval-del-atlantico-2026-stefanny-martinez\/"]}]},{"@type":"ImageObject","inLanguage":"es","@id":"https:\/\/contrastes.com.co\/web\/2026\/01\/29\/asamblea-del-atlantico-condecoro-a-la-embajadora-del-carnaval-del-atlantico-2026-stefanny-martinez\/#primaryimage","url":"https:\/\/contrastes.com.co\/web\/wp-content\/uploads\/2026\/01\/WhatsApp-Image-2026-01-28-at-4.05.38-PM-scaled.jpeg","contentUrl":"https:\/\/contrastes.com.co\/web\/wp-content\/uploads\/2026\/01\/WhatsApp-Image-2026-01-28-at-4.05.38-PM-scaled.jpeg","width":2560,"height":1706},{"@type":"BreadcrumbList","@id":"https:\/\/contrastes.com.co\/web\/2026\/01\/29\/asamblea-del-atlantico-condecoro-a-la-embajadora-del-carnaval-del-atlantico-2026-stefanny-martinez\/#breadcrumb","itemListElement":[{"@type":"ListItem","position":1,"name":"Portada","item":"https:\/\/contrastes.com.co\/web\/"},{"@type":"ListItem","position":2,"name":"Asamblea del Atl\u00e1ntico condecor\u00f3 a la embajadora del Carnaval del Atl\u00e1ntico 2026, Stefanny Mart\u00ednez"}]},{"@type":"WebSite","@id":"https:\/\/contrastes.com.co\/web\/#website","url":"https:\/\/contrastes.com.co\/web\/","name":"Contrastes","description":"Periodismo de Conciencia","publisher":{"@id":"https:\/\/contrastes.com.co\/web\/#organization"},"potentialAction":[{"@type":"SearchAction","target":{"@type":"EntryPoint","urlTemplate":"https:\/\/contrastes.com.co\/web\/?s={search_term_string}"},"query-input":{"@type":"PropertyValueSpecification","valueRequired":true,"valueName":"search_term_string"}}],"inLanguage":"es"},{"@type":"Organization","@id":"https:\/\/contrastes.com.co\/web\/#organization","name":"Contrastes","url":"https:\/\/contrastes.com.co\/web\/","logo":{"@type":"ImageObject","inLanguage":"es","@id":"https:\/\/contrastes.com.co\/web\/#\/schema\/logo\/image\/","url":"https:\/\/contrastes.com.co\/web\/wp-content\/uploads\/2025\/04\/15CONTRASTES3.png","contentUrl":"https:\/\/contrastes.com.co\/web\/wp-content\/uploads\/2025\/04\/15CONTRASTES3.png","width":1536,"height":231,"caption":"Contrastes"},"image":{"@id":"https:\/\/contrastes.com.co\/web\/#\/schema\/logo\/image\/"},"sameAs":["https:\/\/www.facebook.com\/guillo.pantoja.1"]},{"@type":"Person","@id":"https:\/\/contrastes.com.co\/web\/#\/schema\/person\/3f8f997c64fecafe3d45313f7f884d82","name":"Guillermo Pantoja","image":{"@type":"ImageObject","inLanguage":"es","@id":"https:\/\/secure.gravatar.com\/avatar\/f581bc96aba6d0f69c699bc6111d1c24d0b3c3cb1327fabcc2c14c115e0d21a3?s=96&d=mm&r=g","url":"https:\/\/secure.gravatar.com\/avatar\/f581bc96aba6d0f69c699bc6111d1c24d0b3c3cb1327fabcc2c14c115e0d21a3?s=96&d=mm&r=g","contentUrl":"https:\/\/secure.gravatar.com\/avatar\/f581bc96aba6d0f69c699bc6111d1c24d0b3c3cb1327fabcc2c14c115e0d21a3?s=96&d=mm&r=g","caption":"Guillermo Pantoja"},"url":"https:\/\/contrastes.com.co\/web\/author\/gpantoja\/"}]}},"blog_post_layout_featured_media_urls":{"thumbnail":["https:\/\/contrastes.com.co\/web\/wp-content\/uploads\/2026\/01\/WhatsApp-Image-2026-01-28-at-4.05.38-PM-150x150.jpeg",150,150,true],"full":["https:\/\/contrastes.com.co\/web\/wp-content\/uploads\/2026\/01\/WhatsApp-Image-2026-01-28-at-4.05.38-PM-scaled.jpeg",2560,1706,false]},"categories_names":{"1796":{"name":"Carnaval","link":"https:\/\/contrastes.com.co\/web\/category\/carnaval\/"},"9828":{"name":"carnaval, opinion, pais","link":"https:\/\/contrastes.com.co\/web\/category\/carnaval-opinion-pais\/"},"277":{"name":"Opini\u00f3n","link":"https:\/\/contrastes.com.co\/web\/category\/opinion\/"},"101":{"name":"Pa\u00eds","link":"https:\/\/contrastes.com.co\/web\/category\/pais\/"},"583":{"name":"Principal","link":"https:\/\/contrastes.com.co\/web\/category\/principal\/"}},"tags_names":[],"comments_number":"0","wpmagazine_modules_lite_featured_media_urls":{"thumbnail":["https:\/\/contrastes.com.co\/web\/wp-content\/uploads\/2026\/01\/WhatsApp-Image-2026-01-28-at-4.05.38-PM-150x150.jpeg",150,150,true],"cvmm-medium":["https:\/\/contrastes.com.co\/web\/wp-content\/uploads\/2026\/01\/WhatsApp-Image-2026-01-28-at-4.05.38-PM-300x300.jpeg",300,300,true],"cvmm-medium-plus":["https:\/\/contrastes.com.co\/web\/wp-content\/uploads\/2026\/01\/WhatsApp-Image-2026-01-28-at-4.05.38-PM-305x207.jpeg",305,207,true],"cvmm-portrait":["https:\/\/contrastes.com.co\/web\/wp-content\/uploads\/2026\/01\/WhatsApp-Image-2026-01-28-at-4.05.38-PM-400x600.jpeg",400,600,true],"cvmm-medium-square":["https:\/\/contrastes.com.co\/web\/wp-content\/uploads\/2026\/01\/WhatsApp-Image-2026-01-28-at-4.05.38-PM-600x600.jpeg",600,600,true],"cvmm-large":["https:\/\/contrastes.com.co\/web\/wp-content\/uploads\/2026\/01\/WhatsApp-Image-2026-01-28-at-4.05.38-PM-1024x1024.jpeg",1024,1024,true],"cvmm-small":["https:\/\/contrastes.com.co\/web\/wp-content\/uploads\/2026\/01\/WhatsApp-Image-2026-01-28-at-4.05.38-PM-130x95.jpeg",130,95,true],"full":["https:\/\/contrastes.com.co\/web\/wp-content\/uploads\/2026\/01\/WhatsApp-Image-2026-01-28-at-4.05.38-PM-scaled.jpeg",2560,1706,false]},"_links":{"self":[{"href":"https:\/\/contrastes.com.co\/web\/wp-json\/wp\/v2\/posts\/16675","targetHints":{"allow":["GET"]}}],"collection":[{"href":"https:\/\/contrastes.com.co\/web\/wp-json\/wp\/v2\/posts"}],"about":[{"href":"https:\/\/contrastes.com.co\/web\/wp-json\/wp\/v2\/types\/post"}],"author":[{"embeddable":true,"href":"https:\/\/contrastes.com.co\/web\/wp-json\/wp\/v2\/users\/4"}],"replies":[{"embeddable":true,"href":"https:\/\/contrastes.com.co\/web\/wp-json\/wp\/v2\/comments?post=16675"}],"version-history":[{"count":1,"href":"https:\/\/contrastes.com.co\/web\/wp-json\/wp\/v2\/posts\/16675\/revisions"}],"predecessor-version":[{"id":16680,"href":"https:\/\/contrastes.com.co\/web\/wp-json\/wp\/v2\/posts\/16675\/revisions\/16680"}],"wp:featuredmedia":[{"embeddable":true,"href":"https:\/\/contrastes.com.co\/web\/wp-json\/wp\/v2\/media\/16676"}],"wp:attachment":[{"href":"https:\/\/contrastes.com.co\/web\/wp-json\/wp\/v2\/media?parent=16675"}],"wp:term":[{"taxonomy":"category","embeddable":true,"href":"https:\/\/contrastes.com.co\/web\/wp-json\/wp\/v2\/categories?post=16675"},{"taxonomy":"post_tag","embeddable":true,"href":"https:\/\/contrastes.com.co\/web\/wp-json\/wp\/v2\/tags?post=16675"}],"curies":[{"name":"wp","href":"https:\/\/api.w.org\/{rel}","templated":true}]}}