{"id":1705,"date":"2020-07-06T12:34:28","date_gmt":"2020-07-06T17:34:28","guid":{"rendered":"https:\/\/contrastes.com.co\/digital\/?p=1705"},"modified":"2020-07-06T12:34:28","modified_gmt":"2020-07-06T17:34:28","slug":"soledenos-acataron-toque-de-queda-del-fin-de-semana","status":"publish","type":"post","link":"https:\/\/contrastes.com.co\/web\/2020\/07\/06\/soledenos-acataron-toque-de-queda-del-fin-de-semana\/","title":{"rendered":"Solede\u00f1os acataron toque de queda del fin de semana"},"content":{"rendered":"<blockquote><p><strong>La Polic\u00eda inform\u00f3 que no se intervinieron celebraciones. Se registran 15 comparendos y 21 veh\u00edculos inmovilizados.<\/strong><\/p><\/blockquote>\n<p><img decoding=\"async\" class=\"alignleft  wp-image-641\" src=\"https:\/\/contrastes.com.co\/digital\/wp-content\/uploads\/2020\/04\/u-capitular.png\" alt=\"u capitular\" width=\"71\" height=\"71\" \/>n total de 15 comparendos, por infringir la medida de toque de queda y ley seca; y 21 veh\u00edculos inmovilizados fue el resultado de los operativos realizados en diferentes sectores del municipio de Soledad durante el fin de semana, como acci\u00f3n para mitigar la propagaci\u00f3n del virus Covid-19.<\/p>\n<p>La Polic\u00eda Nacional inform\u00f3 que cuatro caravanas, integradas por personal de la Armada Nacional, Fuerza A\u00e9rea, Ej\u00e9rcito, Polic\u00eda Nacional, Tr\u00e1nsito Municipal y Secretaria de Gobierno recorrieron los sectores de Normand\u00eda, La Central, Los Robles, Los Almendros, Los Cedros, Hip\u00f3dromo, Villa Mar\u00eda, Villa Sol, San Vicente, Martha Gisela, Ferrocarril, La Mar\u00eda, Carnero, 7 de agosto, 12 de Octubre y Porvenir.<\/p>\n<p>\u201cDesde la administraci\u00f3n municipal nos encontramos vigilando que cada medida establecida sea acatada de manera satisfactoria. Invitamos a la comunidad a tomar conciencia frente a la crisis sanitaria que representa el Covid-19, es responsabilidad de todos cumplir lo decretado para evitar m\u00e1s contagios\u201d, manifest\u00f3 el alcalde Rodolfo Ucr\u00f3s Rosales.<\/p>\n<p>Por su parte, el comandante del Distrito Sexto de Polic\u00eda Metropolitana, Teniente Coronel Alex Su\u00e1rez, indic\u00f3 que entre el viernes, (D\u00eda sin IVA); s\u00e1bado y domingo, se impusieron 213 comparendos y 123 ciudadanos se retuvieron por violaci\u00f3n a diferentes conductas, la mayor\u00eda por incumplimiento de las medidas de toque de queda y ley seca, decretadas por el Gobierno Municipal; 228 llamadas fueron atendidas en la l\u00ednea 123.<\/p>\n","protected":false},"excerpt":{"rendered":"<p>La Polic\u00eda inform\u00f3 que no se intervinieron celebraciones. Se registran 15 comparendos y 21 veh\u00edculos inmovilizados. n total de 15 comparendos, por infringir la medida de toque de queda y ley seca; y 21 veh\u00edculos inmovilizados fue el resultado de los operativos realizados en diferentes sectores del municipio de Soledad durante el fin de semana, [&hellip;]<\/p>\n","protected":false},"author":1,"featured_media":1706,"comment_status":"open","ping_status":"open","sticky":false,"template":"","format":"standard","meta":{"footnotes":""},"categories":[73,172,23],"tags":[741,742,743,556,176,21,261,744],"class_list":["post-1705","post","type-post","status-publish","format-standard","has-post-thumbnail","hentry","category-coronavirus","category-judicial","category-locales","tag-celebraciones","tag-fin-de-semana","tag-infracciones","tag-ley-seca","tag-operativos","tag-policia-nacional","tag-toque-de-queda","tag-transito"],"yoast_head":"<!-- This site is optimized with the Yoast SEO plugin v27.7 - https:\/\/yoast.com\/product\/yoast-seo-wordpress\/ -->\n<title>Solede\u00f1os acataron toque de queda del fin de semana - Constrastes<\/title>\n<meta name=\"robots\" content=\"index, follow, max-snippet:-1, max-image-preview:large, max-video-preview:-1\" \/>\n<link rel=\"canonical\" href=\"https:\/\/contrastes.com.co\/web\/2020\/07\/06\/soledenos-acataron-toque-de-queda-del-fin-de-semana\/\" \/>\n<meta property=\"og:locale\" content=\"es_ES\" \/>\n<meta property=\"og:type\" content=\"article\" \/>\n<meta property=\"og:title\" content=\"Solede\u00f1os acataron toque de queda del fin de semana - Constrastes\" \/>\n<meta property=\"og:description\" content=\"La Polic\u00eda inform\u00f3 que no se intervinieron celebraciones. Se registran 15 comparendos y 21 veh\u00edculos inmovilizados. n total de 15 comparendos, por infringir la medida de toque de queda y ley seca; y 21 veh\u00edculos inmovilizados fue el resultado de los operativos realizados en diferentes sectores del municipio de Soledad durante el fin de semana, [&hellip;]\" \/>\n<meta property=\"og:url\" content=\"https:\/\/contrastes.com.co\/web\/2020\/07\/06\/soledenos-acataron-toque-de-queda-del-fin-de-semana\/\" \/>\n<meta property=\"og:site_name\" content=\"Constrastes\" \/>\n<meta property=\"article:publisher\" content=\"https:\/\/www.facebook.com\/guillo.pantoja.1\" \/>\n<meta property=\"article:published_time\" content=\"2020-07-06T17:34:28+00:00\" \/>\n<meta name=\"author\" content=\"Editor\" \/>\n<meta name=\"twitter:card\" content=\"summary_large_image\" \/>\n<meta name=\"twitter:label1\" content=\"Escrito por\" \/>\n\t<meta name=\"twitter:data1\" content=\"Editor\" \/>\n\t<meta name=\"twitter:label2\" content=\"Tiempo de lectura\" \/>\n\t<meta name=\"twitter:data2\" content=\"1 minuto\" \/>\n<script type=\"application\/ld+json\" class=\"yoast-schema-graph\">{\"@context\":\"https:\\\/\\\/schema.org\",\"@graph\":[{\"@type\":\"Article\",\"@id\":\"https:\\\/\\\/contrastes.com.co\\\/web\\\/2020\\\/07\\\/06\\\/soledenos-acataron-toque-de-queda-del-fin-de-semana\\\/#article\",\"isPartOf\":{\"@id\":\"https:\\\/\\\/contrastes.com.co\\\/web\\\/2020\\\/07\\\/06\\\/soledenos-acataron-toque-de-queda-del-fin-de-semana\\\/\"},\"author\":{\"name\":\"Editor\",\"@id\":\"https:\\\/\\\/contrastes.com.co\\\/web\\\/#\\\/schema\\\/person\\\/62ef7a62dc4da6de450c71fc2e95ed02\"},\"headline\":\"Solede\u00f1os acataron toque de queda del fin de semana\",\"datePublished\":\"2020-07-06T17:34:28+00:00\",\"mainEntityOfPage\":{\"@id\":\"https:\\\/\\\/contrastes.com.co\\\/web\\\/2020\\\/07\\\/06\\\/soledenos-acataron-toque-de-queda-del-fin-de-semana\\\/\"},\"wordCount\":263,\"commentCount\":0,\"publisher\":{\"@id\":\"https:\\\/\\\/contrastes.com.co\\\/web\\\/#organization\"},\"image\":{\"@id\":\"https:\\\/\\\/contrastes.com.co\\\/web\\\/2020\\\/07\\\/06\\\/soledenos-acataron-toque-de-queda-del-fin-de-semana\\\/#primaryimage\"},\"thumbnailUrl\":\"\",\"keywords\":[\"celebraciones\",\"fin de semana\",\"infracciones\",\"ley seca\",\"operativos\",\"polic\u00eda nacional\",\"toque de queda\",\"tr\u00e1nsito\"],\"articleSection\":[\"Coronavirus\",\"Judicial\",\"Locales\"],\"inLanguage\":\"es\",\"potentialAction\":[{\"@type\":\"CommentAction\",\"name\":\"Comment\",\"target\":[\"https:\\\/\\\/contrastes.com.co\\\/web\\\/2020\\\/07\\\/06\\\/soledenos-acataron-toque-de-queda-del-fin-de-semana\\\/#respond\"]}]},{\"@type\":\"WebPage\",\"@id\":\"https:\\\/\\\/contrastes.com.co\\\/web\\\/2020\\\/07\\\/06\\\/soledenos-acataron-toque-de-queda-del-fin-de-semana\\\/\",\"url\":\"https:\\\/\\\/contrastes.com.co\\\/web\\\/2020\\\/07\\\/06\\\/soledenos-acataron-toque-de-queda-del-fin-de-semana\\\/\",\"name\":\"Solede\u00f1os acataron toque de queda del fin de semana - Constrastes\",\"isPartOf\":{\"@id\":\"https:\\\/\\\/contrastes.com.co\\\/web\\\/#website\"},\"primaryImageOfPage\":{\"@id\":\"https:\\\/\\\/contrastes.com.co\\\/web\\\/2020\\\/07\\\/06\\\/soledenos-acataron-toque-de-queda-del-fin-de-semana\\\/#primaryimage\"},\"image\":{\"@id\":\"https:\\\/\\\/contrastes.com.co\\\/web\\\/2020\\\/07\\\/06\\\/soledenos-acataron-toque-de-queda-del-fin-de-semana\\\/#primaryimage\"},\"thumbnailUrl\":\"\",\"datePublished\":\"2020-07-06T17:34:28+00:00\",\"breadcrumb\":{\"@id\":\"https:\\\/\\\/contrastes.com.co\\\/web\\\/2020\\\/07\\\/06\\\/soledenos-acataron-toque-de-queda-del-fin-de-semana\\\/#breadcrumb\"},\"inLanguage\":\"es\",\"potentialAction\":[{\"@type\":\"ReadAction\",\"target\":[\"https:\\\/\\\/contrastes.com.co\\\/web\\\/2020\\\/07\\\/06\\\/soledenos-acataron-toque-de-queda-del-fin-de-semana\\\/\"]}]},{\"@type\":\"ImageObject\",\"inLanguage\":\"es\",\"@id\":\"https:\\\/\\\/contrastes.com.co\\\/web\\\/2020\\\/07\\\/06\\\/soledenos-acataron-toque-de-queda-del-fin-de-semana\\\/#primaryimage\",\"url\":\"\",\"contentUrl\":\"\"},{\"@type\":\"BreadcrumbList\",\"@id\":\"https:\\\/\\\/contrastes.com.co\\\/web\\\/2020\\\/07\\\/06\\\/soledenos-acataron-toque-de-queda-del-fin-de-semana\\\/#breadcrumb\",\"itemListElement\":[{\"@type\":\"ListItem\",\"position\":1,\"name\":\"Portada\",\"item\":\"https:\\\/\\\/contrastes.com.co\\\/web\\\/\"},{\"@type\":\"ListItem\",\"position\":2,\"name\":\"Solede\u00f1os acataron toque de queda del fin de semana\"}]},{\"@type\":\"WebSite\",\"@id\":\"https:\\\/\\\/contrastes.com.co\\\/web\\\/#website\",\"url\":\"https:\\\/\\\/contrastes.com.co\\\/web\\\/\",\"name\":\"Contrastes\",\"description\":\"Periodismo de Conciencia\",\"publisher\":{\"@id\":\"https:\\\/\\\/contrastes.com.co\\\/web\\\/#organization\"},\"potentialAction\":[{\"@type\":\"SearchAction\",\"target\":{\"@type\":\"EntryPoint\",\"urlTemplate\":\"https:\\\/\\\/contrastes.com.co\\\/web\\\/?s={search_term_string}\"},\"query-input\":{\"@type\":\"PropertyValueSpecification\",\"valueRequired\":true,\"valueName\":\"search_term_string\"}}],\"inLanguage\":\"es\"},{\"@type\":\"Organization\",\"@id\":\"https:\\\/\\\/contrastes.com.co\\\/web\\\/#organization\",\"name\":\"Contrastes\",\"url\":\"https:\\\/\\\/contrastes.com.co\\\/web\\\/\",\"logo\":{\"@type\":\"ImageObject\",\"inLanguage\":\"es\",\"@id\":\"https:\\\/\\\/contrastes.com.co\\\/web\\\/#\\\/schema\\\/logo\\\/image\\\/\",\"url\":\"https:\\\/\\\/contrastes.com.co\\\/web\\\/wp-content\\\/uploads\\\/2025\\\/04\\\/15CONTRASTES3.png\",\"contentUrl\":\"https:\\\/\\\/contrastes.com.co\\\/web\\\/wp-content\\\/uploads\\\/2025\\\/04\\\/15CONTRASTES3.png\",\"width\":1536,\"height\":231,\"caption\":\"Contrastes\"},\"image\":{\"@id\":\"https:\\\/\\\/contrastes.com.co\\\/web\\\/#\\\/schema\\\/logo\\\/image\\\/\"},\"sameAs\":[\"https:\\\/\\\/www.facebook.com\\\/guillo.pantoja.1\"]},{\"@type\":\"Person\",\"@id\":\"https:\\\/\\\/contrastes.com.co\\\/web\\\/#\\\/schema\\\/person\\\/62ef7a62dc4da6de450c71fc2e95ed02\",\"name\":\"Editor\",\"image\":{\"@type\":\"ImageObject\",\"inLanguage\":\"es\",\"@id\":\"https:\\\/\\\/secure.gravatar.com\\\/avatar\\\/7bbb4f718d74bbf600dc556253bb04fd7ac8593751d6e2e3b85432d98aefae80?s=96&d=mm&r=g\",\"url\":\"https:\\\/\\\/secure.gravatar.com\\\/avatar\\\/7bbb4f718d74bbf600dc556253bb04fd7ac8593751d6e2e3b85432d98aefae80?s=96&d=mm&r=g\",\"contentUrl\":\"https:\\\/\\\/secure.gravatar.com\\\/avatar\\\/7bbb4f718d74bbf600dc556253bb04fd7ac8593751d6e2e3b85432d98aefae80?s=96&d=mm&r=g\",\"caption\":\"Editor\"},\"sameAs\":[\"https:\\\/\\\/contrastes.com.co\\\/web\"],\"url\":\"https:\\\/\\\/contrastes.com.co\\\/web\\\/author\\\/jdbobadilla\\\/\"}]}<\/script>\n<!-- \/ Yoast SEO plugin. -->","yoast_head_json":{"title":"Solede\u00f1os acataron toque de queda del fin de semana - Constrastes","robots":{"index":"index","follow":"follow","max-snippet":"max-snippet:-1","max-image-preview":"max-image-preview:large","max-video-preview":"max-video-preview:-1"},"canonical":"https:\/\/contrastes.com.co\/web\/2020\/07\/06\/soledenos-acataron-toque-de-queda-del-fin-de-semana\/","og_locale":"es_ES","og_type":"article","og_title":"Solede\u00f1os acataron toque de queda del fin de semana - Constrastes","og_description":"La Polic\u00eda inform\u00f3 que no se intervinieron celebraciones. Se registran 15 comparendos y 21 veh\u00edculos inmovilizados. n total de 15 comparendos, por infringir la medida de toque de queda y ley seca; y 21 veh\u00edculos inmovilizados fue el resultado de los operativos realizados en diferentes sectores del municipio de Soledad durante el fin de semana, [&hellip;]","og_url":"https:\/\/contrastes.com.co\/web\/2020\/07\/06\/soledenos-acataron-toque-de-queda-del-fin-de-semana\/","og_site_name":"Constrastes","article_publisher":"https:\/\/www.facebook.com\/guillo.pantoja.1","article_published_time":"2020-07-06T17:34:28+00:00","author":"Editor","twitter_card":"summary_large_image","twitter_misc":{"Escrito por":"Editor","Tiempo de lectura":"1 minuto"},"schema":{"@context":"https:\/\/schema.org","@graph":[{"@type":"Article","@id":"https:\/\/contrastes.com.co\/web\/2020\/07\/06\/soledenos-acataron-toque-de-queda-del-fin-de-semana\/#article","isPartOf":{"@id":"https:\/\/contrastes.com.co\/web\/2020\/07\/06\/soledenos-acataron-toque-de-queda-del-fin-de-semana\/"},"author":{"name":"Editor","@id":"https:\/\/contrastes.com.co\/web\/#\/schema\/person\/62ef7a62dc4da6de450c71fc2e95ed02"},"headline":"Solede\u00f1os acataron toque de queda del fin de semana","datePublished":"2020-07-06T17:34:28+00:00","mainEntityOfPage":{"@id":"https:\/\/contrastes.com.co\/web\/2020\/07\/06\/soledenos-acataron-toque-de-queda-del-fin-de-semana\/"},"wordCount":263,"commentCount":0,"publisher":{"@id":"https:\/\/contrastes.com.co\/web\/#organization"},"image":{"@id":"https:\/\/contrastes.com.co\/web\/2020\/07\/06\/soledenos-acataron-toque-de-queda-del-fin-de-semana\/#primaryimage"},"thumbnailUrl":"","keywords":["celebraciones","fin de semana","infracciones","ley seca","operativos","polic\u00eda nacional","toque de queda","tr\u00e1nsito"],"articleSection":["Coronavirus","Judicial","Locales"],"inLanguage":"es","potentialAction":[{"@type":"CommentAction","name":"Comment","target":["https:\/\/contrastes.com.co\/web\/2020\/07\/06\/soledenos-acataron-toque-de-queda-del-fin-de-semana\/#respond"]}]},{"@type":"WebPage","@id":"https:\/\/contrastes.com.co\/web\/2020\/07\/06\/soledenos-acataron-toque-de-queda-del-fin-de-semana\/","url":"https:\/\/contrastes.com.co\/web\/2020\/07\/06\/soledenos-acataron-toque-de-queda-del-fin-de-semana\/","name":"Solede\u00f1os acataron toque de queda del fin de semana - Constrastes","isPartOf":{"@id":"https:\/\/contrastes.com.co\/web\/#website"},"primaryImageOfPage":{"@id":"https:\/\/contrastes.com.co\/web\/2020\/07\/06\/soledenos-acataron-toque-de-queda-del-fin-de-semana\/#primaryimage"},"image":{"@id":"https:\/\/contrastes.com.co\/web\/2020\/07\/06\/soledenos-acataron-toque-de-queda-del-fin-de-semana\/#primaryimage"},"thumbnailUrl":"","datePublished":"2020-07-06T17:34:28+00:00","breadcrumb":{"@id":"https:\/\/contrastes.com.co\/web\/2020\/07\/06\/soledenos-acataron-toque-de-queda-del-fin-de-semana\/#breadcrumb"},"inLanguage":"es","potentialAction":[{"@type":"ReadAction","target":["https:\/\/contrastes.com.co\/web\/2020\/07\/06\/soledenos-acataron-toque-de-queda-del-fin-de-semana\/"]}]},{"@type":"ImageObject","inLanguage":"es","@id":"https:\/\/contrastes.com.co\/web\/2020\/07\/06\/soledenos-acataron-toque-de-queda-del-fin-de-semana\/#primaryimage","url":"","contentUrl":""},{"@type":"BreadcrumbList","@id":"https:\/\/contrastes.com.co\/web\/2020\/07\/06\/soledenos-acataron-toque-de-queda-del-fin-de-semana\/#breadcrumb","itemListElement":[{"@type":"ListItem","position":1,"name":"Portada","item":"https:\/\/contrastes.com.co\/web\/"},{"@type":"ListItem","position":2,"name":"Solede\u00f1os acataron toque de queda del fin de semana"}]},{"@type":"WebSite","@id":"https:\/\/contrastes.com.co\/web\/#website","url":"https:\/\/contrastes.com.co\/web\/","name":"Contrastes","description":"Periodismo de Conciencia","publisher":{"@id":"https:\/\/contrastes.com.co\/web\/#organization"},"potentialAction":[{"@type":"SearchAction","target":{"@type":"EntryPoint","urlTemplate":"https:\/\/contrastes.com.co\/web\/?s={search_term_string}"},"query-input":{"@type":"PropertyValueSpecification","valueRequired":true,"valueName":"search_term_string"}}],"inLanguage":"es"},{"@type":"Organization","@id":"https:\/\/contrastes.com.co\/web\/#organization","name":"Contrastes","url":"https:\/\/contrastes.com.co\/web\/","logo":{"@type":"ImageObject","inLanguage":"es","@id":"https:\/\/contrastes.com.co\/web\/#\/schema\/logo\/image\/","url":"https:\/\/contrastes.com.co\/web\/wp-content\/uploads\/2025\/04\/15CONTRASTES3.png","contentUrl":"https:\/\/contrastes.com.co\/web\/wp-content\/uploads\/2025\/04\/15CONTRASTES3.png","width":1536,"height":231,"caption":"Contrastes"},"image":{"@id":"https:\/\/contrastes.com.co\/web\/#\/schema\/logo\/image\/"},"sameAs":["https:\/\/www.facebook.com\/guillo.pantoja.1"]},{"@type":"Person","@id":"https:\/\/contrastes.com.co\/web\/#\/schema\/person\/62ef7a62dc4da6de450c71fc2e95ed02","name":"Editor","image":{"@type":"ImageObject","inLanguage":"es","@id":"https:\/\/secure.gravatar.com\/avatar\/7bbb4f718d74bbf600dc556253bb04fd7ac8593751d6e2e3b85432d98aefae80?s=96&d=mm&r=g","url":"https:\/\/secure.gravatar.com\/avatar\/7bbb4f718d74bbf600dc556253bb04fd7ac8593751d6e2e3b85432d98aefae80?s=96&d=mm&r=g","contentUrl":"https:\/\/secure.gravatar.com\/avatar\/7bbb4f718d74bbf600dc556253bb04fd7ac8593751d6e2e3b85432d98aefae80?s=96&d=mm&r=g","caption":"Editor"},"sameAs":["https:\/\/contrastes.com.co\/web"],"url":"https:\/\/contrastes.com.co\/web\/author\/jdbobadilla\/"}]}},"blog_post_layout_featured_media_urls":{"thumbnail":"","full":""},"categories_names":{"73":{"name":"Coronavirus","link":"https:\/\/contrastes.com.co\/web\/category\/coronavirus\/"},"172":{"name":"Judicial","link":"https:\/\/contrastes.com.co\/web\/category\/judicial\/"},"23":{"name":"Locales","link":"https:\/\/contrastes.com.co\/web\/category\/locales\/"}},"tags_names":{"741":{"name":"celebraciones","link":"https:\/\/contrastes.com.co\/web\/tag\/celebraciones\/"},"742":{"name":"fin de semana","link":"https:\/\/contrastes.com.co\/web\/tag\/fin-de-semana\/"},"743":{"name":"infracciones","link":"https:\/\/contrastes.com.co\/web\/tag\/infracciones\/"},"556":{"name":"ley seca","link":"https:\/\/contrastes.com.co\/web\/tag\/ley-seca\/"},"176":{"name":"operativos","link":"https:\/\/contrastes.com.co\/web\/tag\/operativos\/"},"21":{"name":"polic\u00eda nacional","link":"https:\/\/contrastes.com.co\/web\/tag\/policia-nacional\/"},"261":{"name":"toque de queda","link":"https:\/\/contrastes.com.co\/web\/tag\/toque-de-queda\/"},"744":{"name":"tr\u00e1nsito","link":"https:\/\/contrastes.com.co\/web\/tag\/transito\/"}},"comments_number":"0","wpmagazine_modules_lite_featured_media_urls":{"thumbnail":"","cvmm-medium":"","cvmm-medium-plus":"","cvmm-portrait":"","cvmm-medium-square":"","cvmm-large":"","cvmm-small":"","full":""},"_links":{"self":[{"href":"https:\/\/contrastes.com.co\/web\/wp-json\/wp\/v2\/posts\/1705","targetHints":{"allow":["GET"]}}],"collection":[{"href":"https:\/\/contrastes.com.co\/web\/wp-json\/wp\/v2\/posts"}],"about":[{"href":"https:\/\/contrastes.com.co\/web\/wp-json\/wp\/v2\/types\/post"}],"author":[{"embeddable":true,"href":"https:\/\/contrastes.com.co\/web\/wp-json\/wp\/v2\/users\/1"}],"replies":[{"embeddable":true,"href":"https:\/\/contrastes.com.co\/web\/wp-json\/wp\/v2\/comments?post=1705"}],"version-history":[{"count":0,"href":"https:\/\/contrastes.com.co\/web\/wp-json\/wp\/v2\/posts\/1705\/revisions"}],"wp:attachment":[{"href":"https:\/\/contrastes.com.co\/web\/wp-json\/wp\/v2\/media?parent=1705"}],"wp:term":[{"taxonomy":"category","embeddable":true,"href":"https:\/\/contrastes.com.co\/web\/wp-json\/wp\/v2\/categories?post=1705"},{"taxonomy":"post_tag","embeddable":true,"href":"https:\/\/contrastes.com.co\/web\/wp-json\/wp\/v2\/tags?post=1705"}],"curies":[{"name":"wp","href":"https:\/\/api.w.org\/{rel}","templated":true}]}}