{"id":1714,"date":"2020-07-08T09:31:56","date_gmt":"2020-07-08T14:31:56","guid":{"rendered":"https:\/\/contrastes.com.co\/digital\/?p=1714"},"modified":"2020-07-08T09:31:56","modified_gmt":"2020-07-08T14:31:56","slug":"ips-de-soledad-deben-demostrar-que-tienen-comites-de-emergencia-hospitalaria-con-enfasis-en-covid-19","status":"publish","type":"post","link":"https:\/\/contrastes.com.co\/web\/2020\/07\/08\/ips-de-soledad-deben-demostrar-que-tienen-comites-de-emergencia-hospitalaria-con-enfasis-en-covid-19\/","title":{"rendered":"IPS deber\u00e1n demostrar que tienen Comit\u00e9s de Emergencia Hospitalaria con \u00e9nfasis en Covid-19"},"content":{"rendered":"<blockquote><p><strong>\u00abEn Soledad las IPS deber\u00e1n demostrar que tienen Comit\u00e9s de Emergencia Hospitalaria con \u00e9nfasis en Covid-19\u00bb: Javier Cabarcas<\/strong><\/p><\/blockquote>\n<p><img decoding=\"async\" class=\"alignleft  wp-image-584\" src=\"https:\/\/contrastes.com.co\/digital\/wp-content\/uploads\/2020\/04\/l-capitular.png\" alt=\"l capitular\" width=\"80\" height=\"80\" \/>as Entidades Administradoras de Planes de Beneficios (EAPB) y las Instituciones Prestadoras de Salud (IPS), p\u00fablicas y privadas, deben remitir a la secretar\u00eda de Salud municipal la documentaci\u00f3n que sustente la implementaci\u00f3n de los Comit\u00e9s de Emergencia Hospitalaria para hacer frente a la actual pandemia por Covid-19.<\/p>\n<p>Estos comit\u00e9s tienen que generar una propuesta que d\u00e9 instrucciones a los diferentes autores y articuladores en salud de lo que deben implementar en todos los hospitales con referencia a este tema, con el fin de darle posible soluci\u00f3n y mitigaci\u00f3n a la pandemia. En otras palabras, cada entidad debe hacer una descripci\u00f3n total de cu\u00e1les son sus fortalezas y debilidades, crear un plan de trabajo en coordinaci\u00f3n con la Secretar\u00eda de Salud municipal, y ver de qu\u00e9 manera se le da soluci\u00f3n a esas falencias.<\/p>\n<p>Seg\u00fan el secretario de Salud municipal (e), Javier Cabarcas, la solicitud de la documentaci\u00f3n a las entidades en menci\u00f3n se realiza en atenci\u00f3n a lo dispuesto en la Resoluci\u00f3n 1841 de 2013, mediante la cual se adopta el Plan Decenal de Salud P\u00fablica 2012-2021, e incluye como una de sus estrategias el \u201cFortalecimiento del Programa de Hospitales Seguros frente a los desastres\u201d dentro del componente de gesti\u00f3n integral de riesgos en emergencias y desastres\u201d, de la dimensi\u00f3n prioritaria \u201cSalud P\u00fablica en Emergencias y Desastres\u201d.<\/p>\n<p>\u201cA lo anterior se adiciona que el alcalde municipal de Soledad, Rodolfo Ucr\u00f3s Rosales, decret\u00f3 alerta naranja en el ente territorial, a trav\u00e9s del decreto 201 del 27 de junio de 2020\u201d, puntualiz\u00f3 el funcionario.<\/p>\n","protected":false},"excerpt":{"rendered":"<p>\u00abEn Soledad las IPS deber\u00e1n demostrar que tienen Comit\u00e9s de Emergencia Hospitalaria con \u00e9nfasis en Covid-19\u00bb: Javier Cabarcas as Entidades Administradoras de Planes de Beneficios (EAPB) y las Instituciones Prestadoras de Salud (IPS), p\u00fablicas y privadas, deben remitir a la secretar\u00eda de Salud municipal la documentaci\u00f3n que sustente la implementaci\u00f3n de los Comit\u00e9s de Emergencia [&hellip;]<\/p>\n","protected":false},"author":1,"featured_media":1715,"comment_status":"open","ping_status":"open","sticky":false,"template":"","format":"standard","meta":{"footnotes":""},"categories":[73,23,25],"tags":[28,746,86,503,747,695,51,386],"class_list":["post-1714","post","type-post","status-publish","format-standard","has-post-thumbnail","hentry","category-coronavirus","category-locales","category-salud","tag-alcaldia-de-soledad","tag-comites-de-emergencia-hospitalaria-con-enfasis-en-covid-19","tag-coronavirus","tag-covid-19","tag-ips","tag-javier-cabarcas-pinedo","tag-municipio-de-soledad","tag-secretaria-de-salud-de-soledad"],"yoast_head":"<!-- This site is optimized with the Yoast SEO plugin v27.7 - https:\/\/yoast.com\/product\/yoast-seo-wordpress\/ -->\n<title>IPS deber\u00e1n demostrar que tienen Comit\u00e9s de Emergencia Hospitalaria con \u00e9nfasis en Covid-19 - Constrastes<\/title>\n<meta name=\"robots\" content=\"index, follow, max-snippet:-1, max-image-preview:large, max-video-preview:-1\" \/>\n<link rel=\"canonical\" href=\"https:\/\/contrastes.com.co\/web\/2020\/07\/08\/ips-de-soledad-deben-demostrar-que-tienen-comites-de-emergencia-hospitalaria-con-enfasis-en-covid-19\/\" \/>\n<meta property=\"og:locale\" content=\"es_ES\" \/>\n<meta property=\"og:type\" content=\"article\" \/>\n<meta property=\"og:title\" content=\"IPS deber\u00e1n demostrar que tienen Comit\u00e9s de Emergencia Hospitalaria con \u00e9nfasis en Covid-19 - Constrastes\" \/>\n<meta property=\"og:description\" content=\"\u00abEn Soledad las IPS deber\u00e1n demostrar que tienen Comit\u00e9s de Emergencia Hospitalaria con \u00e9nfasis en Covid-19\u00bb: Javier Cabarcas as Entidades Administradoras de Planes de Beneficios (EAPB) y las Instituciones Prestadoras de Salud (IPS), p\u00fablicas y privadas, deben remitir a la secretar\u00eda de Salud municipal la documentaci\u00f3n que sustente la implementaci\u00f3n de los Comit\u00e9s de Emergencia [&hellip;]\" \/>\n<meta property=\"og:url\" content=\"https:\/\/contrastes.com.co\/web\/2020\/07\/08\/ips-de-soledad-deben-demostrar-que-tienen-comites-de-emergencia-hospitalaria-con-enfasis-en-covid-19\/\" \/>\n<meta property=\"og:site_name\" content=\"Constrastes\" \/>\n<meta property=\"article:publisher\" content=\"https:\/\/www.facebook.com\/guillo.pantoja.1\" \/>\n<meta property=\"article:published_time\" content=\"2020-07-08T14:31:56+00:00\" \/>\n<meta name=\"author\" content=\"Editor\" \/>\n<meta name=\"twitter:card\" content=\"summary_large_image\" \/>\n<meta name=\"twitter:label1\" content=\"Escrito por\" \/>\n\t<meta name=\"twitter:data1\" content=\"Editor\" \/>\n\t<meta name=\"twitter:label2\" content=\"Tiempo de lectura\" \/>\n\t<meta name=\"twitter:data2\" content=\"1 minuto\" \/>\n<script type=\"application\/ld+json\" class=\"yoast-schema-graph\">{\"@context\":\"https:\\\/\\\/schema.org\",\"@graph\":[{\"@type\":\"Article\",\"@id\":\"https:\\\/\\\/contrastes.com.co\\\/web\\\/2020\\\/07\\\/08\\\/ips-de-soledad-deben-demostrar-que-tienen-comites-de-emergencia-hospitalaria-con-enfasis-en-covid-19\\\/#article\",\"isPartOf\":{\"@id\":\"https:\\\/\\\/contrastes.com.co\\\/web\\\/2020\\\/07\\\/08\\\/ips-de-soledad-deben-demostrar-que-tienen-comites-de-emergencia-hospitalaria-con-enfasis-en-covid-19\\\/\"},\"author\":{\"name\":\"Editor\",\"@id\":\"https:\\\/\\\/contrastes.com.co\\\/web\\\/#\\\/schema\\\/person\\\/62ef7a62dc4da6de450c71fc2e95ed02\"},\"headline\":\"IPS deber\u00e1n demostrar que tienen Comit\u00e9s de Emergencia Hospitalaria con \u00e9nfasis en Covid-19\",\"datePublished\":\"2020-07-08T14:31:56+00:00\",\"mainEntityOfPage\":{\"@id\":\"https:\\\/\\\/contrastes.com.co\\\/web\\\/2020\\\/07\\\/08\\\/ips-de-soledad-deben-demostrar-que-tienen-comites-de-emergencia-hospitalaria-con-enfasis-en-covid-19\\\/\"},\"wordCount\":306,\"commentCount\":0,\"publisher\":{\"@id\":\"https:\\\/\\\/contrastes.com.co\\\/web\\\/#organization\"},\"image\":{\"@id\":\"https:\\\/\\\/contrastes.com.co\\\/web\\\/2020\\\/07\\\/08\\\/ips-de-soledad-deben-demostrar-que-tienen-comites-de-emergencia-hospitalaria-con-enfasis-en-covid-19\\\/#primaryimage\"},\"thumbnailUrl\":\"\",\"keywords\":[\"alcaldia de Soledad\",\"Comit\u00e9s de Emergencia Hospitalaria con \u00e9nfasis en Covid-19\",\"coronavirus\",\"Covid-19\",\"IPS\",\"Javier Cabarcas Pinedo\",\"municipio de soledad\",\"secretar\u00eda de Salud de Soledad\"],\"articleSection\":[\"Coronavirus\",\"Locales\",\"Salud\"],\"inLanguage\":\"es\",\"potentialAction\":[{\"@type\":\"CommentAction\",\"name\":\"Comment\",\"target\":[\"https:\\\/\\\/contrastes.com.co\\\/web\\\/2020\\\/07\\\/08\\\/ips-de-soledad-deben-demostrar-que-tienen-comites-de-emergencia-hospitalaria-con-enfasis-en-covid-19\\\/#respond\"]}]},{\"@type\":\"WebPage\",\"@id\":\"https:\\\/\\\/contrastes.com.co\\\/web\\\/2020\\\/07\\\/08\\\/ips-de-soledad-deben-demostrar-que-tienen-comites-de-emergencia-hospitalaria-con-enfasis-en-covid-19\\\/\",\"url\":\"https:\\\/\\\/contrastes.com.co\\\/web\\\/2020\\\/07\\\/08\\\/ips-de-soledad-deben-demostrar-que-tienen-comites-de-emergencia-hospitalaria-con-enfasis-en-covid-19\\\/\",\"name\":\"IPS deber\u00e1n demostrar que tienen Comit\u00e9s de Emergencia Hospitalaria con \u00e9nfasis en Covid-19 - Constrastes\",\"isPartOf\":{\"@id\":\"https:\\\/\\\/contrastes.com.co\\\/web\\\/#website\"},\"primaryImageOfPage\":{\"@id\":\"https:\\\/\\\/contrastes.com.co\\\/web\\\/2020\\\/07\\\/08\\\/ips-de-soledad-deben-demostrar-que-tienen-comites-de-emergencia-hospitalaria-con-enfasis-en-covid-19\\\/#primaryimage\"},\"image\":{\"@id\":\"https:\\\/\\\/contrastes.com.co\\\/web\\\/2020\\\/07\\\/08\\\/ips-de-soledad-deben-demostrar-que-tienen-comites-de-emergencia-hospitalaria-con-enfasis-en-covid-19\\\/#primaryimage\"},\"thumbnailUrl\":\"\",\"datePublished\":\"2020-07-08T14:31:56+00:00\",\"breadcrumb\":{\"@id\":\"https:\\\/\\\/contrastes.com.co\\\/web\\\/2020\\\/07\\\/08\\\/ips-de-soledad-deben-demostrar-que-tienen-comites-de-emergencia-hospitalaria-con-enfasis-en-covid-19\\\/#breadcrumb\"},\"inLanguage\":\"es\",\"potentialAction\":[{\"@type\":\"ReadAction\",\"target\":[\"https:\\\/\\\/contrastes.com.co\\\/web\\\/2020\\\/07\\\/08\\\/ips-de-soledad-deben-demostrar-que-tienen-comites-de-emergencia-hospitalaria-con-enfasis-en-covid-19\\\/\"]}]},{\"@type\":\"ImageObject\",\"inLanguage\":\"es\",\"@id\":\"https:\\\/\\\/contrastes.com.co\\\/web\\\/2020\\\/07\\\/08\\\/ips-de-soledad-deben-demostrar-que-tienen-comites-de-emergencia-hospitalaria-con-enfasis-en-covid-19\\\/#primaryimage\",\"url\":\"\",\"contentUrl\":\"\"},{\"@type\":\"BreadcrumbList\",\"@id\":\"https:\\\/\\\/contrastes.com.co\\\/web\\\/2020\\\/07\\\/08\\\/ips-de-soledad-deben-demostrar-que-tienen-comites-de-emergencia-hospitalaria-con-enfasis-en-covid-19\\\/#breadcrumb\",\"itemListElement\":[{\"@type\":\"ListItem\",\"position\":1,\"name\":\"Portada\",\"item\":\"https:\\\/\\\/contrastes.com.co\\\/web\\\/\"},{\"@type\":\"ListItem\",\"position\":2,\"name\":\"IPS deber\u00e1n demostrar que tienen Comit\u00e9s de Emergencia Hospitalaria con \u00e9nfasis en Covid-19\"}]},{\"@type\":\"WebSite\",\"@id\":\"https:\\\/\\\/contrastes.com.co\\\/web\\\/#website\",\"url\":\"https:\\\/\\\/contrastes.com.co\\\/web\\\/\",\"name\":\"Contrastes\",\"description\":\"Periodismo de Conciencia\",\"publisher\":{\"@id\":\"https:\\\/\\\/contrastes.com.co\\\/web\\\/#organization\"},\"potentialAction\":[{\"@type\":\"SearchAction\",\"target\":{\"@type\":\"EntryPoint\",\"urlTemplate\":\"https:\\\/\\\/contrastes.com.co\\\/web\\\/?s={search_term_string}\"},\"query-input\":{\"@type\":\"PropertyValueSpecification\",\"valueRequired\":true,\"valueName\":\"search_term_string\"}}],\"inLanguage\":\"es\"},{\"@type\":\"Organization\",\"@id\":\"https:\\\/\\\/contrastes.com.co\\\/web\\\/#organization\",\"name\":\"Contrastes\",\"url\":\"https:\\\/\\\/contrastes.com.co\\\/web\\\/\",\"logo\":{\"@type\":\"ImageObject\",\"inLanguage\":\"es\",\"@id\":\"https:\\\/\\\/contrastes.com.co\\\/web\\\/#\\\/schema\\\/logo\\\/image\\\/\",\"url\":\"https:\\\/\\\/contrastes.com.co\\\/web\\\/wp-content\\\/uploads\\\/2025\\\/04\\\/15CONTRASTES3.png\",\"contentUrl\":\"https:\\\/\\\/contrastes.com.co\\\/web\\\/wp-content\\\/uploads\\\/2025\\\/04\\\/15CONTRASTES3.png\",\"width\":1536,\"height\":231,\"caption\":\"Contrastes\"},\"image\":{\"@id\":\"https:\\\/\\\/contrastes.com.co\\\/web\\\/#\\\/schema\\\/logo\\\/image\\\/\"},\"sameAs\":[\"https:\\\/\\\/www.facebook.com\\\/guillo.pantoja.1\"]},{\"@type\":\"Person\",\"@id\":\"https:\\\/\\\/contrastes.com.co\\\/web\\\/#\\\/schema\\\/person\\\/62ef7a62dc4da6de450c71fc2e95ed02\",\"name\":\"Editor\",\"image\":{\"@type\":\"ImageObject\",\"inLanguage\":\"es\",\"@id\":\"https:\\\/\\\/secure.gravatar.com\\\/avatar\\\/7bbb4f718d74bbf600dc556253bb04fd7ac8593751d6e2e3b85432d98aefae80?s=96&d=mm&r=g\",\"url\":\"https:\\\/\\\/secure.gravatar.com\\\/avatar\\\/7bbb4f718d74bbf600dc556253bb04fd7ac8593751d6e2e3b85432d98aefae80?s=96&d=mm&r=g\",\"contentUrl\":\"https:\\\/\\\/secure.gravatar.com\\\/avatar\\\/7bbb4f718d74bbf600dc556253bb04fd7ac8593751d6e2e3b85432d98aefae80?s=96&d=mm&r=g\",\"caption\":\"Editor\"},\"sameAs\":[\"https:\\\/\\\/contrastes.com.co\\\/web\"],\"url\":\"https:\\\/\\\/contrastes.com.co\\\/web\\\/author\\\/jdbobadilla\\\/\"}]}<\/script>\n<!-- \/ Yoast SEO plugin. -->","yoast_head_json":{"title":"IPS deber\u00e1n demostrar que tienen Comit\u00e9s de Emergencia Hospitalaria con \u00e9nfasis en Covid-19 - Constrastes","robots":{"index":"index","follow":"follow","max-snippet":"max-snippet:-1","max-image-preview":"max-image-preview:large","max-video-preview":"max-video-preview:-1"},"canonical":"https:\/\/contrastes.com.co\/web\/2020\/07\/08\/ips-de-soledad-deben-demostrar-que-tienen-comites-de-emergencia-hospitalaria-con-enfasis-en-covid-19\/","og_locale":"es_ES","og_type":"article","og_title":"IPS deber\u00e1n demostrar que tienen Comit\u00e9s de Emergencia Hospitalaria con \u00e9nfasis en Covid-19 - Constrastes","og_description":"\u00abEn Soledad las IPS deber\u00e1n demostrar que tienen Comit\u00e9s de Emergencia Hospitalaria con \u00e9nfasis en Covid-19\u00bb: Javier Cabarcas as Entidades Administradoras de Planes de Beneficios (EAPB) y las Instituciones Prestadoras de Salud (IPS), p\u00fablicas y privadas, deben remitir a la secretar\u00eda de Salud municipal la documentaci\u00f3n que sustente la implementaci\u00f3n de los Comit\u00e9s de Emergencia [&hellip;]","og_url":"https:\/\/contrastes.com.co\/web\/2020\/07\/08\/ips-de-soledad-deben-demostrar-que-tienen-comites-de-emergencia-hospitalaria-con-enfasis-en-covid-19\/","og_site_name":"Constrastes","article_publisher":"https:\/\/www.facebook.com\/guillo.pantoja.1","article_published_time":"2020-07-08T14:31:56+00:00","author":"Editor","twitter_card":"summary_large_image","twitter_misc":{"Escrito por":"Editor","Tiempo de lectura":"1 minuto"},"schema":{"@context":"https:\/\/schema.org","@graph":[{"@type":"Article","@id":"https:\/\/contrastes.com.co\/web\/2020\/07\/08\/ips-de-soledad-deben-demostrar-que-tienen-comites-de-emergencia-hospitalaria-con-enfasis-en-covid-19\/#article","isPartOf":{"@id":"https:\/\/contrastes.com.co\/web\/2020\/07\/08\/ips-de-soledad-deben-demostrar-que-tienen-comites-de-emergencia-hospitalaria-con-enfasis-en-covid-19\/"},"author":{"name":"Editor","@id":"https:\/\/contrastes.com.co\/web\/#\/schema\/person\/62ef7a62dc4da6de450c71fc2e95ed02"},"headline":"IPS deber\u00e1n demostrar que tienen Comit\u00e9s de Emergencia Hospitalaria con \u00e9nfasis en Covid-19","datePublished":"2020-07-08T14:31:56+00:00","mainEntityOfPage":{"@id":"https:\/\/contrastes.com.co\/web\/2020\/07\/08\/ips-de-soledad-deben-demostrar-que-tienen-comites-de-emergencia-hospitalaria-con-enfasis-en-covid-19\/"},"wordCount":306,"commentCount":0,"publisher":{"@id":"https:\/\/contrastes.com.co\/web\/#organization"},"image":{"@id":"https:\/\/contrastes.com.co\/web\/2020\/07\/08\/ips-de-soledad-deben-demostrar-que-tienen-comites-de-emergencia-hospitalaria-con-enfasis-en-covid-19\/#primaryimage"},"thumbnailUrl":"","keywords":["alcaldia de Soledad","Comit\u00e9s de Emergencia Hospitalaria con \u00e9nfasis en Covid-19","coronavirus","Covid-19","IPS","Javier Cabarcas Pinedo","municipio de soledad","secretar\u00eda de Salud de Soledad"],"articleSection":["Coronavirus","Locales","Salud"],"inLanguage":"es","potentialAction":[{"@type":"CommentAction","name":"Comment","target":["https:\/\/contrastes.com.co\/web\/2020\/07\/08\/ips-de-soledad-deben-demostrar-que-tienen-comites-de-emergencia-hospitalaria-con-enfasis-en-covid-19\/#respond"]}]},{"@type":"WebPage","@id":"https:\/\/contrastes.com.co\/web\/2020\/07\/08\/ips-de-soledad-deben-demostrar-que-tienen-comites-de-emergencia-hospitalaria-con-enfasis-en-covid-19\/","url":"https:\/\/contrastes.com.co\/web\/2020\/07\/08\/ips-de-soledad-deben-demostrar-que-tienen-comites-de-emergencia-hospitalaria-con-enfasis-en-covid-19\/","name":"IPS deber\u00e1n demostrar que tienen Comit\u00e9s de Emergencia Hospitalaria con \u00e9nfasis en Covid-19 - Constrastes","isPartOf":{"@id":"https:\/\/contrastes.com.co\/web\/#website"},"primaryImageOfPage":{"@id":"https:\/\/contrastes.com.co\/web\/2020\/07\/08\/ips-de-soledad-deben-demostrar-que-tienen-comites-de-emergencia-hospitalaria-con-enfasis-en-covid-19\/#primaryimage"},"image":{"@id":"https:\/\/contrastes.com.co\/web\/2020\/07\/08\/ips-de-soledad-deben-demostrar-que-tienen-comites-de-emergencia-hospitalaria-con-enfasis-en-covid-19\/#primaryimage"},"thumbnailUrl":"","datePublished":"2020-07-08T14:31:56+00:00","breadcrumb":{"@id":"https:\/\/contrastes.com.co\/web\/2020\/07\/08\/ips-de-soledad-deben-demostrar-que-tienen-comites-de-emergencia-hospitalaria-con-enfasis-en-covid-19\/#breadcrumb"},"inLanguage":"es","potentialAction":[{"@type":"ReadAction","target":["https:\/\/contrastes.com.co\/web\/2020\/07\/08\/ips-de-soledad-deben-demostrar-que-tienen-comites-de-emergencia-hospitalaria-con-enfasis-en-covid-19\/"]}]},{"@type":"ImageObject","inLanguage":"es","@id":"https:\/\/contrastes.com.co\/web\/2020\/07\/08\/ips-de-soledad-deben-demostrar-que-tienen-comites-de-emergencia-hospitalaria-con-enfasis-en-covid-19\/#primaryimage","url":"","contentUrl":""},{"@type":"BreadcrumbList","@id":"https:\/\/contrastes.com.co\/web\/2020\/07\/08\/ips-de-soledad-deben-demostrar-que-tienen-comites-de-emergencia-hospitalaria-con-enfasis-en-covid-19\/#breadcrumb","itemListElement":[{"@type":"ListItem","position":1,"name":"Portada","item":"https:\/\/contrastes.com.co\/web\/"},{"@type":"ListItem","position":2,"name":"IPS deber\u00e1n demostrar que tienen Comit\u00e9s de Emergencia Hospitalaria con \u00e9nfasis en Covid-19"}]},{"@type":"WebSite","@id":"https:\/\/contrastes.com.co\/web\/#website","url":"https:\/\/contrastes.com.co\/web\/","name":"Contrastes","description":"Periodismo de Conciencia","publisher":{"@id":"https:\/\/contrastes.com.co\/web\/#organization"},"potentialAction":[{"@type":"SearchAction","target":{"@type":"EntryPoint","urlTemplate":"https:\/\/contrastes.com.co\/web\/?s={search_term_string}"},"query-input":{"@type":"PropertyValueSpecification","valueRequired":true,"valueName":"search_term_string"}}],"inLanguage":"es"},{"@type":"Organization","@id":"https:\/\/contrastes.com.co\/web\/#organization","name":"Contrastes","url":"https:\/\/contrastes.com.co\/web\/","logo":{"@type":"ImageObject","inLanguage":"es","@id":"https:\/\/contrastes.com.co\/web\/#\/schema\/logo\/image\/","url":"https:\/\/contrastes.com.co\/web\/wp-content\/uploads\/2025\/04\/15CONTRASTES3.png","contentUrl":"https:\/\/contrastes.com.co\/web\/wp-content\/uploads\/2025\/04\/15CONTRASTES3.png","width":1536,"height":231,"caption":"Contrastes"},"image":{"@id":"https:\/\/contrastes.com.co\/web\/#\/schema\/logo\/image\/"},"sameAs":["https:\/\/www.facebook.com\/guillo.pantoja.1"]},{"@type":"Person","@id":"https:\/\/contrastes.com.co\/web\/#\/schema\/person\/62ef7a62dc4da6de450c71fc2e95ed02","name":"Editor","image":{"@type":"ImageObject","inLanguage":"es","@id":"https:\/\/secure.gravatar.com\/avatar\/7bbb4f718d74bbf600dc556253bb04fd7ac8593751d6e2e3b85432d98aefae80?s=96&d=mm&r=g","url":"https:\/\/secure.gravatar.com\/avatar\/7bbb4f718d74bbf600dc556253bb04fd7ac8593751d6e2e3b85432d98aefae80?s=96&d=mm&r=g","contentUrl":"https:\/\/secure.gravatar.com\/avatar\/7bbb4f718d74bbf600dc556253bb04fd7ac8593751d6e2e3b85432d98aefae80?s=96&d=mm&r=g","caption":"Editor"},"sameAs":["https:\/\/contrastes.com.co\/web"],"url":"https:\/\/contrastes.com.co\/web\/author\/jdbobadilla\/"}]}},"blog_post_layout_featured_media_urls":{"thumbnail":"","full":""},"categories_names":{"73":{"name":"Coronavirus","link":"https:\/\/contrastes.com.co\/web\/category\/coronavirus\/"},"23":{"name":"Locales","link":"https:\/\/contrastes.com.co\/web\/category\/locales\/"},"25":{"name":"Salud","link":"https:\/\/contrastes.com.co\/web\/category\/salud\/"}},"tags_names":{"28":{"name":"alcaldia de Soledad","link":"https:\/\/contrastes.com.co\/web\/tag\/alcaldia-de-soledad\/"},"746":{"name":"Comit\u00e9s de Emergencia Hospitalaria con \u00e9nfasis en Covid-19","link":"https:\/\/contrastes.com.co\/web\/tag\/comites-de-emergencia-hospitalaria-con-enfasis-en-covid-19\/"},"86":{"name":"coronavirus","link":"https:\/\/contrastes.com.co\/web\/tag\/coronavirus\/"},"503":{"name":"Covid-19","link":"https:\/\/contrastes.com.co\/web\/tag\/covid-19\/"},"747":{"name":"IPS","link":"https:\/\/contrastes.com.co\/web\/tag\/ips\/"},"695":{"name":"Javier Cabarcas Pinedo","link":"https:\/\/contrastes.com.co\/web\/tag\/javier-cabarcas-pinedo\/"},"51":{"name":"municipio de soledad","link":"https:\/\/contrastes.com.co\/web\/tag\/municipio-de-soledad\/"},"386":{"name":"secretar\u00eda de Salud de Soledad","link":"https:\/\/contrastes.com.co\/web\/tag\/secretaria-de-salud-de-soledad\/"}},"comments_number":"0","wpmagazine_modules_lite_featured_media_urls":{"thumbnail":"","cvmm-medium":"","cvmm-medium-plus":"","cvmm-portrait":"","cvmm-medium-square":"","cvmm-large":"","cvmm-small":"","full":""},"_links":{"self":[{"href":"https:\/\/contrastes.com.co\/web\/wp-json\/wp\/v2\/posts\/1714","targetHints":{"allow":["GET"]}}],"collection":[{"href":"https:\/\/contrastes.com.co\/web\/wp-json\/wp\/v2\/posts"}],"about":[{"href":"https:\/\/contrastes.com.co\/web\/wp-json\/wp\/v2\/types\/post"}],"author":[{"embeddable":true,"href":"https:\/\/contrastes.com.co\/web\/wp-json\/wp\/v2\/users\/1"}],"replies":[{"embeddable":true,"href":"https:\/\/contrastes.com.co\/web\/wp-json\/wp\/v2\/comments?post=1714"}],"version-history":[{"count":0,"href":"https:\/\/contrastes.com.co\/web\/wp-json\/wp\/v2\/posts\/1714\/revisions"}],"wp:attachment":[{"href":"https:\/\/contrastes.com.co\/web\/wp-json\/wp\/v2\/media?parent=1714"}],"wp:term":[{"taxonomy":"category","embeddable":true,"href":"https:\/\/contrastes.com.co\/web\/wp-json\/wp\/v2\/categories?post=1714"},{"taxonomy":"post_tag","embeddable":true,"href":"https:\/\/contrastes.com.co\/web\/wp-json\/wp\/v2\/tags?post=1714"}],"curies":[{"name":"wp","href":"https:\/\/api.w.org\/{rel}","templated":true}]}}