{"id":1717,"date":"2020-07-08T09:36:55","date_gmt":"2020-07-08T14:36:55","guid":{"rendered":"https:\/\/contrastes.com.co\/digital\/?p=1717"},"modified":"2020-07-08T09:36:55","modified_gmt":"2020-07-08T14:36:55","slug":"alcaldia-instala-megacerco-sanitario-por-covid-19-en-5-barrios-del-centro-historico","status":"publish","type":"post","link":"https:\/\/contrastes.com.co\/web\/2020\/07\/08\/alcaldia-instala-megacerco-sanitario-por-covid-19-en-5-barrios-del-centro-historico\/","title":{"rendered":"Megacerco sanitario por Covid-19 en 5 barrios del Centro Hist\u00f3rico"},"content":{"rendered":"<p>La Alcald\u00eda de Soledad, en coordinaci\u00f3n con la Polic\u00eda, el Ej\u00e9rcito y la Armada Nacional, instal\u00f3 un megacerco sanitario en el Centro Hist\u00f3rico del municipio, con el fin de disminuir el riesgo de contagio por Covid-19 entre los m\u00e1s de 10 mil habitantes de esta amplia zona.<\/p>\n<p>Se trata de un ejercicio que se llevar\u00e1 a cabo durante los pr\u00f3ximos 14 d\u00edas y cubrir\u00e1 los barrios Siete de Agosto, El Pasito, Centro, Juan Dom\u00ednguez Romero y Pumarejo.<\/p>\n<p>Para lograr una mayor efectividad, se montaron cuatro Puntos de Mando Unificado (PMU), que est\u00e1n ubicados en la calle 17 con carrera 18, calle 12 con carrera 21A, calle 21 con carrera 14 y calle 15 con carrera15B.<\/p>\n<p>El secretario (e) de Salud municipal, Javier Cabarcas, se\u00f1al\u00f3 que se trata de un esfuerzo administrativo y asistencial muy grande del gobierno municipal de Rodolfo Ucr\u00f3s, con el prop\u00f3sito de reducir las cifras de contagiados. Record\u00f3 que los cercos anteriores solo cubrieron un barrio, pero este atender\u00e1 de manera simult\u00e1nea cinco, lo que conlleva a un mayor despliegue de funcionarios, personal de la Fuerza P\u00fablica y voluntarios, que deben actuar r\u00e1pido pues el cerco permanecer\u00e1 solo 14 d\u00edas.<\/p>\n<p>\u201cLos integrantes del \u2018Escuadr\u00f3n Anti Covid\u2019 y funcionarios de las Secretar\u00edas de Salud, Gobierno, Cultura, Recreaci\u00f3n y Deportes y la Oficina del Sisb\u00e9n, estaremos realizando una serie de actividades l\u00fadicas y pedag\u00f3gicas, casa a casa, orientadas a afianzar el conocimiento de la comunidad frente a las tres medidas preventivas que hemos venido promocionando como son el uso permanente y de forma correcta del tapabocas, el lavado de las manos de manera adecuada, el distanciamiento f\u00edsico y la no permanencia en aglomeraciones. As\u00ed mismo entregaremos tapabocas\u201d, explic\u00f3 la epidemi\u00f3loga de la Secretar\u00eda de Salud Municipal, Katiusca Antequera Llerena, quien est\u00e1 a cargo de estas actividades.<\/p>\n<p>Arturo De la Hoz, funcionario de la Secretar\u00eda municipal de Gobierno, indic\u00f3, por su parte, que \u201cesto es una intervenci\u00f3n social que lidera nuestro alcalde Rodolfo Ucr\u00f3s en su lucha incansable contra la propagaci\u00f3n del virus. Con este cerco, vamos a socializar , sensibilizar, acompa\u00f1ar y proteger a la comunidad que est\u00e1 atemorizada por la pandemia y a apoyar psicol\u00f3gicamente a las personas que han perdido seres queridos por el Covid-19\u201d.<\/p>\n<p>El comandante del Distrito Sexto de la Polic\u00eda Metropolitana, el teniente coronel Alex Su\u00e1rez, enfatiz\u00f3 que el megacerco est\u00e1 conformado por cuatro cuadrantes, cada uno coordinado por miembros de la Alcald\u00eda, Polic\u00eda, Ej\u00e9rcito y Armada Nacional, con sus respectivos veh\u00edculos y acompa\u00f1ados de un agente de turno de la Polic\u00eda y 15 miembros del Ej\u00e9rcito. El capit\u00e1n de Corbeta Diego Duque, de la Armada Nacional, manifest\u00f3 que se realizar\u00e1n sobrevuelos para que la comunidad acate las medidas.<\/p>\n<p>La comunidad expres\u00f3 su satisfacci\u00f3n por la instalaci\u00f3n de este megacerco sanitario. Tilson Luis De la Hoz Serna, habitante del barrio Pumarejo, afirm\u00f3 que \u201cvemos muy bien estas acciones porque debemos tener m\u00e1s precauci\u00f3n y nos alegra que haya presencia de polic\u00edas para un mayor control en el comportamiento de la gente\u201d.<\/p>\n","protected":false},"excerpt":{"rendered":"<p>La Alcald\u00eda de Soledad, en coordinaci\u00f3n con la Polic\u00eda, el Ej\u00e9rcito y la Armada Nacional, instal\u00f3 un megacerco sanitario en el Centro Hist\u00f3rico del municipio, con el fin de disminuir el riesgo de contagio por Covid-19 entre los m\u00e1s de 10 mil habitantes de esta amplia zona. Se trata de un ejercicio que se llevar\u00e1 [&hellip;]<\/p>\n","protected":false},"author":1,"featured_media":1718,"comment_status":"open","ping_status":"open","sticky":false,"template":"","format":"standard","meta":{"footnotes":""},"categories":[73,23],"tags":[173,748,749,642,750,751,752,86,503,753],"class_list":["post-1717","post","type-post","status-publish","format-standard","has-post-thumbnail","hentry","category-coronavirus","category-locales","tag-alcalde-de-soledad","tag-barrio-centro","tag-barrio-el-pasito","tag-barrio-juan-dominguez-romero","tag-barrio-pumarejo","tag-barrio-siete-de-agosto","tag-cerco-sanitario","tag-coronavirus","tag-covid-19","tag-megacerco"],"yoast_head":"<!-- This site is optimized with the Yoast SEO plugin v27.7 - https:\/\/yoast.com\/product\/yoast-seo-wordpress\/ -->\n<title>Megacerco sanitario por Covid-19 en 5 barrios del Centro Hist\u00f3rico - Constrastes<\/title>\n<meta name=\"robots\" content=\"index, follow, max-snippet:-1, max-image-preview:large, max-video-preview:-1\" \/>\n<link rel=\"canonical\" href=\"https:\/\/contrastes.com.co\/web\/2020\/07\/08\/alcaldia-instala-megacerco-sanitario-por-covid-19-en-5-barrios-del-centro-historico\/\" \/>\n<meta property=\"og:locale\" content=\"es_ES\" \/>\n<meta property=\"og:type\" content=\"article\" \/>\n<meta property=\"og:title\" content=\"Megacerco sanitario por Covid-19 en 5 barrios del Centro Hist\u00f3rico - Constrastes\" \/>\n<meta property=\"og:description\" content=\"La Alcald\u00eda de Soledad, en coordinaci\u00f3n con la Polic\u00eda, el Ej\u00e9rcito y la Armada Nacional, instal\u00f3 un megacerco sanitario en el Centro Hist\u00f3rico del municipio, con el fin de disminuir el riesgo de contagio por Covid-19 entre los m\u00e1s de 10 mil habitantes de esta amplia zona. Se trata de un ejercicio que se llevar\u00e1 [&hellip;]\" \/>\n<meta property=\"og:url\" content=\"https:\/\/contrastes.com.co\/web\/2020\/07\/08\/alcaldia-instala-megacerco-sanitario-por-covid-19-en-5-barrios-del-centro-historico\/\" \/>\n<meta property=\"og:site_name\" content=\"Constrastes\" \/>\n<meta property=\"article:publisher\" content=\"https:\/\/www.facebook.com\/guillo.pantoja.1\" \/>\n<meta property=\"article:published_time\" content=\"2020-07-08T14:36:55+00:00\" \/>\n<meta name=\"author\" content=\"Editor\" \/>\n<meta name=\"twitter:card\" content=\"summary_large_image\" \/>\n<meta name=\"twitter:label1\" content=\"Escrito por\" \/>\n\t<meta name=\"twitter:data1\" content=\"Editor\" \/>\n\t<meta name=\"twitter:label2\" content=\"Tiempo de lectura\" \/>\n\t<meta name=\"twitter:data2\" content=\"3 minutos\" \/>\n<script type=\"application\/ld+json\" class=\"yoast-schema-graph\">{\"@context\":\"https:\\\/\\\/schema.org\",\"@graph\":[{\"@type\":\"Article\",\"@id\":\"https:\\\/\\\/contrastes.com.co\\\/web\\\/2020\\\/07\\\/08\\\/alcaldia-instala-megacerco-sanitario-por-covid-19-en-5-barrios-del-centro-historico\\\/#article\",\"isPartOf\":{\"@id\":\"https:\\\/\\\/contrastes.com.co\\\/web\\\/2020\\\/07\\\/08\\\/alcaldia-instala-megacerco-sanitario-por-covid-19-en-5-barrios-del-centro-historico\\\/\"},\"author\":{\"name\":\"Editor\",\"@id\":\"https:\\\/\\\/contrastes.com.co\\\/web\\\/#\\\/schema\\\/person\\\/62ef7a62dc4da6de450c71fc2e95ed02\"},\"headline\":\"Megacerco sanitario por Covid-19 en 5 barrios del Centro Hist\u00f3rico\",\"datePublished\":\"2020-07-08T14:36:55+00:00\",\"mainEntityOfPage\":{\"@id\":\"https:\\\/\\\/contrastes.com.co\\\/web\\\/2020\\\/07\\\/08\\\/alcaldia-instala-megacerco-sanitario-por-covid-19-en-5-barrios-del-centro-historico\\\/\"},\"wordCount\":545,\"commentCount\":0,\"publisher\":{\"@id\":\"https:\\\/\\\/contrastes.com.co\\\/web\\\/#organization\"},\"image\":{\"@id\":\"https:\\\/\\\/contrastes.com.co\\\/web\\\/2020\\\/07\\\/08\\\/alcaldia-instala-megacerco-sanitario-por-covid-19-en-5-barrios-del-centro-historico\\\/#primaryimage\"},\"thumbnailUrl\":\"\",\"keywords\":[\"alcalde de Soledad\",\"Barrio Centro\",\"Barrio El Pasito\",\"barrio Juan Dom\u00ednguez Romero\",\"Barrio Pumarejo.\",\"Barrio Siete de Agosto\",\"cerco sanitario\",\"coronavirus\",\"Covid-19\",\"megacerco\"],\"articleSection\":[\"Coronavirus\",\"Locales\"],\"inLanguage\":\"es\",\"potentialAction\":[{\"@type\":\"CommentAction\",\"name\":\"Comment\",\"target\":[\"https:\\\/\\\/contrastes.com.co\\\/web\\\/2020\\\/07\\\/08\\\/alcaldia-instala-megacerco-sanitario-por-covid-19-en-5-barrios-del-centro-historico\\\/#respond\"]}]},{\"@type\":\"WebPage\",\"@id\":\"https:\\\/\\\/contrastes.com.co\\\/web\\\/2020\\\/07\\\/08\\\/alcaldia-instala-megacerco-sanitario-por-covid-19-en-5-barrios-del-centro-historico\\\/\",\"url\":\"https:\\\/\\\/contrastes.com.co\\\/web\\\/2020\\\/07\\\/08\\\/alcaldia-instala-megacerco-sanitario-por-covid-19-en-5-barrios-del-centro-historico\\\/\",\"name\":\"Megacerco sanitario por Covid-19 en 5 barrios del Centro Hist\u00f3rico - Constrastes\",\"isPartOf\":{\"@id\":\"https:\\\/\\\/contrastes.com.co\\\/web\\\/#website\"},\"primaryImageOfPage\":{\"@id\":\"https:\\\/\\\/contrastes.com.co\\\/web\\\/2020\\\/07\\\/08\\\/alcaldia-instala-megacerco-sanitario-por-covid-19-en-5-barrios-del-centro-historico\\\/#primaryimage\"},\"image\":{\"@id\":\"https:\\\/\\\/contrastes.com.co\\\/web\\\/2020\\\/07\\\/08\\\/alcaldia-instala-megacerco-sanitario-por-covid-19-en-5-barrios-del-centro-historico\\\/#primaryimage\"},\"thumbnailUrl\":\"\",\"datePublished\":\"2020-07-08T14:36:55+00:00\",\"breadcrumb\":{\"@id\":\"https:\\\/\\\/contrastes.com.co\\\/web\\\/2020\\\/07\\\/08\\\/alcaldia-instala-megacerco-sanitario-por-covid-19-en-5-barrios-del-centro-historico\\\/#breadcrumb\"},\"inLanguage\":\"es\",\"potentialAction\":[{\"@type\":\"ReadAction\",\"target\":[\"https:\\\/\\\/contrastes.com.co\\\/web\\\/2020\\\/07\\\/08\\\/alcaldia-instala-megacerco-sanitario-por-covid-19-en-5-barrios-del-centro-historico\\\/\"]}]},{\"@type\":\"ImageObject\",\"inLanguage\":\"es\",\"@id\":\"https:\\\/\\\/contrastes.com.co\\\/web\\\/2020\\\/07\\\/08\\\/alcaldia-instala-megacerco-sanitario-por-covid-19-en-5-barrios-del-centro-historico\\\/#primaryimage\",\"url\":\"\",\"contentUrl\":\"\"},{\"@type\":\"BreadcrumbList\",\"@id\":\"https:\\\/\\\/contrastes.com.co\\\/web\\\/2020\\\/07\\\/08\\\/alcaldia-instala-megacerco-sanitario-por-covid-19-en-5-barrios-del-centro-historico\\\/#breadcrumb\",\"itemListElement\":[{\"@type\":\"ListItem\",\"position\":1,\"name\":\"Portada\",\"item\":\"https:\\\/\\\/contrastes.com.co\\\/web\\\/\"},{\"@type\":\"ListItem\",\"position\":2,\"name\":\"Megacerco sanitario por Covid-19 en 5 barrios del Centro Hist\u00f3rico\"}]},{\"@type\":\"WebSite\",\"@id\":\"https:\\\/\\\/contrastes.com.co\\\/web\\\/#website\",\"url\":\"https:\\\/\\\/contrastes.com.co\\\/web\\\/\",\"name\":\"Contrastes\",\"description\":\"Periodismo de Conciencia\",\"publisher\":{\"@id\":\"https:\\\/\\\/contrastes.com.co\\\/web\\\/#organization\"},\"potentialAction\":[{\"@type\":\"SearchAction\",\"target\":{\"@type\":\"EntryPoint\",\"urlTemplate\":\"https:\\\/\\\/contrastes.com.co\\\/web\\\/?s={search_term_string}\"},\"query-input\":{\"@type\":\"PropertyValueSpecification\",\"valueRequired\":true,\"valueName\":\"search_term_string\"}}],\"inLanguage\":\"es\"},{\"@type\":\"Organization\",\"@id\":\"https:\\\/\\\/contrastes.com.co\\\/web\\\/#organization\",\"name\":\"Contrastes\",\"url\":\"https:\\\/\\\/contrastes.com.co\\\/web\\\/\",\"logo\":{\"@type\":\"ImageObject\",\"inLanguage\":\"es\",\"@id\":\"https:\\\/\\\/contrastes.com.co\\\/web\\\/#\\\/schema\\\/logo\\\/image\\\/\",\"url\":\"https:\\\/\\\/contrastes.com.co\\\/web\\\/wp-content\\\/uploads\\\/2025\\\/04\\\/15CONTRASTES3.png\",\"contentUrl\":\"https:\\\/\\\/contrastes.com.co\\\/web\\\/wp-content\\\/uploads\\\/2025\\\/04\\\/15CONTRASTES3.png\",\"width\":1536,\"height\":231,\"caption\":\"Contrastes\"},\"image\":{\"@id\":\"https:\\\/\\\/contrastes.com.co\\\/web\\\/#\\\/schema\\\/logo\\\/image\\\/\"},\"sameAs\":[\"https:\\\/\\\/www.facebook.com\\\/guillo.pantoja.1\"]},{\"@type\":\"Person\",\"@id\":\"https:\\\/\\\/contrastes.com.co\\\/web\\\/#\\\/schema\\\/person\\\/62ef7a62dc4da6de450c71fc2e95ed02\",\"name\":\"Editor\",\"image\":{\"@type\":\"ImageObject\",\"inLanguage\":\"es\",\"@id\":\"https:\\\/\\\/secure.gravatar.com\\\/avatar\\\/7bbb4f718d74bbf600dc556253bb04fd7ac8593751d6e2e3b85432d98aefae80?s=96&d=mm&r=g\",\"url\":\"https:\\\/\\\/secure.gravatar.com\\\/avatar\\\/7bbb4f718d74bbf600dc556253bb04fd7ac8593751d6e2e3b85432d98aefae80?s=96&d=mm&r=g\",\"contentUrl\":\"https:\\\/\\\/secure.gravatar.com\\\/avatar\\\/7bbb4f718d74bbf600dc556253bb04fd7ac8593751d6e2e3b85432d98aefae80?s=96&d=mm&r=g\",\"caption\":\"Editor\"},\"sameAs\":[\"https:\\\/\\\/contrastes.com.co\\\/web\"],\"url\":\"https:\\\/\\\/contrastes.com.co\\\/web\\\/author\\\/jdbobadilla\\\/\"}]}<\/script>\n<!-- \/ Yoast SEO plugin. -->","yoast_head_json":{"title":"Megacerco sanitario por Covid-19 en 5 barrios del Centro Hist\u00f3rico - Constrastes","robots":{"index":"index","follow":"follow","max-snippet":"max-snippet:-1","max-image-preview":"max-image-preview:large","max-video-preview":"max-video-preview:-1"},"canonical":"https:\/\/contrastes.com.co\/web\/2020\/07\/08\/alcaldia-instala-megacerco-sanitario-por-covid-19-en-5-barrios-del-centro-historico\/","og_locale":"es_ES","og_type":"article","og_title":"Megacerco sanitario por Covid-19 en 5 barrios del Centro Hist\u00f3rico - Constrastes","og_description":"La Alcald\u00eda de Soledad, en coordinaci\u00f3n con la Polic\u00eda, el Ej\u00e9rcito y la Armada Nacional, instal\u00f3 un megacerco sanitario en el Centro Hist\u00f3rico del municipio, con el fin de disminuir el riesgo de contagio por Covid-19 entre los m\u00e1s de 10 mil habitantes de esta amplia zona. Se trata de un ejercicio que se llevar\u00e1 [&hellip;]","og_url":"https:\/\/contrastes.com.co\/web\/2020\/07\/08\/alcaldia-instala-megacerco-sanitario-por-covid-19-en-5-barrios-del-centro-historico\/","og_site_name":"Constrastes","article_publisher":"https:\/\/www.facebook.com\/guillo.pantoja.1","article_published_time":"2020-07-08T14:36:55+00:00","author":"Editor","twitter_card":"summary_large_image","twitter_misc":{"Escrito por":"Editor","Tiempo de lectura":"3 minutos"},"schema":{"@context":"https:\/\/schema.org","@graph":[{"@type":"Article","@id":"https:\/\/contrastes.com.co\/web\/2020\/07\/08\/alcaldia-instala-megacerco-sanitario-por-covid-19-en-5-barrios-del-centro-historico\/#article","isPartOf":{"@id":"https:\/\/contrastes.com.co\/web\/2020\/07\/08\/alcaldia-instala-megacerco-sanitario-por-covid-19-en-5-barrios-del-centro-historico\/"},"author":{"name":"Editor","@id":"https:\/\/contrastes.com.co\/web\/#\/schema\/person\/62ef7a62dc4da6de450c71fc2e95ed02"},"headline":"Megacerco sanitario por Covid-19 en 5 barrios del Centro Hist\u00f3rico","datePublished":"2020-07-08T14:36:55+00:00","mainEntityOfPage":{"@id":"https:\/\/contrastes.com.co\/web\/2020\/07\/08\/alcaldia-instala-megacerco-sanitario-por-covid-19-en-5-barrios-del-centro-historico\/"},"wordCount":545,"commentCount":0,"publisher":{"@id":"https:\/\/contrastes.com.co\/web\/#organization"},"image":{"@id":"https:\/\/contrastes.com.co\/web\/2020\/07\/08\/alcaldia-instala-megacerco-sanitario-por-covid-19-en-5-barrios-del-centro-historico\/#primaryimage"},"thumbnailUrl":"","keywords":["alcalde de Soledad","Barrio Centro","Barrio El Pasito","barrio Juan Dom\u00ednguez Romero","Barrio Pumarejo.","Barrio Siete de Agosto","cerco sanitario","coronavirus","Covid-19","megacerco"],"articleSection":["Coronavirus","Locales"],"inLanguage":"es","potentialAction":[{"@type":"CommentAction","name":"Comment","target":["https:\/\/contrastes.com.co\/web\/2020\/07\/08\/alcaldia-instala-megacerco-sanitario-por-covid-19-en-5-barrios-del-centro-historico\/#respond"]}]},{"@type":"WebPage","@id":"https:\/\/contrastes.com.co\/web\/2020\/07\/08\/alcaldia-instala-megacerco-sanitario-por-covid-19-en-5-barrios-del-centro-historico\/","url":"https:\/\/contrastes.com.co\/web\/2020\/07\/08\/alcaldia-instala-megacerco-sanitario-por-covid-19-en-5-barrios-del-centro-historico\/","name":"Megacerco sanitario por Covid-19 en 5 barrios del Centro Hist\u00f3rico - Constrastes","isPartOf":{"@id":"https:\/\/contrastes.com.co\/web\/#website"},"primaryImageOfPage":{"@id":"https:\/\/contrastes.com.co\/web\/2020\/07\/08\/alcaldia-instala-megacerco-sanitario-por-covid-19-en-5-barrios-del-centro-historico\/#primaryimage"},"image":{"@id":"https:\/\/contrastes.com.co\/web\/2020\/07\/08\/alcaldia-instala-megacerco-sanitario-por-covid-19-en-5-barrios-del-centro-historico\/#primaryimage"},"thumbnailUrl":"","datePublished":"2020-07-08T14:36:55+00:00","breadcrumb":{"@id":"https:\/\/contrastes.com.co\/web\/2020\/07\/08\/alcaldia-instala-megacerco-sanitario-por-covid-19-en-5-barrios-del-centro-historico\/#breadcrumb"},"inLanguage":"es","potentialAction":[{"@type":"ReadAction","target":["https:\/\/contrastes.com.co\/web\/2020\/07\/08\/alcaldia-instala-megacerco-sanitario-por-covid-19-en-5-barrios-del-centro-historico\/"]}]},{"@type":"ImageObject","inLanguage":"es","@id":"https:\/\/contrastes.com.co\/web\/2020\/07\/08\/alcaldia-instala-megacerco-sanitario-por-covid-19-en-5-barrios-del-centro-historico\/#primaryimage","url":"","contentUrl":""},{"@type":"BreadcrumbList","@id":"https:\/\/contrastes.com.co\/web\/2020\/07\/08\/alcaldia-instala-megacerco-sanitario-por-covid-19-en-5-barrios-del-centro-historico\/#breadcrumb","itemListElement":[{"@type":"ListItem","position":1,"name":"Portada","item":"https:\/\/contrastes.com.co\/web\/"},{"@type":"ListItem","position":2,"name":"Megacerco sanitario por Covid-19 en 5 barrios del Centro Hist\u00f3rico"}]},{"@type":"WebSite","@id":"https:\/\/contrastes.com.co\/web\/#website","url":"https:\/\/contrastes.com.co\/web\/","name":"Contrastes","description":"Periodismo de Conciencia","publisher":{"@id":"https:\/\/contrastes.com.co\/web\/#organization"},"potentialAction":[{"@type":"SearchAction","target":{"@type":"EntryPoint","urlTemplate":"https:\/\/contrastes.com.co\/web\/?s={search_term_string}"},"query-input":{"@type":"PropertyValueSpecification","valueRequired":true,"valueName":"search_term_string"}}],"inLanguage":"es"},{"@type":"Organization","@id":"https:\/\/contrastes.com.co\/web\/#organization","name":"Contrastes","url":"https:\/\/contrastes.com.co\/web\/","logo":{"@type":"ImageObject","inLanguage":"es","@id":"https:\/\/contrastes.com.co\/web\/#\/schema\/logo\/image\/","url":"https:\/\/contrastes.com.co\/web\/wp-content\/uploads\/2025\/04\/15CONTRASTES3.png","contentUrl":"https:\/\/contrastes.com.co\/web\/wp-content\/uploads\/2025\/04\/15CONTRASTES3.png","width":1536,"height":231,"caption":"Contrastes"},"image":{"@id":"https:\/\/contrastes.com.co\/web\/#\/schema\/logo\/image\/"},"sameAs":["https:\/\/www.facebook.com\/guillo.pantoja.1"]},{"@type":"Person","@id":"https:\/\/contrastes.com.co\/web\/#\/schema\/person\/62ef7a62dc4da6de450c71fc2e95ed02","name":"Editor","image":{"@type":"ImageObject","inLanguage":"es","@id":"https:\/\/secure.gravatar.com\/avatar\/7bbb4f718d74bbf600dc556253bb04fd7ac8593751d6e2e3b85432d98aefae80?s=96&d=mm&r=g","url":"https:\/\/secure.gravatar.com\/avatar\/7bbb4f718d74bbf600dc556253bb04fd7ac8593751d6e2e3b85432d98aefae80?s=96&d=mm&r=g","contentUrl":"https:\/\/secure.gravatar.com\/avatar\/7bbb4f718d74bbf600dc556253bb04fd7ac8593751d6e2e3b85432d98aefae80?s=96&d=mm&r=g","caption":"Editor"},"sameAs":["https:\/\/contrastes.com.co\/web"],"url":"https:\/\/contrastes.com.co\/web\/author\/jdbobadilla\/"}]}},"blog_post_layout_featured_media_urls":{"thumbnail":"","full":""},"categories_names":{"73":{"name":"Coronavirus","link":"https:\/\/contrastes.com.co\/web\/category\/coronavirus\/"},"23":{"name":"Locales","link":"https:\/\/contrastes.com.co\/web\/category\/locales\/"}},"tags_names":{"173":{"name":"alcalde de Soledad","link":"https:\/\/contrastes.com.co\/web\/tag\/alcalde-de-soledad\/"},"748":{"name":"Barrio Centro","link":"https:\/\/contrastes.com.co\/web\/tag\/barrio-centro\/"},"749":{"name":"Barrio El Pasito","link":"https:\/\/contrastes.com.co\/web\/tag\/barrio-el-pasito\/"},"642":{"name":"barrio Juan Dom\u00ednguez Romero","link":"https:\/\/contrastes.com.co\/web\/tag\/barrio-juan-dominguez-romero\/"},"750":{"name":"Barrio Pumarejo.","link":"https:\/\/contrastes.com.co\/web\/tag\/barrio-pumarejo\/"},"751":{"name":"Barrio Siete de Agosto","link":"https:\/\/contrastes.com.co\/web\/tag\/barrio-siete-de-agosto\/"},"752":{"name":"cerco sanitario","link":"https:\/\/contrastes.com.co\/web\/tag\/cerco-sanitario\/"},"86":{"name":"coronavirus","link":"https:\/\/contrastes.com.co\/web\/tag\/coronavirus\/"},"503":{"name":"Covid-19","link":"https:\/\/contrastes.com.co\/web\/tag\/covid-19\/"},"753":{"name":"megacerco","link":"https:\/\/contrastes.com.co\/web\/tag\/megacerco\/"}},"comments_number":"0","wpmagazine_modules_lite_featured_media_urls":{"thumbnail":"","cvmm-medium":"","cvmm-medium-plus":"","cvmm-portrait":"","cvmm-medium-square":"","cvmm-large":"","cvmm-small":"","full":""},"_links":{"self":[{"href":"https:\/\/contrastes.com.co\/web\/wp-json\/wp\/v2\/posts\/1717","targetHints":{"allow":["GET"]}}],"collection":[{"href":"https:\/\/contrastes.com.co\/web\/wp-json\/wp\/v2\/posts"}],"about":[{"href":"https:\/\/contrastes.com.co\/web\/wp-json\/wp\/v2\/types\/post"}],"author":[{"embeddable":true,"href":"https:\/\/contrastes.com.co\/web\/wp-json\/wp\/v2\/users\/1"}],"replies":[{"embeddable":true,"href":"https:\/\/contrastes.com.co\/web\/wp-json\/wp\/v2\/comments?post=1717"}],"version-history":[{"count":0,"href":"https:\/\/contrastes.com.co\/web\/wp-json\/wp\/v2\/posts\/1717\/revisions"}],"wp:attachment":[{"href":"https:\/\/contrastes.com.co\/web\/wp-json\/wp\/v2\/media?parent=1717"}],"wp:term":[{"taxonomy":"category","embeddable":true,"href":"https:\/\/contrastes.com.co\/web\/wp-json\/wp\/v2\/categories?post=1717"},{"taxonomy":"post_tag","embeddable":true,"href":"https:\/\/contrastes.com.co\/web\/wp-json\/wp\/v2\/tags?post=1717"}],"curies":[{"name":"wp","href":"https:\/\/api.w.org\/{rel}","templated":true}]}}