{"id":1844,"date":"2020-07-21T11:32:58","date_gmt":"2020-07-21T16:32:58","guid":{"rendered":"https:\/\/contrastes.com.co\/digital\/?p=1844"},"modified":"2020-07-21T11:32:58","modified_gmt":"2020-07-21T16:32:58","slug":"continua-abierta-convocatoria-para-postularse-a-mejoramiento-de-vivienda-en-soledad","status":"publish","type":"post","link":"https:\/\/contrastes.com.co\/web\/2020\/07\/21\/continua-abierta-convocatoria-para-postularse-a-mejoramiento-de-vivienda-en-soledad\/","title":{"rendered":"Contin\u00faa abierta convocatoria para postularse a mejoramiento de vivienda en Soledad"},"content":{"rendered":"<blockquote><p><strong>Con el programa &#8216;Casa Digna, Vida Digna&#8217; del Ministerio de Vivienda se beneficiar\u00e1n 2 mil familias de cuatro barrios del municipio.<\/strong><\/p><\/blockquote>\n<ul>\n<li><em><strong>La ampliaci\u00f3n en la recepci\u00f3n de documentos busca que m\u00e1s familias solede\u00f1as tengan la oportunidad de postularse al subsidio de hasta 12 salarios m\u00ednimos.<\/strong><\/em><\/li>\n<li><em><strong>La entrega de documentos se est\u00e1 realizando a trav\u00e9s de correo electr\u00f3nico y tambi\u00e9n de forma f\u00edsica en la oficina de la Secretar\u00eda de Planeaci\u00f3n de Soledad, cumpliendo los respectivos protocolos de bioseguridad.<\/strong><\/em><\/li>\n<\/ul>\n<p><img decoding=\"async\" class=\"alignleft  wp-image-584\" src=\"https:\/\/contrastes.com.co\/digital\/wp-content\/uploads\/2020\/04\/l-capitular.png\" alt=\"l capitular\" width=\"69\" height=\"69\" \/>a Gobernaci\u00f3n del Atl\u00e1ntico, a trav\u00e9s de la Subsecretar\u00eda de Vivienda, y la Secretar\u00eda de Planeaci\u00f3n del municipio de Soledad informan que contin\u00faan recibiendo las postulaciones al programa de mejoramiento de vivienda &#8216;Casa Digna, Vida Digna&#8217; del Ministerio de Vivienda, que beneficiar\u00e1 a 2 mil familias de cuatro barrios de Soledad.<\/p>\n<p>La gobernadora del departamento, Elsa Noguera, record\u00f3 que los barrios priorizados para recibir el beneficio en una primera etapa son Altos de Jes\u00fas, Moras Occidente, Prado Soledad y San Vicente.<\/p>\n<p>\u00abCon esta ampliaci\u00f3n en la recepci\u00f3n de documentos se busca que m\u00e1s familias solede\u00f1as tengan la oportunidad de postularse al subsidio de mejoramiento locativo de vivienda de hasta 12 salarios m\u00ednimos legales vigentes. Este auxilio podr\u00e1 ser usado bien sea para la construcci\u00f3n del ba\u00f1o, la cocina, pisos, techos, cubierta, o de otro cuarto para evitar hacinamiento\u00bb, explic\u00f3 Elsa Noguera.<\/p>\n<p>La mandataria indic\u00f3 que la convocatoria se desarrolla en el marco de un convenio entre el Ministerio de Vivienda, Findeter, la Gobernaci\u00f3n del Atl\u00e1ntico y la Alcald\u00eda de Soledad, por un valor de 20 mil millones de pesos.<\/p>\n<p>Asimismo, este programa va en sinton\u00eda con el prop\u00f3sito de esta Administraci\u00f3n Departamental de generar bienestar y dignidad en los hogares atlanticenses eliminando los pisos de arena de sus casas.<\/p>\n<p>El subsecretario de Vivienda del departamento, Alejandro Quintero, hizo un llamado a los solede\u00f1os que ya se inscribieron y a quienes est\u00e1n todav\u00eda interesadosa que tengan en cuenta que \u00abes necesario entregar los documentos completos para que se pueda hacer efectiva la inscripci\u00f3n al programa\u00bb.<\/p>\n<p>Quintero agreg\u00f3 que el proceso de inscripci\u00f3n no tiene costo y se hace sin intermediarios ni tramitadores.<\/p>\n<p>Debido a la contingencia por la emergencia sanitaria, la recepci\u00f3n de los documentos se est\u00e1 realizando de manera virtual, a trav\u00e9s del correo casadignavidadigna013@gmail.com. Para conocer m\u00e1s informaci\u00f3n sobre c\u00f3mo postularse y cu\u00e1les son los requisitos pueden comunicarse a las l\u00edneas de atenci\u00f3n telef\u00f3nica 3172156600 y 3168158422.<\/p>\n<p>De igual forma, teniendo en cuenta que algunos interesados no cuentan con acceso a un computador o a internet, la Secretar\u00eda de Planeaci\u00f3n de Soledad est\u00e1 recibiendo de manera presencial el formulario diligenciado y la documentaci\u00f3n requerida en su oficina ubicada en la Alcald\u00eda, cumpliendo con los respectivos protocolos de bioseguridad.<\/p>\n<p><img fetchpriority=\"high\" decoding=\"async\" class=\"alignleft size-full wp-image-1846\" src=\"https:\/\/contrastes.com.co\/digital\/wp-content\/uploads\/2020\/07\/instructivo-casa-diga.jpg\" alt=\"instructivo casa digna\" width=\"580\" height=\"370\" \/><\/p>\n<p><strong>Entre los requisitos exigidos para aplicar al subsidio est\u00e1n:<\/strong><\/p>\n<p><strong>&#8211; Los integrantes del hogar deben contar con documento de identificaci\u00f3n vigente.<\/strong><\/p>\n<p><strong>&#8211; No pueden haber sido beneficiarios de un Subsidio Familiar de Vivienda para adquisici\u00f3n asignado por entidades del orden nacional.<\/strong><\/p>\n<p><strong>&#8211; No deben ser propietarios de una vivienda diferente a la inscrita en el programa.<\/strong><\/p>\n<p><strong>&#8211; Deben ser propietarios o poseedores de la vivienda postulada y habitar en la misma.<\/strong><\/p>\n<p><strong>&#8211; Tener t\u00edtulo de propiedad de la vivienda o la acreditaci\u00f3n de la posesi\u00f3n de la casa de por lo menos cinco a\u00f1os.<\/strong><\/p>\n","protected":false},"excerpt":{"rendered":"<p>Con el programa &#8216;Casa Digna, Vida Digna&#8217; del Ministerio de Vivienda se beneficiar\u00e1n 2 mil familias de cuatro barrios del municipio. La ampliaci\u00f3n en la recepci\u00f3n de documentos busca que m\u00e1s familias solede\u00f1as tengan la oportunidad de postularse al subsidio de hasta 12 salarios m\u00ednimos. La entrega de documentos se est\u00e1 realizando a trav\u00e9s de [&hellip;]<\/p>\n","protected":false},"author":1,"featured_media":1845,"comment_status":"open","ping_status":"open","sticky":false,"template":"","format":"standard","meta":{"footnotes":""},"categories":[24,514],"tags":[829,15,832,51,833,831],"class_list":["post-1844","post","type-post","status-publish","format-standard","has-post-thumbnail","hentry","category-region","category-vivienda","tag-casa-digna","tag-gobernacion-del-atlantico","tag-mejoramiento-de-vivienda","tag-municipio-de-soledad","tag-programa-del-ministerio-de-vivienda","tag-vida-digna"],"yoast_head":"<!-- This site is optimized with the Yoast SEO plugin v27.7 - https:\/\/yoast.com\/product\/yoast-seo-wordpress\/ -->\n<title>Contin\u00faa abierta convocatoria para postularse a mejoramiento de vivienda en Soledad - Constrastes<\/title>\n<meta name=\"robots\" content=\"index, follow, max-snippet:-1, max-image-preview:large, max-video-preview:-1\" \/>\n<link rel=\"canonical\" href=\"https:\/\/contrastes.com.co\/web\/2020\/07\/21\/continua-abierta-convocatoria-para-postularse-a-mejoramiento-de-vivienda-en-soledad\/\" \/>\n<meta property=\"og:locale\" content=\"es_ES\" \/>\n<meta property=\"og:type\" content=\"article\" \/>\n<meta property=\"og:title\" content=\"Contin\u00faa abierta convocatoria para postularse a mejoramiento de vivienda en Soledad - Constrastes\" \/>\n<meta property=\"og:description\" content=\"Con el programa &#8216;Casa Digna, Vida Digna&#8217; del Ministerio de Vivienda se beneficiar\u00e1n 2 mil familias de cuatro barrios del municipio. La ampliaci\u00f3n en la recepci\u00f3n de documentos busca que m\u00e1s familias solede\u00f1as tengan la oportunidad de postularse al subsidio de hasta 12 salarios m\u00ednimos. La entrega de documentos se est\u00e1 realizando a trav\u00e9s de [&hellip;]\" \/>\n<meta property=\"og:url\" content=\"https:\/\/contrastes.com.co\/web\/2020\/07\/21\/continua-abierta-convocatoria-para-postularse-a-mejoramiento-de-vivienda-en-soledad\/\" \/>\n<meta property=\"og:site_name\" content=\"Constrastes\" \/>\n<meta property=\"article:publisher\" content=\"https:\/\/www.facebook.com\/guillo.pantoja.1\" \/>\n<meta property=\"article:published_time\" content=\"2020-07-21T16:32:58+00:00\" \/>\n<meta name=\"author\" content=\"Editor\" \/>\n<meta name=\"twitter:card\" content=\"summary_large_image\" \/>\n<meta name=\"twitter:label1\" content=\"Escrito por\" \/>\n\t<meta name=\"twitter:data1\" content=\"Editor\" \/>\n\t<meta name=\"twitter:label2\" content=\"Tiempo de lectura\" \/>\n\t<meta name=\"twitter:data2\" content=\"3 minutos\" \/>\n<script type=\"application\/ld+json\" class=\"yoast-schema-graph\">{\"@context\":\"https:\\\/\\\/schema.org\",\"@graph\":[{\"@type\":\"Article\",\"@id\":\"https:\\\/\\\/contrastes.com.co\\\/web\\\/2020\\\/07\\\/21\\\/continua-abierta-convocatoria-para-postularse-a-mejoramiento-de-vivienda-en-soledad\\\/#article\",\"isPartOf\":{\"@id\":\"https:\\\/\\\/contrastes.com.co\\\/web\\\/2020\\\/07\\\/21\\\/continua-abierta-convocatoria-para-postularse-a-mejoramiento-de-vivienda-en-soledad\\\/\"},\"author\":{\"name\":\"Editor\",\"@id\":\"https:\\\/\\\/contrastes.com.co\\\/web\\\/#\\\/schema\\\/person\\\/62ef7a62dc4da6de450c71fc2e95ed02\"},\"headline\":\"Contin\u00faa abierta convocatoria para postularse a mejoramiento de vivienda en Soledad\",\"datePublished\":\"2020-07-21T16:32:58+00:00\",\"mainEntityOfPage\":{\"@id\":\"https:\\\/\\\/contrastes.com.co\\\/web\\\/2020\\\/07\\\/21\\\/continua-abierta-convocatoria-para-postularse-a-mejoramiento-de-vivienda-en-soledad\\\/\"},\"wordCount\":606,\"commentCount\":0,\"publisher\":{\"@id\":\"https:\\\/\\\/contrastes.com.co\\\/web\\\/#organization\"},\"image\":{\"@id\":\"https:\\\/\\\/contrastes.com.co\\\/web\\\/2020\\\/07\\\/21\\\/continua-abierta-convocatoria-para-postularse-a-mejoramiento-de-vivienda-en-soledad\\\/#primaryimage\"},\"thumbnailUrl\":\"\",\"keywords\":[\"Casa Digna\",\"gobernaci\u00f3n del Atl\u00e1ntico\",\"mejoramiento de vivienda\",\"municipio de soledad\",\"programa del ministerio de Vivienda\",\"Vida Digna\"],\"articleSection\":[\"Regi\u00f3n\",\"Vivienda\"],\"inLanguage\":\"es\",\"potentialAction\":[{\"@type\":\"CommentAction\",\"name\":\"Comment\",\"target\":[\"https:\\\/\\\/contrastes.com.co\\\/web\\\/2020\\\/07\\\/21\\\/continua-abierta-convocatoria-para-postularse-a-mejoramiento-de-vivienda-en-soledad\\\/#respond\"]}]},{\"@type\":\"WebPage\",\"@id\":\"https:\\\/\\\/contrastes.com.co\\\/web\\\/2020\\\/07\\\/21\\\/continua-abierta-convocatoria-para-postularse-a-mejoramiento-de-vivienda-en-soledad\\\/\",\"url\":\"https:\\\/\\\/contrastes.com.co\\\/web\\\/2020\\\/07\\\/21\\\/continua-abierta-convocatoria-para-postularse-a-mejoramiento-de-vivienda-en-soledad\\\/\",\"name\":\"Contin\u00faa abierta convocatoria para postularse a mejoramiento de vivienda en Soledad - Constrastes\",\"isPartOf\":{\"@id\":\"https:\\\/\\\/contrastes.com.co\\\/web\\\/#website\"},\"primaryImageOfPage\":{\"@id\":\"https:\\\/\\\/contrastes.com.co\\\/web\\\/2020\\\/07\\\/21\\\/continua-abierta-convocatoria-para-postularse-a-mejoramiento-de-vivienda-en-soledad\\\/#primaryimage\"},\"image\":{\"@id\":\"https:\\\/\\\/contrastes.com.co\\\/web\\\/2020\\\/07\\\/21\\\/continua-abierta-convocatoria-para-postularse-a-mejoramiento-de-vivienda-en-soledad\\\/#primaryimage\"},\"thumbnailUrl\":\"\",\"datePublished\":\"2020-07-21T16:32:58+00:00\",\"breadcrumb\":{\"@id\":\"https:\\\/\\\/contrastes.com.co\\\/web\\\/2020\\\/07\\\/21\\\/continua-abierta-convocatoria-para-postularse-a-mejoramiento-de-vivienda-en-soledad\\\/#breadcrumb\"},\"inLanguage\":\"es\",\"potentialAction\":[{\"@type\":\"ReadAction\",\"target\":[\"https:\\\/\\\/contrastes.com.co\\\/web\\\/2020\\\/07\\\/21\\\/continua-abierta-convocatoria-para-postularse-a-mejoramiento-de-vivienda-en-soledad\\\/\"]}]},{\"@type\":\"ImageObject\",\"inLanguage\":\"es\",\"@id\":\"https:\\\/\\\/contrastes.com.co\\\/web\\\/2020\\\/07\\\/21\\\/continua-abierta-convocatoria-para-postularse-a-mejoramiento-de-vivienda-en-soledad\\\/#primaryimage\",\"url\":\"\",\"contentUrl\":\"\"},{\"@type\":\"BreadcrumbList\",\"@id\":\"https:\\\/\\\/contrastes.com.co\\\/web\\\/2020\\\/07\\\/21\\\/continua-abierta-convocatoria-para-postularse-a-mejoramiento-de-vivienda-en-soledad\\\/#breadcrumb\",\"itemListElement\":[{\"@type\":\"ListItem\",\"position\":1,\"name\":\"Portada\",\"item\":\"https:\\\/\\\/contrastes.com.co\\\/web\\\/\"},{\"@type\":\"ListItem\",\"position\":2,\"name\":\"Contin\u00faa abierta convocatoria para postularse a mejoramiento de vivienda en Soledad\"}]},{\"@type\":\"WebSite\",\"@id\":\"https:\\\/\\\/contrastes.com.co\\\/web\\\/#website\",\"url\":\"https:\\\/\\\/contrastes.com.co\\\/web\\\/\",\"name\":\"Contrastes\",\"description\":\"Periodismo de Conciencia\",\"publisher\":{\"@id\":\"https:\\\/\\\/contrastes.com.co\\\/web\\\/#organization\"},\"potentialAction\":[{\"@type\":\"SearchAction\",\"target\":{\"@type\":\"EntryPoint\",\"urlTemplate\":\"https:\\\/\\\/contrastes.com.co\\\/web\\\/?s={search_term_string}\"},\"query-input\":{\"@type\":\"PropertyValueSpecification\",\"valueRequired\":true,\"valueName\":\"search_term_string\"}}],\"inLanguage\":\"es\"},{\"@type\":\"Organization\",\"@id\":\"https:\\\/\\\/contrastes.com.co\\\/web\\\/#organization\",\"name\":\"Contrastes\",\"url\":\"https:\\\/\\\/contrastes.com.co\\\/web\\\/\",\"logo\":{\"@type\":\"ImageObject\",\"inLanguage\":\"es\",\"@id\":\"https:\\\/\\\/contrastes.com.co\\\/web\\\/#\\\/schema\\\/logo\\\/image\\\/\",\"url\":\"https:\\\/\\\/contrastes.com.co\\\/web\\\/wp-content\\\/uploads\\\/2025\\\/04\\\/15CONTRASTES3.png\",\"contentUrl\":\"https:\\\/\\\/contrastes.com.co\\\/web\\\/wp-content\\\/uploads\\\/2025\\\/04\\\/15CONTRASTES3.png\",\"width\":1536,\"height\":231,\"caption\":\"Contrastes\"},\"image\":{\"@id\":\"https:\\\/\\\/contrastes.com.co\\\/web\\\/#\\\/schema\\\/logo\\\/image\\\/\"},\"sameAs\":[\"https:\\\/\\\/www.facebook.com\\\/guillo.pantoja.1\"]},{\"@type\":\"Person\",\"@id\":\"https:\\\/\\\/contrastes.com.co\\\/web\\\/#\\\/schema\\\/person\\\/62ef7a62dc4da6de450c71fc2e95ed02\",\"name\":\"Editor\",\"image\":{\"@type\":\"ImageObject\",\"inLanguage\":\"es\",\"@id\":\"https:\\\/\\\/secure.gravatar.com\\\/avatar\\\/7bbb4f718d74bbf600dc556253bb04fd7ac8593751d6e2e3b85432d98aefae80?s=96&d=mm&r=g\",\"url\":\"https:\\\/\\\/secure.gravatar.com\\\/avatar\\\/7bbb4f718d74bbf600dc556253bb04fd7ac8593751d6e2e3b85432d98aefae80?s=96&d=mm&r=g\",\"contentUrl\":\"https:\\\/\\\/secure.gravatar.com\\\/avatar\\\/7bbb4f718d74bbf600dc556253bb04fd7ac8593751d6e2e3b85432d98aefae80?s=96&d=mm&r=g\",\"caption\":\"Editor\"},\"sameAs\":[\"https:\\\/\\\/contrastes.com.co\\\/web\"],\"url\":\"https:\\\/\\\/contrastes.com.co\\\/web\\\/author\\\/jdbobadilla\\\/\"}]}<\/script>\n<!-- \/ Yoast SEO plugin. -->","yoast_head_json":{"title":"Contin\u00faa abierta convocatoria para postularse a mejoramiento de vivienda en Soledad - Constrastes","robots":{"index":"index","follow":"follow","max-snippet":"max-snippet:-1","max-image-preview":"max-image-preview:large","max-video-preview":"max-video-preview:-1"},"canonical":"https:\/\/contrastes.com.co\/web\/2020\/07\/21\/continua-abierta-convocatoria-para-postularse-a-mejoramiento-de-vivienda-en-soledad\/","og_locale":"es_ES","og_type":"article","og_title":"Contin\u00faa abierta convocatoria para postularse a mejoramiento de vivienda en Soledad - Constrastes","og_description":"Con el programa &#8216;Casa Digna, Vida Digna&#8217; del Ministerio de Vivienda se beneficiar\u00e1n 2 mil familias de cuatro barrios del municipio. La ampliaci\u00f3n en la recepci\u00f3n de documentos busca que m\u00e1s familias solede\u00f1as tengan la oportunidad de postularse al subsidio de hasta 12 salarios m\u00ednimos. La entrega de documentos se est\u00e1 realizando a trav\u00e9s de [&hellip;]","og_url":"https:\/\/contrastes.com.co\/web\/2020\/07\/21\/continua-abierta-convocatoria-para-postularse-a-mejoramiento-de-vivienda-en-soledad\/","og_site_name":"Constrastes","article_publisher":"https:\/\/www.facebook.com\/guillo.pantoja.1","article_published_time":"2020-07-21T16:32:58+00:00","author":"Editor","twitter_card":"summary_large_image","twitter_misc":{"Escrito por":"Editor","Tiempo de lectura":"3 minutos"},"schema":{"@context":"https:\/\/schema.org","@graph":[{"@type":"Article","@id":"https:\/\/contrastes.com.co\/web\/2020\/07\/21\/continua-abierta-convocatoria-para-postularse-a-mejoramiento-de-vivienda-en-soledad\/#article","isPartOf":{"@id":"https:\/\/contrastes.com.co\/web\/2020\/07\/21\/continua-abierta-convocatoria-para-postularse-a-mejoramiento-de-vivienda-en-soledad\/"},"author":{"name":"Editor","@id":"https:\/\/contrastes.com.co\/web\/#\/schema\/person\/62ef7a62dc4da6de450c71fc2e95ed02"},"headline":"Contin\u00faa abierta convocatoria para postularse a mejoramiento de vivienda en Soledad","datePublished":"2020-07-21T16:32:58+00:00","mainEntityOfPage":{"@id":"https:\/\/contrastes.com.co\/web\/2020\/07\/21\/continua-abierta-convocatoria-para-postularse-a-mejoramiento-de-vivienda-en-soledad\/"},"wordCount":606,"commentCount":0,"publisher":{"@id":"https:\/\/contrastes.com.co\/web\/#organization"},"image":{"@id":"https:\/\/contrastes.com.co\/web\/2020\/07\/21\/continua-abierta-convocatoria-para-postularse-a-mejoramiento-de-vivienda-en-soledad\/#primaryimage"},"thumbnailUrl":"","keywords":["Casa Digna","gobernaci\u00f3n del Atl\u00e1ntico","mejoramiento de vivienda","municipio de soledad","programa del ministerio de Vivienda","Vida Digna"],"articleSection":["Regi\u00f3n","Vivienda"],"inLanguage":"es","potentialAction":[{"@type":"CommentAction","name":"Comment","target":["https:\/\/contrastes.com.co\/web\/2020\/07\/21\/continua-abierta-convocatoria-para-postularse-a-mejoramiento-de-vivienda-en-soledad\/#respond"]}]},{"@type":"WebPage","@id":"https:\/\/contrastes.com.co\/web\/2020\/07\/21\/continua-abierta-convocatoria-para-postularse-a-mejoramiento-de-vivienda-en-soledad\/","url":"https:\/\/contrastes.com.co\/web\/2020\/07\/21\/continua-abierta-convocatoria-para-postularse-a-mejoramiento-de-vivienda-en-soledad\/","name":"Contin\u00faa abierta convocatoria para postularse a mejoramiento de vivienda en Soledad - Constrastes","isPartOf":{"@id":"https:\/\/contrastes.com.co\/web\/#website"},"primaryImageOfPage":{"@id":"https:\/\/contrastes.com.co\/web\/2020\/07\/21\/continua-abierta-convocatoria-para-postularse-a-mejoramiento-de-vivienda-en-soledad\/#primaryimage"},"image":{"@id":"https:\/\/contrastes.com.co\/web\/2020\/07\/21\/continua-abierta-convocatoria-para-postularse-a-mejoramiento-de-vivienda-en-soledad\/#primaryimage"},"thumbnailUrl":"","datePublished":"2020-07-21T16:32:58+00:00","breadcrumb":{"@id":"https:\/\/contrastes.com.co\/web\/2020\/07\/21\/continua-abierta-convocatoria-para-postularse-a-mejoramiento-de-vivienda-en-soledad\/#breadcrumb"},"inLanguage":"es","potentialAction":[{"@type":"ReadAction","target":["https:\/\/contrastes.com.co\/web\/2020\/07\/21\/continua-abierta-convocatoria-para-postularse-a-mejoramiento-de-vivienda-en-soledad\/"]}]},{"@type":"ImageObject","inLanguage":"es","@id":"https:\/\/contrastes.com.co\/web\/2020\/07\/21\/continua-abierta-convocatoria-para-postularse-a-mejoramiento-de-vivienda-en-soledad\/#primaryimage","url":"","contentUrl":""},{"@type":"BreadcrumbList","@id":"https:\/\/contrastes.com.co\/web\/2020\/07\/21\/continua-abierta-convocatoria-para-postularse-a-mejoramiento-de-vivienda-en-soledad\/#breadcrumb","itemListElement":[{"@type":"ListItem","position":1,"name":"Portada","item":"https:\/\/contrastes.com.co\/web\/"},{"@type":"ListItem","position":2,"name":"Contin\u00faa abierta convocatoria para postularse a mejoramiento de vivienda en Soledad"}]},{"@type":"WebSite","@id":"https:\/\/contrastes.com.co\/web\/#website","url":"https:\/\/contrastes.com.co\/web\/","name":"Contrastes","description":"Periodismo de Conciencia","publisher":{"@id":"https:\/\/contrastes.com.co\/web\/#organization"},"potentialAction":[{"@type":"SearchAction","target":{"@type":"EntryPoint","urlTemplate":"https:\/\/contrastes.com.co\/web\/?s={search_term_string}"},"query-input":{"@type":"PropertyValueSpecification","valueRequired":true,"valueName":"search_term_string"}}],"inLanguage":"es"},{"@type":"Organization","@id":"https:\/\/contrastes.com.co\/web\/#organization","name":"Contrastes","url":"https:\/\/contrastes.com.co\/web\/","logo":{"@type":"ImageObject","inLanguage":"es","@id":"https:\/\/contrastes.com.co\/web\/#\/schema\/logo\/image\/","url":"https:\/\/contrastes.com.co\/web\/wp-content\/uploads\/2025\/04\/15CONTRASTES3.png","contentUrl":"https:\/\/contrastes.com.co\/web\/wp-content\/uploads\/2025\/04\/15CONTRASTES3.png","width":1536,"height":231,"caption":"Contrastes"},"image":{"@id":"https:\/\/contrastes.com.co\/web\/#\/schema\/logo\/image\/"},"sameAs":["https:\/\/www.facebook.com\/guillo.pantoja.1"]},{"@type":"Person","@id":"https:\/\/contrastes.com.co\/web\/#\/schema\/person\/62ef7a62dc4da6de450c71fc2e95ed02","name":"Editor","image":{"@type":"ImageObject","inLanguage":"es","@id":"https:\/\/secure.gravatar.com\/avatar\/7bbb4f718d74bbf600dc556253bb04fd7ac8593751d6e2e3b85432d98aefae80?s=96&d=mm&r=g","url":"https:\/\/secure.gravatar.com\/avatar\/7bbb4f718d74bbf600dc556253bb04fd7ac8593751d6e2e3b85432d98aefae80?s=96&d=mm&r=g","contentUrl":"https:\/\/secure.gravatar.com\/avatar\/7bbb4f718d74bbf600dc556253bb04fd7ac8593751d6e2e3b85432d98aefae80?s=96&d=mm&r=g","caption":"Editor"},"sameAs":["https:\/\/contrastes.com.co\/web"],"url":"https:\/\/contrastes.com.co\/web\/author\/jdbobadilla\/"}]}},"blog_post_layout_featured_media_urls":{"thumbnail":"","full":""},"categories_names":{"24":{"name":"Regi\u00f3n","link":"https:\/\/contrastes.com.co\/web\/category\/region\/"},"514":{"name":"Vivienda","link":"https:\/\/contrastes.com.co\/web\/category\/vivienda\/"}},"tags_names":{"829":{"name":"Casa Digna","link":"https:\/\/contrastes.com.co\/web\/tag\/casa-digna\/"},"15":{"name":"gobernaci\u00f3n del Atl\u00e1ntico","link":"https:\/\/contrastes.com.co\/web\/tag\/gobernacion-del-atlantico\/"},"832":{"name":"mejoramiento de vivienda","link":"https:\/\/contrastes.com.co\/web\/tag\/mejoramiento-de-vivienda\/"},"51":{"name":"municipio de soledad","link":"https:\/\/contrastes.com.co\/web\/tag\/municipio-de-soledad\/"},"833":{"name":"programa del ministerio de Vivienda","link":"https:\/\/contrastes.com.co\/web\/tag\/programa-del-ministerio-de-vivienda\/"},"831":{"name":"Vida Digna","link":"https:\/\/contrastes.com.co\/web\/tag\/vida-digna\/"}},"comments_number":"0","wpmagazine_modules_lite_featured_media_urls":{"thumbnail":"","cvmm-medium":"","cvmm-medium-plus":"","cvmm-portrait":"","cvmm-medium-square":"","cvmm-large":"","cvmm-small":"","full":""},"_links":{"self":[{"href":"https:\/\/contrastes.com.co\/web\/wp-json\/wp\/v2\/posts\/1844","targetHints":{"allow":["GET"]}}],"collection":[{"href":"https:\/\/contrastes.com.co\/web\/wp-json\/wp\/v2\/posts"}],"about":[{"href":"https:\/\/contrastes.com.co\/web\/wp-json\/wp\/v2\/types\/post"}],"author":[{"embeddable":true,"href":"https:\/\/contrastes.com.co\/web\/wp-json\/wp\/v2\/users\/1"}],"replies":[{"embeddable":true,"href":"https:\/\/contrastes.com.co\/web\/wp-json\/wp\/v2\/comments?post=1844"}],"version-history":[{"count":0,"href":"https:\/\/contrastes.com.co\/web\/wp-json\/wp\/v2\/posts\/1844\/revisions"}],"wp:attachment":[{"href":"https:\/\/contrastes.com.co\/web\/wp-json\/wp\/v2\/media?parent=1844"}],"wp:term":[{"taxonomy":"category","embeddable":true,"href":"https:\/\/contrastes.com.co\/web\/wp-json\/wp\/v2\/categories?post=1844"},{"taxonomy":"post_tag","embeddable":true,"href":"https:\/\/contrastes.com.co\/web\/wp-json\/wp\/v2\/tags?post=1844"}],"curies":[{"name":"wp","href":"https:\/\/api.w.org\/{rel}","templated":true}]}}