{"id":1859,"date":"2020-07-21T18:00:36","date_gmt":"2020-07-21T23:00:36","guid":{"rendered":"https:\/\/contrastes.com.co\/digital\/?p=1859"},"modified":"2020-07-21T18:00:36","modified_gmt":"2020-07-21T23:00:36","slug":"entregan-elementos-de-proteccion-para-personal-de-salud-en-suan-y-campo-de-la-cruz","status":"publish","type":"post","link":"https:\/\/contrastes.com.co\/web\/2020\/07\/21\/entregan-elementos-de-proteccion-para-personal-de-salud-en-suan-y-campo-de-la-cruz\/","title":{"rendered":"Entregan elementos de protecci\u00f3n para personal de salud en Suan y Campo de la Cruz"},"content":{"rendered":"<blockquote><p><strong>En Suan, la Gobernaci\u00f3n tambi\u00e9n entreg\u00f3 ox\u00edmetros y medicamentos para la atenci\u00f3n de pacientes con Covid-19.<\/strong><\/p><\/blockquote>\n<p><em><strong>*Recientemente al departamento llegaron 614 mil tapabocas quir\u00fargicos, 189 mil tapabocas N95, 24.100 batas antifluidos y 900 gafas protectoras enviadas por el Gobierno Nacional.<\/strong><\/em><\/p>\n<p><img decoding=\"async\" class=\"alignleft  wp-image-845\" src=\"https:\/\/contrastes.com.co\/digital\/wp-content\/uploads\/2020\/05\/e-capitular.png\" alt=\"e capitular\" width=\"72\" height=\"72\" \/>n los municipios de Suan y Campo de la Cruz, la gobernadora, Elsa Noguera, adelant\u00f3 una nueva entrega de elementos de protecci\u00f3n y bioseguridad como trajes antifluidos, tapabocas N95 y quir\u00fargicos, gafas protectoras, alcohol, batas, gorros, guantes y gel antibacterial, para el personal de salud que trabaja en los hospitales municipales.<\/p>\n<p>La Gobernadora del Atl\u00e1ntico destac\u00f3 la labor ejemplar que realizan a diario los profesionales de la salud desde la primera l\u00ednea de atenci\u00f3n y pidi\u00f3 el respaldo de la comunidad para ellos en estos momentos de pandemia.<\/p>\n<p>\u00abCuidar y proteger a nuestros trabajadores de la salud es fundamental, por eso estamos haciendo entrega en cada uno de los hospitales municipales elementos protectores que ellos requieren para poder hacer identificaci\u00f3n temprana de casos y visitas domiciliarias a los mayores de 60 a\u00f1os\u00bb, indic\u00f3 la mandataria departamental.<\/p>\n<p>El alcalde de Suan, Danilo Cabarcas, destac\u00f3 el apoyo de la Gobernaci\u00f3n en la entrega de los elementos de bioseguridad al hospital municipal para los profesionales y t\u00e9cnicos de la salud. \u00abSon elementos que nos ayudan a proteger a nuestros profesionales de la salud, que han entregado sus vidas en esta pandemia y debemos protegerlos. La gente tambi\u00e9n debe tomar conciencia sobre la importancia de mantener esas medidas de bioseguridad permanente para evitar el contagio en nuestra comunidad\u00bb, dijo.<\/p>\n<p><img fetchpriority=\"high\" decoding=\"async\" class=\"alignleft size-full wp-image-1861\" src=\"https:\/\/contrastes.com.co\/digital\/wp-content\/uploads\/2020\/07\/entrega-suan-y-campo.jpg\" alt=\"entrega elementos salud\" width=\"925\" height=\"470\" \/><\/p>\n<p>Por su parte, <strong>el alcalde de Campo de la Cruz, Richard G\u00f3mez<\/strong>, sostuvo que el n\u00famero de casos en el municipio ha aumentado en los \u00faltimos d\u00edas, y que por tal raz\u00f3n es importante que el personal de salud est\u00e9 debidamente protegido, para seguir en la lucha contra el Covid-19. Seg\u00fan el m\u00e1s reciente reporte del Instituto Nacional de Salud, en el municipio hay 80 casos confirmados y dos personas fallecidas a causa del virus.<\/p>\n<p>En d\u00edas pasados, la Gobernaci\u00f3n del Atl\u00e1ntico recibi\u00f3 de parte del Gobierno Nacional ocho toneladas de elementos de protecci\u00f3n y de bioseguridad para el personal de salud de los hospitales y del laboratorio de Salud P\u00fablica Departamental.<\/p>\n<p>Otra de las medidas preventivas para reducir la cadena de contagio que se han implementado en el departamento, en el marco de un convenio entre la Gobernaci\u00f3n del Atl\u00e1ntico y Fontur, es la que le garantiza al personal de salud de los hospitales Cari, Soledad y Sabanalarga, el hospedaje, sus desplazamientos, soporte psicol\u00f3gico, alimentaci\u00f3n, servicios de lavander\u00eda y aseo.<\/p>\n","protected":false},"excerpt":{"rendered":"<p>En Suan, la Gobernaci\u00f3n tambi\u00e9n entreg\u00f3 ox\u00edmetros y medicamentos para la atenci\u00f3n de pacientes con Covid-19. *Recientemente al departamento llegaron 614 mil tapabocas quir\u00fargicos, 189 mil tapabocas N95, 24.100 batas antifluidos y 900 gafas protectoras enviadas por el Gobierno Nacional. n los municipios de Suan y Campo de la Cruz, la gobernadora, Elsa Noguera, adelant\u00f3 [&hellip;]<\/p>\n","protected":false},"author":1,"featured_media":1860,"comment_status":"open","ping_status":"open","sticky":false,"template":"","format":"standard","meta":{"footnotes":""},"categories":[73,24,25],"tags":[86,503,850,77,851,15,844,852,853],"class_list":["post-1859","post","type-post","status-publish","format-standard","has-post-thumbnail","hentry","category-coronavirus","category-region","category-salud","tag-coronavirus","tag-covid-19","tag-elementos-de-bioseguridad","tag-elsa-noguera","tag-entrega-de-implementos","tag-gobernacion-del-atlantico","tag-municipio-de-campo-de-la-cruz","tag-municipio-de-suan","tag-personal-de-salud"],"yoast_head":"<!-- This site is optimized with the Yoast SEO plugin v27.7 - https:\/\/yoast.com\/product\/yoast-seo-wordpress\/ -->\n<title>Entregan elementos de protecci\u00f3n para personal de salud en Suan y Campo de la Cruz - Constrastes<\/title>\n<meta name=\"robots\" content=\"index, follow, max-snippet:-1, max-image-preview:large, max-video-preview:-1\" \/>\n<link rel=\"canonical\" href=\"https:\/\/contrastes.com.co\/web\/2020\/07\/21\/entregan-elementos-de-proteccion-para-personal-de-salud-en-suan-y-campo-de-la-cruz\/\" \/>\n<meta property=\"og:locale\" content=\"es_ES\" \/>\n<meta property=\"og:type\" content=\"article\" \/>\n<meta property=\"og:title\" content=\"Entregan elementos de protecci\u00f3n para personal de salud en Suan y Campo de la Cruz - Constrastes\" \/>\n<meta property=\"og:description\" content=\"En Suan, la Gobernaci\u00f3n tambi\u00e9n entreg\u00f3 ox\u00edmetros y medicamentos para la atenci\u00f3n de pacientes con Covid-19. *Recientemente al departamento llegaron 614 mil tapabocas quir\u00fargicos, 189 mil tapabocas N95, 24.100 batas antifluidos y 900 gafas protectoras enviadas por el Gobierno Nacional. n los municipios de Suan y Campo de la Cruz, la gobernadora, Elsa Noguera, adelant\u00f3 [&hellip;]\" \/>\n<meta property=\"og:url\" content=\"https:\/\/contrastes.com.co\/web\/2020\/07\/21\/entregan-elementos-de-proteccion-para-personal-de-salud-en-suan-y-campo-de-la-cruz\/\" \/>\n<meta property=\"og:site_name\" content=\"Constrastes\" \/>\n<meta property=\"article:publisher\" content=\"https:\/\/www.facebook.com\/guillo.pantoja.1\" \/>\n<meta property=\"article:published_time\" content=\"2020-07-21T23:00:36+00:00\" \/>\n<meta name=\"author\" content=\"Editor\" \/>\n<meta name=\"twitter:card\" content=\"summary_large_image\" \/>\n<meta name=\"twitter:label1\" content=\"Escrito por\" \/>\n\t<meta name=\"twitter:data1\" content=\"Editor\" \/>\n\t<meta name=\"twitter:label2\" content=\"Tiempo de lectura\" \/>\n\t<meta name=\"twitter:data2\" content=\"2 minutos\" \/>\n<script type=\"application\/ld+json\" class=\"yoast-schema-graph\">{\"@context\":\"https:\\\/\\\/schema.org\",\"@graph\":[{\"@type\":\"Article\",\"@id\":\"https:\\\/\\\/contrastes.com.co\\\/web\\\/2020\\\/07\\\/21\\\/entregan-elementos-de-proteccion-para-personal-de-salud-en-suan-y-campo-de-la-cruz\\\/#article\",\"isPartOf\":{\"@id\":\"https:\\\/\\\/contrastes.com.co\\\/web\\\/2020\\\/07\\\/21\\\/entregan-elementos-de-proteccion-para-personal-de-salud-en-suan-y-campo-de-la-cruz\\\/\"},\"author\":{\"name\":\"Editor\",\"@id\":\"https:\\\/\\\/contrastes.com.co\\\/web\\\/#\\\/schema\\\/person\\\/62ef7a62dc4da6de450c71fc2e95ed02\"},\"headline\":\"Entregan elementos de protecci\u00f3n para personal de salud en Suan y Campo de la Cruz\",\"datePublished\":\"2020-07-21T23:00:36+00:00\",\"mainEntityOfPage\":{\"@id\":\"https:\\\/\\\/contrastes.com.co\\\/web\\\/2020\\\/07\\\/21\\\/entregan-elementos-de-proteccion-para-personal-de-salud-en-suan-y-campo-de-la-cruz\\\/\"},\"wordCount\":467,\"commentCount\":0,\"publisher\":{\"@id\":\"https:\\\/\\\/contrastes.com.co\\\/web\\\/#organization\"},\"image\":{\"@id\":\"https:\\\/\\\/contrastes.com.co\\\/web\\\/2020\\\/07\\\/21\\\/entregan-elementos-de-proteccion-para-personal-de-salud-en-suan-y-campo-de-la-cruz\\\/#primaryimage\"},\"thumbnailUrl\":\"\",\"keywords\":[\"coronavirus\",\"Covid-19\",\"elementos de bioseguridad\",\"elsa noguera\",\"entrega de implementos\",\"gobernaci\u00f3n del Atl\u00e1ntico\",\"municipio de Campo de la Cruz\",\"municipio de Suan\",\"personal de salud\"],\"articleSection\":[\"Coronavirus\",\"Regi\u00f3n\",\"Salud\"],\"inLanguage\":\"es\",\"potentialAction\":[{\"@type\":\"CommentAction\",\"name\":\"Comment\",\"target\":[\"https:\\\/\\\/contrastes.com.co\\\/web\\\/2020\\\/07\\\/21\\\/entregan-elementos-de-proteccion-para-personal-de-salud-en-suan-y-campo-de-la-cruz\\\/#respond\"]}]},{\"@type\":\"WebPage\",\"@id\":\"https:\\\/\\\/contrastes.com.co\\\/web\\\/2020\\\/07\\\/21\\\/entregan-elementos-de-proteccion-para-personal-de-salud-en-suan-y-campo-de-la-cruz\\\/\",\"url\":\"https:\\\/\\\/contrastes.com.co\\\/web\\\/2020\\\/07\\\/21\\\/entregan-elementos-de-proteccion-para-personal-de-salud-en-suan-y-campo-de-la-cruz\\\/\",\"name\":\"Entregan elementos de protecci\u00f3n para personal de salud en Suan y Campo de la Cruz - Constrastes\",\"isPartOf\":{\"@id\":\"https:\\\/\\\/contrastes.com.co\\\/web\\\/#website\"},\"primaryImageOfPage\":{\"@id\":\"https:\\\/\\\/contrastes.com.co\\\/web\\\/2020\\\/07\\\/21\\\/entregan-elementos-de-proteccion-para-personal-de-salud-en-suan-y-campo-de-la-cruz\\\/#primaryimage\"},\"image\":{\"@id\":\"https:\\\/\\\/contrastes.com.co\\\/web\\\/2020\\\/07\\\/21\\\/entregan-elementos-de-proteccion-para-personal-de-salud-en-suan-y-campo-de-la-cruz\\\/#primaryimage\"},\"thumbnailUrl\":\"\",\"datePublished\":\"2020-07-21T23:00:36+00:00\",\"breadcrumb\":{\"@id\":\"https:\\\/\\\/contrastes.com.co\\\/web\\\/2020\\\/07\\\/21\\\/entregan-elementos-de-proteccion-para-personal-de-salud-en-suan-y-campo-de-la-cruz\\\/#breadcrumb\"},\"inLanguage\":\"es\",\"potentialAction\":[{\"@type\":\"ReadAction\",\"target\":[\"https:\\\/\\\/contrastes.com.co\\\/web\\\/2020\\\/07\\\/21\\\/entregan-elementos-de-proteccion-para-personal-de-salud-en-suan-y-campo-de-la-cruz\\\/\"]}]},{\"@type\":\"ImageObject\",\"inLanguage\":\"es\",\"@id\":\"https:\\\/\\\/contrastes.com.co\\\/web\\\/2020\\\/07\\\/21\\\/entregan-elementos-de-proteccion-para-personal-de-salud-en-suan-y-campo-de-la-cruz\\\/#primaryimage\",\"url\":\"\",\"contentUrl\":\"\"},{\"@type\":\"BreadcrumbList\",\"@id\":\"https:\\\/\\\/contrastes.com.co\\\/web\\\/2020\\\/07\\\/21\\\/entregan-elementos-de-proteccion-para-personal-de-salud-en-suan-y-campo-de-la-cruz\\\/#breadcrumb\",\"itemListElement\":[{\"@type\":\"ListItem\",\"position\":1,\"name\":\"Portada\",\"item\":\"https:\\\/\\\/contrastes.com.co\\\/web\\\/\"},{\"@type\":\"ListItem\",\"position\":2,\"name\":\"Entregan elementos de protecci\u00f3n para personal de salud en Suan y Campo de la Cruz\"}]},{\"@type\":\"WebSite\",\"@id\":\"https:\\\/\\\/contrastes.com.co\\\/web\\\/#website\",\"url\":\"https:\\\/\\\/contrastes.com.co\\\/web\\\/\",\"name\":\"Contrastes\",\"description\":\"Periodismo de Conciencia\",\"publisher\":{\"@id\":\"https:\\\/\\\/contrastes.com.co\\\/web\\\/#organization\"},\"potentialAction\":[{\"@type\":\"SearchAction\",\"target\":{\"@type\":\"EntryPoint\",\"urlTemplate\":\"https:\\\/\\\/contrastes.com.co\\\/web\\\/?s={search_term_string}\"},\"query-input\":{\"@type\":\"PropertyValueSpecification\",\"valueRequired\":true,\"valueName\":\"search_term_string\"}}],\"inLanguage\":\"es\"},{\"@type\":\"Organization\",\"@id\":\"https:\\\/\\\/contrastes.com.co\\\/web\\\/#organization\",\"name\":\"Contrastes\",\"url\":\"https:\\\/\\\/contrastes.com.co\\\/web\\\/\",\"logo\":{\"@type\":\"ImageObject\",\"inLanguage\":\"es\",\"@id\":\"https:\\\/\\\/contrastes.com.co\\\/web\\\/#\\\/schema\\\/logo\\\/image\\\/\",\"url\":\"https:\\\/\\\/contrastes.com.co\\\/web\\\/wp-content\\\/uploads\\\/2025\\\/04\\\/15CONTRASTES3.png\",\"contentUrl\":\"https:\\\/\\\/contrastes.com.co\\\/web\\\/wp-content\\\/uploads\\\/2025\\\/04\\\/15CONTRASTES3.png\",\"width\":1536,\"height\":231,\"caption\":\"Contrastes\"},\"image\":{\"@id\":\"https:\\\/\\\/contrastes.com.co\\\/web\\\/#\\\/schema\\\/logo\\\/image\\\/\"},\"sameAs\":[\"https:\\\/\\\/www.facebook.com\\\/guillo.pantoja.1\"]},{\"@type\":\"Person\",\"@id\":\"https:\\\/\\\/contrastes.com.co\\\/web\\\/#\\\/schema\\\/person\\\/62ef7a62dc4da6de450c71fc2e95ed02\",\"name\":\"Editor\",\"image\":{\"@type\":\"ImageObject\",\"inLanguage\":\"es\",\"@id\":\"https:\\\/\\\/secure.gravatar.com\\\/avatar\\\/7bbb4f718d74bbf600dc556253bb04fd7ac8593751d6e2e3b85432d98aefae80?s=96&d=mm&r=g\",\"url\":\"https:\\\/\\\/secure.gravatar.com\\\/avatar\\\/7bbb4f718d74bbf600dc556253bb04fd7ac8593751d6e2e3b85432d98aefae80?s=96&d=mm&r=g\",\"contentUrl\":\"https:\\\/\\\/secure.gravatar.com\\\/avatar\\\/7bbb4f718d74bbf600dc556253bb04fd7ac8593751d6e2e3b85432d98aefae80?s=96&d=mm&r=g\",\"caption\":\"Editor\"},\"sameAs\":[\"https:\\\/\\\/contrastes.com.co\\\/web\"],\"url\":\"https:\\\/\\\/contrastes.com.co\\\/web\\\/author\\\/jdbobadilla\\\/\"}]}<\/script>\n<!-- \/ Yoast SEO plugin. -->","yoast_head_json":{"title":"Entregan elementos de protecci\u00f3n para personal de salud en Suan y Campo de la Cruz - Constrastes","robots":{"index":"index","follow":"follow","max-snippet":"max-snippet:-1","max-image-preview":"max-image-preview:large","max-video-preview":"max-video-preview:-1"},"canonical":"https:\/\/contrastes.com.co\/web\/2020\/07\/21\/entregan-elementos-de-proteccion-para-personal-de-salud-en-suan-y-campo-de-la-cruz\/","og_locale":"es_ES","og_type":"article","og_title":"Entregan elementos de protecci\u00f3n para personal de salud en Suan y Campo de la Cruz - Constrastes","og_description":"En Suan, la Gobernaci\u00f3n tambi\u00e9n entreg\u00f3 ox\u00edmetros y medicamentos para la atenci\u00f3n de pacientes con Covid-19. *Recientemente al departamento llegaron 614 mil tapabocas quir\u00fargicos, 189 mil tapabocas N95, 24.100 batas antifluidos y 900 gafas protectoras enviadas por el Gobierno Nacional. n los municipios de Suan y Campo de la Cruz, la gobernadora, Elsa Noguera, adelant\u00f3 [&hellip;]","og_url":"https:\/\/contrastes.com.co\/web\/2020\/07\/21\/entregan-elementos-de-proteccion-para-personal-de-salud-en-suan-y-campo-de-la-cruz\/","og_site_name":"Constrastes","article_publisher":"https:\/\/www.facebook.com\/guillo.pantoja.1","article_published_time":"2020-07-21T23:00:36+00:00","author":"Editor","twitter_card":"summary_large_image","twitter_misc":{"Escrito por":"Editor","Tiempo de lectura":"2 minutos"},"schema":{"@context":"https:\/\/schema.org","@graph":[{"@type":"Article","@id":"https:\/\/contrastes.com.co\/web\/2020\/07\/21\/entregan-elementos-de-proteccion-para-personal-de-salud-en-suan-y-campo-de-la-cruz\/#article","isPartOf":{"@id":"https:\/\/contrastes.com.co\/web\/2020\/07\/21\/entregan-elementos-de-proteccion-para-personal-de-salud-en-suan-y-campo-de-la-cruz\/"},"author":{"name":"Editor","@id":"https:\/\/contrastes.com.co\/web\/#\/schema\/person\/62ef7a62dc4da6de450c71fc2e95ed02"},"headline":"Entregan elementos de protecci\u00f3n para personal de salud en Suan y Campo de la Cruz","datePublished":"2020-07-21T23:00:36+00:00","mainEntityOfPage":{"@id":"https:\/\/contrastes.com.co\/web\/2020\/07\/21\/entregan-elementos-de-proteccion-para-personal-de-salud-en-suan-y-campo-de-la-cruz\/"},"wordCount":467,"commentCount":0,"publisher":{"@id":"https:\/\/contrastes.com.co\/web\/#organization"},"image":{"@id":"https:\/\/contrastes.com.co\/web\/2020\/07\/21\/entregan-elementos-de-proteccion-para-personal-de-salud-en-suan-y-campo-de-la-cruz\/#primaryimage"},"thumbnailUrl":"","keywords":["coronavirus","Covid-19","elementos de bioseguridad","elsa noguera","entrega de implementos","gobernaci\u00f3n del Atl\u00e1ntico","municipio de Campo de la Cruz","municipio de Suan","personal de salud"],"articleSection":["Coronavirus","Regi\u00f3n","Salud"],"inLanguage":"es","potentialAction":[{"@type":"CommentAction","name":"Comment","target":["https:\/\/contrastes.com.co\/web\/2020\/07\/21\/entregan-elementos-de-proteccion-para-personal-de-salud-en-suan-y-campo-de-la-cruz\/#respond"]}]},{"@type":"WebPage","@id":"https:\/\/contrastes.com.co\/web\/2020\/07\/21\/entregan-elementos-de-proteccion-para-personal-de-salud-en-suan-y-campo-de-la-cruz\/","url":"https:\/\/contrastes.com.co\/web\/2020\/07\/21\/entregan-elementos-de-proteccion-para-personal-de-salud-en-suan-y-campo-de-la-cruz\/","name":"Entregan elementos de protecci\u00f3n para personal de salud en Suan y Campo de la Cruz - Constrastes","isPartOf":{"@id":"https:\/\/contrastes.com.co\/web\/#website"},"primaryImageOfPage":{"@id":"https:\/\/contrastes.com.co\/web\/2020\/07\/21\/entregan-elementos-de-proteccion-para-personal-de-salud-en-suan-y-campo-de-la-cruz\/#primaryimage"},"image":{"@id":"https:\/\/contrastes.com.co\/web\/2020\/07\/21\/entregan-elementos-de-proteccion-para-personal-de-salud-en-suan-y-campo-de-la-cruz\/#primaryimage"},"thumbnailUrl":"","datePublished":"2020-07-21T23:00:36+00:00","breadcrumb":{"@id":"https:\/\/contrastes.com.co\/web\/2020\/07\/21\/entregan-elementos-de-proteccion-para-personal-de-salud-en-suan-y-campo-de-la-cruz\/#breadcrumb"},"inLanguage":"es","potentialAction":[{"@type":"ReadAction","target":["https:\/\/contrastes.com.co\/web\/2020\/07\/21\/entregan-elementos-de-proteccion-para-personal-de-salud-en-suan-y-campo-de-la-cruz\/"]}]},{"@type":"ImageObject","inLanguage":"es","@id":"https:\/\/contrastes.com.co\/web\/2020\/07\/21\/entregan-elementos-de-proteccion-para-personal-de-salud-en-suan-y-campo-de-la-cruz\/#primaryimage","url":"","contentUrl":""},{"@type":"BreadcrumbList","@id":"https:\/\/contrastes.com.co\/web\/2020\/07\/21\/entregan-elementos-de-proteccion-para-personal-de-salud-en-suan-y-campo-de-la-cruz\/#breadcrumb","itemListElement":[{"@type":"ListItem","position":1,"name":"Portada","item":"https:\/\/contrastes.com.co\/web\/"},{"@type":"ListItem","position":2,"name":"Entregan elementos de protecci\u00f3n para personal de salud en Suan y Campo de la Cruz"}]},{"@type":"WebSite","@id":"https:\/\/contrastes.com.co\/web\/#website","url":"https:\/\/contrastes.com.co\/web\/","name":"Contrastes","description":"Periodismo de Conciencia","publisher":{"@id":"https:\/\/contrastes.com.co\/web\/#organization"},"potentialAction":[{"@type":"SearchAction","target":{"@type":"EntryPoint","urlTemplate":"https:\/\/contrastes.com.co\/web\/?s={search_term_string}"},"query-input":{"@type":"PropertyValueSpecification","valueRequired":true,"valueName":"search_term_string"}}],"inLanguage":"es"},{"@type":"Organization","@id":"https:\/\/contrastes.com.co\/web\/#organization","name":"Contrastes","url":"https:\/\/contrastes.com.co\/web\/","logo":{"@type":"ImageObject","inLanguage":"es","@id":"https:\/\/contrastes.com.co\/web\/#\/schema\/logo\/image\/","url":"https:\/\/contrastes.com.co\/web\/wp-content\/uploads\/2025\/04\/15CONTRASTES3.png","contentUrl":"https:\/\/contrastes.com.co\/web\/wp-content\/uploads\/2025\/04\/15CONTRASTES3.png","width":1536,"height":231,"caption":"Contrastes"},"image":{"@id":"https:\/\/contrastes.com.co\/web\/#\/schema\/logo\/image\/"},"sameAs":["https:\/\/www.facebook.com\/guillo.pantoja.1"]},{"@type":"Person","@id":"https:\/\/contrastes.com.co\/web\/#\/schema\/person\/62ef7a62dc4da6de450c71fc2e95ed02","name":"Editor","image":{"@type":"ImageObject","inLanguage":"es","@id":"https:\/\/secure.gravatar.com\/avatar\/7bbb4f718d74bbf600dc556253bb04fd7ac8593751d6e2e3b85432d98aefae80?s=96&d=mm&r=g","url":"https:\/\/secure.gravatar.com\/avatar\/7bbb4f718d74bbf600dc556253bb04fd7ac8593751d6e2e3b85432d98aefae80?s=96&d=mm&r=g","contentUrl":"https:\/\/secure.gravatar.com\/avatar\/7bbb4f718d74bbf600dc556253bb04fd7ac8593751d6e2e3b85432d98aefae80?s=96&d=mm&r=g","caption":"Editor"},"sameAs":["https:\/\/contrastes.com.co\/web"],"url":"https:\/\/contrastes.com.co\/web\/author\/jdbobadilla\/"}]}},"blog_post_layout_featured_media_urls":{"thumbnail":"","full":""},"categories_names":{"73":{"name":"Coronavirus","link":"https:\/\/contrastes.com.co\/web\/category\/coronavirus\/"},"24":{"name":"Regi\u00f3n","link":"https:\/\/contrastes.com.co\/web\/category\/region\/"},"25":{"name":"Salud","link":"https:\/\/contrastes.com.co\/web\/category\/salud\/"}},"tags_names":{"86":{"name":"coronavirus","link":"https:\/\/contrastes.com.co\/web\/tag\/coronavirus\/"},"503":{"name":"Covid-19","link":"https:\/\/contrastes.com.co\/web\/tag\/covid-19\/"},"850":{"name":"elementos de bioseguridad","link":"https:\/\/contrastes.com.co\/web\/tag\/elementos-de-bioseguridad\/"},"77":{"name":"elsa noguera","link":"https:\/\/contrastes.com.co\/web\/tag\/elsa-noguera\/"},"851":{"name":"entrega de implementos","link":"https:\/\/contrastes.com.co\/web\/tag\/entrega-de-implementos\/"},"15":{"name":"gobernaci\u00f3n del Atl\u00e1ntico","link":"https:\/\/contrastes.com.co\/web\/tag\/gobernacion-del-atlantico\/"},"844":{"name":"municipio de Campo de la Cruz","link":"https:\/\/contrastes.com.co\/web\/tag\/municipio-de-campo-de-la-cruz\/"},"852":{"name":"municipio de Suan","link":"https:\/\/contrastes.com.co\/web\/tag\/municipio-de-suan\/"},"853":{"name":"personal de salud","link":"https:\/\/contrastes.com.co\/web\/tag\/personal-de-salud\/"}},"comments_number":"0","wpmagazine_modules_lite_featured_media_urls":{"thumbnail":"","cvmm-medium":"","cvmm-medium-plus":"","cvmm-portrait":"","cvmm-medium-square":"","cvmm-large":"","cvmm-small":"","full":""},"_links":{"self":[{"href":"https:\/\/contrastes.com.co\/web\/wp-json\/wp\/v2\/posts\/1859","targetHints":{"allow":["GET"]}}],"collection":[{"href":"https:\/\/contrastes.com.co\/web\/wp-json\/wp\/v2\/posts"}],"about":[{"href":"https:\/\/contrastes.com.co\/web\/wp-json\/wp\/v2\/types\/post"}],"author":[{"embeddable":true,"href":"https:\/\/contrastes.com.co\/web\/wp-json\/wp\/v2\/users\/1"}],"replies":[{"embeddable":true,"href":"https:\/\/contrastes.com.co\/web\/wp-json\/wp\/v2\/comments?post=1859"}],"version-history":[{"count":0,"href":"https:\/\/contrastes.com.co\/web\/wp-json\/wp\/v2\/posts\/1859\/revisions"}],"wp:attachment":[{"href":"https:\/\/contrastes.com.co\/web\/wp-json\/wp\/v2\/media?parent=1859"}],"wp:term":[{"taxonomy":"category","embeddable":true,"href":"https:\/\/contrastes.com.co\/web\/wp-json\/wp\/v2\/categories?post=1859"},{"taxonomy":"post_tag","embeddable":true,"href":"https:\/\/contrastes.com.co\/web\/wp-json\/wp\/v2\/tags?post=1859"}],"curies":[{"name":"wp","href":"https:\/\/api.w.org\/{rel}","templated":true}]}}