{"id":2054,"date":"2020-08-12T21:15:50","date_gmt":"2020-08-13T02:15:50","guid":{"rendered":"https:\/\/contrastes.com.co\/digital\/?p=2054"},"modified":"2020-08-12T21:15:50","modified_gmt":"2020-08-13T02:15:50","slug":"alcaldia-de-soledad-y-juntas-comunales-elaboran-plan-de-seguridad-y-convivencia","status":"publish","type":"post","link":"https:\/\/contrastes.com.co\/web\/2020\/08\/12\/alcaldia-de-soledad-y-juntas-comunales-elaboran-plan-de-seguridad-y-convivencia\/","title":{"rendered":"Alcald\u00eda de Soledad y Juntas Comunales elaboran Plan de Seguridad y Convivencia"},"content":{"rendered":"<blockquote><p><strong>\u00abEstos espacios son fundamentales para construir una estrategia con acciones alineadas con las verdaderas necesidades de la comunidad y darle voz a la ciudadan\u00eda para que sean copart\u00edcipes en materia de seguridad\u00bb: Rosmell Hern\u00e1ndez, secretario de Gobierno de Soledad.<\/strong><\/p><\/blockquote>\n<p><img decoding=\"async\" class=\"alignleft  wp-image-749\" src=\"https:\/\/contrastes.com.co\/digital\/wp-content\/uploads\/2020\/04\/d-capitular.png\" alt=\"d capitular\" width=\"75\" height=\"75\" \/>elegados de la Alcald\u00eda y la Polic\u00eda Nacional se reunieron con los presidentes de las juntas comunales del municipio para conocer las necesidades y logros de sus comunidades, con el fin de elaborar el Plan Integral de Seguridad y Convivencia Ciudadana (PISCC) 2020-2023.<\/p>\n<p>En la reuni\u00f3n estuvieron el <strong>secretario municipal de Gobierno, Rosmell Hern\u00e1ndez; el comandante de la Polic\u00eda del Sexto Distrito, teniente coronel Alex Su\u00e1rez; el presidente de la Asociaci\u00f3n de Juntas de Acci\u00f3n Comunal, Asocomunal de Soledad, Ramiro Consuegra<\/strong>; y 15 representantes de las juntas comunales del municipio.<\/p>\n<p>Hern\u00e1ndez manifest\u00f3 que estos espacios son fundamentales para construir una estrategia con acciones alineadas con las verdaderas necesidades de la comunidad y darle voz a la ciudadan\u00eda para que sean copart\u00edcipes en materia de seguridad.<\/p>\n<p>Durante la reuni\u00f3n, los presidentes manifestaron la necesidad de hacerle frente al microtr\u00e1fico y a la delincuencia com\u00fan, mejorar las alarmas de los cuadrantes y la operatividad de los frentes de seguridad, instalar c\u00e1maras de seguridad y reponer las averiadas.<\/p>\n<p><strong>Ricardo Ram\u00edrez, delegado del barrio Villa Linda (Murillo)<\/strong>, expres\u00f3 que en su comunidad se ha venido realizando un trabajo especial con intenci\u00f3n de reforzar los liderazgos individuales en materia de seguridad, los cuales han sido fruct\u00edferos y ser\u00e1n replicados en todos los rincones del municipio en aras de avanzar en este frente. \u00abExiste un compromiso real y esto se debe al trabajo en equipo entre la comunidad y la Polic\u00eda. Esta es la clave del proceso. Contamos con alarmas y grupos de WhatsApp, mediante los cuales nos mantenemos informados sobre los eventos sospechosos en el barrio\u00bb, dijo.<\/p>\n<p>Finalmente, es necesario destacar que durante las pr\u00f3ximas dos semanas la Alcald\u00eda de Soledad, a trav\u00e9s de la secretar\u00eda municipal de Gobierno, realizar\u00e1 20 reuniones en todos los sectores del municipio con intenci\u00f3n de seguir trabajando de manera mancomunada con la comunidad<\/p>\n","protected":false},"excerpt":{"rendered":"<p>\u00abEstos espacios son fundamentales para construir una estrategia con acciones alineadas con las verdaderas necesidades de la comunidad y darle voz a la ciudadan\u00eda para que sean copart\u00edcipes en materia de seguridad\u00bb: Rosmell Hern\u00e1ndez, secretario de Gobierno de Soledad. elegados de la Alcald\u00eda y la Polic\u00eda Nacional se reunieron con los presidentes de las juntas [&hellip;]<\/p>\n","protected":false},"author":1,"featured_media":2055,"comment_status":"open","ping_status":"open","sticky":false,"template":"","format":"standard","meta":{"footnotes":""},"categories":[10,172,53],"tags":[1026,1027,1028,1029,1030,358,52],"class_list":["post-2054","post","type-post","status-publish","format-standard","has-post-thumbnail","hentry","category-comunidad","category-judicial","category-seguridad-ciudadana","tag-juntas-de-accion-comunal","tag-pdte-asocomunal","tag-plan-de-seguridad-y-convivencia","tag-policia-naciona","tag-ramiro-consuegra","tag-rosmel-hernandez-bresneider","tag-secretario-de-gobierno-de-soledad"],"yoast_head":"<!-- This site is optimized with the Yoast SEO plugin v27.7 - https:\/\/yoast.com\/product\/yoast-seo-wordpress\/ -->\n<title>Alcald\u00eda de Soledad y Juntas Comunales elaboran Plan de Seguridad y Convivencia - Constrastes<\/title>\n<meta name=\"robots\" content=\"index, follow, max-snippet:-1, max-image-preview:large, max-video-preview:-1\" \/>\n<link rel=\"canonical\" href=\"https:\/\/contrastes.com.co\/web\/2020\/08\/12\/alcaldia-de-soledad-y-juntas-comunales-elaboran-plan-de-seguridad-y-convivencia\/\" \/>\n<meta property=\"og:locale\" content=\"es_ES\" \/>\n<meta property=\"og:type\" content=\"article\" \/>\n<meta property=\"og:title\" content=\"Alcald\u00eda de Soledad y Juntas Comunales elaboran Plan de Seguridad y Convivencia - Constrastes\" \/>\n<meta property=\"og:description\" content=\"\u00abEstos espacios son fundamentales para construir una estrategia con acciones alineadas con las verdaderas necesidades de la comunidad y darle voz a la ciudadan\u00eda para que sean copart\u00edcipes en materia de seguridad\u00bb: Rosmell Hern\u00e1ndez, secretario de Gobierno de Soledad. elegados de la Alcald\u00eda y la Polic\u00eda Nacional se reunieron con los presidentes de las juntas [&hellip;]\" \/>\n<meta property=\"og:url\" content=\"https:\/\/contrastes.com.co\/web\/2020\/08\/12\/alcaldia-de-soledad-y-juntas-comunales-elaboran-plan-de-seguridad-y-convivencia\/\" \/>\n<meta property=\"og:site_name\" content=\"Constrastes\" \/>\n<meta property=\"article:publisher\" content=\"https:\/\/www.facebook.com\/guillo.pantoja.1\" \/>\n<meta property=\"article:published_time\" content=\"2020-08-13T02:15:50+00:00\" \/>\n<meta name=\"author\" content=\"Editor\" \/>\n<meta name=\"twitter:card\" content=\"summary_large_image\" \/>\n<meta name=\"twitter:label1\" content=\"Escrito por\" \/>\n\t<meta name=\"twitter:data1\" content=\"Editor\" \/>\n\t<meta name=\"twitter:label2\" content=\"Tiempo de lectura\" \/>\n\t<meta name=\"twitter:data2\" content=\"2 minutos\" \/>\n<script type=\"application\/ld+json\" class=\"yoast-schema-graph\">{\"@context\":\"https:\\\/\\\/schema.org\",\"@graph\":[{\"@type\":\"Article\",\"@id\":\"https:\\\/\\\/contrastes.com.co\\\/web\\\/2020\\\/08\\\/12\\\/alcaldia-de-soledad-y-juntas-comunales-elaboran-plan-de-seguridad-y-convivencia\\\/#article\",\"isPartOf\":{\"@id\":\"https:\\\/\\\/contrastes.com.co\\\/web\\\/2020\\\/08\\\/12\\\/alcaldia-de-soledad-y-juntas-comunales-elaboran-plan-de-seguridad-y-convivencia\\\/\"},\"author\":{\"name\":\"Editor\",\"@id\":\"https:\\\/\\\/contrastes.com.co\\\/web\\\/#\\\/schema\\\/person\\\/62ef7a62dc4da6de450c71fc2e95ed02\"},\"headline\":\"Alcald\u00eda de Soledad y Juntas Comunales elaboran Plan de Seguridad y Convivencia\",\"datePublished\":\"2020-08-13T02:15:50+00:00\",\"mainEntityOfPage\":{\"@id\":\"https:\\\/\\\/contrastes.com.co\\\/web\\\/2020\\\/08\\\/12\\\/alcaldia-de-soledad-y-juntas-comunales-elaboran-plan-de-seguridad-y-convivencia\\\/\"},\"wordCount\":382,\"commentCount\":0,\"publisher\":{\"@id\":\"https:\\\/\\\/contrastes.com.co\\\/web\\\/#organization\"},\"image\":{\"@id\":\"https:\\\/\\\/contrastes.com.co\\\/web\\\/2020\\\/08\\\/12\\\/alcaldia-de-soledad-y-juntas-comunales-elaboran-plan-de-seguridad-y-convivencia\\\/#primaryimage\"},\"thumbnailUrl\":\"\",\"keywords\":[\"Juntas de Acci\u00f3n Comunal\",\"Pdte. Asocomunal\",\"Plan de Seguridad y Convivencia\",\"Polic\u00eda Naciona\",\"Ramiro Consuegra\",\"Rosmel Hern\u00e1ndez Bresneider\",\"secretario de Gobierno de Soledad\"],\"articleSection\":[\"Comunidad\",\"Judicial\",\"Seguridad Ciudadana\"],\"inLanguage\":\"es\",\"potentialAction\":[{\"@type\":\"CommentAction\",\"name\":\"Comment\",\"target\":[\"https:\\\/\\\/contrastes.com.co\\\/web\\\/2020\\\/08\\\/12\\\/alcaldia-de-soledad-y-juntas-comunales-elaboran-plan-de-seguridad-y-convivencia\\\/#respond\"]}]},{\"@type\":\"WebPage\",\"@id\":\"https:\\\/\\\/contrastes.com.co\\\/web\\\/2020\\\/08\\\/12\\\/alcaldia-de-soledad-y-juntas-comunales-elaboran-plan-de-seguridad-y-convivencia\\\/\",\"url\":\"https:\\\/\\\/contrastes.com.co\\\/web\\\/2020\\\/08\\\/12\\\/alcaldia-de-soledad-y-juntas-comunales-elaboran-plan-de-seguridad-y-convivencia\\\/\",\"name\":\"Alcald\u00eda de Soledad y Juntas Comunales elaboran Plan de Seguridad y Convivencia - Constrastes\",\"isPartOf\":{\"@id\":\"https:\\\/\\\/contrastes.com.co\\\/web\\\/#website\"},\"primaryImageOfPage\":{\"@id\":\"https:\\\/\\\/contrastes.com.co\\\/web\\\/2020\\\/08\\\/12\\\/alcaldia-de-soledad-y-juntas-comunales-elaboran-plan-de-seguridad-y-convivencia\\\/#primaryimage\"},\"image\":{\"@id\":\"https:\\\/\\\/contrastes.com.co\\\/web\\\/2020\\\/08\\\/12\\\/alcaldia-de-soledad-y-juntas-comunales-elaboran-plan-de-seguridad-y-convivencia\\\/#primaryimage\"},\"thumbnailUrl\":\"\",\"datePublished\":\"2020-08-13T02:15:50+00:00\",\"breadcrumb\":{\"@id\":\"https:\\\/\\\/contrastes.com.co\\\/web\\\/2020\\\/08\\\/12\\\/alcaldia-de-soledad-y-juntas-comunales-elaboran-plan-de-seguridad-y-convivencia\\\/#breadcrumb\"},\"inLanguage\":\"es\",\"potentialAction\":[{\"@type\":\"ReadAction\",\"target\":[\"https:\\\/\\\/contrastes.com.co\\\/web\\\/2020\\\/08\\\/12\\\/alcaldia-de-soledad-y-juntas-comunales-elaboran-plan-de-seguridad-y-convivencia\\\/\"]}]},{\"@type\":\"ImageObject\",\"inLanguage\":\"es\",\"@id\":\"https:\\\/\\\/contrastes.com.co\\\/web\\\/2020\\\/08\\\/12\\\/alcaldia-de-soledad-y-juntas-comunales-elaboran-plan-de-seguridad-y-convivencia\\\/#primaryimage\",\"url\":\"\",\"contentUrl\":\"\"},{\"@type\":\"BreadcrumbList\",\"@id\":\"https:\\\/\\\/contrastes.com.co\\\/web\\\/2020\\\/08\\\/12\\\/alcaldia-de-soledad-y-juntas-comunales-elaboran-plan-de-seguridad-y-convivencia\\\/#breadcrumb\",\"itemListElement\":[{\"@type\":\"ListItem\",\"position\":1,\"name\":\"Portada\",\"item\":\"https:\\\/\\\/contrastes.com.co\\\/web\\\/\"},{\"@type\":\"ListItem\",\"position\":2,\"name\":\"Alcald\u00eda de Soledad y Juntas Comunales elaboran Plan de Seguridad y Convivencia\"}]},{\"@type\":\"WebSite\",\"@id\":\"https:\\\/\\\/contrastes.com.co\\\/web\\\/#website\",\"url\":\"https:\\\/\\\/contrastes.com.co\\\/web\\\/\",\"name\":\"Contrastes\",\"description\":\"Periodismo de Conciencia\",\"publisher\":{\"@id\":\"https:\\\/\\\/contrastes.com.co\\\/web\\\/#organization\"},\"potentialAction\":[{\"@type\":\"SearchAction\",\"target\":{\"@type\":\"EntryPoint\",\"urlTemplate\":\"https:\\\/\\\/contrastes.com.co\\\/web\\\/?s={search_term_string}\"},\"query-input\":{\"@type\":\"PropertyValueSpecification\",\"valueRequired\":true,\"valueName\":\"search_term_string\"}}],\"inLanguage\":\"es\"},{\"@type\":\"Organization\",\"@id\":\"https:\\\/\\\/contrastes.com.co\\\/web\\\/#organization\",\"name\":\"Contrastes\",\"url\":\"https:\\\/\\\/contrastes.com.co\\\/web\\\/\",\"logo\":{\"@type\":\"ImageObject\",\"inLanguage\":\"es\",\"@id\":\"https:\\\/\\\/contrastes.com.co\\\/web\\\/#\\\/schema\\\/logo\\\/image\\\/\",\"url\":\"https:\\\/\\\/contrastes.com.co\\\/web\\\/wp-content\\\/uploads\\\/2025\\\/04\\\/15CONTRASTES3.png\",\"contentUrl\":\"https:\\\/\\\/contrastes.com.co\\\/web\\\/wp-content\\\/uploads\\\/2025\\\/04\\\/15CONTRASTES3.png\",\"width\":1536,\"height\":231,\"caption\":\"Contrastes\"},\"image\":{\"@id\":\"https:\\\/\\\/contrastes.com.co\\\/web\\\/#\\\/schema\\\/logo\\\/image\\\/\"},\"sameAs\":[\"https:\\\/\\\/www.facebook.com\\\/guillo.pantoja.1\"]},{\"@type\":\"Person\",\"@id\":\"https:\\\/\\\/contrastes.com.co\\\/web\\\/#\\\/schema\\\/person\\\/62ef7a62dc4da6de450c71fc2e95ed02\",\"name\":\"Editor\",\"image\":{\"@type\":\"ImageObject\",\"inLanguage\":\"es\",\"@id\":\"https:\\\/\\\/secure.gravatar.com\\\/avatar\\\/7bbb4f718d74bbf600dc556253bb04fd7ac8593751d6e2e3b85432d98aefae80?s=96&d=mm&r=g\",\"url\":\"https:\\\/\\\/secure.gravatar.com\\\/avatar\\\/7bbb4f718d74bbf600dc556253bb04fd7ac8593751d6e2e3b85432d98aefae80?s=96&d=mm&r=g\",\"contentUrl\":\"https:\\\/\\\/secure.gravatar.com\\\/avatar\\\/7bbb4f718d74bbf600dc556253bb04fd7ac8593751d6e2e3b85432d98aefae80?s=96&d=mm&r=g\",\"caption\":\"Editor\"},\"sameAs\":[\"https:\\\/\\\/contrastes.com.co\\\/web\"],\"url\":\"https:\\\/\\\/contrastes.com.co\\\/web\\\/author\\\/jdbobadilla\\\/\"}]}<\/script>\n<!-- \/ Yoast SEO plugin. -->","yoast_head_json":{"title":"Alcald\u00eda de Soledad y Juntas Comunales elaboran Plan de Seguridad y Convivencia - Constrastes","robots":{"index":"index","follow":"follow","max-snippet":"max-snippet:-1","max-image-preview":"max-image-preview:large","max-video-preview":"max-video-preview:-1"},"canonical":"https:\/\/contrastes.com.co\/web\/2020\/08\/12\/alcaldia-de-soledad-y-juntas-comunales-elaboran-plan-de-seguridad-y-convivencia\/","og_locale":"es_ES","og_type":"article","og_title":"Alcald\u00eda de Soledad y Juntas Comunales elaboran Plan de Seguridad y Convivencia - Constrastes","og_description":"\u00abEstos espacios son fundamentales para construir una estrategia con acciones alineadas con las verdaderas necesidades de la comunidad y darle voz a la ciudadan\u00eda para que sean copart\u00edcipes en materia de seguridad\u00bb: Rosmell Hern\u00e1ndez, secretario de Gobierno de Soledad. elegados de la Alcald\u00eda y la Polic\u00eda Nacional se reunieron con los presidentes de las juntas [&hellip;]","og_url":"https:\/\/contrastes.com.co\/web\/2020\/08\/12\/alcaldia-de-soledad-y-juntas-comunales-elaboran-plan-de-seguridad-y-convivencia\/","og_site_name":"Constrastes","article_publisher":"https:\/\/www.facebook.com\/guillo.pantoja.1","article_published_time":"2020-08-13T02:15:50+00:00","author":"Editor","twitter_card":"summary_large_image","twitter_misc":{"Escrito por":"Editor","Tiempo de lectura":"2 minutos"},"schema":{"@context":"https:\/\/schema.org","@graph":[{"@type":"Article","@id":"https:\/\/contrastes.com.co\/web\/2020\/08\/12\/alcaldia-de-soledad-y-juntas-comunales-elaboran-plan-de-seguridad-y-convivencia\/#article","isPartOf":{"@id":"https:\/\/contrastes.com.co\/web\/2020\/08\/12\/alcaldia-de-soledad-y-juntas-comunales-elaboran-plan-de-seguridad-y-convivencia\/"},"author":{"name":"Editor","@id":"https:\/\/contrastes.com.co\/web\/#\/schema\/person\/62ef7a62dc4da6de450c71fc2e95ed02"},"headline":"Alcald\u00eda de Soledad y Juntas Comunales elaboran Plan de Seguridad y Convivencia","datePublished":"2020-08-13T02:15:50+00:00","mainEntityOfPage":{"@id":"https:\/\/contrastes.com.co\/web\/2020\/08\/12\/alcaldia-de-soledad-y-juntas-comunales-elaboran-plan-de-seguridad-y-convivencia\/"},"wordCount":382,"commentCount":0,"publisher":{"@id":"https:\/\/contrastes.com.co\/web\/#organization"},"image":{"@id":"https:\/\/contrastes.com.co\/web\/2020\/08\/12\/alcaldia-de-soledad-y-juntas-comunales-elaboran-plan-de-seguridad-y-convivencia\/#primaryimage"},"thumbnailUrl":"","keywords":["Juntas de Acci\u00f3n Comunal","Pdte. Asocomunal","Plan de Seguridad y Convivencia","Polic\u00eda Naciona","Ramiro Consuegra","Rosmel Hern\u00e1ndez Bresneider","secretario de Gobierno de Soledad"],"articleSection":["Comunidad","Judicial","Seguridad Ciudadana"],"inLanguage":"es","potentialAction":[{"@type":"CommentAction","name":"Comment","target":["https:\/\/contrastes.com.co\/web\/2020\/08\/12\/alcaldia-de-soledad-y-juntas-comunales-elaboran-plan-de-seguridad-y-convivencia\/#respond"]}]},{"@type":"WebPage","@id":"https:\/\/contrastes.com.co\/web\/2020\/08\/12\/alcaldia-de-soledad-y-juntas-comunales-elaboran-plan-de-seguridad-y-convivencia\/","url":"https:\/\/contrastes.com.co\/web\/2020\/08\/12\/alcaldia-de-soledad-y-juntas-comunales-elaboran-plan-de-seguridad-y-convivencia\/","name":"Alcald\u00eda de Soledad y Juntas Comunales elaboran Plan de Seguridad y Convivencia - Constrastes","isPartOf":{"@id":"https:\/\/contrastes.com.co\/web\/#website"},"primaryImageOfPage":{"@id":"https:\/\/contrastes.com.co\/web\/2020\/08\/12\/alcaldia-de-soledad-y-juntas-comunales-elaboran-plan-de-seguridad-y-convivencia\/#primaryimage"},"image":{"@id":"https:\/\/contrastes.com.co\/web\/2020\/08\/12\/alcaldia-de-soledad-y-juntas-comunales-elaboran-plan-de-seguridad-y-convivencia\/#primaryimage"},"thumbnailUrl":"","datePublished":"2020-08-13T02:15:50+00:00","breadcrumb":{"@id":"https:\/\/contrastes.com.co\/web\/2020\/08\/12\/alcaldia-de-soledad-y-juntas-comunales-elaboran-plan-de-seguridad-y-convivencia\/#breadcrumb"},"inLanguage":"es","potentialAction":[{"@type":"ReadAction","target":["https:\/\/contrastes.com.co\/web\/2020\/08\/12\/alcaldia-de-soledad-y-juntas-comunales-elaboran-plan-de-seguridad-y-convivencia\/"]}]},{"@type":"ImageObject","inLanguage":"es","@id":"https:\/\/contrastes.com.co\/web\/2020\/08\/12\/alcaldia-de-soledad-y-juntas-comunales-elaboran-plan-de-seguridad-y-convivencia\/#primaryimage","url":"","contentUrl":""},{"@type":"BreadcrumbList","@id":"https:\/\/contrastes.com.co\/web\/2020\/08\/12\/alcaldia-de-soledad-y-juntas-comunales-elaboran-plan-de-seguridad-y-convivencia\/#breadcrumb","itemListElement":[{"@type":"ListItem","position":1,"name":"Portada","item":"https:\/\/contrastes.com.co\/web\/"},{"@type":"ListItem","position":2,"name":"Alcald\u00eda de Soledad y Juntas Comunales elaboran Plan de Seguridad y Convivencia"}]},{"@type":"WebSite","@id":"https:\/\/contrastes.com.co\/web\/#website","url":"https:\/\/contrastes.com.co\/web\/","name":"Contrastes","description":"Periodismo de Conciencia","publisher":{"@id":"https:\/\/contrastes.com.co\/web\/#organization"},"potentialAction":[{"@type":"SearchAction","target":{"@type":"EntryPoint","urlTemplate":"https:\/\/contrastes.com.co\/web\/?s={search_term_string}"},"query-input":{"@type":"PropertyValueSpecification","valueRequired":true,"valueName":"search_term_string"}}],"inLanguage":"es"},{"@type":"Organization","@id":"https:\/\/contrastes.com.co\/web\/#organization","name":"Contrastes","url":"https:\/\/contrastes.com.co\/web\/","logo":{"@type":"ImageObject","inLanguage":"es","@id":"https:\/\/contrastes.com.co\/web\/#\/schema\/logo\/image\/","url":"https:\/\/contrastes.com.co\/web\/wp-content\/uploads\/2025\/04\/15CONTRASTES3.png","contentUrl":"https:\/\/contrastes.com.co\/web\/wp-content\/uploads\/2025\/04\/15CONTRASTES3.png","width":1536,"height":231,"caption":"Contrastes"},"image":{"@id":"https:\/\/contrastes.com.co\/web\/#\/schema\/logo\/image\/"},"sameAs":["https:\/\/www.facebook.com\/guillo.pantoja.1"]},{"@type":"Person","@id":"https:\/\/contrastes.com.co\/web\/#\/schema\/person\/62ef7a62dc4da6de450c71fc2e95ed02","name":"Editor","image":{"@type":"ImageObject","inLanguage":"es","@id":"https:\/\/secure.gravatar.com\/avatar\/7bbb4f718d74bbf600dc556253bb04fd7ac8593751d6e2e3b85432d98aefae80?s=96&d=mm&r=g","url":"https:\/\/secure.gravatar.com\/avatar\/7bbb4f718d74bbf600dc556253bb04fd7ac8593751d6e2e3b85432d98aefae80?s=96&d=mm&r=g","contentUrl":"https:\/\/secure.gravatar.com\/avatar\/7bbb4f718d74bbf600dc556253bb04fd7ac8593751d6e2e3b85432d98aefae80?s=96&d=mm&r=g","caption":"Editor"},"sameAs":["https:\/\/contrastes.com.co\/web"],"url":"https:\/\/contrastes.com.co\/web\/author\/jdbobadilla\/"}]}},"blog_post_layout_featured_media_urls":{"thumbnail":"","full":""},"categories_names":{"10":{"name":"Comunidad","link":"https:\/\/contrastes.com.co\/web\/category\/comunidad\/"},"172":{"name":"Judicial","link":"https:\/\/contrastes.com.co\/web\/category\/judicial\/"},"53":{"name":"Seguridad Ciudadana","link":"https:\/\/contrastes.com.co\/web\/category\/seguridad-ciudadana\/"}},"tags_names":{"1026":{"name":"Juntas de Acci\u00f3n Comunal","link":"https:\/\/contrastes.com.co\/web\/tag\/juntas-de-accion-comunal\/"},"1027":{"name":"Pdte. Asocomunal","link":"https:\/\/contrastes.com.co\/web\/tag\/pdte-asocomunal\/"},"1028":{"name":"Plan de Seguridad y Convivencia","link":"https:\/\/contrastes.com.co\/web\/tag\/plan-de-seguridad-y-convivencia\/"},"1029":{"name":"Polic\u00eda Naciona","link":"https:\/\/contrastes.com.co\/web\/tag\/policia-naciona\/"},"1030":{"name":"Ramiro Consuegra","link":"https:\/\/contrastes.com.co\/web\/tag\/ramiro-consuegra\/"},"358":{"name":"Rosmel Hern\u00e1ndez Bresneider","link":"https:\/\/contrastes.com.co\/web\/tag\/rosmel-hernandez-bresneider\/"},"52":{"name":"secretario de Gobierno de Soledad","link":"https:\/\/contrastes.com.co\/web\/tag\/secretario-de-gobierno-de-soledad\/"}},"comments_number":"0","wpmagazine_modules_lite_featured_media_urls":{"thumbnail":"","cvmm-medium":"","cvmm-medium-plus":"","cvmm-portrait":"","cvmm-medium-square":"","cvmm-large":"","cvmm-small":"","full":""},"_links":{"self":[{"href":"https:\/\/contrastes.com.co\/web\/wp-json\/wp\/v2\/posts\/2054","targetHints":{"allow":["GET"]}}],"collection":[{"href":"https:\/\/contrastes.com.co\/web\/wp-json\/wp\/v2\/posts"}],"about":[{"href":"https:\/\/contrastes.com.co\/web\/wp-json\/wp\/v2\/types\/post"}],"author":[{"embeddable":true,"href":"https:\/\/contrastes.com.co\/web\/wp-json\/wp\/v2\/users\/1"}],"replies":[{"embeddable":true,"href":"https:\/\/contrastes.com.co\/web\/wp-json\/wp\/v2\/comments?post=2054"}],"version-history":[{"count":0,"href":"https:\/\/contrastes.com.co\/web\/wp-json\/wp\/v2\/posts\/2054\/revisions"}],"wp:attachment":[{"href":"https:\/\/contrastes.com.co\/web\/wp-json\/wp\/v2\/media?parent=2054"}],"wp:term":[{"taxonomy":"category","embeddable":true,"href":"https:\/\/contrastes.com.co\/web\/wp-json\/wp\/v2\/categories?post=2054"},{"taxonomy":"post_tag","embeddable":true,"href":"https:\/\/contrastes.com.co\/web\/wp-json\/wp\/v2\/tags?post=2054"}],"curies":[{"name":"wp","href":"https:\/\/api.w.org\/{rel}","templated":true}]}}