{"id":2144,"date":"2020-08-14T20:45:41","date_gmt":"2020-08-15T01:45:41","guid":{"rendered":"https:\/\/contrastes.com.co\/digital\/?p=2144"},"modified":"2020-08-14T20:45:41","modified_gmt":"2020-08-15T01:45:41","slug":"habitantes-de-ciudad-caribe-4-recibieron-titulos-de-propiedad-de-sus-viviendas","status":"publish","type":"post","link":"https:\/\/contrastes.com.co\/web\/2020\/08\/14\/habitantes-de-ciudad-caribe-4-recibieron-titulos-de-propiedad-de-sus-viviendas\/","title":{"rendered":"Habitantes de Ciudad Caribe 4 recibieron t\u00edtulos de propiedad de sus viviendas"},"content":{"rendered":"<blockquote><p><strong>\u00abLos habitantes de Ciudad Caribe 4 nos han recibido con mucha complacencia y felicidad cuando les entregamos su t\u00edtulo, ya que es un sue\u00f1o que se est\u00e1 convirtiendo en realidad. Este es uno de los programas m\u00e1s importantes de nuestro Plan de Desarrollo por eso nuestro compromiso para sacarlo adelante\u00bb: <em>Rodolfo Ucr\u00f3s<\/em>.<\/strong><\/p><\/blockquote>\n<p><img decoding=\"async\" class=\"alignleft  wp-image-961\" src=\"https:\/\/contrastes.com.co\/digital\/wp-content\/uploads\/2020\/05\/p-capitular.png\" alt=\"p capitular\" width=\"77\" height=\"69\" \/>iedad Cabrera Vega vive hace m\u00e1s de 20 a\u00f1os en el <strong>barrio Ciudad Caribe 4 de Soledad<\/strong> y con su esposo construyeron su vivienda y criaron sus tres hijos. Durante muchos a\u00f1os, esta pareja so\u00f1\u00f3 con el t\u00edtulo de su vivienda para as\u00ed dejarles un patrimonio a sus hijos.<\/p>\n<p>Por eso, la felicidad la invadi\u00f3 al recibir de manos del alcalde de Soledad, Rodolfo Ucr\u00f3s, el documento que los acredita como propietarios de su vivienda. \u00abHace muchos a\u00f1os mi esposo y yo esper\u00e1bamos esto. Agradecemos al alcalde Rodolfo Ucr\u00f3s por cumplirnos y entregarnos este documento que representa nuestro patrimonio y la felicidad de nuestra familia\u00bb, expres\u00f3 emocionada.<\/p>\n<p>\u00abLos habitantes de Ciudad Caribe 4 nos han recibido con mucha complacencia y felicidad cuando les entregamos su t\u00edtulo, ya que es un sue\u00f1o que se est\u00e1 convirtiendo en realidad. Este es uno de los programas m\u00e1s importantes de nuestro Plan de Desarrollo por eso nuestro compromiso para sacarlo adelante\u00bb, explic\u00f3 el alcalde Rodolfo Ucr\u00f3s durante su recorrido de entregas por el barrio.<\/p>\n<blockquote><p><strong>En total ser\u00e1n 1.200 t\u00edtulos de propiedad los que se estar\u00e1n entregando durante los pr\u00f3ximos d\u00edas en los barrios beneficiados en la primera fase del programa Familias Propietarias.<\/strong><\/p><\/blockquote>\n<p>La administraci\u00f3n municipal tiene la meta de entregar 5.000 t\u00edtulos durante este a\u00f1o.<\/p>\n","protected":false},"excerpt":{"rendered":"<p>\u00abLos habitantes de Ciudad Caribe 4 nos han recibido con mucha complacencia y felicidad cuando les entregamos su t\u00edtulo, ya que es un sue\u00f1o que se est\u00e1 convirtiendo en realidad. Este es uno de los programas m\u00e1s importantes de nuestro Plan de Desarrollo por eso nuestro compromiso para sacarlo adelante\u00bb: Rodolfo Ucr\u00f3s. iedad Cabrera Vega [&hellip;]<\/p>\n","protected":false},"author":1,"featured_media":2145,"comment_status":"open","ping_status":"open","sticky":false,"template":"","format":"standard","meta":{"footnotes":""},"categories":[10,23,514],"tags":[1076,1077,51,84],"class_list":["post-2144","post","type-post","status-publish","format-standard","has-post-thumbnail","hentry","category-comunidad","category-locales","category-vivienda","tag-barrio-ciudad-caribe","tag-entrega-de-titulos-de-propiedad","tag-municipio-de-soledad","tag-rodolfo-ucros"],"yoast_head":"<!-- This site is optimized with the Yoast SEO plugin v27.7 - https:\/\/yoast.com\/product\/yoast-seo-wordpress\/ -->\n<title>Habitantes de Ciudad Caribe 4 recibieron t\u00edtulos de propiedad de sus viviendas - Constrastes<\/title>\n<meta name=\"robots\" content=\"index, follow, max-snippet:-1, max-image-preview:large, max-video-preview:-1\" \/>\n<link rel=\"canonical\" href=\"https:\/\/contrastes.com.co\/web\/2020\/08\/14\/habitantes-de-ciudad-caribe-4-recibieron-titulos-de-propiedad-de-sus-viviendas\/\" \/>\n<meta property=\"og:locale\" content=\"es_ES\" \/>\n<meta property=\"og:type\" content=\"article\" \/>\n<meta property=\"og:title\" content=\"Habitantes de Ciudad Caribe 4 recibieron t\u00edtulos de propiedad de sus viviendas - Constrastes\" \/>\n<meta property=\"og:description\" content=\"\u00abLos habitantes de Ciudad Caribe 4 nos han recibido con mucha complacencia y felicidad cuando les entregamos su t\u00edtulo, ya que es un sue\u00f1o que se est\u00e1 convirtiendo en realidad. Este es uno de los programas m\u00e1s importantes de nuestro Plan de Desarrollo por eso nuestro compromiso para sacarlo adelante\u00bb: Rodolfo Ucr\u00f3s. iedad Cabrera Vega [&hellip;]\" \/>\n<meta property=\"og:url\" content=\"https:\/\/contrastes.com.co\/web\/2020\/08\/14\/habitantes-de-ciudad-caribe-4-recibieron-titulos-de-propiedad-de-sus-viviendas\/\" \/>\n<meta property=\"og:site_name\" content=\"Constrastes\" \/>\n<meta property=\"article:publisher\" content=\"https:\/\/www.facebook.com\/guillo.pantoja.1\" \/>\n<meta property=\"article:published_time\" content=\"2020-08-15T01:45:41+00:00\" \/>\n<meta name=\"author\" content=\"Editor\" \/>\n<meta name=\"twitter:card\" content=\"summary_large_image\" \/>\n<meta name=\"twitter:label1\" content=\"Escrito por\" \/>\n\t<meta name=\"twitter:data1\" content=\"Editor\" \/>\n\t<meta name=\"twitter:label2\" content=\"Tiempo de lectura\" \/>\n\t<meta name=\"twitter:data2\" content=\"1 minuto\" \/>\n<script type=\"application\/ld+json\" class=\"yoast-schema-graph\">{\"@context\":\"https:\\\/\\\/schema.org\",\"@graph\":[{\"@type\":\"Article\",\"@id\":\"https:\\\/\\\/contrastes.com.co\\\/web\\\/2020\\\/08\\\/14\\\/habitantes-de-ciudad-caribe-4-recibieron-titulos-de-propiedad-de-sus-viviendas\\\/#article\",\"isPartOf\":{\"@id\":\"https:\\\/\\\/contrastes.com.co\\\/web\\\/2020\\\/08\\\/14\\\/habitantes-de-ciudad-caribe-4-recibieron-titulos-de-propiedad-de-sus-viviendas\\\/\"},\"author\":{\"name\":\"Editor\",\"@id\":\"https:\\\/\\\/contrastes.com.co\\\/web\\\/#\\\/schema\\\/person\\\/62ef7a62dc4da6de450c71fc2e95ed02\"},\"headline\":\"Habitantes de Ciudad Caribe 4 recibieron t\u00edtulos de propiedad de sus viviendas\",\"datePublished\":\"2020-08-15T01:45:41+00:00\",\"mainEntityOfPage\":{\"@id\":\"https:\\\/\\\/contrastes.com.co\\\/web\\\/2020\\\/08\\\/14\\\/habitantes-de-ciudad-caribe-4-recibieron-titulos-de-propiedad-de-sus-viviendas\\\/\"},\"wordCount\":293,\"commentCount\":0,\"publisher\":{\"@id\":\"https:\\\/\\\/contrastes.com.co\\\/web\\\/#organization\"},\"image\":{\"@id\":\"https:\\\/\\\/contrastes.com.co\\\/web\\\/2020\\\/08\\\/14\\\/habitantes-de-ciudad-caribe-4-recibieron-titulos-de-propiedad-de-sus-viviendas\\\/#primaryimage\"},\"thumbnailUrl\":\"\",\"keywords\":[\"barrio Ciudad Caribe\",\"entrega de t\u00edtulos de propiedad\",\"municipio de soledad\",\"Rodolfo Ucr\u00f3s\"],\"articleSection\":[\"Comunidad\",\"Locales\",\"Vivienda\"],\"inLanguage\":\"es\",\"potentialAction\":[{\"@type\":\"CommentAction\",\"name\":\"Comment\",\"target\":[\"https:\\\/\\\/contrastes.com.co\\\/web\\\/2020\\\/08\\\/14\\\/habitantes-de-ciudad-caribe-4-recibieron-titulos-de-propiedad-de-sus-viviendas\\\/#respond\"]}]},{\"@type\":\"WebPage\",\"@id\":\"https:\\\/\\\/contrastes.com.co\\\/web\\\/2020\\\/08\\\/14\\\/habitantes-de-ciudad-caribe-4-recibieron-titulos-de-propiedad-de-sus-viviendas\\\/\",\"url\":\"https:\\\/\\\/contrastes.com.co\\\/web\\\/2020\\\/08\\\/14\\\/habitantes-de-ciudad-caribe-4-recibieron-titulos-de-propiedad-de-sus-viviendas\\\/\",\"name\":\"Habitantes de Ciudad Caribe 4 recibieron t\u00edtulos de propiedad de sus viviendas - Constrastes\",\"isPartOf\":{\"@id\":\"https:\\\/\\\/contrastes.com.co\\\/web\\\/#website\"},\"primaryImageOfPage\":{\"@id\":\"https:\\\/\\\/contrastes.com.co\\\/web\\\/2020\\\/08\\\/14\\\/habitantes-de-ciudad-caribe-4-recibieron-titulos-de-propiedad-de-sus-viviendas\\\/#primaryimage\"},\"image\":{\"@id\":\"https:\\\/\\\/contrastes.com.co\\\/web\\\/2020\\\/08\\\/14\\\/habitantes-de-ciudad-caribe-4-recibieron-titulos-de-propiedad-de-sus-viviendas\\\/#primaryimage\"},\"thumbnailUrl\":\"\",\"datePublished\":\"2020-08-15T01:45:41+00:00\",\"breadcrumb\":{\"@id\":\"https:\\\/\\\/contrastes.com.co\\\/web\\\/2020\\\/08\\\/14\\\/habitantes-de-ciudad-caribe-4-recibieron-titulos-de-propiedad-de-sus-viviendas\\\/#breadcrumb\"},\"inLanguage\":\"es\",\"potentialAction\":[{\"@type\":\"ReadAction\",\"target\":[\"https:\\\/\\\/contrastes.com.co\\\/web\\\/2020\\\/08\\\/14\\\/habitantes-de-ciudad-caribe-4-recibieron-titulos-de-propiedad-de-sus-viviendas\\\/\"]}]},{\"@type\":\"ImageObject\",\"inLanguage\":\"es\",\"@id\":\"https:\\\/\\\/contrastes.com.co\\\/web\\\/2020\\\/08\\\/14\\\/habitantes-de-ciudad-caribe-4-recibieron-titulos-de-propiedad-de-sus-viviendas\\\/#primaryimage\",\"url\":\"\",\"contentUrl\":\"\"},{\"@type\":\"BreadcrumbList\",\"@id\":\"https:\\\/\\\/contrastes.com.co\\\/web\\\/2020\\\/08\\\/14\\\/habitantes-de-ciudad-caribe-4-recibieron-titulos-de-propiedad-de-sus-viviendas\\\/#breadcrumb\",\"itemListElement\":[{\"@type\":\"ListItem\",\"position\":1,\"name\":\"Portada\",\"item\":\"https:\\\/\\\/contrastes.com.co\\\/web\\\/\"},{\"@type\":\"ListItem\",\"position\":2,\"name\":\"Habitantes de Ciudad Caribe 4 recibieron t\u00edtulos de propiedad de sus viviendas\"}]},{\"@type\":\"WebSite\",\"@id\":\"https:\\\/\\\/contrastes.com.co\\\/web\\\/#website\",\"url\":\"https:\\\/\\\/contrastes.com.co\\\/web\\\/\",\"name\":\"Contrastes\",\"description\":\"Periodismo de Conciencia\",\"publisher\":{\"@id\":\"https:\\\/\\\/contrastes.com.co\\\/web\\\/#organization\"},\"potentialAction\":[{\"@type\":\"SearchAction\",\"target\":{\"@type\":\"EntryPoint\",\"urlTemplate\":\"https:\\\/\\\/contrastes.com.co\\\/web\\\/?s={search_term_string}\"},\"query-input\":{\"@type\":\"PropertyValueSpecification\",\"valueRequired\":true,\"valueName\":\"search_term_string\"}}],\"inLanguage\":\"es\"},{\"@type\":\"Organization\",\"@id\":\"https:\\\/\\\/contrastes.com.co\\\/web\\\/#organization\",\"name\":\"Contrastes\",\"url\":\"https:\\\/\\\/contrastes.com.co\\\/web\\\/\",\"logo\":{\"@type\":\"ImageObject\",\"inLanguage\":\"es\",\"@id\":\"https:\\\/\\\/contrastes.com.co\\\/web\\\/#\\\/schema\\\/logo\\\/image\\\/\",\"url\":\"https:\\\/\\\/contrastes.com.co\\\/web\\\/wp-content\\\/uploads\\\/2025\\\/04\\\/15CONTRASTES3.png\",\"contentUrl\":\"https:\\\/\\\/contrastes.com.co\\\/web\\\/wp-content\\\/uploads\\\/2025\\\/04\\\/15CONTRASTES3.png\",\"width\":1536,\"height\":231,\"caption\":\"Contrastes\"},\"image\":{\"@id\":\"https:\\\/\\\/contrastes.com.co\\\/web\\\/#\\\/schema\\\/logo\\\/image\\\/\"},\"sameAs\":[\"https:\\\/\\\/www.facebook.com\\\/guillo.pantoja.1\"]},{\"@type\":\"Person\",\"@id\":\"https:\\\/\\\/contrastes.com.co\\\/web\\\/#\\\/schema\\\/person\\\/62ef7a62dc4da6de450c71fc2e95ed02\",\"name\":\"Editor\",\"image\":{\"@type\":\"ImageObject\",\"inLanguage\":\"es\",\"@id\":\"https:\\\/\\\/secure.gravatar.com\\\/avatar\\\/7bbb4f718d74bbf600dc556253bb04fd7ac8593751d6e2e3b85432d98aefae80?s=96&d=mm&r=g\",\"url\":\"https:\\\/\\\/secure.gravatar.com\\\/avatar\\\/7bbb4f718d74bbf600dc556253bb04fd7ac8593751d6e2e3b85432d98aefae80?s=96&d=mm&r=g\",\"contentUrl\":\"https:\\\/\\\/secure.gravatar.com\\\/avatar\\\/7bbb4f718d74bbf600dc556253bb04fd7ac8593751d6e2e3b85432d98aefae80?s=96&d=mm&r=g\",\"caption\":\"Editor\"},\"sameAs\":[\"https:\\\/\\\/contrastes.com.co\\\/web\"],\"url\":\"https:\\\/\\\/contrastes.com.co\\\/web\\\/author\\\/jdbobadilla\\\/\"}]}<\/script>\n<!-- \/ Yoast SEO plugin. -->","yoast_head_json":{"title":"Habitantes de Ciudad Caribe 4 recibieron t\u00edtulos de propiedad de sus viviendas - Constrastes","robots":{"index":"index","follow":"follow","max-snippet":"max-snippet:-1","max-image-preview":"max-image-preview:large","max-video-preview":"max-video-preview:-1"},"canonical":"https:\/\/contrastes.com.co\/web\/2020\/08\/14\/habitantes-de-ciudad-caribe-4-recibieron-titulos-de-propiedad-de-sus-viviendas\/","og_locale":"es_ES","og_type":"article","og_title":"Habitantes de Ciudad Caribe 4 recibieron t\u00edtulos de propiedad de sus viviendas - Constrastes","og_description":"\u00abLos habitantes de Ciudad Caribe 4 nos han recibido con mucha complacencia y felicidad cuando les entregamos su t\u00edtulo, ya que es un sue\u00f1o que se est\u00e1 convirtiendo en realidad. Este es uno de los programas m\u00e1s importantes de nuestro Plan de Desarrollo por eso nuestro compromiso para sacarlo adelante\u00bb: Rodolfo Ucr\u00f3s. iedad Cabrera Vega [&hellip;]","og_url":"https:\/\/contrastes.com.co\/web\/2020\/08\/14\/habitantes-de-ciudad-caribe-4-recibieron-titulos-de-propiedad-de-sus-viviendas\/","og_site_name":"Constrastes","article_publisher":"https:\/\/www.facebook.com\/guillo.pantoja.1","article_published_time":"2020-08-15T01:45:41+00:00","author":"Editor","twitter_card":"summary_large_image","twitter_misc":{"Escrito por":"Editor","Tiempo de lectura":"1 minuto"},"schema":{"@context":"https:\/\/schema.org","@graph":[{"@type":"Article","@id":"https:\/\/contrastes.com.co\/web\/2020\/08\/14\/habitantes-de-ciudad-caribe-4-recibieron-titulos-de-propiedad-de-sus-viviendas\/#article","isPartOf":{"@id":"https:\/\/contrastes.com.co\/web\/2020\/08\/14\/habitantes-de-ciudad-caribe-4-recibieron-titulos-de-propiedad-de-sus-viviendas\/"},"author":{"name":"Editor","@id":"https:\/\/contrastes.com.co\/web\/#\/schema\/person\/62ef7a62dc4da6de450c71fc2e95ed02"},"headline":"Habitantes de Ciudad Caribe 4 recibieron t\u00edtulos de propiedad de sus viviendas","datePublished":"2020-08-15T01:45:41+00:00","mainEntityOfPage":{"@id":"https:\/\/contrastes.com.co\/web\/2020\/08\/14\/habitantes-de-ciudad-caribe-4-recibieron-titulos-de-propiedad-de-sus-viviendas\/"},"wordCount":293,"commentCount":0,"publisher":{"@id":"https:\/\/contrastes.com.co\/web\/#organization"},"image":{"@id":"https:\/\/contrastes.com.co\/web\/2020\/08\/14\/habitantes-de-ciudad-caribe-4-recibieron-titulos-de-propiedad-de-sus-viviendas\/#primaryimage"},"thumbnailUrl":"","keywords":["barrio Ciudad Caribe","entrega de t\u00edtulos de propiedad","municipio de soledad","Rodolfo Ucr\u00f3s"],"articleSection":["Comunidad","Locales","Vivienda"],"inLanguage":"es","potentialAction":[{"@type":"CommentAction","name":"Comment","target":["https:\/\/contrastes.com.co\/web\/2020\/08\/14\/habitantes-de-ciudad-caribe-4-recibieron-titulos-de-propiedad-de-sus-viviendas\/#respond"]}]},{"@type":"WebPage","@id":"https:\/\/contrastes.com.co\/web\/2020\/08\/14\/habitantes-de-ciudad-caribe-4-recibieron-titulos-de-propiedad-de-sus-viviendas\/","url":"https:\/\/contrastes.com.co\/web\/2020\/08\/14\/habitantes-de-ciudad-caribe-4-recibieron-titulos-de-propiedad-de-sus-viviendas\/","name":"Habitantes de Ciudad Caribe 4 recibieron t\u00edtulos de propiedad de sus viviendas - Constrastes","isPartOf":{"@id":"https:\/\/contrastes.com.co\/web\/#website"},"primaryImageOfPage":{"@id":"https:\/\/contrastes.com.co\/web\/2020\/08\/14\/habitantes-de-ciudad-caribe-4-recibieron-titulos-de-propiedad-de-sus-viviendas\/#primaryimage"},"image":{"@id":"https:\/\/contrastes.com.co\/web\/2020\/08\/14\/habitantes-de-ciudad-caribe-4-recibieron-titulos-de-propiedad-de-sus-viviendas\/#primaryimage"},"thumbnailUrl":"","datePublished":"2020-08-15T01:45:41+00:00","breadcrumb":{"@id":"https:\/\/contrastes.com.co\/web\/2020\/08\/14\/habitantes-de-ciudad-caribe-4-recibieron-titulos-de-propiedad-de-sus-viviendas\/#breadcrumb"},"inLanguage":"es","potentialAction":[{"@type":"ReadAction","target":["https:\/\/contrastes.com.co\/web\/2020\/08\/14\/habitantes-de-ciudad-caribe-4-recibieron-titulos-de-propiedad-de-sus-viviendas\/"]}]},{"@type":"ImageObject","inLanguage":"es","@id":"https:\/\/contrastes.com.co\/web\/2020\/08\/14\/habitantes-de-ciudad-caribe-4-recibieron-titulos-de-propiedad-de-sus-viviendas\/#primaryimage","url":"","contentUrl":""},{"@type":"BreadcrumbList","@id":"https:\/\/contrastes.com.co\/web\/2020\/08\/14\/habitantes-de-ciudad-caribe-4-recibieron-titulos-de-propiedad-de-sus-viviendas\/#breadcrumb","itemListElement":[{"@type":"ListItem","position":1,"name":"Portada","item":"https:\/\/contrastes.com.co\/web\/"},{"@type":"ListItem","position":2,"name":"Habitantes de Ciudad Caribe 4 recibieron t\u00edtulos de propiedad de sus viviendas"}]},{"@type":"WebSite","@id":"https:\/\/contrastes.com.co\/web\/#website","url":"https:\/\/contrastes.com.co\/web\/","name":"Contrastes","description":"Periodismo de Conciencia","publisher":{"@id":"https:\/\/contrastes.com.co\/web\/#organization"},"potentialAction":[{"@type":"SearchAction","target":{"@type":"EntryPoint","urlTemplate":"https:\/\/contrastes.com.co\/web\/?s={search_term_string}"},"query-input":{"@type":"PropertyValueSpecification","valueRequired":true,"valueName":"search_term_string"}}],"inLanguage":"es"},{"@type":"Organization","@id":"https:\/\/contrastes.com.co\/web\/#organization","name":"Contrastes","url":"https:\/\/contrastes.com.co\/web\/","logo":{"@type":"ImageObject","inLanguage":"es","@id":"https:\/\/contrastes.com.co\/web\/#\/schema\/logo\/image\/","url":"https:\/\/contrastes.com.co\/web\/wp-content\/uploads\/2025\/04\/15CONTRASTES3.png","contentUrl":"https:\/\/contrastes.com.co\/web\/wp-content\/uploads\/2025\/04\/15CONTRASTES3.png","width":1536,"height":231,"caption":"Contrastes"},"image":{"@id":"https:\/\/contrastes.com.co\/web\/#\/schema\/logo\/image\/"},"sameAs":["https:\/\/www.facebook.com\/guillo.pantoja.1"]},{"@type":"Person","@id":"https:\/\/contrastes.com.co\/web\/#\/schema\/person\/62ef7a62dc4da6de450c71fc2e95ed02","name":"Editor","image":{"@type":"ImageObject","inLanguage":"es","@id":"https:\/\/secure.gravatar.com\/avatar\/7bbb4f718d74bbf600dc556253bb04fd7ac8593751d6e2e3b85432d98aefae80?s=96&d=mm&r=g","url":"https:\/\/secure.gravatar.com\/avatar\/7bbb4f718d74bbf600dc556253bb04fd7ac8593751d6e2e3b85432d98aefae80?s=96&d=mm&r=g","contentUrl":"https:\/\/secure.gravatar.com\/avatar\/7bbb4f718d74bbf600dc556253bb04fd7ac8593751d6e2e3b85432d98aefae80?s=96&d=mm&r=g","caption":"Editor"},"sameAs":["https:\/\/contrastes.com.co\/web"],"url":"https:\/\/contrastes.com.co\/web\/author\/jdbobadilla\/"}]}},"blog_post_layout_featured_media_urls":{"thumbnail":"","full":""},"categories_names":{"10":{"name":"Comunidad","link":"https:\/\/contrastes.com.co\/web\/category\/comunidad\/"},"23":{"name":"Locales","link":"https:\/\/contrastes.com.co\/web\/category\/locales\/"},"514":{"name":"Vivienda","link":"https:\/\/contrastes.com.co\/web\/category\/vivienda\/"}},"tags_names":{"1076":{"name":"barrio Ciudad Caribe","link":"https:\/\/contrastes.com.co\/web\/tag\/barrio-ciudad-caribe\/"},"1077":{"name":"entrega de t\u00edtulos de propiedad","link":"https:\/\/contrastes.com.co\/web\/tag\/entrega-de-titulos-de-propiedad\/"},"51":{"name":"municipio de soledad","link":"https:\/\/contrastes.com.co\/web\/tag\/municipio-de-soledad\/"},"84":{"name":"Rodolfo Ucr\u00f3s","link":"https:\/\/contrastes.com.co\/web\/tag\/rodolfo-ucros\/"}},"comments_number":"0","wpmagazine_modules_lite_featured_media_urls":{"thumbnail":"","cvmm-medium":"","cvmm-medium-plus":"","cvmm-portrait":"","cvmm-medium-square":"","cvmm-large":"","cvmm-small":"","full":""},"_links":{"self":[{"href":"https:\/\/contrastes.com.co\/web\/wp-json\/wp\/v2\/posts\/2144","targetHints":{"allow":["GET"]}}],"collection":[{"href":"https:\/\/contrastes.com.co\/web\/wp-json\/wp\/v2\/posts"}],"about":[{"href":"https:\/\/contrastes.com.co\/web\/wp-json\/wp\/v2\/types\/post"}],"author":[{"embeddable":true,"href":"https:\/\/contrastes.com.co\/web\/wp-json\/wp\/v2\/users\/1"}],"replies":[{"embeddable":true,"href":"https:\/\/contrastes.com.co\/web\/wp-json\/wp\/v2\/comments?post=2144"}],"version-history":[{"count":0,"href":"https:\/\/contrastes.com.co\/web\/wp-json\/wp\/v2\/posts\/2144\/revisions"}],"wp:attachment":[{"href":"https:\/\/contrastes.com.co\/web\/wp-json\/wp\/v2\/media?parent=2144"}],"wp:term":[{"taxonomy":"category","embeddable":true,"href":"https:\/\/contrastes.com.co\/web\/wp-json\/wp\/v2\/categories?post=2144"},{"taxonomy":"post_tag","embeddable":true,"href":"https:\/\/contrastes.com.co\/web\/wp-json\/wp\/v2\/tags?post=2144"}],"curies":[{"name":"wp","href":"https:\/\/api.w.org\/{rel}","templated":true}]}}