{"id":2189,"date":"2020-08-30T16:06:41","date_gmt":"2020-08-30T21:06:41","guid":{"rendered":"https:\/\/contrastes.com.co\/digital\/?p=2189"},"modified":"2020-08-30T16:06:41","modified_gmt":"2020-08-30T21:06:41","slug":"el-coronavirus-ya-supero-los-25-millones-de-casos-declarados-en-el-mundo","status":"publish","type":"post","link":"https:\/\/contrastes.com.co\/web\/2020\/08\/30\/el-coronavirus-ya-supero-los-25-millones-de-casos-declarados-en-el-mundo\/","title":{"rendered":"El coronavirus ya super\u00f3 los 25 millones de casos declarados en el mundo"},"content":{"rendered":"<blockquote><p><strong>Se han notificado al menos 25.029.250 infectados, de los cuales 842.915 muertes. Casi 4 de cada 10 casos se encuentran en Estados Unidos y Brasil<\/strong><\/p><\/blockquote>\n<p><img decoding=\"async\" class=\"alignleft  wp-image-1250\" src=\"https:\/\/contrastes.com.co\/digital\/wp-content\/uploads\/2020\/06\/m-capitular.png\" alt=\"m capitular\" width=\"66\" height=\"59\" \/>\u00e1s de 25 millones de casos del nuevo coronavirus han sido registrados en todo el mundo, m\u00e1s de la mitad de ellos en Am\u00e9rica, seg\u00fan un recuento de la AFP a partir de fuentes oficiales, este domingo a las 04H20 GMT.<\/p>\n<p>Se han notificado al menos 25.029.250 casos, de los cuales 842.915 muertes. Casi 4 de cada 10 casos se encuentran en Estados Unidos y Brasil, los dos pa\u00edses m\u00e1s afectados con 5.960.652 casos (182.760 muertes) y 3.846.153 casos (120.262 fallecimientos), respectivamente.<\/p>\n<p>El ritmo de la pandemia parece estabilizarse en el mundo, con un mill\u00f3n de nuevos casos detectados cada cuatro d\u00edas desde mediados de julio.<\/p>\n<p>Pasaron 94 d\u00edas entre el anuncio del primer caso oficial en China y el mill\u00f3n de casos registrados en el mundo. Y luego 149 d\u00edas m\u00e1s para superar los 12 millones y medio de casos declarados, el 11 de julio. Desde entonces, el n\u00famero de contagios se ha duplicado, en algo m\u00e1s de un mes y medio.<\/p>\n<p>&nbsp;<\/p>\n<p>Articulo completo en: <a href=\"https:\/\/www.infobae.com\/america\/mundo\/2020\/08\/30\/el-coronavirus-ya-supero-los-25-millones-de-casos-declarados-en-el-mundo\/\">infobae.com<\/a><\/p>\n","protected":false},"excerpt":{"rendered":"<p>Se han notificado al menos 25.029.250 infectados, de los cuales 842.915 muertes. Casi 4 de cada 10 casos se encuentran en Estados Unidos y Brasil \u00e1s de 25 millones de casos del nuevo coronavirus han sido registrados en todo el mundo, m\u00e1s de la mitad de ellos en Am\u00e9rica, seg\u00fan un recuento de la AFP [&hellip;]<\/p>\n","protected":false},"author":1,"featured_media":2190,"comment_status":"open","ping_status":"open","sticky":false,"template":"","format":"standard","meta":{"footnotes":""},"categories":[73,88,25],"tags":[1096,86,503,97],"class_list":["post-2189","post","type-post","status-publish","format-standard","has-post-thumbnail","hentry","category-coronavirus","category-mundo","category-salud","tag-contagios-mundo","tag-coronavirus","tag-covid-19","tag-pandemia"],"yoast_head":"<!-- This site is optimized with the Yoast SEO plugin v27.7 - https:\/\/yoast.com\/product\/yoast-seo-wordpress\/ -->\n<title>El coronavirus ya super\u00f3 los 25 millones de casos declarados en el mundo - Constrastes<\/title>\n<meta name=\"robots\" content=\"index, follow, max-snippet:-1, max-image-preview:large, max-video-preview:-1\" \/>\n<link rel=\"canonical\" href=\"https:\/\/contrastes.com.co\/web\/2020\/08\/30\/el-coronavirus-ya-supero-los-25-millones-de-casos-declarados-en-el-mundo\/\" \/>\n<meta property=\"og:locale\" content=\"es_ES\" \/>\n<meta property=\"og:type\" content=\"article\" \/>\n<meta property=\"og:title\" content=\"El coronavirus ya super\u00f3 los 25 millones de casos declarados en el mundo - Constrastes\" \/>\n<meta property=\"og:description\" content=\"Se han notificado al menos 25.029.250 infectados, de los cuales 842.915 muertes. Casi 4 de cada 10 casos se encuentran en Estados Unidos y Brasil \u00e1s de 25 millones de casos del nuevo coronavirus han sido registrados en todo el mundo, m\u00e1s de la mitad de ellos en Am\u00e9rica, seg\u00fan un recuento de la AFP [&hellip;]\" \/>\n<meta property=\"og:url\" content=\"https:\/\/contrastes.com.co\/web\/2020\/08\/30\/el-coronavirus-ya-supero-los-25-millones-de-casos-declarados-en-el-mundo\/\" \/>\n<meta property=\"og:site_name\" content=\"Constrastes\" \/>\n<meta property=\"article:publisher\" content=\"https:\/\/www.facebook.com\/guillo.pantoja.1\" \/>\n<meta property=\"article:published_time\" content=\"2020-08-30T21:06:41+00:00\" \/>\n<meta name=\"author\" content=\"Editor\" \/>\n<meta name=\"twitter:card\" content=\"summary_large_image\" \/>\n<meta name=\"twitter:label1\" content=\"Escrito por\" \/>\n\t<meta name=\"twitter:data1\" content=\"Editor\" \/>\n\t<meta name=\"twitter:label2\" content=\"Tiempo de lectura\" \/>\n\t<meta name=\"twitter:data2\" content=\"1 minuto\" \/>\n<script type=\"application\/ld+json\" class=\"yoast-schema-graph\">{\"@context\":\"https:\\\/\\\/schema.org\",\"@graph\":[{\"@type\":\"Article\",\"@id\":\"https:\\\/\\\/contrastes.com.co\\\/web\\\/2020\\\/08\\\/30\\\/el-coronavirus-ya-supero-los-25-millones-de-casos-declarados-en-el-mundo\\\/#article\",\"isPartOf\":{\"@id\":\"https:\\\/\\\/contrastes.com.co\\\/web\\\/2020\\\/08\\\/30\\\/el-coronavirus-ya-supero-los-25-millones-de-casos-declarados-en-el-mundo\\\/\"},\"author\":{\"name\":\"Editor\",\"@id\":\"https:\\\/\\\/contrastes.com.co\\\/web\\\/#\\\/schema\\\/person\\\/62ef7a62dc4da6de450c71fc2e95ed02\"},\"headline\":\"El coronavirus ya super\u00f3 los 25 millones de casos declarados en el mundo\",\"datePublished\":\"2020-08-30T21:06:41+00:00\",\"mainEntityOfPage\":{\"@id\":\"https:\\\/\\\/contrastes.com.co\\\/web\\\/2020\\\/08\\\/30\\\/el-coronavirus-ya-supero-los-25-millones-de-casos-declarados-en-el-mundo\\\/\"},\"wordCount\":202,\"commentCount\":0,\"publisher\":{\"@id\":\"https:\\\/\\\/contrastes.com.co\\\/web\\\/#organization\"},\"image\":{\"@id\":\"https:\\\/\\\/contrastes.com.co\\\/web\\\/2020\\\/08\\\/30\\\/el-coronavirus-ya-supero-los-25-millones-de-casos-declarados-en-el-mundo\\\/#primaryimage\"},\"thumbnailUrl\":\"\",\"keywords\":[\"contagios mundo\",\"coronavirus\",\"Covid-19\",\"pandemia\"],\"articleSection\":[\"Coronavirus\",\"Mundo\",\"Salud\"],\"inLanguage\":\"es\",\"potentialAction\":[{\"@type\":\"CommentAction\",\"name\":\"Comment\",\"target\":[\"https:\\\/\\\/contrastes.com.co\\\/web\\\/2020\\\/08\\\/30\\\/el-coronavirus-ya-supero-los-25-millones-de-casos-declarados-en-el-mundo\\\/#respond\"]}]},{\"@type\":\"WebPage\",\"@id\":\"https:\\\/\\\/contrastes.com.co\\\/web\\\/2020\\\/08\\\/30\\\/el-coronavirus-ya-supero-los-25-millones-de-casos-declarados-en-el-mundo\\\/\",\"url\":\"https:\\\/\\\/contrastes.com.co\\\/web\\\/2020\\\/08\\\/30\\\/el-coronavirus-ya-supero-los-25-millones-de-casos-declarados-en-el-mundo\\\/\",\"name\":\"El coronavirus ya super\u00f3 los 25 millones de casos declarados en el mundo - Constrastes\",\"isPartOf\":{\"@id\":\"https:\\\/\\\/contrastes.com.co\\\/web\\\/#website\"},\"primaryImageOfPage\":{\"@id\":\"https:\\\/\\\/contrastes.com.co\\\/web\\\/2020\\\/08\\\/30\\\/el-coronavirus-ya-supero-los-25-millones-de-casos-declarados-en-el-mundo\\\/#primaryimage\"},\"image\":{\"@id\":\"https:\\\/\\\/contrastes.com.co\\\/web\\\/2020\\\/08\\\/30\\\/el-coronavirus-ya-supero-los-25-millones-de-casos-declarados-en-el-mundo\\\/#primaryimage\"},\"thumbnailUrl\":\"\",\"datePublished\":\"2020-08-30T21:06:41+00:00\",\"breadcrumb\":{\"@id\":\"https:\\\/\\\/contrastes.com.co\\\/web\\\/2020\\\/08\\\/30\\\/el-coronavirus-ya-supero-los-25-millones-de-casos-declarados-en-el-mundo\\\/#breadcrumb\"},\"inLanguage\":\"es\",\"potentialAction\":[{\"@type\":\"ReadAction\",\"target\":[\"https:\\\/\\\/contrastes.com.co\\\/web\\\/2020\\\/08\\\/30\\\/el-coronavirus-ya-supero-los-25-millones-de-casos-declarados-en-el-mundo\\\/\"]}]},{\"@type\":\"ImageObject\",\"inLanguage\":\"es\",\"@id\":\"https:\\\/\\\/contrastes.com.co\\\/web\\\/2020\\\/08\\\/30\\\/el-coronavirus-ya-supero-los-25-millones-de-casos-declarados-en-el-mundo\\\/#primaryimage\",\"url\":\"\",\"contentUrl\":\"\"},{\"@type\":\"BreadcrumbList\",\"@id\":\"https:\\\/\\\/contrastes.com.co\\\/web\\\/2020\\\/08\\\/30\\\/el-coronavirus-ya-supero-los-25-millones-de-casos-declarados-en-el-mundo\\\/#breadcrumb\",\"itemListElement\":[{\"@type\":\"ListItem\",\"position\":1,\"name\":\"Portada\",\"item\":\"https:\\\/\\\/contrastes.com.co\\\/web\\\/\"},{\"@type\":\"ListItem\",\"position\":2,\"name\":\"El coronavirus ya super\u00f3 los 25 millones de casos declarados en el mundo\"}]},{\"@type\":\"WebSite\",\"@id\":\"https:\\\/\\\/contrastes.com.co\\\/web\\\/#website\",\"url\":\"https:\\\/\\\/contrastes.com.co\\\/web\\\/\",\"name\":\"Contrastes\",\"description\":\"Periodismo de Conciencia\",\"publisher\":{\"@id\":\"https:\\\/\\\/contrastes.com.co\\\/web\\\/#organization\"},\"potentialAction\":[{\"@type\":\"SearchAction\",\"target\":{\"@type\":\"EntryPoint\",\"urlTemplate\":\"https:\\\/\\\/contrastes.com.co\\\/web\\\/?s={search_term_string}\"},\"query-input\":{\"@type\":\"PropertyValueSpecification\",\"valueRequired\":true,\"valueName\":\"search_term_string\"}}],\"inLanguage\":\"es\"},{\"@type\":\"Organization\",\"@id\":\"https:\\\/\\\/contrastes.com.co\\\/web\\\/#organization\",\"name\":\"Contrastes\",\"url\":\"https:\\\/\\\/contrastes.com.co\\\/web\\\/\",\"logo\":{\"@type\":\"ImageObject\",\"inLanguage\":\"es\",\"@id\":\"https:\\\/\\\/contrastes.com.co\\\/web\\\/#\\\/schema\\\/logo\\\/image\\\/\",\"url\":\"https:\\\/\\\/contrastes.com.co\\\/web\\\/wp-content\\\/uploads\\\/2025\\\/04\\\/15CONTRASTES3.png\",\"contentUrl\":\"https:\\\/\\\/contrastes.com.co\\\/web\\\/wp-content\\\/uploads\\\/2025\\\/04\\\/15CONTRASTES3.png\",\"width\":1536,\"height\":231,\"caption\":\"Contrastes\"},\"image\":{\"@id\":\"https:\\\/\\\/contrastes.com.co\\\/web\\\/#\\\/schema\\\/logo\\\/image\\\/\"},\"sameAs\":[\"https:\\\/\\\/www.facebook.com\\\/guillo.pantoja.1\"]},{\"@type\":\"Person\",\"@id\":\"https:\\\/\\\/contrastes.com.co\\\/web\\\/#\\\/schema\\\/person\\\/62ef7a62dc4da6de450c71fc2e95ed02\",\"name\":\"Editor\",\"image\":{\"@type\":\"ImageObject\",\"inLanguage\":\"es\",\"@id\":\"https:\\\/\\\/secure.gravatar.com\\\/avatar\\\/7bbb4f718d74bbf600dc556253bb04fd7ac8593751d6e2e3b85432d98aefae80?s=96&d=mm&r=g\",\"url\":\"https:\\\/\\\/secure.gravatar.com\\\/avatar\\\/7bbb4f718d74bbf600dc556253bb04fd7ac8593751d6e2e3b85432d98aefae80?s=96&d=mm&r=g\",\"contentUrl\":\"https:\\\/\\\/secure.gravatar.com\\\/avatar\\\/7bbb4f718d74bbf600dc556253bb04fd7ac8593751d6e2e3b85432d98aefae80?s=96&d=mm&r=g\",\"caption\":\"Editor\"},\"sameAs\":[\"https:\\\/\\\/contrastes.com.co\\\/web\"],\"url\":\"https:\\\/\\\/contrastes.com.co\\\/web\\\/author\\\/jdbobadilla\\\/\"}]}<\/script>\n<!-- \/ Yoast SEO plugin. -->","yoast_head_json":{"title":"El coronavirus ya super\u00f3 los 25 millones de casos declarados en el mundo - Constrastes","robots":{"index":"index","follow":"follow","max-snippet":"max-snippet:-1","max-image-preview":"max-image-preview:large","max-video-preview":"max-video-preview:-1"},"canonical":"https:\/\/contrastes.com.co\/web\/2020\/08\/30\/el-coronavirus-ya-supero-los-25-millones-de-casos-declarados-en-el-mundo\/","og_locale":"es_ES","og_type":"article","og_title":"El coronavirus ya super\u00f3 los 25 millones de casos declarados en el mundo - Constrastes","og_description":"Se han notificado al menos 25.029.250 infectados, de los cuales 842.915 muertes. Casi 4 de cada 10 casos se encuentran en Estados Unidos y Brasil \u00e1s de 25 millones de casos del nuevo coronavirus han sido registrados en todo el mundo, m\u00e1s de la mitad de ellos en Am\u00e9rica, seg\u00fan un recuento de la AFP [&hellip;]","og_url":"https:\/\/contrastes.com.co\/web\/2020\/08\/30\/el-coronavirus-ya-supero-los-25-millones-de-casos-declarados-en-el-mundo\/","og_site_name":"Constrastes","article_publisher":"https:\/\/www.facebook.com\/guillo.pantoja.1","article_published_time":"2020-08-30T21:06:41+00:00","author":"Editor","twitter_card":"summary_large_image","twitter_misc":{"Escrito por":"Editor","Tiempo de lectura":"1 minuto"},"schema":{"@context":"https:\/\/schema.org","@graph":[{"@type":"Article","@id":"https:\/\/contrastes.com.co\/web\/2020\/08\/30\/el-coronavirus-ya-supero-los-25-millones-de-casos-declarados-en-el-mundo\/#article","isPartOf":{"@id":"https:\/\/contrastes.com.co\/web\/2020\/08\/30\/el-coronavirus-ya-supero-los-25-millones-de-casos-declarados-en-el-mundo\/"},"author":{"name":"Editor","@id":"https:\/\/contrastes.com.co\/web\/#\/schema\/person\/62ef7a62dc4da6de450c71fc2e95ed02"},"headline":"El coronavirus ya super\u00f3 los 25 millones de casos declarados en el mundo","datePublished":"2020-08-30T21:06:41+00:00","mainEntityOfPage":{"@id":"https:\/\/contrastes.com.co\/web\/2020\/08\/30\/el-coronavirus-ya-supero-los-25-millones-de-casos-declarados-en-el-mundo\/"},"wordCount":202,"commentCount":0,"publisher":{"@id":"https:\/\/contrastes.com.co\/web\/#organization"},"image":{"@id":"https:\/\/contrastes.com.co\/web\/2020\/08\/30\/el-coronavirus-ya-supero-los-25-millones-de-casos-declarados-en-el-mundo\/#primaryimage"},"thumbnailUrl":"","keywords":["contagios mundo","coronavirus","Covid-19","pandemia"],"articleSection":["Coronavirus","Mundo","Salud"],"inLanguage":"es","potentialAction":[{"@type":"CommentAction","name":"Comment","target":["https:\/\/contrastes.com.co\/web\/2020\/08\/30\/el-coronavirus-ya-supero-los-25-millones-de-casos-declarados-en-el-mundo\/#respond"]}]},{"@type":"WebPage","@id":"https:\/\/contrastes.com.co\/web\/2020\/08\/30\/el-coronavirus-ya-supero-los-25-millones-de-casos-declarados-en-el-mundo\/","url":"https:\/\/contrastes.com.co\/web\/2020\/08\/30\/el-coronavirus-ya-supero-los-25-millones-de-casos-declarados-en-el-mundo\/","name":"El coronavirus ya super\u00f3 los 25 millones de casos declarados en el mundo - Constrastes","isPartOf":{"@id":"https:\/\/contrastes.com.co\/web\/#website"},"primaryImageOfPage":{"@id":"https:\/\/contrastes.com.co\/web\/2020\/08\/30\/el-coronavirus-ya-supero-los-25-millones-de-casos-declarados-en-el-mundo\/#primaryimage"},"image":{"@id":"https:\/\/contrastes.com.co\/web\/2020\/08\/30\/el-coronavirus-ya-supero-los-25-millones-de-casos-declarados-en-el-mundo\/#primaryimage"},"thumbnailUrl":"","datePublished":"2020-08-30T21:06:41+00:00","breadcrumb":{"@id":"https:\/\/contrastes.com.co\/web\/2020\/08\/30\/el-coronavirus-ya-supero-los-25-millones-de-casos-declarados-en-el-mundo\/#breadcrumb"},"inLanguage":"es","potentialAction":[{"@type":"ReadAction","target":["https:\/\/contrastes.com.co\/web\/2020\/08\/30\/el-coronavirus-ya-supero-los-25-millones-de-casos-declarados-en-el-mundo\/"]}]},{"@type":"ImageObject","inLanguage":"es","@id":"https:\/\/contrastes.com.co\/web\/2020\/08\/30\/el-coronavirus-ya-supero-los-25-millones-de-casos-declarados-en-el-mundo\/#primaryimage","url":"","contentUrl":""},{"@type":"BreadcrumbList","@id":"https:\/\/contrastes.com.co\/web\/2020\/08\/30\/el-coronavirus-ya-supero-los-25-millones-de-casos-declarados-en-el-mundo\/#breadcrumb","itemListElement":[{"@type":"ListItem","position":1,"name":"Portada","item":"https:\/\/contrastes.com.co\/web\/"},{"@type":"ListItem","position":2,"name":"El coronavirus ya super\u00f3 los 25 millones de casos declarados en el mundo"}]},{"@type":"WebSite","@id":"https:\/\/contrastes.com.co\/web\/#website","url":"https:\/\/contrastes.com.co\/web\/","name":"Contrastes","description":"Periodismo de Conciencia","publisher":{"@id":"https:\/\/contrastes.com.co\/web\/#organization"},"potentialAction":[{"@type":"SearchAction","target":{"@type":"EntryPoint","urlTemplate":"https:\/\/contrastes.com.co\/web\/?s={search_term_string}"},"query-input":{"@type":"PropertyValueSpecification","valueRequired":true,"valueName":"search_term_string"}}],"inLanguage":"es"},{"@type":"Organization","@id":"https:\/\/contrastes.com.co\/web\/#organization","name":"Contrastes","url":"https:\/\/contrastes.com.co\/web\/","logo":{"@type":"ImageObject","inLanguage":"es","@id":"https:\/\/contrastes.com.co\/web\/#\/schema\/logo\/image\/","url":"https:\/\/contrastes.com.co\/web\/wp-content\/uploads\/2025\/04\/15CONTRASTES3.png","contentUrl":"https:\/\/contrastes.com.co\/web\/wp-content\/uploads\/2025\/04\/15CONTRASTES3.png","width":1536,"height":231,"caption":"Contrastes"},"image":{"@id":"https:\/\/contrastes.com.co\/web\/#\/schema\/logo\/image\/"},"sameAs":["https:\/\/www.facebook.com\/guillo.pantoja.1"]},{"@type":"Person","@id":"https:\/\/contrastes.com.co\/web\/#\/schema\/person\/62ef7a62dc4da6de450c71fc2e95ed02","name":"Editor","image":{"@type":"ImageObject","inLanguage":"es","@id":"https:\/\/secure.gravatar.com\/avatar\/7bbb4f718d74bbf600dc556253bb04fd7ac8593751d6e2e3b85432d98aefae80?s=96&d=mm&r=g","url":"https:\/\/secure.gravatar.com\/avatar\/7bbb4f718d74bbf600dc556253bb04fd7ac8593751d6e2e3b85432d98aefae80?s=96&d=mm&r=g","contentUrl":"https:\/\/secure.gravatar.com\/avatar\/7bbb4f718d74bbf600dc556253bb04fd7ac8593751d6e2e3b85432d98aefae80?s=96&d=mm&r=g","caption":"Editor"},"sameAs":["https:\/\/contrastes.com.co\/web"],"url":"https:\/\/contrastes.com.co\/web\/author\/jdbobadilla\/"}]}},"blog_post_layout_featured_media_urls":{"thumbnail":"","full":""},"categories_names":{"73":{"name":"Coronavirus","link":"https:\/\/contrastes.com.co\/web\/category\/coronavirus\/"},"88":{"name":"Mundo","link":"https:\/\/contrastes.com.co\/web\/category\/mundo\/"},"25":{"name":"Salud","link":"https:\/\/contrastes.com.co\/web\/category\/salud\/"}},"tags_names":{"1096":{"name":"contagios mundo","link":"https:\/\/contrastes.com.co\/web\/tag\/contagios-mundo\/"},"86":{"name":"coronavirus","link":"https:\/\/contrastes.com.co\/web\/tag\/coronavirus\/"},"503":{"name":"Covid-19","link":"https:\/\/contrastes.com.co\/web\/tag\/covid-19\/"},"97":{"name":"pandemia","link":"https:\/\/contrastes.com.co\/web\/tag\/pandemia\/"}},"comments_number":"0","wpmagazine_modules_lite_featured_media_urls":{"thumbnail":"","cvmm-medium":"","cvmm-medium-plus":"","cvmm-portrait":"","cvmm-medium-square":"","cvmm-large":"","cvmm-small":"","full":""},"_links":{"self":[{"href":"https:\/\/contrastes.com.co\/web\/wp-json\/wp\/v2\/posts\/2189","targetHints":{"allow":["GET"]}}],"collection":[{"href":"https:\/\/contrastes.com.co\/web\/wp-json\/wp\/v2\/posts"}],"about":[{"href":"https:\/\/contrastes.com.co\/web\/wp-json\/wp\/v2\/types\/post"}],"author":[{"embeddable":true,"href":"https:\/\/contrastes.com.co\/web\/wp-json\/wp\/v2\/users\/1"}],"replies":[{"embeddable":true,"href":"https:\/\/contrastes.com.co\/web\/wp-json\/wp\/v2\/comments?post=2189"}],"version-history":[{"count":0,"href":"https:\/\/contrastes.com.co\/web\/wp-json\/wp\/v2\/posts\/2189\/revisions"}],"wp:attachment":[{"href":"https:\/\/contrastes.com.co\/web\/wp-json\/wp\/v2\/media?parent=2189"}],"wp:term":[{"taxonomy":"category","embeddable":true,"href":"https:\/\/contrastes.com.co\/web\/wp-json\/wp\/v2\/categories?post=2189"},{"taxonomy":"post_tag","embeddable":true,"href":"https:\/\/contrastes.com.co\/web\/wp-json\/wp\/v2\/tags?post=2189"}],"curies":[{"name":"wp","href":"https:\/\/api.w.org\/{rel}","templated":true}]}}