{"id":2428,"date":"2020-09-07T21:17:15","date_gmt":"2020-09-08T02:17:15","guid":{"rendered":"https:\/\/contrastes.com.co\/digital\/?p=2428"},"modified":"2020-09-07T21:17:15","modified_gmt":"2020-09-08T02:17:15","slug":"secretaria-de-soledad-realiza-censo-de-familias-afectadas-por-lluvias-durante-fin-de-semana","status":"publish","type":"post","link":"https:\/\/contrastes.com.co\/web\/2020\/09\/07\/secretaria-de-soledad-realiza-censo-de-familias-afectadas-por-lluvias-durante-fin-de-semana\/","title":{"rendered":"Secretar\u00eda de Soledad realiza censo de familias afectadas por lluvias durante fin de semana"},"content":{"rendered":"<blockquote><p><strong>Finalmente, el secretario expres\u00f3 que: \u201clos mayores da\u00f1os se registraron en los techos y cinco viviendas fueron afectadas en el 50 por ciento. Vamos a mitigar las necesidades de estas familias. Hoy aspiramos terminar el trabajo de censo y ma\u00f1ana empezar las entregas\u201d<\/strong><\/p><\/blockquote>\n<p>&nbsp;<\/p>\n<p><img decoding=\"async\" class=\"alignleft  wp-image-954\" src=\"https:\/\/contrastes.com.co\/digital\/wp-content\/uploads\/2020\/05\/c-capitular.png\" alt=\"c capitular\" width=\"84\" height=\"84\" \/>on apoyo del personal de la Defensa Civil y la Polic\u00eda Nacional de Vigilancia y Rescate, funcionarios de la secretar\u00eda municipal de Gobierno realizan el censo para determinar el n\u00famero exacto de viviendas afectadas por las fuertes lluvias y vientos registrados este domingo y que dej\u00f3 sin techo a las viviendas de por lo menos 34 familias solede\u00f1as.<\/p>\n<p>El secretario municipal de Gobierno, Rosmell Hern\u00e1ndez Bresneider, manifest\u00f3 que desde ayer las actividades de verificaci\u00f3n se realizan en barrios como Altos de los Robles, Campanos segunda etapa y Altos del Horizonte para proceder a la entrega de las respectivas ayudas que mitigar\u00e1n las necesidades de estos hogares.<\/p>\n<p><img fetchpriority=\"high\" decoding=\"async\" class=\"alignleft size-full wp-image-2429\" src=\"https:\/\/contrastes.com.co\/digital\/wp-content\/uploads\/2020\/09\/censo-de-familias-1.jpg\" alt=\"censo\" width=\"1280\" height=\"720\" \/><\/p>\n<p>\u201cInmediatamente despu\u00e9s que se present\u00f3 el fen\u00f3meno natural, acudimos a estos sectores e hicimos las primeras verificaciones. Intervinimos y tomamos evidencias en catorce viviendas. Tambi\u00e9n hablamos con las personas y les explicamos c\u00f3mo es el proceso de censo y caracterizaci\u00f3n\u201d, explic\u00f3 el funcionario.<br \/>\nSe\u00f1al\u00f3 que posteriormente, acudieron funcionarios de la Defensa Civil, seccional Atl\u00e1ntico, para terminar la elaboraci\u00f3n del censo y la caracterizaci\u00f3n.<\/p>\n<p>Hern\u00e1ndez Bresneider agreg\u00f3 que: \u201choy me entregan el reporte de veinte viviendas, m\u00e1s las catorce que logramos verificar ayer, sumamos un total de 34 viviendas hasta el momento. Una vez se termine la labor en el barrio Las Campanas, segunda etapa y Altos de Horizonte, nos disponemos a ir al barrio Manantial para hacer las respectivas verificaciones\u201d.<\/p>\n<p>Finalmente, el secretario expres\u00f3 que: \u201clos mayores da\u00f1os se registraron en los techos y cinco viviendas fueron afectadas en el 50 por ciento. Vamos a mitigar las necesidades de estas familias. Hoy aspiramos terminar el trabajo de censo y ma\u00f1ana empezar las entregas\u201d<img decoding=\"async\" class=\"alignleft size-full wp-image-2431\" src=\"https:\/\/contrastes.com.co\/digital\/wp-content\/uploads\/2020\/09\/censo-de-familia-1.jpg\" alt=\"censo 3\" width=\"1280\" height=\"720\" \/><\/p>\n","protected":false},"excerpt":{"rendered":"<p>Secretar\u00eda de Soledad realiza censo de familias afectadas por lluvias durante fin de semana<\/p>\n","protected":false},"author":1,"featured_media":2433,"comment_status":"open","ping_status":"open","sticky":false,"template":"","format":"standard","meta":{"footnotes":""},"categories":[10,24],"tags":[28,1130,1131,21],"class_list":["post-2428","post","type-post","status-publish","format-standard","has-post-thumbnail","hentry","category-comunidad","category-region","tag-alcaldia-de-soledad","tag-defensa-civil","tag-el-secretario-municipal-de-gobierno","tag-policia-nacional"],"yoast_head":"<!-- This site is optimized with the Yoast SEO plugin v27.7 - https:\/\/yoast.com\/product\/yoast-seo-wordpress\/ -->\n<title>Secretar\u00eda de Soledad realiza censo de familias afectadas por lluvias durante fin de semana - Constrastes<\/title>\n<meta name=\"robots\" content=\"index, follow, max-snippet:-1, max-image-preview:large, max-video-preview:-1\" \/>\n<link rel=\"canonical\" href=\"https:\/\/contrastes.com.co\/web\/2020\/09\/07\/secretaria-de-soledad-realiza-censo-de-familias-afectadas-por-lluvias-durante-fin-de-semana\/\" \/>\n<meta property=\"og:locale\" content=\"es_ES\" \/>\n<meta property=\"og:type\" content=\"article\" \/>\n<meta property=\"og:title\" content=\"Secretar\u00eda de Soledad realiza censo de familias afectadas por lluvias durante fin de semana - Constrastes\" \/>\n<meta property=\"og:description\" content=\"Secretar\u00eda de Soledad realiza censo de familias afectadas por lluvias durante fin de semana\" \/>\n<meta property=\"og:url\" content=\"https:\/\/contrastes.com.co\/web\/2020\/09\/07\/secretaria-de-soledad-realiza-censo-de-familias-afectadas-por-lluvias-durante-fin-de-semana\/\" \/>\n<meta property=\"og:site_name\" content=\"Constrastes\" \/>\n<meta property=\"article:publisher\" content=\"https:\/\/www.facebook.com\/guillo.pantoja.1\" \/>\n<meta property=\"article:published_time\" content=\"2020-09-08T02:17:15+00:00\" \/>\n<meta name=\"author\" content=\"Editor\" \/>\n<meta name=\"twitter:card\" content=\"summary_large_image\" \/>\n<meta name=\"twitter:label1\" content=\"Escrito por\" \/>\n\t<meta name=\"twitter:data1\" content=\"Editor\" \/>\n\t<meta name=\"twitter:label2\" content=\"Tiempo de lectura\" \/>\n\t<meta name=\"twitter:data2\" content=\"2 minutos\" \/>\n<script type=\"application\/ld+json\" class=\"yoast-schema-graph\">{\"@context\":\"https:\\\/\\\/schema.org\",\"@graph\":[{\"@type\":\"Article\",\"@id\":\"https:\\\/\\\/contrastes.com.co\\\/web\\\/2020\\\/09\\\/07\\\/secretaria-de-soledad-realiza-censo-de-familias-afectadas-por-lluvias-durante-fin-de-semana\\\/#article\",\"isPartOf\":{\"@id\":\"https:\\\/\\\/contrastes.com.co\\\/web\\\/2020\\\/09\\\/07\\\/secretaria-de-soledad-realiza-censo-de-familias-afectadas-por-lluvias-durante-fin-de-semana\\\/\"},\"author\":{\"name\":\"Editor\",\"@id\":\"https:\\\/\\\/contrastes.com.co\\\/web\\\/#\\\/schema\\\/person\\\/62ef7a62dc4da6de450c71fc2e95ed02\"},\"headline\":\"Secretar\u00eda de Soledad realiza censo de familias afectadas por lluvias durante fin de semana\",\"datePublished\":\"2020-09-08T02:17:15+00:00\",\"mainEntityOfPage\":{\"@id\":\"https:\\\/\\\/contrastes.com.co\\\/web\\\/2020\\\/09\\\/07\\\/secretaria-de-soledad-realiza-censo-de-familias-afectadas-por-lluvias-durante-fin-de-semana\\\/\"},\"wordCount\":346,\"commentCount\":0,\"publisher\":{\"@id\":\"https:\\\/\\\/contrastes.com.co\\\/web\\\/#organization\"},\"image\":{\"@id\":\"https:\\\/\\\/contrastes.com.co\\\/web\\\/2020\\\/09\\\/07\\\/secretaria-de-soledad-realiza-censo-de-familias-afectadas-por-lluvias-durante-fin-de-semana\\\/#primaryimage\"},\"thumbnailUrl\":\"\",\"keywords\":[\"alcaldia de Soledad\",\"Defensa Civil\",\"El secretario municipal de Gobierno\",\"polic\u00eda nacional\"],\"articleSection\":[\"Comunidad\",\"Regi\u00f3n\"],\"inLanguage\":\"es\",\"potentialAction\":[{\"@type\":\"CommentAction\",\"name\":\"Comment\",\"target\":[\"https:\\\/\\\/contrastes.com.co\\\/web\\\/2020\\\/09\\\/07\\\/secretaria-de-soledad-realiza-censo-de-familias-afectadas-por-lluvias-durante-fin-de-semana\\\/#respond\"]}]},{\"@type\":\"WebPage\",\"@id\":\"https:\\\/\\\/contrastes.com.co\\\/web\\\/2020\\\/09\\\/07\\\/secretaria-de-soledad-realiza-censo-de-familias-afectadas-por-lluvias-durante-fin-de-semana\\\/\",\"url\":\"https:\\\/\\\/contrastes.com.co\\\/web\\\/2020\\\/09\\\/07\\\/secretaria-de-soledad-realiza-censo-de-familias-afectadas-por-lluvias-durante-fin-de-semana\\\/\",\"name\":\"Secretar\u00eda de Soledad realiza censo de familias afectadas por lluvias durante fin de semana - Constrastes\",\"isPartOf\":{\"@id\":\"https:\\\/\\\/contrastes.com.co\\\/web\\\/#website\"},\"primaryImageOfPage\":{\"@id\":\"https:\\\/\\\/contrastes.com.co\\\/web\\\/2020\\\/09\\\/07\\\/secretaria-de-soledad-realiza-censo-de-familias-afectadas-por-lluvias-durante-fin-de-semana\\\/#primaryimage\"},\"image\":{\"@id\":\"https:\\\/\\\/contrastes.com.co\\\/web\\\/2020\\\/09\\\/07\\\/secretaria-de-soledad-realiza-censo-de-familias-afectadas-por-lluvias-durante-fin-de-semana\\\/#primaryimage\"},\"thumbnailUrl\":\"\",\"datePublished\":\"2020-09-08T02:17:15+00:00\",\"breadcrumb\":{\"@id\":\"https:\\\/\\\/contrastes.com.co\\\/web\\\/2020\\\/09\\\/07\\\/secretaria-de-soledad-realiza-censo-de-familias-afectadas-por-lluvias-durante-fin-de-semana\\\/#breadcrumb\"},\"inLanguage\":\"es\",\"potentialAction\":[{\"@type\":\"ReadAction\",\"target\":[\"https:\\\/\\\/contrastes.com.co\\\/web\\\/2020\\\/09\\\/07\\\/secretaria-de-soledad-realiza-censo-de-familias-afectadas-por-lluvias-durante-fin-de-semana\\\/\"]}]},{\"@type\":\"ImageObject\",\"inLanguage\":\"es\",\"@id\":\"https:\\\/\\\/contrastes.com.co\\\/web\\\/2020\\\/09\\\/07\\\/secretaria-de-soledad-realiza-censo-de-familias-afectadas-por-lluvias-durante-fin-de-semana\\\/#primaryimage\",\"url\":\"\",\"contentUrl\":\"\"},{\"@type\":\"BreadcrumbList\",\"@id\":\"https:\\\/\\\/contrastes.com.co\\\/web\\\/2020\\\/09\\\/07\\\/secretaria-de-soledad-realiza-censo-de-familias-afectadas-por-lluvias-durante-fin-de-semana\\\/#breadcrumb\",\"itemListElement\":[{\"@type\":\"ListItem\",\"position\":1,\"name\":\"Portada\",\"item\":\"https:\\\/\\\/contrastes.com.co\\\/web\\\/\"},{\"@type\":\"ListItem\",\"position\":2,\"name\":\"Secretar\u00eda de Soledad realiza censo de familias afectadas por lluvias durante fin de semana\"}]},{\"@type\":\"WebSite\",\"@id\":\"https:\\\/\\\/contrastes.com.co\\\/web\\\/#website\",\"url\":\"https:\\\/\\\/contrastes.com.co\\\/web\\\/\",\"name\":\"Contrastes\",\"description\":\"Periodismo de Conciencia\",\"publisher\":{\"@id\":\"https:\\\/\\\/contrastes.com.co\\\/web\\\/#organization\"},\"potentialAction\":[{\"@type\":\"SearchAction\",\"target\":{\"@type\":\"EntryPoint\",\"urlTemplate\":\"https:\\\/\\\/contrastes.com.co\\\/web\\\/?s={search_term_string}\"},\"query-input\":{\"@type\":\"PropertyValueSpecification\",\"valueRequired\":true,\"valueName\":\"search_term_string\"}}],\"inLanguage\":\"es\"},{\"@type\":\"Organization\",\"@id\":\"https:\\\/\\\/contrastes.com.co\\\/web\\\/#organization\",\"name\":\"Contrastes\",\"url\":\"https:\\\/\\\/contrastes.com.co\\\/web\\\/\",\"logo\":{\"@type\":\"ImageObject\",\"inLanguage\":\"es\",\"@id\":\"https:\\\/\\\/contrastes.com.co\\\/web\\\/#\\\/schema\\\/logo\\\/image\\\/\",\"url\":\"https:\\\/\\\/contrastes.com.co\\\/web\\\/wp-content\\\/uploads\\\/2025\\\/04\\\/15CONTRASTES3.png\",\"contentUrl\":\"https:\\\/\\\/contrastes.com.co\\\/web\\\/wp-content\\\/uploads\\\/2025\\\/04\\\/15CONTRASTES3.png\",\"width\":1536,\"height\":231,\"caption\":\"Contrastes\"},\"image\":{\"@id\":\"https:\\\/\\\/contrastes.com.co\\\/web\\\/#\\\/schema\\\/logo\\\/image\\\/\"},\"sameAs\":[\"https:\\\/\\\/www.facebook.com\\\/guillo.pantoja.1\"]},{\"@type\":\"Person\",\"@id\":\"https:\\\/\\\/contrastes.com.co\\\/web\\\/#\\\/schema\\\/person\\\/62ef7a62dc4da6de450c71fc2e95ed02\",\"name\":\"Editor\",\"image\":{\"@type\":\"ImageObject\",\"inLanguage\":\"es\",\"@id\":\"https:\\\/\\\/secure.gravatar.com\\\/avatar\\\/7bbb4f718d74bbf600dc556253bb04fd7ac8593751d6e2e3b85432d98aefae80?s=96&d=mm&r=g\",\"url\":\"https:\\\/\\\/secure.gravatar.com\\\/avatar\\\/7bbb4f718d74bbf600dc556253bb04fd7ac8593751d6e2e3b85432d98aefae80?s=96&d=mm&r=g\",\"contentUrl\":\"https:\\\/\\\/secure.gravatar.com\\\/avatar\\\/7bbb4f718d74bbf600dc556253bb04fd7ac8593751d6e2e3b85432d98aefae80?s=96&d=mm&r=g\",\"caption\":\"Editor\"},\"sameAs\":[\"https:\\\/\\\/contrastes.com.co\\\/web\"],\"url\":\"https:\\\/\\\/contrastes.com.co\\\/web\\\/author\\\/jdbobadilla\\\/\"}]}<\/script>\n<!-- \/ Yoast SEO plugin. -->","yoast_head_json":{"title":"Secretar\u00eda de Soledad realiza censo de familias afectadas por lluvias durante fin de semana - Constrastes","robots":{"index":"index","follow":"follow","max-snippet":"max-snippet:-1","max-image-preview":"max-image-preview:large","max-video-preview":"max-video-preview:-1"},"canonical":"https:\/\/contrastes.com.co\/web\/2020\/09\/07\/secretaria-de-soledad-realiza-censo-de-familias-afectadas-por-lluvias-durante-fin-de-semana\/","og_locale":"es_ES","og_type":"article","og_title":"Secretar\u00eda de Soledad realiza censo de familias afectadas por lluvias durante fin de semana - Constrastes","og_description":"Secretar\u00eda de Soledad realiza censo de familias afectadas por lluvias durante fin de semana","og_url":"https:\/\/contrastes.com.co\/web\/2020\/09\/07\/secretaria-de-soledad-realiza-censo-de-familias-afectadas-por-lluvias-durante-fin-de-semana\/","og_site_name":"Constrastes","article_publisher":"https:\/\/www.facebook.com\/guillo.pantoja.1","article_published_time":"2020-09-08T02:17:15+00:00","author":"Editor","twitter_card":"summary_large_image","twitter_misc":{"Escrito por":"Editor","Tiempo de lectura":"2 minutos"},"schema":{"@context":"https:\/\/schema.org","@graph":[{"@type":"Article","@id":"https:\/\/contrastes.com.co\/web\/2020\/09\/07\/secretaria-de-soledad-realiza-censo-de-familias-afectadas-por-lluvias-durante-fin-de-semana\/#article","isPartOf":{"@id":"https:\/\/contrastes.com.co\/web\/2020\/09\/07\/secretaria-de-soledad-realiza-censo-de-familias-afectadas-por-lluvias-durante-fin-de-semana\/"},"author":{"name":"Editor","@id":"https:\/\/contrastes.com.co\/web\/#\/schema\/person\/62ef7a62dc4da6de450c71fc2e95ed02"},"headline":"Secretar\u00eda de Soledad realiza censo de familias afectadas por lluvias durante fin de semana","datePublished":"2020-09-08T02:17:15+00:00","mainEntityOfPage":{"@id":"https:\/\/contrastes.com.co\/web\/2020\/09\/07\/secretaria-de-soledad-realiza-censo-de-familias-afectadas-por-lluvias-durante-fin-de-semana\/"},"wordCount":346,"commentCount":0,"publisher":{"@id":"https:\/\/contrastes.com.co\/web\/#organization"},"image":{"@id":"https:\/\/contrastes.com.co\/web\/2020\/09\/07\/secretaria-de-soledad-realiza-censo-de-familias-afectadas-por-lluvias-durante-fin-de-semana\/#primaryimage"},"thumbnailUrl":"","keywords":["alcaldia de Soledad","Defensa Civil","El secretario municipal de Gobierno","polic\u00eda nacional"],"articleSection":["Comunidad","Regi\u00f3n"],"inLanguage":"es","potentialAction":[{"@type":"CommentAction","name":"Comment","target":["https:\/\/contrastes.com.co\/web\/2020\/09\/07\/secretaria-de-soledad-realiza-censo-de-familias-afectadas-por-lluvias-durante-fin-de-semana\/#respond"]}]},{"@type":"WebPage","@id":"https:\/\/contrastes.com.co\/web\/2020\/09\/07\/secretaria-de-soledad-realiza-censo-de-familias-afectadas-por-lluvias-durante-fin-de-semana\/","url":"https:\/\/contrastes.com.co\/web\/2020\/09\/07\/secretaria-de-soledad-realiza-censo-de-familias-afectadas-por-lluvias-durante-fin-de-semana\/","name":"Secretar\u00eda de Soledad realiza censo de familias afectadas por lluvias durante fin de semana - Constrastes","isPartOf":{"@id":"https:\/\/contrastes.com.co\/web\/#website"},"primaryImageOfPage":{"@id":"https:\/\/contrastes.com.co\/web\/2020\/09\/07\/secretaria-de-soledad-realiza-censo-de-familias-afectadas-por-lluvias-durante-fin-de-semana\/#primaryimage"},"image":{"@id":"https:\/\/contrastes.com.co\/web\/2020\/09\/07\/secretaria-de-soledad-realiza-censo-de-familias-afectadas-por-lluvias-durante-fin-de-semana\/#primaryimage"},"thumbnailUrl":"","datePublished":"2020-09-08T02:17:15+00:00","breadcrumb":{"@id":"https:\/\/contrastes.com.co\/web\/2020\/09\/07\/secretaria-de-soledad-realiza-censo-de-familias-afectadas-por-lluvias-durante-fin-de-semana\/#breadcrumb"},"inLanguage":"es","potentialAction":[{"@type":"ReadAction","target":["https:\/\/contrastes.com.co\/web\/2020\/09\/07\/secretaria-de-soledad-realiza-censo-de-familias-afectadas-por-lluvias-durante-fin-de-semana\/"]}]},{"@type":"ImageObject","inLanguage":"es","@id":"https:\/\/contrastes.com.co\/web\/2020\/09\/07\/secretaria-de-soledad-realiza-censo-de-familias-afectadas-por-lluvias-durante-fin-de-semana\/#primaryimage","url":"","contentUrl":""},{"@type":"BreadcrumbList","@id":"https:\/\/contrastes.com.co\/web\/2020\/09\/07\/secretaria-de-soledad-realiza-censo-de-familias-afectadas-por-lluvias-durante-fin-de-semana\/#breadcrumb","itemListElement":[{"@type":"ListItem","position":1,"name":"Portada","item":"https:\/\/contrastes.com.co\/web\/"},{"@type":"ListItem","position":2,"name":"Secretar\u00eda de Soledad realiza censo de familias afectadas por lluvias durante fin de semana"}]},{"@type":"WebSite","@id":"https:\/\/contrastes.com.co\/web\/#website","url":"https:\/\/contrastes.com.co\/web\/","name":"Contrastes","description":"Periodismo de Conciencia","publisher":{"@id":"https:\/\/contrastes.com.co\/web\/#organization"},"potentialAction":[{"@type":"SearchAction","target":{"@type":"EntryPoint","urlTemplate":"https:\/\/contrastes.com.co\/web\/?s={search_term_string}"},"query-input":{"@type":"PropertyValueSpecification","valueRequired":true,"valueName":"search_term_string"}}],"inLanguage":"es"},{"@type":"Organization","@id":"https:\/\/contrastes.com.co\/web\/#organization","name":"Contrastes","url":"https:\/\/contrastes.com.co\/web\/","logo":{"@type":"ImageObject","inLanguage":"es","@id":"https:\/\/contrastes.com.co\/web\/#\/schema\/logo\/image\/","url":"https:\/\/contrastes.com.co\/web\/wp-content\/uploads\/2025\/04\/15CONTRASTES3.png","contentUrl":"https:\/\/contrastes.com.co\/web\/wp-content\/uploads\/2025\/04\/15CONTRASTES3.png","width":1536,"height":231,"caption":"Contrastes"},"image":{"@id":"https:\/\/contrastes.com.co\/web\/#\/schema\/logo\/image\/"},"sameAs":["https:\/\/www.facebook.com\/guillo.pantoja.1"]},{"@type":"Person","@id":"https:\/\/contrastes.com.co\/web\/#\/schema\/person\/62ef7a62dc4da6de450c71fc2e95ed02","name":"Editor","image":{"@type":"ImageObject","inLanguage":"es","@id":"https:\/\/secure.gravatar.com\/avatar\/7bbb4f718d74bbf600dc556253bb04fd7ac8593751d6e2e3b85432d98aefae80?s=96&d=mm&r=g","url":"https:\/\/secure.gravatar.com\/avatar\/7bbb4f718d74bbf600dc556253bb04fd7ac8593751d6e2e3b85432d98aefae80?s=96&d=mm&r=g","contentUrl":"https:\/\/secure.gravatar.com\/avatar\/7bbb4f718d74bbf600dc556253bb04fd7ac8593751d6e2e3b85432d98aefae80?s=96&d=mm&r=g","caption":"Editor"},"sameAs":["https:\/\/contrastes.com.co\/web"],"url":"https:\/\/contrastes.com.co\/web\/author\/jdbobadilla\/"}]}},"blog_post_layout_featured_media_urls":{"thumbnail":"","full":""},"categories_names":{"10":{"name":"Comunidad","link":"https:\/\/contrastes.com.co\/web\/category\/comunidad\/"},"24":{"name":"Regi\u00f3n","link":"https:\/\/contrastes.com.co\/web\/category\/region\/"}},"tags_names":{"28":{"name":"alcaldia de Soledad","link":"https:\/\/contrastes.com.co\/web\/tag\/alcaldia-de-soledad\/"},"1130":{"name":"Defensa Civil","link":"https:\/\/contrastes.com.co\/web\/tag\/defensa-civil\/"},"1131":{"name":"El secretario municipal de Gobierno","link":"https:\/\/contrastes.com.co\/web\/tag\/el-secretario-municipal-de-gobierno\/"},"21":{"name":"polic\u00eda nacional","link":"https:\/\/contrastes.com.co\/web\/tag\/policia-nacional\/"}},"comments_number":"0","wpmagazine_modules_lite_featured_media_urls":{"thumbnail":"","cvmm-medium":"","cvmm-medium-plus":"","cvmm-portrait":"","cvmm-medium-square":"","cvmm-large":"","cvmm-small":"","full":""},"_links":{"self":[{"href":"https:\/\/contrastes.com.co\/web\/wp-json\/wp\/v2\/posts\/2428","targetHints":{"allow":["GET"]}}],"collection":[{"href":"https:\/\/contrastes.com.co\/web\/wp-json\/wp\/v2\/posts"}],"about":[{"href":"https:\/\/contrastes.com.co\/web\/wp-json\/wp\/v2\/types\/post"}],"author":[{"embeddable":true,"href":"https:\/\/contrastes.com.co\/web\/wp-json\/wp\/v2\/users\/1"}],"replies":[{"embeddable":true,"href":"https:\/\/contrastes.com.co\/web\/wp-json\/wp\/v2\/comments?post=2428"}],"version-history":[{"count":0,"href":"https:\/\/contrastes.com.co\/web\/wp-json\/wp\/v2\/posts\/2428\/revisions"}],"wp:attachment":[{"href":"https:\/\/contrastes.com.co\/web\/wp-json\/wp\/v2\/media?parent=2428"}],"wp:term":[{"taxonomy":"category","embeddable":true,"href":"https:\/\/contrastes.com.co\/web\/wp-json\/wp\/v2\/categories?post=2428"},{"taxonomy":"post_tag","embeddable":true,"href":"https:\/\/contrastes.com.co\/web\/wp-json\/wp\/v2\/tags?post=2428"}],"curies":[{"name":"wp","href":"https:\/\/api.w.org\/{rel}","templated":true}]}}