{"id":2532,"date":"2020-09-18T20:31:13","date_gmt":"2020-09-19T01:31:13","guid":{"rendered":"https:\/\/contrastes.com.co\/digital\/?p=2532"},"modified":"2020-09-18T20:31:13","modified_gmt":"2020-09-19T01:31:13","slug":"mora-occidente-sera-el-primer-barrio-beneficiado-con-titulacion-y-mejoramiento-de-viviendas","status":"publish","type":"post","link":"https:\/\/contrastes.com.co\/web\/2020\/09\/18\/mora-occidente-sera-el-primer-barrio-beneficiado-con-titulacion-y-mejoramiento-de-viviendas\/","title":{"rendered":"Mora Occidente ser\u00e1 el primer barrio beneficiado con titulaci\u00f3n y mejoramiento de viviendas"},"content":{"rendered":"<blockquote><p><strong>\u00abHoy dejan de ser poseedores de sus inmuebles para convertirse propietarios del mismo. Con la obtenci\u00f3n de este t\u00edtulo podr\u00e1n acceder con mayor facilidad a cr\u00e9ditos bancarios\u00bb, indic\u00f3 Ucr\u00f3s Rosales.<\/strong><\/p><\/blockquote>\n<p><img decoding=\"async\" class=\"alignleft  wp-image-845\" src=\"https:\/\/contrastes.com.co\/digital\/wp-content\/uploads\/2020\/05\/e-capitular.png\" alt=\"e capitular\" width=\"91\" height=\"91\" \/>l alcalde de Soledad, Rodolfo Ucr\u00f3s Rosales, entreg\u00f3 43 nuevos t\u00edtulos de propiedad a igual n\u00famero de familias en el barrio Moras Occidente, sector que ser\u00e1 el primero en beneficiarse con la legalizaci\u00f3n mencionada y la ejecuci\u00f3n del programa de mejoramiento de viviendas.<\/p>\n<p>As\u00ed lo se\u00f1al\u00f3 el mandatario de los solede\u00f1os, quien lleg\u00f3 a cada hogar con el t\u00edtulo de propiedad, cumpliendo as\u00ed con una de las metas trazadas en su gobierno.<\/p>\n<p>\u00abHoy dejan de ser poseedores de sus inmuebles para convertirse propietarios del mismo. Con la obtenci\u00f3n de este t\u00edtulo podr\u00e1n acceder con mayor facilidad a cr\u00e9ditos bancarios\u00bb, indic\u00f3 Ucr\u00f3s Rosales.<\/p>\n<p>As\u00ed mismo, afirm\u00f3 que en este sector se pondr\u00e1 en marcha el programa de mejoramiento de vivienda, con intenci\u00f3n de que las condiciones de vida de sus moradores sean dignas.<\/p>\n<p>Los habitantes del sector que recibieron su t\u00edtulo se mostraron felices y agradecidos con el gobierno del Gran Pacto Social. \u201cRecibir de manos del Alcalde este t\u00edtulo de propiedad significa una gran satisfacci\u00f3n para m\u00ed. Me ha llenado de alegr\u00eda que despu\u00e9s de 15 a\u00f1os puedan decirme que soy propietaria de mi casa\u00bb, manifest\u00f3 Rosa Batista Narv\u00e1ez, beneficiaria del programa.<\/p>\n<p>En los meses pasados los barrios que se vieron beneficiados con el programa fueron: Don Bosco IV, Moras Occidente, Ciudad Cribe I, Ciudad Caribe III y Ciudad Caribe IV.<\/p>\n<p>El programa &#8216;Familias Propietarias&#8217; tiene como objetivo la entrega de 20 mil t\u00edtulos de propiedad durante los cuatro a\u00f1os de mandato de Rodolfo Ucr\u00f3s. Este a\u00f1o la meta es entregar 5 mil. El Alcalde est\u00e1 trabajando arduamente para que Soledad sea el municipio que entregue el mayor n\u00famero de t\u00edtulos de propiedad del pa\u00eds.<\/p>\n","protected":false},"excerpt":{"rendered":"<p>Moras Occidente ser\u00e1 el primer barrio beneficiado con titulaci\u00f3n y mejoramiento de viviendas<\/p>\n","protected":false},"author":1,"featured_media":2533,"comment_status":"open","ping_status":"open","sticky":false,"template":"","format":"standard","meta":{"footnotes":""},"categories":[10],"tags":[28,84],"class_list":["post-2532","post","type-post","status-publish","format-standard","has-post-thumbnail","hentry","category-comunidad","tag-alcaldia-de-soledad","tag-rodolfo-ucros"],"yoast_head":"<!-- This site is optimized with the Yoast SEO plugin v27.7 - https:\/\/yoast.com\/product\/yoast-seo-wordpress\/ -->\n<title>Mora Occidente ser\u00e1 el primer barrio beneficiado con titulaci\u00f3n y mejoramiento de viviendas - Constrastes<\/title>\n<meta name=\"robots\" content=\"index, follow, max-snippet:-1, max-image-preview:large, max-video-preview:-1\" \/>\n<link rel=\"canonical\" href=\"https:\/\/contrastes.com.co\/web\/2020\/09\/18\/mora-occidente-sera-el-primer-barrio-beneficiado-con-titulacion-y-mejoramiento-de-viviendas\/\" \/>\n<meta property=\"og:locale\" content=\"es_ES\" \/>\n<meta property=\"og:type\" content=\"article\" \/>\n<meta property=\"og:title\" content=\"Mora Occidente ser\u00e1 el primer barrio beneficiado con titulaci\u00f3n y mejoramiento de viviendas - Constrastes\" \/>\n<meta property=\"og:description\" content=\"Moras Occidente ser\u00e1 el primer barrio beneficiado con titulaci\u00f3n y mejoramiento de viviendas\" \/>\n<meta property=\"og:url\" content=\"https:\/\/contrastes.com.co\/web\/2020\/09\/18\/mora-occidente-sera-el-primer-barrio-beneficiado-con-titulacion-y-mejoramiento-de-viviendas\/\" \/>\n<meta property=\"og:site_name\" content=\"Constrastes\" \/>\n<meta property=\"article:publisher\" content=\"https:\/\/www.facebook.com\/guillo.pantoja.1\" \/>\n<meta property=\"article:published_time\" content=\"2020-09-19T01:31:13+00:00\" \/>\n<meta name=\"author\" content=\"Editor\" \/>\n<meta name=\"twitter:card\" content=\"summary_large_image\" \/>\n<meta name=\"twitter:label1\" content=\"Escrito por\" \/>\n\t<meta name=\"twitter:data1\" content=\"Editor\" \/>\n\t<meta name=\"twitter:label2\" content=\"Tiempo de lectura\" \/>\n\t<meta name=\"twitter:data2\" content=\"2 minutos\" \/>\n<script type=\"application\/ld+json\" class=\"yoast-schema-graph\">{\"@context\":\"https:\\\/\\\/schema.org\",\"@graph\":[{\"@type\":\"Article\",\"@id\":\"https:\\\/\\\/contrastes.com.co\\\/web\\\/2020\\\/09\\\/18\\\/mora-occidente-sera-el-primer-barrio-beneficiado-con-titulacion-y-mejoramiento-de-viviendas\\\/#article\",\"isPartOf\":{\"@id\":\"https:\\\/\\\/contrastes.com.co\\\/web\\\/2020\\\/09\\\/18\\\/mora-occidente-sera-el-primer-barrio-beneficiado-con-titulacion-y-mejoramiento-de-viviendas\\\/\"},\"author\":{\"name\":\"Editor\",\"@id\":\"https:\\\/\\\/contrastes.com.co\\\/web\\\/#\\\/schema\\\/person\\\/62ef7a62dc4da6de450c71fc2e95ed02\"},\"headline\":\"Mora Occidente ser\u00e1 el primer barrio beneficiado con titulaci\u00f3n y mejoramiento de viviendas\",\"datePublished\":\"2020-09-19T01:31:13+00:00\",\"mainEntityOfPage\":{\"@id\":\"https:\\\/\\\/contrastes.com.co\\\/web\\\/2020\\\/09\\\/18\\\/mora-occidente-sera-el-primer-barrio-beneficiado-con-titulacion-y-mejoramiento-de-viviendas\\\/\"},\"wordCount\":348,\"commentCount\":0,\"publisher\":{\"@id\":\"https:\\\/\\\/contrastes.com.co\\\/web\\\/#organization\"},\"image\":{\"@id\":\"https:\\\/\\\/contrastes.com.co\\\/web\\\/2020\\\/09\\\/18\\\/mora-occidente-sera-el-primer-barrio-beneficiado-con-titulacion-y-mejoramiento-de-viviendas\\\/#primaryimage\"},\"thumbnailUrl\":\"\",\"keywords\":[\"alcaldia de Soledad\",\"Rodolfo Ucr\u00f3s\"],\"articleSection\":[\"Comunidad\"],\"inLanguage\":\"es\",\"potentialAction\":[{\"@type\":\"CommentAction\",\"name\":\"Comment\",\"target\":[\"https:\\\/\\\/contrastes.com.co\\\/web\\\/2020\\\/09\\\/18\\\/mora-occidente-sera-el-primer-barrio-beneficiado-con-titulacion-y-mejoramiento-de-viviendas\\\/#respond\"]}]},{\"@type\":\"WebPage\",\"@id\":\"https:\\\/\\\/contrastes.com.co\\\/web\\\/2020\\\/09\\\/18\\\/mora-occidente-sera-el-primer-barrio-beneficiado-con-titulacion-y-mejoramiento-de-viviendas\\\/\",\"url\":\"https:\\\/\\\/contrastes.com.co\\\/web\\\/2020\\\/09\\\/18\\\/mora-occidente-sera-el-primer-barrio-beneficiado-con-titulacion-y-mejoramiento-de-viviendas\\\/\",\"name\":\"Mora Occidente ser\u00e1 el primer barrio beneficiado con titulaci\u00f3n y mejoramiento de viviendas - Constrastes\",\"isPartOf\":{\"@id\":\"https:\\\/\\\/contrastes.com.co\\\/web\\\/#website\"},\"primaryImageOfPage\":{\"@id\":\"https:\\\/\\\/contrastes.com.co\\\/web\\\/2020\\\/09\\\/18\\\/mora-occidente-sera-el-primer-barrio-beneficiado-con-titulacion-y-mejoramiento-de-viviendas\\\/#primaryimage\"},\"image\":{\"@id\":\"https:\\\/\\\/contrastes.com.co\\\/web\\\/2020\\\/09\\\/18\\\/mora-occidente-sera-el-primer-barrio-beneficiado-con-titulacion-y-mejoramiento-de-viviendas\\\/#primaryimage\"},\"thumbnailUrl\":\"\",\"datePublished\":\"2020-09-19T01:31:13+00:00\",\"breadcrumb\":{\"@id\":\"https:\\\/\\\/contrastes.com.co\\\/web\\\/2020\\\/09\\\/18\\\/mora-occidente-sera-el-primer-barrio-beneficiado-con-titulacion-y-mejoramiento-de-viviendas\\\/#breadcrumb\"},\"inLanguage\":\"es\",\"potentialAction\":[{\"@type\":\"ReadAction\",\"target\":[\"https:\\\/\\\/contrastes.com.co\\\/web\\\/2020\\\/09\\\/18\\\/mora-occidente-sera-el-primer-barrio-beneficiado-con-titulacion-y-mejoramiento-de-viviendas\\\/\"]}]},{\"@type\":\"ImageObject\",\"inLanguage\":\"es\",\"@id\":\"https:\\\/\\\/contrastes.com.co\\\/web\\\/2020\\\/09\\\/18\\\/mora-occidente-sera-el-primer-barrio-beneficiado-con-titulacion-y-mejoramiento-de-viviendas\\\/#primaryimage\",\"url\":\"\",\"contentUrl\":\"\"},{\"@type\":\"BreadcrumbList\",\"@id\":\"https:\\\/\\\/contrastes.com.co\\\/web\\\/2020\\\/09\\\/18\\\/mora-occidente-sera-el-primer-barrio-beneficiado-con-titulacion-y-mejoramiento-de-viviendas\\\/#breadcrumb\",\"itemListElement\":[{\"@type\":\"ListItem\",\"position\":1,\"name\":\"Portada\",\"item\":\"https:\\\/\\\/contrastes.com.co\\\/web\\\/\"},{\"@type\":\"ListItem\",\"position\":2,\"name\":\"Mora Occidente ser\u00e1 el primer barrio beneficiado con titulaci\u00f3n y mejoramiento de viviendas\"}]},{\"@type\":\"WebSite\",\"@id\":\"https:\\\/\\\/contrastes.com.co\\\/web\\\/#website\",\"url\":\"https:\\\/\\\/contrastes.com.co\\\/web\\\/\",\"name\":\"Contrastes\",\"description\":\"Periodismo de Conciencia\",\"publisher\":{\"@id\":\"https:\\\/\\\/contrastes.com.co\\\/web\\\/#organization\"},\"potentialAction\":[{\"@type\":\"SearchAction\",\"target\":{\"@type\":\"EntryPoint\",\"urlTemplate\":\"https:\\\/\\\/contrastes.com.co\\\/web\\\/?s={search_term_string}\"},\"query-input\":{\"@type\":\"PropertyValueSpecification\",\"valueRequired\":true,\"valueName\":\"search_term_string\"}}],\"inLanguage\":\"es\"},{\"@type\":\"Organization\",\"@id\":\"https:\\\/\\\/contrastes.com.co\\\/web\\\/#organization\",\"name\":\"Contrastes\",\"url\":\"https:\\\/\\\/contrastes.com.co\\\/web\\\/\",\"logo\":{\"@type\":\"ImageObject\",\"inLanguage\":\"es\",\"@id\":\"https:\\\/\\\/contrastes.com.co\\\/web\\\/#\\\/schema\\\/logo\\\/image\\\/\",\"url\":\"https:\\\/\\\/contrastes.com.co\\\/web\\\/wp-content\\\/uploads\\\/2025\\\/04\\\/15CONTRASTES3.png\",\"contentUrl\":\"https:\\\/\\\/contrastes.com.co\\\/web\\\/wp-content\\\/uploads\\\/2025\\\/04\\\/15CONTRASTES3.png\",\"width\":1536,\"height\":231,\"caption\":\"Contrastes\"},\"image\":{\"@id\":\"https:\\\/\\\/contrastes.com.co\\\/web\\\/#\\\/schema\\\/logo\\\/image\\\/\"},\"sameAs\":[\"https:\\\/\\\/www.facebook.com\\\/guillo.pantoja.1\"]},{\"@type\":\"Person\",\"@id\":\"https:\\\/\\\/contrastes.com.co\\\/web\\\/#\\\/schema\\\/person\\\/62ef7a62dc4da6de450c71fc2e95ed02\",\"name\":\"Editor\",\"image\":{\"@type\":\"ImageObject\",\"inLanguage\":\"es\",\"@id\":\"https:\\\/\\\/secure.gravatar.com\\\/avatar\\\/7bbb4f718d74bbf600dc556253bb04fd7ac8593751d6e2e3b85432d98aefae80?s=96&d=mm&r=g\",\"url\":\"https:\\\/\\\/secure.gravatar.com\\\/avatar\\\/7bbb4f718d74bbf600dc556253bb04fd7ac8593751d6e2e3b85432d98aefae80?s=96&d=mm&r=g\",\"contentUrl\":\"https:\\\/\\\/secure.gravatar.com\\\/avatar\\\/7bbb4f718d74bbf600dc556253bb04fd7ac8593751d6e2e3b85432d98aefae80?s=96&d=mm&r=g\",\"caption\":\"Editor\"},\"sameAs\":[\"https:\\\/\\\/contrastes.com.co\\\/web\"],\"url\":\"https:\\\/\\\/contrastes.com.co\\\/web\\\/author\\\/jdbobadilla\\\/\"}]}<\/script>\n<!-- \/ Yoast SEO plugin. -->","yoast_head_json":{"title":"Mora Occidente ser\u00e1 el primer barrio beneficiado con titulaci\u00f3n y mejoramiento de viviendas - Constrastes","robots":{"index":"index","follow":"follow","max-snippet":"max-snippet:-1","max-image-preview":"max-image-preview:large","max-video-preview":"max-video-preview:-1"},"canonical":"https:\/\/contrastes.com.co\/web\/2020\/09\/18\/mora-occidente-sera-el-primer-barrio-beneficiado-con-titulacion-y-mejoramiento-de-viviendas\/","og_locale":"es_ES","og_type":"article","og_title":"Mora Occidente ser\u00e1 el primer barrio beneficiado con titulaci\u00f3n y mejoramiento de viviendas - Constrastes","og_description":"Moras Occidente ser\u00e1 el primer barrio beneficiado con titulaci\u00f3n y mejoramiento de viviendas","og_url":"https:\/\/contrastes.com.co\/web\/2020\/09\/18\/mora-occidente-sera-el-primer-barrio-beneficiado-con-titulacion-y-mejoramiento-de-viviendas\/","og_site_name":"Constrastes","article_publisher":"https:\/\/www.facebook.com\/guillo.pantoja.1","article_published_time":"2020-09-19T01:31:13+00:00","author":"Editor","twitter_card":"summary_large_image","twitter_misc":{"Escrito por":"Editor","Tiempo de lectura":"2 minutos"},"schema":{"@context":"https:\/\/schema.org","@graph":[{"@type":"Article","@id":"https:\/\/contrastes.com.co\/web\/2020\/09\/18\/mora-occidente-sera-el-primer-barrio-beneficiado-con-titulacion-y-mejoramiento-de-viviendas\/#article","isPartOf":{"@id":"https:\/\/contrastes.com.co\/web\/2020\/09\/18\/mora-occidente-sera-el-primer-barrio-beneficiado-con-titulacion-y-mejoramiento-de-viviendas\/"},"author":{"name":"Editor","@id":"https:\/\/contrastes.com.co\/web\/#\/schema\/person\/62ef7a62dc4da6de450c71fc2e95ed02"},"headline":"Mora Occidente ser\u00e1 el primer barrio beneficiado con titulaci\u00f3n y mejoramiento de viviendas","datePublished":"2020-09-19T01:31:13+00:00","mainEntityOfPage":{"@id":"https:\/\/contrastes.com.co\/web\/2020\/09\/18\/mora-occidente-sera-el-primer-barrio-beneficiado-con-titulacion-y-mejoramiento-de-viviendas\/"},"wordCount":348,"commentCount":0,"publisher":{"@id":"https:\/\/contrastes.com.co\/web\/#organization"},"image":{"@id":"https:\/\/contrastes.com.co\/web\/2020\/09\/18\/mora-occidente-sera-el-primer-barrio-beneficiado-con-titulacion-y-mejoramiento-de-viviendas\/#primaryimage"},"thumbnailUrl":"","keywords":["alcaldia de Soledad","Rodolfo Ucr\u00f3s"],"articleSection":["Comunidad"],"inLanguage":"es","potentialAction":[{"@type":"CommentAction","name":"Comment","target":["https:\/\/contrastes.com.co\/web\/2020\/09\/18\/mora-occidente-sera-el-primer-barrio-beneficiado-con-titulacion-y-mejoramiento-de-viviendas\/#respond"]}]},{"@type":"WebPage","@id":"https:\/\/contrastes.com.co\/web\/2020\/09\/18\/mora-occidente-sera-el-primer-barrio-beneficiado-con-titulacion-y-mejoramiento-de-viviendas\/","url":"https:\/\/contrastes.com.co\/web\/2020\/09\/18\/mora-occidente-sera-el-primer-barrio-beneficiado-con-titulacion-y-mejoramiento-de-viviendas\/","name":"Mora Occidente ser\u00e1 el primer barrio beneficiado con titulaci\u00f3n y mejoramiento de viviendas - Constrastes","isPartOf":{"@id":"https:\/\/contrastes.com.co\/web\/#website"},"primaryImageOfPage":{"@id":"https:\/\/contrastes.com.co\/web\/2020\/09\/18\/mora-occidente-sera-el-primer-barrio-beneficiado-con-titulacion-y-mejoramiento-de-viviendas\/#primaryimage"},"image":{"@id":"https:\/\/contrastes.com.co\/web\/2020\/09\/18\/mora-occidente-sera-el-primer-barrio-beneficiado-con-titulacion-y-mejoramiento-de-viviendas\/#primaryimage"},"thumbnailUrl":"","datePublished":"2020-09-19T01:31:13+00:00","breadcrumb":{"@id":"https:\/\/contrastes.com.co\/web\/2020\/09\/18\/mora-occidente-sera-el-primer-barrio-beneficiado-con-titulacion-y-mejoramiento-de-viviendas\/#breadcrumb"},"inLanguage":"es","potentialAction":[{"@type":"ReadAction","target":["https:\/\/contrastes.com.co\/web\/2020\/09\/18\/mora-occidente-sera-el-primer-barrio-beneficiado-con-titulacion-y-mejoramiento-de-viviendas\/"]}]},{"@type":"ImageObject","inLanguage":"es","@id":"https:\/\/contrastes.com.co\/web\/2020\/09\/18\/mora-occidente-sera-el-primer-barrio-beneficiado-con-titulacion-y-mejoramiento-de-viviendas\/#primaryimage","url":"","contentUrl":""},{"@type":"BreadcrumbList","@id":"https:\/\/contrastes.com.co\/web\/2020\/09\/18\/mora-occidente-sera-el-primer-barrio-beneficiado-con-titulacion-y-mejoramiento-de-viviendas\/#breadcrumb","itemListElement":[{"@type":"ListItem","position":1,"name":"Portada","item":"https:\/\/contrastes.com.co\/web\/"},{"@type":"ListItem","position":2,"name":"Mora Occidente ser\u00e1 el primer barrio beneficiado con titulaci\u00f3n y mejoramiento de viviendas"}]},{"@type":"WebSite","@id":"https:\/\/contrastes.com.co\/web\/#website","url":"https:\/\/contrastes.com.co\/web\/","name":"Contrastes","description":"Periodismo de Conciencia","publisher":{"@id":"https:\/\/contrastes.com.co\/web\/#organization"},"potentialAction":[{"@type":"SearchAction","target":{"@type":"EntryPoint","urlTemplate":"https:\/\/contrastes.com.co\/web\/?s={search_term_string}"},"query-input":{"@type":"PropertyValueSpecification","valueRequired":true,"valueName":"search_term_string"}}],"inLanguage":"es"},{"@type":"Organization","@id":"https:\/\/contrastes.com.co\/web\/#organization","name":"Contrastes","url":"https:\/\/contrastes.com.co\/web\/","logo":{"@type":"ImageObject","inLanguage":"es","@id":"https:\/\/contrastes.com.co\/web\/#\/schema\/logo\/image\/","url":"https:\/\/contrastes.com.co\/web\/wp-content\/uploads\/2025\/04\/15CONTRASTES3.png","contentUrl":"https:\/\/contrastes.com.co\/web\/wp-content\/uploads\/2025\/04\/15CONTRASTES3.png","width":1536,"height":231,"caption":"Contrastes"},"image":{"@id":"https:\/\/contrastes.com.co\/web\/#\/schema\/logo\/image\/"},"sameAs":["https:\/\/www.facebook.com\/guillo.pantoja.1"]},{"@type":"Person","@id":"https:\/\/contrastes.com.co\/web\/#\/schema\/person\/62ef7a62dc4da6de450c71fc2e95ed02","name":"Editor","image":{"@type":"ImageObject","inLanguage":"es","@id":"https:\/\/secure.gravatar.com\/avatar\/7bbb4f718d74bbf600dc556253bb04fd7ac8593751d6e2e3b85432d98aefae80?s=96&d=mm&r=g","url":"https:\/\/secure.gravatar.com\/avatar\/7bbb4f718d74bbf600dc556253bb04fd7ac8593751d6e2e3b85432d98aefae80?s=96&d=mm&r=g","contentUrl":"https:\/\/secure.gravatar.com\/avatar\/7bbb4f718d74bbf600dc556253bb04fd7ac8593751d6e2e3b85432d98aefae80?s=96&d=mm&r=g","caption":"Editor"},"sameAs":["https:\/\/contrastes.com.co\/web"],"url":"https:\/\/contrastes.com.co\/web\/author\/jdbobadilla\/"}]}},"blog_post_layout_featured_media_urls":{"thumbnail":"","full":""},"categories_names":{"10":{"name":"Comunidad","link":"https:\/\/contrastes.com.co\/web\/category\/comunidad\/"}},"tags_names":{"28":{"name":"alcaldia de Soledad","link":"https:\/\/contrastes.com.co\/web\/tag\/alcaldia-de-soledad\/"},"84":{"name":"Rodolfo Ucr\u00f3s","link":"https:\/\/contrastes.com.co\/web\/tag\/rodolfo-ucros\/"}},"comments_number":"0","wpmagazine_modules_lite_featured_media_urls":{"thumbnail":"","cvmm-medium":"","cvmm-medium-plus":"","cvmm-portrait":"","cvmm-medium-square":"","cvmm-large":"","cvmm-small":"","full":""},"_links":{"self":[{"href":"https:\/\/contrastes.com.co\/web\/wp-json\/wp\/v2\/posts\/2532","targetHints":{"allow":["GET"]}}],"collection":[{"href":"https:\/\/contrastes.com.co\/web\/wp-json\/wp\/v2\/posts"}],"about":[{"href":"https:\/\/contrastes.com.co\/web\/wp-json\/wp\/v2\/types\/post"}],"author":[{"embeddable":true,"href":"https:\/\/contrastes.com.co\/web\/wp-json\/wp\/v2\/users\/1"}],"replies":[{"embeddable":true,"href":"https:\/\/contrastes.com.co\/web\/wp-json\/wp\/v2\/comments?post=2532"}],"version-history":[{"count":0,"href":"https:\/\/contrastes.com.co\/web\/wp-json\/wp\/v2\/posts\/2532\/revisions"}],"wp:attachment":[{"href":"https:\/\/contrastes.com.co\/web\/wp-json\/wp\/v2\/media?parent=2532"}],"wp:term":[{"taxonomy":"category","embeddable":true,"href":"https:\/\/contrastes.com.co\/web\/wp-json\/wp\/v2\/categories?post=2532"},{"taxonomy":"post_tag","embeddable":true,"href":"https:\/\/contrastes.com.co\/web\/wp-json\/wp\/v2\/tags?post=2532"}],"curies":[{"name":"wp","href":"https:\/\/api.w.org\/{rel}","templated":true}]}}