{"id":2562,"date":"2020-09-23T00:21:21","date_gmt":"2020-09-23T05:21:21","guid":{"rendered":"https:\/\/contrastes.com.co\/digital\/?p=2562"},"modified":"2020-09-23T00:21:21","modified_gmt":"2020-09-23T05:21:21","slug":"casos-activos-por-covid-19-en-soledad-estan-en-el-2","status":"publish","type":"post","link":"https:\/\/contrastes.com.co\/web\/2020\/09\/23\/casos-activos-por-covid-19-en-soledad-estan-en-el-2\/","title":{"rendered":"Casos activos por Covid-19 en Soledad est\u00e1n en el 2%"},"content":{"rendered":"<blockquote><p><strong>El Alcalde de Soledad, Rodolfo Ucr\u00f3s Rosales, se mostr\u00f3 satisfecho con los datos suministrados y a la vez reiter\u00f3 a la comunidad la importancia de mantener las normas de bioseguridad tanto en la cotidianidad del hogar como en los espacios laborales y sociales en donde se generan interacciones sociales.<\/strong><\/p><\/blockquote>\n<p><img decoding=\"async\" class=\"alignleft size-full wp-image-845\" src=\"https:\/\/contrastes.com.co\/digital\/wp-content\/uploads\/2020\/05\/e-capitular.png\" alt=\"e capitular\" width=\"100\" height=\"100\" \/>l Instituto Nacional de Salud, INS, report\u00f3 anoche que 308 personas son pacientes de Covid-19, es decir, son casos activos, lo cual equivale al 2% del total registrado, que es de 14.203 personas contagiadas en Soledad.<\/p>\n<p>El ente nacional tambi\u00e9n inform\u00f3 que por d\u00e9cima vez no se registran fallecidos y por primera vez solo se presenta un caso, con cierre de 20 de septiembre.<\/p>\n<p>El Alcalde de Soledad, Rodolfo Ucr\u00f3s Rosales, se mostr\u00f3 satisfecho con los datos suministrados y a la vez reiter\u00f3 a la comunidad la importancia de mantener las normas de bioseguridad tanto en la cotidianidad del hogar como en los espacios laborales y sociales en donde se generan interacciones sociales.<\/p>\n<p>\u201cEn estos momentos de aislamiento selectivo es fundamental el compromiso individual para mitigar el contagio por virus del Covid-19 en el municipio de Soledad. Sin embargo, estamos trabajando desde todos los frentes para proteger a nuestros habitantes\u201d, indic\u00f3 el mandatario, quien a la vez inform\u00f3 que en el municipio se inici\u00f3 la campa\u00f1a #SoledadSeCuida enfocada en propagar mensajes de autocuidado y concientizaci\u00f3n de la comunidad.<\/p>\n<p>De igual forma, el mandatario de los solede\u00f1os record\u00f3 que, de acuerdo con el Decreto 238 del 30 de agosto de 2020, en el municipio las actividades no permitidas son las siguientes:<br \/>\n1.Eventos de car\u00e1cter p\u00fablico o privado que impliquen aglomeraci\u00f3n de personas, de conformidad con las disposiciones y protocolos que expida el Ministerio de Salud y Protecci\u00f3n Social.<br \/>\n2. Los bares, discotecas, billares y lugares de baile.<br \/>\n3. El consumo de bebidas embriagantes en espacios p\u00fablicos y establecimientos de comercio. No queda prohibido el expendio de bebidas embriagantes.<br \/>\n4. Piscinas, spas, sauna, turcos, zonas h\u00famedas de los gimnasios y balnearios.<br \/>\n5. Parques de atracciones mec\u00e1nicas y parques o juegos infantiles.<br \/>\n6. El ejercicio de actividades deportivas que impliquen contacto f\u00edsico, o que se practiquen en conjunto.<\/p>\n","protected":false},"excerpt":{"rendered":"<p>Casos activos por Covid-19 en Soledad est\u00e1n en el 2%<\/p>\n","protected":false},"author":1,"featured_media":2563,"comment_status":"open","ping_status":"open","sticky":false,"template":"","format":"standard","meta":{"footnotes":""},"categories":[10,25],"tags":[28,84,386],"class_list":["post-2562","post","type-post","status-publish","format-standard","has-post-thumbnail","hentry","category-comunidad","category-salud","tag-alcaldia-de-soledad","tag-rodolfo-ucros","tag-secretaria-de-salud-de-soledad"],"yoast_head":"<!-- This site is optimized with the Yoast SEO plugin v27.7 - https:\/\/yoast.com\/product\/yoast-seo-wordpress\/ -->\n<title>Casos activos por Covid-19 en Soledad est\u00e1n en el 2% - Constrastes<\/title>\n<meta name=\"robots\" content=\"index, follow, max-snippet:-1, max-image-preview:large, max-video-preview:-1\" \/>\n<link rel=\"canonical\" href=\"https:\/\/contrastes.com.co\/web\/2020\/09\/23\/casos-activos-por-covid-19-en-soledad-estan-en-el-2\/\" \/>\n<meta property=\"og:locale\" content=\"es_ES\" \/>\n<meta property=\"og:type\" content=\"article\" \/>\n<meta property=\"og:title\" content=\"Casos activos por Covid-19 en Soledad est\u00e1n en el 2% - Constrastes\" \/>\n<meta property=\"og:description\" content=\"Casos activos por Covid-19 en Soledad est\u00e1n en el 2%\" \/>\n<meta property=\"og:url\" content=\"https:\/\/contrastes.com.co\/web\/2020\/09\/23\/casos-activos-por-covid-19-en-soledad-estan-en-el-2\/\" \/>\n<meta property=\"og:site_name\" content=\"Constrastes\" \/>\n<meta property=\"article:publisher\" content=\"https:\/\/www.facebook.com\/guillo.pantoja.1\" \/>\n<meta property=\"article:published_time\" content=\"2020-09-23T05:21:21+00:00\" \/>\n<meta name=\"author\" content=\"Editor\" \/>\n<meta name=\"twitter:card\" content=\"summary_large_image\" \/>\n<meta name=\"twitter:label1\" content=\"Escrito por\" \/>\n\t<meta name=\"twitter:data1\" content=\"Editor\" \/>\n\t<meta name=\"twitter:label2\" content=\"Tiempo de lectura\" \/>\n\t<meta name=\"twitter:data2\" content=\"2 minutos\" \/>\n<script type=\"application\/ld+json\" class=\"yoast-schema-graph\">{\"@context\":\"https:\\\/\\\/schema.org\",\"@graph\":[{\"@type\":\"Article\",\"@id\":\"https:\\\/\\\/contrastes.com.co\\\/web\\\/2020\\\/09\\\/23\\\/casos-activos-por-covid-19-en-soledad-estan-en-el-2\\\/#article\",\"isPartOf\":{\"@id\":\"https:\\\/\\\/contrastes.com.co\\\/web\\\/2020\\\/09\\\/23\\\/casos-activos-por-covid-19-en-soledad-estan-en-el-2\\\/\"},\"author\":{\"name\":\"Editor\",\"@id\":\"https:\\\/\\\/contrastes.com.co\\\/web\\\/#\\\/schema\\\/person\\\/62ef7a62dc4da6de450c71fc2e95ed02\"},\"headline\":\"Casos activos por Covid-19 en Soledad est\u00e1n en el 2%\",\"datePublished\":\"2020-09-23T05:21:21+00:00\",\"mainEntityOfPage\":{\"@id\":\"https:\\\/\\\/contrastes.com.co\\\/web\\\/2020\\\/09\\\/23\\\/casos-activos-por-covid-19-en-soledad-estan-en-el-2\\\/\"},\"wordCount\":367,\"commentCount\":0,\"publisher\":{\"@id\":\"https:\\\/\\\/contrastes.com.co\\\/web\\\/#organization\"},\"image\":{\"@id\":\"https:\\\/\\\/contrastes.com.co\\\/web\\\/2020\\\/09\\\/23\\\/casos-activos-por-covid-19-en-soledad-estan-en-el-2\\\/#primaryimage\"},\"thumbnailUrl\":\"\",\"keywords\":[\"alcaldia de Soledad\",\"Rodolfo Ucr\u00f3s\",\"secretar\u00eda de Salud de Soledad\"],\"articleSection\":[\"Comunidad\",\"Salud\"],\"inLanguage\":\"es\",\"potentialAction\":[{\"@type\":\"CommentAction\",\"name\":\"Comment\",\"target\":[\"https:\\\/\\\/contrastes.com.co\\\/web\\\/2020\\\/09\\\/23\\\/casos-activos-por-covid-19-en-soledad-estan-en-el-2\\\/#respond\"]}]},{\"@type\":\"WebPage\",\"@id\":\"https:\\\/\\\/contrastes.com.co\\\/web\\\/2020\\\/09\\\/23\\\/casos-activos-por-covid-19-en-soledad-estan-en-el-2\\\/\",\"url\":\"https:\\\/\\\/contrastes.com.co\\\/web\\\/2020\\\/09\\\/23\\\/casos-activos-por-covid-19-en-soledad-estan-en-el-2\\\/\",\"name\":\"Casos activos por Covid-19 en Soledad est\u00e1n en el 2% - Constrastes\",\"isPartOf\":{\"@id\":\"https:\\\/\\\/contrastes.com.co\\\/web\\\/#website\"},\"primaryImageOfPage\":{\"@id\":\"https:\\\/\\\/contrastes.com.co\\\/web\\\/2020\\\/09\\\/23\\\/casos-activos-por-covid-19-en-soledad-estan-en-el-2\\\/#primaryimage\"},\"image\":{\"@id\":\"https:\\\/\\\/contrastes.com.co\\\/web\\\/2020\\\/09\\\/23\\\/casos-activos-por-covid-19-en-soledad-estan-en-el-2\\\/#primaryimage\"},\"thumbnailUrl\":\"\",\"datePublished\":\"2020-09-23T05:21:21+00:00\",\"breadcrumb\":{\"@id\":\"https:\\\/\\\/contrastes.com.co\\\/web\\\/2020\\\/09\\\/23\\\/casos-activos-por-covid-19-en-soledad-estan-en-el-2\\\/#breadcrumb\"},\"inLanguage\":\"es\",\"potentialAction\":[{\"@type\":\"ReadAction\",\"target\":[\"https:\\\/\\\/contrastes.com.co\\\/web\\\/2020\\\/09\\\/23\\\/casos-activos-por-covid-19-en-soledad-estan-en-el-2\\\/\"]}]},{\"@type\":\"ImageObject\",\"inLanguage\":\"es\",\"@id\":\"https:\\\/\\\/contrastes.com.co\\\/web\\\/2020\\\/09\\\/23\\\/casos-activos-por-covid-19-en-soledad-estan-en-el-2\\\/#primaryimage\",\"url\":\"\",\"contentUrl\":\"\"},{\"@type\":\"BreadcrumbList\",\"@id\":\"https:\\\/\\\/contrastes.com.co\\\/web\\\/2020\\\/09\\\/23\\\/casos-activos-por-covid-19-en-soledad-estan-en-el-2\\\/#breadcrumb\",\"itemListElement\":[{\"@type\":\"ListItem\",\"position\":1,\"name\":\"Portada\",\"item\":\"https:\\\/\\\/contrastes.com.co\\\/web\\\/\"},{\"@type\":\"ListItem\",\"position\":2,\"name\":\"Casos activos por Covid-19 en Soledad est\u00e1n en el 2%\"}]},{\"@type\":\"WebSite\",\"@id\":\"https:\\\/\\\/contrastes.com.co\\\/web\\\/#website\",\"url\":\"https:\\\/\\\/contrastes.com.co\\\/web\\\/\",\"name\":\"Contrastes\",\"description\":\"Periodismo de Conciencia\",\"publisher\":{\"@id\":\"https:\\\/\\\/contrastes.com.co\\\/web\\\/#organization\"},\"potentialAction\":[{\"@type\":\"SearchAction\",\"target\":{\"@type\":\"EntryPoint\",\"urlTemplate\":\"https:\\\/\\\/contrastes.com.co\\\/web\\\/?s={search_term_string}\"},\"query-input\":{\"@type\":\"PropertyValueSpecification\",\"valueRequired\":true,\"valueName\":\"search_term_string\"}}],\"inLanguage\":\"es\"},{\"@type\":\"Organization\",\"@id\":\"https:\\\/\\\/contrastes.com.co\\\/web\\\/#organization\",\"name\":\"Contrastes\",\"url\":\"https:\\\/\\\/contrastes.com.co\\\/web\\\/\",\"logo\":{\"@type\":\"ImageObject\",\"inLanguage\":\"es\",\"@id\":\"https:\\\/\\\/contrastes.com.co\\\/web\\\/#\\\/schema\\\/logo\\\/image\\\/\",\"url\":\"https:\\\/\\\/contrastes.com.co\\\/web\\\/wp-content\\\/uploads\\\/2025\\\/04\\\/15CONTRASTES3.png\",\"contentUrl\":\"https:\\\/\\\/contrastes.com.co\\\/web\\\/wp-content\\\/uploads\\\/2025\\\/04\\\/15CONTRASTES3.png\",\"width\":1536,\"height\":231,\"caption\":\"Contrastes\"},\"image\":{\"@id\":\"https:\\\/\\\/contrastes.com.co\\\/web\\\/#\\\/schema\\\/logo\\\/image\\\/\"},\"sameAs\":[\"https:\\\/\\\/www.facebook.com\\\/guillo.pantoja.1\"]},{\"@type\":\"Person\",\"@id\":\"https:\\\/\\\/contrastes.com.co\\\/web\\\/#\\\/schema\\\/person\\\/62ef7a62dc4da6de450c71fc2e95ed02\",\"name\":\"Editor\",\"image\":{\"@type\":\"ImageObject\",\"inLanguage\":\"es\",\"@id\":\"https:\\\/\\\/secure.gravatar.com\\\/avatar\\\/7bbb4f718d74bbf600dc556253bb04fd7ac8593751d6e2e3b85432d98aefae80?s=96&d=mm&r=g\",\"url\":\"https:\\\/\\\/secure.gravatar.com\\\/avatar\\\/7bbb4f718d74bbf600dc556253bb04fd7ac8593751d6e2e3b85432d98aefae80?s=96&d=mm&r=g\",\"contentUrl\":\"https:\\\/\\\/secure.gravatar.com\\\/avatar\\\/7bbb4f718d74bbf600dc556253bb04fd7ac8593751d6e2e3b85432d98aefae80?s=96&d=mm&r=g\",\"caption\":\"Editor\"},\"sameAs\":[\"https:\\\/\\\/contrastes.com.co\\\/web\"],\"url\":\"https:\\\/\\\/contrastes.com.co\\\/web\\\/author\\\/jdbobadilla\\\/\"}]}<\/script>\n<!-- \/ Yoast SEO plugin. -->","yoast_head_json":{"title":"Casos activos por Covid-19 en Soledad est\u00e1n en el 2% - Constrastes","robots":{"index":"index","follow":"follow","max-snippet":"max-snippet:-1","max-image-preview":"max-image-preview:large","max-video-preview":"max-video-preview:-1"},"canonical":"https:\/\/contrastes.com.co\/web\/2020\/09\/23\/casos-activos-por-covid-19-en-soledad-estan-en-el-2\/","og_locale":"es_ES","og_type":"article","og_title":"Casos activos por Covid-19 en Soledad est\u00e1n en el 2% - Constrastes","og_description":"Casos activos por Covid-19 en Soledad est\u00e1n en el 2%","og_url":"https:\/\/contrastes.com.co\/web\/2020\/09\/23\/casos-activos-por-covid-19-en-soledad-estan-en-el-2\/","og_site_name":"Constrastes","article_publisher":"https:\/\/www.facebook.com\/guillo.pantoja.1","article_published_time":"2020-09-23T05:21:21+00:00","author":"Editor","twitter_card":"summary_large_image","twitter_misc":{"Escrito por":"Editor","Tiempo de lectura":"2 minutos"},"schema":{"@context":"https:\/\/schema.org","@graph":[{"@type":"Article","@id":"https:\/\/contrastes.com.co\/web\/2020\/09\/23\/casos-activos-por-covid-19-en-soledad-estan-en-el-2\/#article","isPartOf":{"@id":"https:\/\/contrastes.com.co\/web\/2020\/09\/23\/casos-activos-por-covid-19-en-soledad-estan-en-el-2\/"},"author":{"name":"Editor","@id":"https:\/\/contrastes.com.co\/web\/#\/schema\/person\/62ef7a62dc4da6de450c71fc2e95ed02"},"headline":"Casos activos por Covid-19 en Soledad est\u00e1n en el 2%","datePublished":"2020-09-23T05:21:21+00:00","mainEntityOfPage":{"@id":"https:\/\/contrastes.com.co\/web\/2020\/09\/23\/casos-activos-por-covid-19-en-soledad-estan-en-el-2\/"},"wordCount":367,"commentCount":0,"publisher":{"@id":"https:\/\/contrastes.com.co\/web\/#organization"},"image":{"@id":"https:\/\/contrastes.com.co\/web\/2020\/09\/23\/casos-activos-por-covid-19-en-soledad-estan-en-el-2\/#primaryimage"},"thumbnailUrl":"","keywords":["alcaldia de Soledad","Rodolfo Ucr\u00f3s","secretar\u00eda de Salud de Soledad"],"articleSection":["Comunidad","Salud"],"inLanguage":"es","potentialAction":[{"@type":"CommentAction","name":"Comment","target":["https:\/\/contrastes.com.co\/web\/2020\/09\/23\/casos-activos-por-covid-19-en-soledad-estan-en-el-2\/#respond"]}]},{"@type":"WebPage","@id":"https:\/\/contrastes.com.co\/web\/2020\/09\/23\/casos-activos-por-covid-19-en-soledad-estan-en-el-2\/","url":"https:\/\/contrastes.com.co\/web\/2020\/09\/23\/casos-activos-por-covid-19-en-soledad-estan-en-el-2\/","name":"Casos activos por Covid-19 en Soledad est\u00e1n en el 2% - Constrastes","isPartOf":{"@id":"https:\/\/contrastes.com.co\/web\/#website"},"primaryImageOfPage":{"@id":"https:\/\/contrastes.com.co\/web\/2020\/09\/23\/casos-activos-por-covid-19-en-soledad-estan-en-el-2\/#primaryimage"},"image":{"@id":"https:\/\/contrastes.com.co\/web\/2020\/09\/23\/casos-activos-por-covid-19-en-soledad-estan-en-el-2\/#primaryimage"},"thumbnailUrl":"","datePublished":"2020-09-23T05:21:21+00:00","breadcrumb":{"@id":"https:\/\/contrastes.com.co\/web\/2020\/09\/23\/casos-activos-por-covid-19-en-soledad-estan-en-el-2\/#breadcrumb"},"inLanguage":"es","potentialAction":[{"@type":"ReadAction","target":["https:\/\/contrastes.com.co\/web\/2020\/09\/23\/casos-activos-por-covid-19-en-soledad-estan-en-el-2\/"]}]},{"@type":"ImageObject","inLanguage":"es","@id":"https:\/\/contrastes.com.co\/web\/2020\/09\/23\/casos-activos-por-covid-19-en-soledad-estan-en-el-2\/#primaryimage","url":"","contentUrl":""},{"@type":"BreadcrumbList","@id":"https:\/\/contrastes.com.co\/web\/2020\/09\/23\/casos-activos-por-covid-19-en-soledad-estan-en-el-2\/#breadcrumb","itemListElement":[{"@type":"ListItem","position":1,"name":"Portada","item":"https:\/\/contrastes.com.co\/web\/"},{"@type":"ListItem","position":2,"name":"Casos activos por Covid-19 en Soledad est\u00e1n en el 2%"}]},{"@type":"WebSite","@id":"https:\/\/contrastes.com.co\/web\/#website","url":"https:\/\/contrastes.com.co\/web\/","name":"Contrastes","description":"Periodismo de Conciencia","publisher":{"@id":"https:\/\/contrastes.com.co\/web\/#organization"},"potentialAction":[{"@type":"SearchAction","target":{"@type":"EntryPoint","urlTemplate":"https:\/\/contrastes.com.co\/web\/?s={search_term_string}"},"query-input":{"@type":"PropertyValueSpecification","valueRequired":true,"valueName":"search_term_string"}}],"inLanguage":"es"},{"@type":"Organization","@id":"https:\/\/contrastes.com.co\/web\/#organization","name":"Contrastes","url":"https:\/\/contrastes.com.co\/web\/","logo":{"@type":"ImageObject","inLanguage":"es","@id":"https:\/\/contrastes.com.co\/web\/#\/schema\/logo\/image\/","url":"https:\/\/contrastes.com.co\/web\/wp-content\/uploads\/2025\/04\/15CONTRASTES3.png","contentUrl":"https:\/\/contrastes.com.co\/web\/wp-content\/uploads\/2025\/04\/15CONTRASTES3.png","width":1536,"height":231,"caption":"Contrastes"},"image":{"@id":"https:\/\/contrastes.com.co\/web\/#\/schema\/logo\/image\/"},"sameAs":["https:\/\/www.facebook.com\/guillo.pantoja.1"]},{"@type":"Person","@id":"https:\/\/contrastes.com.co\/web\/#\/schema\/person\/62ef7a62dc4da6de450c71fc2e95ed02","name":"Editor","image":{"@type":"ImageObject","inLanguage":"es","@id":"https:\/\/secure.gravatar.com\/avatar\/7bbb4f718d74bbf600dc556253bb04fd7ac8593751d6e2e3b85432d98aefae80?s=96&d=mm&r=g","url":"https:\/\/secure.gravatar.com\/avatar\/7bbb4f718d74bbf600dc556253bb04fd7ac8593751d6e2e3b85432d98aefae80?s=96&d=mm&r=g","contentUrl":"https:\/\/secure.gravatar.com\/avatar\/7bbb4f718d74bbf600dc556253bb04fd7ac8593751d6e2e3b85432d98aefae80?s=96&d=mm&r=g","caption":"Editor"},"sameAs":["https:\/\/contrastes.com.co\/web"],"url":"https:\/\/contrastes.com.co\/web\/author\/jdbobadilla\/"}]}},"blog_post_layout_featured_media_urls":{"thumbnail":"","full":""},"categories_names":{"10":{"name":"Comunidad","link":"https:\/\/contrastes.com.co\/web\/category\/comunidad\/"},"25":{"name":"Salud","link":"https:\/\/contrastes.com.co\/web\/category\/salud\/"}},"tags_names":{"28":{"name":"alcaldia de Soledad","link":"https:\/\/contrastes.com.co\/web\/tag\/alcaldia-de-soledad\/"},"84":{"name":"Rodolfo Ucr\u00f3s","link":"https:\/\/contrastes.com.co\/web\/tag\/rodolfo-ucros\/"},"386":{"name":"secretar\u00eda de Salud de Soledad","link":"https:\/\/contrastes.com.co\/web\/tag\/secretaria-de-salud-de-soledad\/"}},"comments_number":"0","wpmagazine_modules_lite_featured_media_urls":{"thumbnail":"","cvmm-medium":"","cvmm-medium-plus":"","cvmm-portrait":"","cvmm-medium-square":"","cvmm-large":"","cvmm-small":"","full":""},"_links":{"self":[{"href":"https:\/\/contrastes.com.co\/web\/wp-json\/wp\/v2\/posts\/2562","targetHints":{"allow":["GET"]}}],"collection":[{"href":"https:\/\/contrastes.com.co\/web\/wp-json\/wp\/v2\/posts"}],"about":[{"href":"https:\/\/contrastes.com.co\/web\/wp-json\/wp\/v2\/types\/post"}],"author":[{"embeddable":true,"href":"https:\/\/contrastes.com.co\/web\/wp-json\/wp\/v2\/users\/1"}],"replies":[{"embeddable":true,"href":"https:\/\/contrastes.com.co\/web\/wp-json\/wp\/v2\/comments?post=2562"}],"version-history":[{"count":0,"href":"https:\/\/contrastes.com.co\/web\/wp-json\/wp\/v2\/posts\/2562\/revisions"}],"wp:attachment":[{"href":"https:\/\/contrastes.com.co\/web\/wp-json\/wp\/v2\/media?parent=2562"}],"wp:term":[{"taxonomy":"category","embeddable":true,"href":"https:\/\/contrastes.com.co\/web\/wp-json\/wp\/v2\/categories?post=2562"},{"taxonomy":"post_tag","embeddable":true,"href":"https:\/\/contrastes.com.co\/web\/wp-json\/wp\/v2\/tags?post=2562"}],"curies":[{"name":"wp","href":"https:\/\/api.w.org\/{rel}","templated":true}]}}