{"id":2786,"date":"2020-10-27T21:02:30","date_gmt":"2020-10-28T02:02:30","guid":{"rendered":"https:\/\/contrastes.com.co\/digital\/?p=2786"},"modified":"2020-10-27T21:02:30","modified_gmt":"2020-10-28T02:02:30","slug":"2786-2","status":"publish","type":"post","link":"https:\/\/contrastes.com.co\/web\/2020\/10\/27\/2786-2\/","title":{"rendered":"Aristarco Romero Meri\u00f1o es el nuevo Personero de Soledad designado por el Concejo Municipal"},"content":{"rendered":"<p>El Concejo de Soledad escogi\u00f3 y jurament\u00f3 en la fecha a Aristarco Romero Meri\u00f1o como nuevo Personero Municipal, la designaci\u00f3n se dio luego de un largo proceso que const\u00f3 de dos tramos, una vez que el ayuntamiento municipal decidiera anular el primero de ellos. Romero Meri\u00f1o tom\u00f3 juramento del cargo de manos del presidente de la Mesa Directiva de la corporaci\u00f3n municipal, Jairo Samper Rojas. La entrevista con el nuevo Personero Municipal de Soledad en la #UnaEnPunto #PeriodismoSinLimites la nueva forma de ver la radio&#8230;<\/p>\n<p><iframe title=\"Aristarco Romero Meri\u00f1o es el nuevo Personero de Soledad designado por el Concejo Municipal\" width=\"640\" height=\"360\" src=\"https:\/\/www.youtube.com\/embed\/gH3suW6DWdc?start=30&#038;feature=oembed\" frameborder=\"0\" allow=\"accelerometer; autoplay; clipboard-write; encrypted-media; gyroscope; picture-in-picture; web-share\" referrerpolicy=\"strict-origin-when-cross-origin\" allowfullscreen><\/iframe><\/p>\n","protected":false},"excerpt":{"rendered":"<p>El Concejo de Soledad escogi\u00f3 y jurament\u00f3 en la fecha a Aristarco Romero Meri\u00f1o como nuevo Personero Municipal,<\/p>\n","protected":false},"author":1,"featured_media":2787,"comment_status":"open","ping_status":"open","sticky":false,"template":"","format":"standard","meta":{"footnotes":""},"categories":[1226,23,203],"tags":[1315,471,1170,1316,1317,1318],"class_list":["post-2786","post","type-post","status-publish","format-standard","has-post-thumbnail","hentry","category-contrastesradio","category-locales","category-politica","tag-aristarco-romero-merino","tag-concejo-municipal-de-soledad","tag-contrastesradio","tag-escogen-personero-de-soledad","tag-jairo-samper-rojas","tag-personero-municipal-de-soledad"],"yoast_head":"<!-- This site is optimized with the Yoast SEO plugin v27.7 - https:\/\/yoast.com\/product\/yoast-seo-wordpress\/ -->\n<title>Aristarco Romero Meri\u00f1o es el nuevo Personero de Soledad designado por el Concejo Municipal - Constrastes<\/title>\n<meta name=\"robots\" content=\"index, follow, max-snippet:-1, max-image-preview:large, max-video-preview:-1\" \/>\n<link rel=\"canonical\" href=\"https:\/\/contrastes.com.co\/web\/2020\/10\/27\/2786-2\/\" \/>\n<meta property=\"og:locale\" content=\"es_ES\" \/>\n<meta property=\"og:type\" content=\"article\" \/>\n<meta property=\"og:title\" content=\"Aristarco Romero Meri\u00f1o es el nuevo Personero de Soledad designado por el Concejo Municipal - Constrastes\" \/>\n<meta property=\"og:description\" content=\"El Concejo de Soledad escogi\u00f3 y jurament\u00f3 en la fecha a Aristarco Romero Meri\u00f1o como nuevo Personero Municipal,\" \/>\n<meta property=\"og:url\" content=\"https:\/\/contrastes.com.co\/web\/2020\/10\/27\/2786-2\/\" \/>\n<meta property=\"og:site_name\" content=\"Constrastes\" \/>\n<meta property=\"article:publisher\" content=\"https:\/\/www.facebook.com\/guillo.pantoja.1\" \/>\n<meta property=\"article:published_time\" content=\"2020-10-28T02:02:30+00:00\" \/>\n<meta name=\"author\" content=\"Editor\" \/>\n<meta name=\"twitter:card\" content=\"summary_large_image\" \/>\n<meta name=\"twitter:label1\" content=\"Escrito por\" \/>\n\t<meta name=\"twitter:data1\" content=\"Editor\" \/>\n\t<meta name=\"twitter:label2\" content=\"Tiempo de lectura\" \/>\n\t<meta name=\"twitter:data2\" content=\"1 minuto\" \/>\n<script type=\"application\/ld+json\" class=\"yoast-schema-graph\">{\"@context\":\"https:\\\/\\\/schema.org\",\"@graph\":[{\"@type\":\"Article\",\"@id\":\"https:\\\/\\\/contrastes.com.co\\\/web\\\/2020\\\/10\\\/27\\\/2786-2\\\/#article\",\"isPartOf\":{\"@id\":\"https:\\\/\\\/contrastes.com.co\\\/web\\\/2020\\\/10\\\/27\\\/2786-2\\\/\"},\"author\":{\"name\":\"Editor\",\"@id\":\"https:\\\/\\\/contrastes.com.co\\\/web\\\/#\\\/schema\\\/person\\\/62ef7a62dc4da6de450c71fc2e95ed02\"},\"headline\":\"Aristarco Romero Meri\u00f1o es el nuevo Personero de Soledad designado por el Concejo Municipal\",\"datePublished\":\"2020-10-28T02:02:30+00:00\",\"mainEntityOfPage\":{\"@id\":\"https:\\\/\\\/contrastes.com.co\\\/web\\\/2020\\\/10\\\/27\\\/2786-2\\\/\"},\"wordCount\":117,\"commentCount\":0,\"publisher\":{\"@id\":\"https:\\\/\\\/contrastes.com.co\\\/web\\\/#organization\"},\"image\":{\"@id\":\"https:\\\/\\\/contrastes.com.co\\\/web\\\/2020\\\/10\\\/27\\\/2786-2\\\/#primaryimage\"},\"thumbnailUrl\":\"\",\"keywords\":[\"Aristarco Romero Meri\u00f1o\",\"Concejo Municipal de Soledad\",\"contrastesradio\",\"escogen personero de soledad\",\"Jairo Samper Rojas\",\"Personero Municipal de Soledad\"],\"articleSection\":[\"ContrastesRadio\",\"Locales\",\"Pol\u00edtica\"],\"inLanguage\":\"es\",\"potentialAction\":[{\"@type\":\"CommentAction\",\"name\":\"Comment\",\"target\":[\"https:\\\/\\\/contrastes.com.co\\\/web\\\/2020\\\/10\\\/27\\\/2786-2\\\/#respond\"]}]},{\"@type\":\"WebPage\",\"@id\":\"https:\\\/\\\/contrastes.com.co\\\/web\\\/2020\\\/10\\\/27\\\/2786-2\\\/\",\"url\":\"https:\\\/\\\/contrastes.com.co\\\/web\\\/2020\\\/10\\\/27\\\/2786-2\\\/\",\"name\":\"Aristarco Romero Meri\u00f1o es el nuevo Personero de Soledad designado por el Concejo Municipal - Constrastes\",\"isPartOf\":{\"@id\":\"https:\\\/\\\/contrastes.com.co\\\/web\\\/#website\"},\"primaryImageOfPage\":{\"@id\":\"https:\\\/\\\/contrastes.com.co\\\/web\\\/2020\\\/10\\\/27\\\/2786-2\\\/#primaryimage\"},\"image\":{\"@id\":\"https:\\\/\\\/contrastes.com.co\\\/web\\\/2020\\\/10\\\/27\\\/2786-2\\\/#primaryimage\"},\"thumbnailUrl\":\"\",\"datePublished\":\"2020-10-28T02:02:30+00:00\",\"breadcrumb\":{\"@id\":\"https:\\\/\\\/contrastes.com.co\\\/web\\\/2020\\\/10\\\/27\\\/2786-2\\\/#breadcrumb\"},\"inLanguage\":\"es\",\"potentialAction\":[{\"@type\":\"ReadAction\",\"target\":[\"https:\\\/\\\/contrastes.com.co\\\/web\\\/2020\\\/10\\\/27\\\/2786-2\\\/\"]}]},{\"@type\":\"ImageObject\",\"inLanguage\":\"es\",\"@id\":\"https:\\\/\\\/contrastes.com.co\\\/web\\\/2020\\\/10\\\/27\\\/2786-2\\\/#primaryimage\",\"url\":\"\",\"contentUrl\":\"\"},{\"@type\":\"BreadcrumbList\",\"@id\":\"https:\\\/\\\/contrastes.com.co\\\/web\\\/2020\\\/10\\\/27\\\/2786-2\\\/#breadcrumb\",\"itemListElement\":[{\"@type\":\"ListItem\",\"position\":1,\"name\":\"Portada\",\"item\":\"https:\\\/\\\/contrastes.com.co\\\/web\\\/\"},{\"@type\":\"ListItem\",\"position\":2,\"name\":\"Aristarco Romero Meri\u00f1o es el nuevo Personero de Soledad designado por el Concejo Municipal\"}]},{\"@type\":\"WebSite\",\"@id\":\"https:\\\/\\\/contrastes.com.co\\\/web\\\/#website\",\"url\":\"https:\\\/\\\/contrastes.com.co\\\/web\\\/\",\"name\":\"Contrastes\",\"description\":\"Periodismo de Conciencia\",\"publisher\":{\"@id\":\"https:\\\/\\\/contrastes.com.co\\\/web\\\/#organization\"},\"potentialAction\":[{\"@type\":\"SearchAction\",\"target\":{\"@type\":\"EntryPoint\",\"urlTemplate\":\"https:\\\/\\\/contrastes.com.co\\\/web\\\/?s={search_term_string}\"},\"query-input\":{\"@type\":\"PropertyValueSpecification\",\"valueRequired\":true,\"valueName\":\"search_term_string\"}}],\"inLanguage\":\"es\"},{\"@type\":\"Organization\",\"@id\":\"https:\\\/\\\/contrastes.com.co\\\/web\\\/#organization\",\"name\":\"Contrastes\",\"url\":\"https:\\\/\\\/contrastes.com.co\\\/web\\\/\",\"logo\":{\"@type\":\"ImageObject\",\"inLanguage\":\"es\",\"@id\":\"https:\\\/\\\/contrastes.com.co\\\/web\\\/#\\\/schema\\\/logo\\\/image\\\/\",\"url\":\"https:\\\/\\\/contrastes.com.co\\\/web\\\/wp-content\\\/uploads\\\/2025\\\/04\\\/15CONTRASTES3.png\",\"contentUrl\":\"https:\\\/\\\/contrastes.com.co\\\/web\\\/wp-content\\\/uploads\\\/2025\\\/04\\\/15CONTRASTES3.png\",\"width\":1536,\"height\":231,\"caption\":\"Contrastes\"},\"image\":{\"@id\":\"https:\\\/\\\/contrastes.com.co\\\/web\\\/#\\\/schema\\\/logo\\\/image\\\/\"},\"sameAs\":[\"https:\\\/\\\/www.facebook.com\\\/guillo.pantoja.1\"]},{\"@type\":\"Person\",\"@id\":\"https:\\\/\\\/contrastes.com.co\\\/web\\\/#\\\/schema\\\/person\\\/62ef7a62dc4da6de450c71fc2e95ed02\",\"name\":\"Editor\",\"image\":{\"@type\":\"ImageObject\",\"inLanguage\":\"es\",\"@id\":\"https:\\\/\\\/secure.gravatar.com\\\/avatar\\\/7bbb4f718d74bbf600dc556253bb04fd7ac8593751d6e2e3b85432d98aefae80?s=96&d=mm&r=g\",\"url\":\"https:\\\/\\\/secure.gravatar.com\\\/avatar\\\/7bbb4f718d74bbf600dc556253bb04fd7ac8593751d6e2e3b85432d98aefae80?s=96&d=mm&r=g\",\"contentUrl\":\"https:\\\/\\\/secure.gravatar.com\\\/avatar\\\/7bbb4f718d74bbf600dc556253bb04fd7ac8593751d6e2e3b85432d98aefae80?s=96&d=mm&r=g\",\"caption\":\"Editor\"},\"sameAs\":[\"https:\\\/\\\/contrastes.com.co\\\/web\"],\"url\":\"https:\\\/\\\/contrastes.com.co\\\/web\\\/author\\\/jdbobadilla\\\/\"}]}<\/script>\n<!-- \/ Yoast SEO plugin. -->","yoast_head_json":{"title":"Aristarco Romero Meri\u00f1o es el nuevo Personero de Soledad designado por el Concejo Municipal - Constrastes","robots":{"index":"index","follow":"follow","max-snippet":"max-snippet:-1","max-image-preview":"max-image-preview:large","max-video-preview":"max-video-preview:-1"},"canonical":"https:\/\/contrastes.com.co\/web\/2020\/10\/27\/2786-2\/","og_locale":"es_ES","og_type":"article","og_title":"Aristarco Romero Meri\u00f1o es el nuevo Personero de Soledad designado por el Concejo Municipal - Constrastes","og_description":"El Concejo de Soledad escogi\u00f3 y jurament\u00f3 en la fecha a Aristarco Romero Meri\u00f1o como nuevo Personero Municipal,","og_url":"https:\/\/contrastes.com.co\/web\/2020\/10\/27\/2786-2\/","og_site_name":"Constrastes","article_publisher":"https:\/\/www.facebook.com\/guillo.pantoja.1","article_published_time":"2020-10-28T02:02:30+00:00","author":"Editor","twitter_card":"summary_large_image","twitter_misc":{"Escrito por":"Editor","Tiempo de lectura":"1 minuto"},"schema":{"@context":"https:\/\/schema.org","@graph":[{"@type":"Article","@id":"https:\/\/contrastes.com.co\/web\/2020\/10\/27\/2786-2\/#article","isPartOf":{"@id":"https:\/\/contrastes.com.co\/web\/2020\/10\/27\/2786-2\/"},"author":{"name":"Editor","@id":"https:\/\/contrastes.com.co\/web\/#\/schema\/person\/62ef7a62dc4da6de450c71fc2e95ed02"},"headline":"Aristarco Romero Meri\u00f1o es el nuevo Personero de Soledad designado por el Concejo Municipal","datePublished":"2020-10-28T02:02:30+00:00","mainEntityOfPage":{"@id":"https:\/\/contrastes.com.co\/web\/2020\/10\/27\/2786-2\/"},"wordCount":117,"commentCount":0,"publisher":{"@id":"https:\/\/contrastes.com.co\/web\/#organization"},"image":{"@id":"https:\/\/contrastes.com.co\/web\/2020\/10\/27\/2786-2\/#primaryimage"},"thumbnailUrl":"","keywords":["Aristarco Romero Meri\u00f1o","Concejo Municipal de Soledad","contrastesradio","escogen personero de soledad","Jairo Samper Rojas","Personero Municipal de Soledad"],"articleSection":["ContrastesRadio","Locales","Pol\u00edtica"],"inLanguage":"es","potentialAction":[{"@type":"CommentAction","name":"Comment","target":["https:\/\/contrastes.com.co\/web\/2020\/10\/27\/2786-2\/#respond"]}]},{"@type":"WebPage","@id":"https:\/\/contrastes.com.co\/web\/2020\/10\/27\/2786-2\/","url":"https:\/\/contrastes.com.co\/web\/2020\/10\/27\/2786-2\/","name":"Aristarco Romero Meri\u00f1o es el nuevo Personero de Soledad designado por el Concejo Municipal - Constrastes","isPartOf":{"@id":"https:\/\/contrastes.com.co\/web\/#website"},"primaryImageOfPage":{"@id":"https:\/\/contrastes.com.co\/web\/2020\/10\/27\/2786-2\/#primaryimage"},"image":{"@id":"https:\/\/contrastes.com.co\/web\/2020\/10\/27\/2786-2\/#primaryimage"},"thumbnailUrl":"","datePublished":"2020-10-28T02:02:30+00:00","breadcrumb":{"@id":"https:\/\/contrastes.com.co\/web\/2020\/10\/27\/2786-2\/#breadcrumb"},"inLanguage":"es","potentialAction":[{"@type":"ReadAction","target":["https:\/\/contrastes.com.co\/web\/2020\/10\/27\/2786-2\/"]}]},{"@type":"ImageObject","inLanguage":"es","@id":"https:\/\/contrastes.com.co\/web\/2020\/10\/27\/2786-2\/#primaryimage","url":"","contentUrl":""},{"@type":"BreadcrumbList","@id":"https:\/\/contrastes.com.co\/web\/2020\/10\/27\/2786-2\/#breadcrumb","itemListElement":[{"@type":"ListItem","position":1,"name":"Portada","item":"https:\/\/contrastes.com.co\/web\/"},{"@type":"ListItem","position":2,"name":"Aristarco Romero Meri\u00f1o es el nuevo Personero de Soledad designado por el Concejo Municipal"}]},{"@type":"WebSite","@id":"https:\/\/contrastes.com.co\/web\/#website","url":"https:\/\/contrastes.com.co\/web\/","name":"Contrastes","description":"Periodismo de Conciencia","publisher":{"@id":"https:\/\/contrastes.com.co\/web\/#organization"},"potentialAction":[{"@type":"SearchAction","target":{"@type":"EntryPoint","urlTemplate":"https:\/\/contrastes.com.co\/web\/?s={search_term_string}"},"query-input":{"@type":"PropertyValueSpecification","valueRequired":true,"valueName":"search_term_string"}}],"inLanguage":"es"},{"@type":"Organization","@id":"https:\/\/contrastes.com.co\/web\/#organization","name":"Contrastes","url":"https:\/\/contrastes.com.co\/web\/","logo":{"@type":"ImageObject","inLanguage":"es","@id":"https:\/\/contrastes.com.co\/web\/#\/schema\/logo\/image\/","url":"https:\/\/contrastes.com.co\/web\/wp-content\/uploads\/2025\/04\/15CONTRASTES3.png","contentUrl":"https:\/\/contrastes.com.co\/web\/wp-content\/uploads\/2025\/04\/15CONTRASTES3.png","width":1536,"height":231,"caption":"Contrastes"},"image":{"@id":"https:\/\/contrastes.com.co\/web\/#\/schema\/logo\/image\/"},"sameAs":["https:\/\/www.facebook.com\/guillo.pantoja.1"]},{"@type":"Person","@id":"https:\/\/contrastes.com.co\/web\/#\/schema\/person\/62ef7a62dc4da6de450c71fc2e95ed02","name":"Editor","image":{"@type":"ImageObject","inLanguage":"es","@id":"https:\/\/secure.gravatar.com\/avatar\/7bbb4f718d74bbf600dc556253bb04fd7ac8593751d6e2e3b85432d98aefae80?s=96&d=mm&r=g","url":"https:\/\/secure.gravatar.com\/avatar\/7bbb4f718d74bbf600dc556253bb04fd7ac8593751d6e2e3b85432d98aefae80?s=96&d=mm&r=g","contentUrl":"https:\/\/secure.gravatar.com\/avatar\/7bbb4f718d74bbf600dc556253bb04fd7ac8593751d6e2e3b85432d98aefae80?s=96&d=mm&r=g","caption":"Editor"},"sameAs":["https:\/\/contrastes.com.co\/web"],"url":"https:\/\/contrastes.com.co\/web\/author\/jdbobadilla\/"}]}},"blog_post_layout_featured_media_urls":{"thumbnail":"","full":""},"categories_names":{"1226":{"name":"ContrastesRadio","link":"https:\/\/contrastes.com.co\/web\/category\/contrastesradio\/"},"23":{"name":"Locales","link":"https:\/\/contrastes.com.co\/web\/category\/locales\/"},"203":{"name":"Pol\u00edtica","link":"https:\/\/contrastes.com.co\/web\/category\/politica\/"}},"tags_names":{"1315":{"name":"Aristarco Romero Meri\u00f1o","link":"https:\/\/contrastes.com.co\/web\/tag\/aristarco-romero-merino\/"},"471":{"name":"Concejo Municipal de Soledad","link":"https:\/\/contrastes.com.co\/web\/tag\/concejo-municipal-de-soledad\/"},"1170":{"name":"contrastesradio","link":"https:\/\/contrastes.com.co\/web\/tag\/contrastesradio\/"},"1316":{"name":"escogen personero de soledad","link":"https:\/\/contrastes.com.co\/web\/tag\/escogen-personero-de-soledad\/"},"1317":{"name":"Jairo Samper Rojas","link":"https:\/\/contrastes.com.co\/web\/tag\/jairo-samper-rojas\/"},"1318":{"name":"Personero Municipal de Soledad","link":"https:\/\/contrastes.com.co\/web\/tag\/personero-municipal-de-soledad\/"}},"comments_number":"0","wpmagazine_modules_lite_featured_media_urls":{"thumbnail":"","cvmm-medium":"","cvmm-medium-plus":"","cvmm-portrait":"","cvmm-medium-square":"","cvmm-large":"","cvmm-small":"","full":""},"_links":{"self":[{"href":"https:\/\/contrastes.com.co\/web\/wp-json\/wp\/v2\/posts\/2786","targetHints":{"allow":["GET"]}}],"collection":[{"href":"https:\/\/contrastes.com.co\/web\/wp-json\/wp\/v2\/posts"}],"about":[{"href":"https:\/\/contrastes.com.co\/web\/wp-json\/wp\/v2\/types\/post"}],"author":[{"embeddable":true,"href":"https:\/\/contrastes.com.co\/web\/wp-json\/wp\/v2\/users\/1"}],"replies":[{"embeddable":true,"href":"https:\/\/contrastes.com.co\/web\/wp-json\/wp\/v2\/comments?post=2786"}],"version-history":[{"count":0,"href":"https:\/\/contrastes.com.co\/web\/wp-json\/wp\/v2\/posts\/2786\/revisions"}],"wp:attachment":[{"href":"https:\/\/contrastes.com.co\/web\/wp-json\/wp\/v2\/media?parent=2786"}],"wp:term":[{"taxonomy":"category","embeddable":true,"href":"https:\/\/contrastes.com.co\/web\/wp-json\/wp\/v2\/categories?post=2786"},{"taxonomy":"post_tag","embeddable":true,"href":"https:\/\/contrastes.com.co\/web\/wp-json\/wp\/v2\/tags?post=2786"}],"curies":[{"name":"wp","href":"https:\/\/api.w.org\/{rel}","templated":true}]}}