{"id":3012,"date":"2020-11-10T21:02:45","date_gmt":"2020-11-11T02:02:45","guid":{"rendered":"https:\/\/contrastes.com.co\/digital\/?p=3012"},"modified":"2020-11-10T21:02:45","modified_gmt":"2020-11-11T02:02:45","slug":"lluvia-provoco-desbordamiento-de-arroyo-y-danos-en-el-municipio-de-soledad","status":"publish","type":"post","link":"https:\/\/contrastes.com.co\/web\/2020\/11\/10\/lluvia-provoco-desbordamiento-de-arroyo-y-danos-en-el-municipio-de-soledad\/","title":{"rendered":"Lluvia provoc\u00f3 desbordamiento de arroyo y da\u00f1os en el municipio de Soledad"},"content":{"rendered":"<p>Calles inundadas y seis veh\u00edculos arrastrados fue el balance que entregaron las autoridades, luego de atender la emergencia en el municipio. La fuerte lluvia que cay\u00f3 la tarde de este domingo caus\u00f3 estragos en Soledad, por cuenta del desbordamiento del arroyo El Platanal.<br \/>\nLos barrios Villa Muvdi, Las Moras, Villa Merly y Villa Estadio fueron algunos de los sectores afectados, seg\u00fan inform\u00f3 el secretario de Gobierno encargado, Rafael Rodr\u00edguez.<br \/>\nEn el caso de Villa Estadio reportaron el desbordamiento de un jag\u00fcey que nace en la parte trasera de la iglesia del sector y que contin\u00faa hacia la v\u00eda principal.<br \/>\nLa fuerte lluvia logr\u00f3 desbordar su caudal y atrapar a unos cinco veh\u00edculos que transitaban por la zona.<br \/>\nDetalles en la #UnaEnPunto #PeriodismoSinLimites la nueva forma de ver la radio.<\/p>\n<p><iframe title=\"Lluvia provoc\u00f3 desbordamiento de arroyo y da\u00f1os en Soledad\" width=\"640\" height=\"360\" src=\"https:\/\/www.youtube.com\/embed\/-wDsjX1gX1k?start=73&#038;feature=oembed\" frameborder=\"0\" allow=\"accelerometer; autoplay; clipboard-write; encrypted-media; gyroscope; picture-in-picture; web-share\" referrerpolicy=\"strict-origin-when-cross-origin\" allowfullscreen><\/iframe><\/p>\n","protected":false},"excerpt":{"rendered":"<p>Calles inundadas y seis veh\u00edculos arrastrados fue el balance que entregaron las autoridades, luego de atender la emergencia en el municipio.<\/p>\n","protected":false},"author":1,"featured_media":3013,"comment_status":"open","ping_status":"open","sticky":false,"template":"","format":"standard","meta":{"footnotes":""},"categories":[23,59],"tags":[28,1537,1538,1539,1540,357,51,359],"class_list":["post-3012","post","type-post","status-publish","format-standard","has-post-thumbnail","hentry","category-locales","category-medio-ambiente","tag-alcaldia-de-soledad","tag-arroyo-el-platanal","tag-arroyo-el-salao","tag-arroyos-en-soledad","tag-desastres-lluvias","tag-lluvias","tag-municipio-de-soledad","tag-temporada-invernal"],"yoast_head":"<!-- This site is optimized with the Yoast SEO plugin v27.7 - https:\/\/yoast.com\/product\/yoast-seo-wordpress\/ -->\n<title>Lluvia provoc\u00f3 desbordamiento de arroyo y da\u00f1os en el municipio de Soledad - Constrastes<\/title>\n<meta name=\"robots\" content=\"index, follow, max-snippet:-1, max-image-preview:large, max-video-preview:-1\" \/>\n<link rel=\"canonical\" href=\"https:\/\/contrastes.com.co\/web\/2020\/11\/10\/lluvia-provoco-desbordamiento-de-arroyo-y-danos-en-el-municipio-de-soledad\/\" \/>\n<meta property=\"og:locale\" content=\"es_ES\" \/>\n<meta property=\"og:type\" content=\"article\" \/>\n<meta property=\"og:title\" content=\"Lluvia provoc\u00f3 desbordamiento de arroyo y da\u00f1os en el municipio de Soledad - Constrastes\" \/>\n<meta property=\"og:description\" content=\"Calles inundadas y seis veh\u00edculos arrastrados fue el balance que entregaron las autoridades, luego de atender la emergencia en el municipio.\" \/>\n<meta property=\"og:url\" content=\"https:\/\/contrastes.com.co\/web\/2020\/11\/10\/lluvia-provoco-desbordamiento-de-arroyo-y-danos-en-el-municipio-de-soledad\/\" \/>\n<meta property=\"og:site_name\" content=\"Constrastes\" \/>\n<meta property=\"article:publisher\" content=\"https:\/\/www.facebook.com\/guillo.pantoja.1\" \/>\n<meta property=\"article:published_time\" content=\"2020-11-11T02:02:45+00:00\" \/>\n<meta name=\"author\" content=\"Editor\" \/>\n<meta name=\"twitter:card\" content=\"summary_large_image\" \/>\n<meta name=\"twitter:label1\" content=\"Escrito por\" \/>\n\t<meta name=\"twitter:data1\" content=\"Editor\" \/>\n\t<meta name=\"twitter:label2\" content=\"Tiempo de lectura\" \/>\n\t<meta name=\"twitter:data2\" content=\"1 minuto\" \/>\n<script type=\"application\/ld+json\" class=\"yoast-schema-graph\">{\"@context\":\"https:\\\/\\\/schema.org\",\"@graph\":[{\"@type\":\"Article\",\"@id\":\"https:\\\/\\\/contrastes.com.co\\\/web\\\/2020\\\/11\\\/10\\\/lluvia-provoco-desbordamiento-de-arroyo-y-danos-en-el-municipio-de-soledad\\\/#article\",\"isPartOf\":{\"@id\":\"https:\\\/\\\/contrastes.com.co\\\/web\\\/2020\\\/11\\\/10\\\/lluvia-provoco-desbordamiento-de-arroyo-y-danos-en-el-municipio-de-soledad\\\/\"},\"author\":{\"name\":\"Editor\",\"@id\":\"https:\\\/\\\/contrastes.com.co\\\/web\\\/#\\\/schema\\\/person\\\/62ef7a62dc4da6de450c71fc2e95ed02\"},\"headline\":\"Lluvia provoc\u00f3 desbordamiento de arroyo y da\u00f1os en el municipio de Soledad\",\"datePublished\":\"2020-11-11T02:02:45+00:00\",\"mainEntityOfPage\":{\"@id\":\"https:\\\/\\\/contrastes.com.co\\\/web\\\/2020\\\/11\\\/10\\\/lluvia-provoco-desbordamiento-de-arroyo-y-danos-en-el-municipio-de-soledad\\\/\"},\"wordCount\":162,\"commentCount\":0,\"publisher\":{\"@id\":\"https:\\\/\\\/contrastes.com.co\\\/web\\\/#organization\"},\"image\":{\"@id\":\"https:\\\/\\\/contrastes.com.co\\\/web\\\/2020\\\/11\\\/10\\\/lluvia-provoco-desbordamiento-de-arroyo-y-danos-en-el-municipio-de-soledad\\\/#primaryimage\"},\"thumbnailUrl\":\"\",\"keywords\":[\"alcaldia de Soledad\",\"Arroyo El Platanal\",\"Arroyo El Salao\",\"arroyos en Soledad\",\"desastres lluvias\",\"lluvias\",\"municipio de soledad\",\"temporada invernal\"],\"articleSection\":[\"Locales\",\"Medio Ambiente\"],\"inLanguage\":\"es\",\"potentialAction\":[{\"@type\":\"CommentAction\",\"name\":\"Comment\",\"target\":[\"https:\\\/\\\/contrastes.com.co\\\/web\\\/2020\\\/11\\\/10\\\/lluvia-provoco-desbordamiento-de-arroyo-y-danos-en-el-municipio-de-soledad\\\/#respond\"]}]},{\"@type\":\"WebPage\",\"@id\":\"https:\\\/\\\/contrastes.com.co\\\/web\\\/2020\\\/11\\\/10\\\/lluvia-provoco-desbordamiento-de-arroyo-y-danos-en-el-municipio-de-soledad\\\/\",\"url\":\"https:\\\/\\\/contrastes.com.co\\\/web\\\/2020\\\/11\\\/10\\\/lluvia-provoco-desbordamiento-de-arroyo-y-danos-en-el-municipio-de-soledad\\\/\",\"name\":\"Lluvia provoc\u00f3 desbordamiento de arroyo y da\u00f1os en el municipio de Soledad - Constrastes\",\"isPartOf\":{\"@id\":\"https:\\\/\\\/contrastes.com.co\\\/web\\\/#website\"},\"primaryImageOfPage\":{\"@id\":\"https:\\\/\\\/contrastes.com.co\\\/web\\\/2020\\\/11\\\/10\\\/lluvia-provoco-desbordamiento-de-arroyo-y-danos-en-el-municipio-de-soledad\\\/#primaryimage\"},\"image\":{\"@id\":\"https:\\\/\\\/contrastes.com.co\\\/web\\\/2020\\\/11\\\/10\\\/lluvia-provoco-desbordamiento-de-arroyo-y-danos-en-el-municipio-de-soledad\\\/#primaryimage\"},\"thumbnailUrl\":\"\",\"datePublished\":\"2020-11-11T02:02:45+00:00\",\"breadcrumb\":{\"@id\":\"https:\\\/\\\/contrastes.com.co\\\/web\\\/2020\\\/11\\\/10\\\/lluvia-provoco-desbordamiento-de-arroyo-y-danos-en-el-municipio-de-soledad\\\/#breadcrumb\"},\"inLanguage\":\"es\",\"potentialAction\":[{\"@type\":\"ReadAction\",\"target\":[\"https:\\\/\\\/contrastes.com.co\\\/web\\\/2020\\\/11\\\/10\\\/lluvia-provoco-desbordamiento-de-arroyo-y-danos-en-el-municipio-de-soledad\\\/\"]}]},{\"@type\":\"ImageObject\",\"inLanguage\":\"es\",\"@id\":\"https:\\\/\\\/contrastes.com.co\\\/web\\\/2020\\\/11\\\/10\\\/lluvia-provoco-desbordamiento-de-arroyo-y-danos-en-el-municipio-de-soledad\\\/#primaryimage\",\"url\":\"\",\"contentUrl\":\"\"},{\"@type\":\"BreadcrumbList\",\"@id\":\"https:\\\/\\\/contrastes.com.co\\\/web\\\/2020\\\/11\\\/10\\\/lluvia-provoco-desbordamiento-de-arroyo-y-danos-en-el-municipio-de-soledad\\\/#breadcrumb\",\"itemListElement\":[{\"@type\":\"ListItem\",\"position\":1,\"name\":\"Portada\",\"item\":\"https:\\\/\\\/contrastes.com.co\\\/web\\\/\"},{\"@type\":\"ListItem\",\"position\":2,\"name\":\"Lluvia provoc\u00f3 desbordamiento de arroyo y da\u00f1os en el municipio de Soledad\"}]},{\"@type\":\"WebSite\",\"@id\":\"https:\\\/\\\/contrastes.com.co\\\/web\\\/#website\",\"url\":\"https:\\\/\\\/contrastes.com.co\\\/web\\\/\",\"name\":\"Contrastes\",\"description\":\"Periodismo de Conciencia\",\"publisher\":{\"@id\":\"https:\\\/\\\/contrastes.com.co\\\/web\\\/#organization\"},\"potentialAction\":[{\"@type\":\"SearchAction\",\"target\":{\"@type\":\"EntryPoint\",\"urlTemplate\":\"https:\\\/\\\/contrastes.com.co\\\/web\\\/?s={search_term_string}\"},\"query-input\":{\"@type\":\"PropertyValueSpecification\",\"valueRequired\":true,\"valueName\":\"search_term_string\"}}],\"inLanguage\":\"es\"},{\"@type\":\"Organization\",\"@id\":\"https:\\\/\\\/contrastes.com.co\\\/web\\\/#organization\",\"name\":\"Contrastes\",\"url\":\"https:\\\/\\\/contrastes.com.co\\\/web\\\/\",\"logo\":{\"@type\":\"ImageObject\",\"inLanguage\":\"es\",\"@id\":\"https:\\\/\\\/contrastes.com.co\\\/web\\\/#\\\/schema\\\/logo\\\/image\\\/\",\"url\":\"https:\\\/\\\/contrastes.com.co\\\/web\\\/wp-content\\\/uploads\\\/2025\\\/04\\\/15CONTRASTES3.png\",\"contentUrl\":\"https:\\\/\\\/contrastes.com.co\\\/web\\\/wp-content\\\/uploads\\\/2025\\\/04\\\/15CONTRASTES3.png\",\"width\":1536,\"height\":231,\"caption\":\"Contrastes\"},\"image\":{\"@id\":\"https:\\\/\\\/contrastes.com.co\\\/web\\\/#\\\/schema\\\/logo\\\/image\\\/\"},\"sameAs\":[\"https:\\\/\\\/www.facebook.com\\\/guillo.pantoja.1\"]},{\"@type\":\"Person\",\"@id\":\"https:\\\/\\\/contrastes.com.co\\\/web\\\/#\\\/schema\\\/person\\\/62ef7a62dc4da6de450c71fc2e95ed02\",\"name\":\"Editor\",\"image\":{\"@type\":\"ImageObject\",\"inLanguage\":\"es\",\"@id\":\"https:\\\/\\\/secure.gravatar.com\\\/avatar\\\/7bbb4f718d74bbf600dc556253bb04fd7ac8593751d6e2e3b85432d98aefae80?s=96&d=mm&r=g\",\"url\":\"https:\\\/\\\/secure.gravatar.com\\\/avatar\\\/7bbb4f718d74bbf600dc556253bb04fd7ac8593751d6e2e3b85432d98aefae80?s=96&d=mm&r=g\",\"contentUrl\":\"https:\\\/\\\/secure.gravatar.com\\\/avatar\\\/7bbb4f718d74bbf600dc556253bb04fd7ac8593751d6e2e3b85432d98aefae80?s=96&d=mm&r=g\",\"caption\":\"Editor\"},\"sameAs\":[\"https:\\\/\\\/contrastes.com.co\\\/web\"],\"url\":\"https:\\\/\\\/contrastes.com.co\\\/web\\\/author\\\/jdbobadilla\\\/\"}]}<\/script>\n<!-- \/ Yoast SEO plugin. -->","yoast_head_json":{"title":"Lluvia provoc\u00f3 desbordamiento de arroyo y da\u00f1os en el municipio de Soledad - Constrastes","robots":{"index":"index","follow":"follow","max-snippet":"max-snippet:-1","max-image-preview":"max-image-preview:large","max-video-preview":"max-video-preview:-1"},"canonical":"https:\/\/contrastes.com.co\/web\/2020\/11\/10\/lluvia-provoco-desbordamiento-de-arroyo-y-danos-en-el-municipio-de-soledad\/","og_locale":"es_ES","og_type":"article","og_title":"Lluvia provoc\u00f3 desbordamiento de arroyo y da\u00f1os en el municipio de Soledad - Constrastes","og_description":"Calles inundadas y seis veh\u00edculos arrastrados fue el balance que entregaron las autoridades, luego de atender la emergencia en el municipio.","og_url":"https:\/\/contrastes.com.co\/web\/2020\/11\/10\/lluvia-provoco-desbordamiento-de-arroyo-y-danos-en-el-municipio-de-soledad\/","og_site_name":"Constrastes","article_publisher":"https:\/\/www.facebook.com\/guillo.pantoja.1","article_published_time":"2020-11-11T02:02:45+00:00","author":"Editor","twitter_card":"summary_large_image","twitter_misc":{"Escrito por":"Editor","Tiempo de lectura":"1 minuto"},"schema":{"@context":"https:\/\/schema.org","@graph":[{"@type":"Article","@id":"https:\/\/contrastes.com.co\/web\/2020\/11\/10\/lluvia-provoco-desbordamiento-de-arroyo-y-danos-en-el-municipio-de-soledad\/#article","isPartOf":{"@id":"https:\/\/contrastes.com.co\/web\/2020\/11\/10\/lluvia-provoco-desbordamiento-de-arroyo-y-danos-en-el-municipio-de-soledad\/"},"author":{"name":"Editor","@id":"https:\/\/contrastes.com.co\/web\/#\/schema\/person\/62ef7a62dc4da6de450c71fc2e95ed02"},"headline":"Lluvia provoc\u00f3 desbordamiento de arroyo y da\u00f1os en el municipio de Soledad","datePublished":"2020-11-11T02:02:45+00:00","mainEntityOfPage":{"@id":"https:\/\/contrastes.com.co\/web\/2020\/11\/10\/lluvia-provoco-desbordamiento-de-arroyo-y-danos-en-el-municipio-de-soledad\/"},"wordCount":162,"commentCount":0,"publisher":{"@id":"https:\/\/contrastes.com.co\/web\/#organization"},"image":{"@id":"https:\/\/contrastes.com.co\/web\/2020\/11\/10\/lluvia-provoco-desbordamiento-de-arroyo-y-danos-en-el-municipio-de-soledad\/#primaryimage"},"thumbnailUrl":"","keywords":["alcaldia de Soledad","Arroyo El Platanal","Arroyo El Salao","arroyos en Soledad","desastres lluvias","lluvias","municipio de soledad","temporada invernal"],"articleSection":["Locales","Medio Ambiente"],"inLanguage":"es","potentialAction":[{"@type":"CommentAction","name":"Comment","target":["https:\/\/contrastes.com.co\/web\/2020\/11\/10\/lluvia-provoco-desbordamiento-de-arroyo-y-danos-en-el-municipio-de-soledad\/#respond"]}]},{"@type":"WebPage","@id":"https:\/\/contrastes.com.co\/web\/2020\/11\/10\/lluvia-provoco-desbordamiento-de-arroyo-y-danos-en-el-municipio-de-soledad\/","url":"https:\/\/contrastes.com.co\/web\/2020\/11\/10\/lluvia-provoco-desbordamiento-de-arroyo-y-danos-en-el-municipio-de-soledad\/","name":"Lluvia provoc\u00f3 desbordamiento de arroyo y da\u00f1os en el municipio de Soledad - Constrastes","isPartOf":{"@id":"https:\/\/contrastes.com.co\/web\/#website"},"primaryImageOfPage":{"@id":"https:\/\/contrastes.com.co\/web\/2020\/11\/10\/lluvia-provoco-desbordamiento-de-arroyo-y-danos-en-el-municipio-de-soledad\/#primaryimage"},"image":{"@id":"https:\/\/contrastes.com.co\/web\/2020\/11\/10\/lluvia-provoco-desbordamiento-de-arroyo-y-danos-en-el-municipio-de-soledad\/#primaryimage"},"thumbnailUrl":"","datePublished":"2020-11-11T02:02:45+00:00","breadcrumb":{"@id":"https:\/\/contrastes.com.co\/web\/2020\/11\/10\/lluvia-provoco-desbordamiento-de-arroyo-y-danos-en-el-municipio-de-soledad\/#breadcrumb"},"inLanguage":"es","potentialAction":[{"@type":"ReadAction","target":["https:\/\/contrastes.com.co\/web\/2020\/11\/10\/lluvia-provoco-desbordamiento-de-arroyo-y-danos-en-el-municipio-de-soledad\/"]}]},{"@type":"ImageObject","inLanguage":"es","@id":"https:\/\/contrastes.com.co\/web\/2020\/11\/10\/lluvia-provoco-desbordamiento-de-arroyo-y-danos-en-el-municipio-de-soledad\/#primaryimage","url":"","contentUrl":""},{"@type":"BreadcrumbList","@id":"https:\/\/contrastes.com.co\/web\/2020\/11\/10\/lluvia-provoco-desbordamiento-de-arroyo-y-danos-en-el-municipio-de-soledad\/#breadcrumb","itemListElement":[{"@type":"ListItem","position":1,"name":"Portada","item":"https:\/\/contrastes.com.co\/web\/"},{"@type":"ListItem","position":2,"name":"Lluvia provoc\u00f3 desbordamiento de arroyo y da\u00f1os en el municipio de Soledad"}]},{"@type":"WebSite","@id":"https:\/\/contrastes.com.co\/web\/#website","url":"https:\/\/contrastes.com.co\/web\/","name":"Contrastes","description":"Periodismo de Conciencia","publisher":{"@id":"https:\/\/contrastes.com.co\/web\/#organization"},"potentialAction":[{"@type":"SearchAction","target":{"@type":"EntryPoint","urlTemplate":"https:\/\/contrastes.com.co\/web\/?s={search_term_string}"},"query-input":{"@type":"PropertyValueSpecification","valueRequired":true,"valueName":"search_term_string"}}],"inLanguage":"es"},{"@type":"Organization","@id":"https:\/\/contrastes.com.co\/web\/#organization","name":"Contrastes","url":"https:\/\/contrastes.com.co\/web\/","logo":{"@type":"ImageObject","inLanguage":"es","@id":"https:\/\/contrastes.com.co\/web\/#\/schema\/logo\/image\/","url":"https:\/\/contrastes.com.co\/web\/wp-content\/uploads\/2025\/04\/15CONTRASTES3.png","contentUrl":"https:\/\/contrastes.com.co\/web\/wp-content\/uploads\/2025\/04\/15CONTRASTES3.png","width":1536,"height":231,"caption":"Contrastes"},"image":{"@id":"https:\/\/contrastes.com.co\/web\/#\/schema\/logo\/image\/"},"sameAs":["https:\/\/www.facebook.com\/guillo.pantoja.1"]},{"@type":"Person","@id":"https:\/\/contrastes.com.co\/web\/#\/schema\/person\/62ef7a62dc4da6de450c71fc2e95ed02","name":"Editor","image":{"@type":"ImageObject","inLanguage":"es","@id":"https:\/\/secure.gravatar.com\/avatar\/7bbb4f718d74bbf600dc556253bb04fd7ac8593751d6e2e3b85432d98aefae80?s=96&d=mm&r=g","url":"https:\/\/secure.gravatar.com\/avatar\/7bbb4f718d74bbf600dc556253bb04fd7ac8593751d6e2e3b85432d98aefae80?s=96&d=mm&r=g","contentUrl":"https:\/\/secure.gravatar.com\/avatar\/7bbb4f718d74bbf600dc556253bb04fd7ac8593751d6e2e3b85432d98aefae80?s=96&d=mm&r=g","caption":"Editor"},"sameAs":["https:\/\/contrastes.com.co\/web"],"url":"https:\/\/contrastes.com.co\/web\/author\/jdbobadilla\/"}]}},"blog_post_layout_featured_media_urls":{"thumbnail":"","full":""},"categories_names":{"23":{"name":"Locales","link":"https:\/\/contrastes.com.co\/web\/category\/locales\/"},"59":{"name":"Medio Ambiente","link":"https:\/\/contrastes.com.co\/web\/category\/medio-ambiente\/"}},"tags_names":{"28":{"name":"alcaldia de Soledad","link":"https:\/\/contrastes.com.co\/web\/tag\/alcaldia-de-soledad\/"},"1537":{"name":"Arroyo El Platanal","link":"https:\/\/contrastes.com.co\/web\/tag\/arroyo-el-platanal\/"},"1538":{"name":"Arroyo El Salao","link":"https:\/\/contrastes.com.co\/web\/tag\/arroyo-el-salao\/"},"1539":{"name":"arroyos en Soledad","link":"https:\/\/contrastes.com.co\/web\/tag\/arroyos-en-soledad\/"},"1540":{"name":"desastres lluvias","link":"https:\/\/contrastes.com.co\/web\/tag\/desastres-lluvias\/"},"357":{"name":"lluvias","link":"https:\/\/contrastes.com.co\/web\/tag\/lluvias\/"},"51":{"name":"municipio de soledad","link":"https:\/\/contrastes.com.co\/web\/tag\/municipio-de-soledad\/"},"359":{"name":"temporada invernal","link":"https:\/\/contrastes.com.co\/web\/tag\/temporada-invernal\/"}},"comments_number":"0","wpmagazine_modules_lite_featured_media_urls":{"thumbnail":"","cvmm-medium":"","cvmm-medium-plus":"","cvmm-portrait":"","cvmm-medium-square":"","cvmm-large":"","cvmm-small":"","full":""},"_links":{"self":[{"href":"https:\/\/contrastes.com.co\/web\/wp-json\/wp\/v2\/posts\/3012","targetHints":{"allow":["GET"]}}],"collection":[{"href":"https:\/\/contrastes.com.co\/web\/wp-json\/wp\/v2\/posts"}],"about":[{"href":"https:\/\/contrastes.com.co\/web\/wp-json\/wp\/v2\/types\/post"}],"author":[{"embeddable":true,"href":"https:\/\/contrastes.com.co\/web\/wp-json\/wp\/v2\/users\/1"}],"replies":[{"embeddable":true,"href":"https:\/\/contrastes.com.co\/web\/wp-json\/wp\/v2\/comments?post=3012"}],"version-history":[{"count":0,"href":"https:\/\/contrastes.com.co\/web\/wp-json\/wp\/v2\/posts\/3012\/revisions"}],"wp:attachment":[{"href":"https:\/\/contrastes.com.co\/web\/wp-json\/wp\/v2\/media?parent=3012"}],"wp:term":[{"taxonomy":"category","embeddable":true,"href":"https:\/\/contrastes.com.co\/web\/wp-json\/wp\/v2\/categories?post=3012"},{"taxonomy":"post_tag","embeddable":true,"href":"https:\/\/contrastes.com.co\/web\/wp-json\/wp\/v2\/tags?post=3012"}],"curies":[{"name":"wp","href":"https:\/\/api.w.org\/{rel}","templated":true}]}}