{"id":3138,"date":"2020-11-24T10:41:04","date_gmt":"2020-11-24T15:41:04","guid":{"rendered":"https:\/\/contrastes.com.co\/digital\/?p=3138"},"modified":"2020-11-24T10:41:04","modified_gmt":"2020-11-24T15:41:04","slug":"homicidio-en-el-barrio-reserva-de-los-almendros-en-el-municipio-de-soledad","status":"publish","type":"post","link":"https:\/\/contrastes.com.co\/web\/2020\/11\/24\/homicidio-en-el-barrio-reserva-de-los-almendros-en-el-municipio-de-soledad\/","title":{"rendered":"Homicidio en el barrio Reserva de Los Almendros, en el municipio de Soledad"},"content":{"rendered":"<p>Un homicidio se registr\u00f3 al interior de una vivienda en el barrio Reserva de Los Almendros en el noroccidente del municipio de Soledad. La v\u00edctima, un hombre joven present\u00f3 heridas cortopunzantes en el rostro. Las autoridades investigan.<\/p>\n<p><iframe title=\"Homicidio en el barrio Reserva de Los Almendros, en el municipio de Soledad\" width=\"640\" height=\"360\" src=\"https:\/\/www.youtube.com\/embed\/QiIbB5uHT0I?start=13&#038;feature=oembed\" frameborder=\"0\" allow=\"accelerometer; autoplay; clipboard-write; encrypted-media; gyroscope; picture-in-picture; web-share\" referrerpolicy=\"strict-origin-when-cross-origin\" allowfullscreen><\/iframe><\/p>\n","protected":false},"excerpt":{"rendered":"<p>Un homicidio se registr\u00f3 al interior de una vivienda en el barrio Reserva de Los Almendros en el noroccidente del municipio de Soledad. La v\u00edctima, un hombre joven present\u00f3 heridas cortopunzantes en el rostro. Las autoridades investigan.<\/p>\n","protected":false},"author":1,"featured_media":3140,"comment_status":"open","ping_status":"open","sticky":false,"template":"","format":"standard","meta":{"footnotes":""},"categories":[172,23,1276],"tags":[1655,1656],"class_list":["post-3138","post","type-post","status-publish","format-standard","has-post-thumbnail","hentry","category-judicial","category-locales","category-sucesos","tag-barrio-reserva-de-los-almendros","tag-homicidios-en-soledad"],"yoast_head":"<!-- This site is optimized with the Yoast SEO plugin v27.7 - https:\/\/yoast.com\/product\/yoast-seo-wordpress\/ -->\n<title>Homicidio en el barrio Reserva de Los Almendros, en el municipio de Soledad - Constrastes<\/title>\n<meta name=\"robots\" content=\"index, follow, max-snippet:-1, max-image-preview:large, max-video-preview:-1\" \/>\n<link rel=\"canonical\" href=\"https:\/\/contrastes.com.co\/web\/2020\/11\/24\/homicidio-en-el-barrio-reserva-de-los-almendros-en-el-municipio-de-soledad\/\" \/>\n<meta property=\"og:locale\" content=\"es_ES\" \/>\n<meta property=\"og:type\" content=\"article\" \/>\n<meta property=\"og:title\" content=\"Homicidio en el barrio Reserva de Los Almendros, en el municipio de Soledad - Constrastes\" \/>\n<meta property=\"og:description\" content=\"Un homicidio se registr\u00f3 al interior de una vivienda en el barrio Reserva de Los Almendros en el noroccidente del municipio de Soledad. La v\u00edctima, un hombre joven present\u00f3 heridas cortopunzantes en el rostro. Las autoridades investigan.\" \/>\n<meta property=\"og:url\" content=\"https:\/\/contrastes.com.co\/web\/2020\/11\/24\/homicidio-en-el-barrio-reserva-de-los-almendros-en-el-municipio-de-soledad\/\" \/>\n<meta property=\"og:site_name\" content=\"Constrastes\" \/>\n<meta property=\"article:publisher\" content=\"https:\/\/www.facebook.com\/guillo.pantoja.1\" \/>\n<meta property=\"article:published_time\" content=\"2020-11-24T15:41:04+00:00\" \/>\n<meta name=\"author\" content=\"Editor\" \/>\n<meta name=\"twitter:card\" content=\"summary_large_image\" \/>\n<meta name=\"twitter:label1\" content=\"Escrito por\" \/>\n\t<meta name=\"twitter:data1\" content=\"Editor\" \/>\n<script type=\"application\/ld+json\" class=\"yoast-schema-graph\">{\"@context\":\"https:\\\/\\\/schema.org\",\"@graph\":[{\"@type\":\"Article\",\"@id\":\"https:\\\/\\\/contrastes.com.co\\\/web\\\/2020\\\/11\\\/24\\\/homicidio-en-el-barrio-reserva-de-los-almendros-en-el-municipio-de-soledad\\\/#article\",\"isPartOf\":{\"@id\":\"https:\\\/\\\/contrastes.com.co\\\/web\\\/2020\\\/11\\\/24\\\/homicidio-en-el-barrio-reserva-de-los-almendros-en-el-municipio-de-soledad\\\/\"},\"author\":{\"name\":\"Editor\",\"@id\":\"https:\\\/\\\/contrastes.com.co\\\/web\\\/#\\\/schema\\\/person\\\/62ef7a62dc4da6de450c71fc2e95ed02\"},\"headline\":\"Homicidio en el barrio Reserva de Los Almendros, en el municipio de Soledad\",\"datePublished\":\"2020-11-24T15:41:04+00:00\",\"mainEntityOfPage\":{\"@id\":\"https:\\\/\\\/contrastes.com.co\\\/web\\\/2020\\\/11\\\/24\\\/homicidio-en-el-barrio-reserva-de-los-almendros-en-el-municipio-de-soledad\\\/\"},\"wordCount\":64,\"commentCount\":0,\"publisher\":{\"@id\":\"https:\\\/\\\/contrastes.com.co\\\/web\\\/#organization\"},\"image\":{\"@id\":\"https:\\\/\\\/contrastes.com.co\\\/web\\\/2020\\\/11\\\/24\\\/homicidio-en-el-barrio-reserva-de-los-almendros-en-el-municipio-de-soledad\\\/#primaryimage\"},\"thumbnailUrl\":\"\",\"keywords\":[\"barrio Reserva de los almendros\",\"homicidios en Soledad\"],\"articleSection\":[\"Judicial\",\"Locales\",\"Sucesos\"],\"inLanguage\":\"es\",\"potentialAction\":[{\"@type\":\"CommentAction\",\"name\":\"Comment\",\"target\":[\"https:\\\/\\\/contrastes.com.co\\\/web\\\/2020\\\/11\\\/24\\\/homicidio-en-el-barrio-reserva-de-los-almendros-en-el-municipio-de-soledad\\\/#respond\"]}]},{\"@type\":\"WebPage\",\"@id\":\"https:\\\/\\\/contrastes.com.co\\\/web\\\/2020\\\/11\\\/24\\\/homicidio-en-el-barrio-reserva-de-los-almendros-en-el-municipio-de-soledad\\\/\",\"url\":\"https:\\\/\\\/contrastes.com.co\\\/web\\\/2020\\\/11\\\/24\\\/homicidio-en-el-barrio-reserva-de-los-almendros-en-el-municipio-de-soledad\\\/\",\"name\":\"Homicidio en el barrio Reserva de Los Almendros, en el municipio de Soledad - Constrastes\",\"isPartOf\":{\"@id\":\"https:\\\/\\\/contrastes.com.co\\\/web\\\/#website\"},\"primaryImageOfPage\":{\"@id\":\"https:\\\/\\\/contrastes.com.co\\\/web\\\/2020\\\/11\\\/24\\\/homicidio-en-el-barrio-reserva-de-los-almendros-en-el-municipio-de-soledad\\\/#primaryimage\"},\"image\":{\"@id\":\"https:\\\/\\\/contrastes.com.co\\\/web\\\/2020\\\/11\\\/24\\\/homicidio-en-el-barrio-reserva-de-los-almendros-en-el-municipio-de-soledad\\\/#primaryimage\"},\"thumbnailUrl\":\"\",\"datePublished\":\"2020-11-24T15:41:04+00:00\",\"breadcrumb\":{\"@id\":\"https:\\\/\\\/contrastes.com.co\\\/web\\\/2020\\\/11\\\/24\\\/homicidio-en-el-barrio-reserva-de-los-almendros-en-el-municipio-de-soledad\\\/#breadcrumb\"},\"inLanguage\":\"es\",\"potentialAction\":[{\"@type\":\"ReadAction\",\"target\":[\"https:\\\/\\\/contrastes.com.co\\\/web\\\/2020\\\/11\\\/24\\\/homicidio-en-el-barrio-reserva-de-los-almendros-en-el-municipio-de-soledad\\\/\"]}]},{\"@type\":\"ImageObject\",\"inLanguage\":\"es\",\"@id\":\"https:\\\/\\\/contrastes.com.co\\\/web\\\/2020\\\/11\\\/24\\\/homicidio-en-el-barrio-reserva-de-los-almendros-en-el-municipio-de-soledad\\\/#primaryimage\",\"url\":\"\",\"contentUrl\":\"\"},{\"@type\":\"BreadcrumbList\",\"@id\":\"https:\\\/\\\/contrastes.com.co\\\/web\\\/2020\\\/11\\\/24\\\/homicidio-en-el-barrio-reserva-de-los-almendros-en-el-municipio-de-soledad\\\/#breadcrumb\",\"itemListElement\":[{\"@type\":\"ListItem\",\"position\":1,\"name\":\"Portada\",\"item\":\"https:\\\/\\\/contrastes.com.co\\\/web\\\/\"},{\"@type\":\"ListItem\",\"position\":2,\"name\":\"Homicidio en el barrio Reserva de Los Almendros, en el municipio de Soledad\"}]},{\"@type\":\"WebSite\",\"@id\":\"https:\\\/\\\/contrastes.com.co\\\/web\\\/#website\",\"url\":\"https:\\\/\\\/contrastes.com.co\\\/web\\\/\",\"name\":\"Contrastes\",\"description\":\"Periodismo de Conciencia\",\"publisher\":{\"@id\":\"https:\\\/\\\/contrastes.com.co\\\/web\\\/#organization\"},\"potentialAction\":[{\"@type\":\"SearchAction\",\"target\":{\"@type\":\"EntryPoint\",\"urlTemplate\":\"https:\\\/\\\/contrastes.com.co\\\/web\\\/?s={search_term_string}\"},\"query-input\":{\"@type\":\"PropertyValueSpecification\",\"valueRequired\":true,\"valueName\":\"search_term_string\"}}],\"inLanguage\":\"es\"},{\"@type\":\"Organization\",\"@id\":\"https:\\\/\\\/contrastes.com.co\\\/web\\\/#organization\",\"name\":\"Contrastes\",\"url\":\"https:\\\/\\\/contrastes.com.co\\\/web\\\/\",\"logo\":{\"@type\":\"ImageObject\",\"inLanguage\":\"es\",\"@id\":\"https:\\\/\\\/contrastes.com.co\\\/web\\\/#\\\/schema\\\/logo\\\/image\\\/\",\"url\":\"https:\\\/\\\/contrastes.com.co\\\/web\\\/wp-content\\\/uploads\\\/2025\\\/04\\\/15CONTRASTES3.png\",\"contentUrl\":\"https:\\\/\\\/contrastes.com.co\\\/web\\\/wp-content\\\/uploads\\\/2025\\\/04\\\/15CONTRASTES3.png\",\"width\":1536,\"height\":231,\"caption\":\"Contrastes\"},\"image\":{\"@id\":\"https:\\\/\\\/contrastes.com.co\\\/web\\\/#\\\/schema\\\/logo\\\/image\\\/\"},\"sameAs\":[\"https:\\\/\\\/www.facebook.com\\\/guillo.pantoja.1\"]},{\"@type\":\"Person\",\"@id\":\"https:\\\/\\\/contrastes.com.co\\\/web\\\/#\\\/schema\\\/person\\\/62ef7a62dc4da6de450c71fc2e95ed02\",\"name\":\"Editor\",\"image\":{\"@type\":\"ImageObject\",\"inLanguage\":\"es\",\"@id\":\"https:\\\/\\\/secure.gravatar.com\\\/avatar\\\/7bbb4f718d74bbf600dc556253bb04fd7ac8593751d6e2e3b85432d98aefae80?s=96&d=mm&r=g\",\"url\":\"https:\\\/\\\/secure.gravatar.com\\\/avatar\\\/7bbb4f718d74bbf600dc556253bb04fd7ac8593751d6e2e3b85432d98aefae80?s=96&d=mm&r=g\",\"contentUrl\":\"https:\\\/\\\/secure.gravatar.com\\\/avatar\\\/7bbb4f718d74bbf600dc556253bb04fd7ac8593751d6e2e3b85432d98aefae80?s=96&d=mm&r=g\",\"caption\":\"Editor\"},\"sameAs\":[\"https:\\\/\\\/contrastes.com.co\\\/web\"],\"url\":\"https:\\\/\\\/contrastes.com.co\\\/web\\\/author\\\/jdbobadilla\\\/\"}]}<\/script>\n<!-- \/ Yoast SEO plugin. -->","yoast_head_json":{"title":"Homicidio en el barrio Reserva de Los Almendros, en el municipio de Soledad - Constrastes","robots":{"index":"index","follow":"follow","max-snippet":"max-snippet:-1","max-image-preview":"max-image-preview:large","max-video-preview":"max-video-preview:-1"},"canonical":"https:\/\/contrastes.com.co\/web\/2020\/11\/24\/homicidio-en-el-barrio-reserva-de-los-almendros-en-el-municipio-de-soledad\/","og_locale":"es_ES","og_type":"article","og_title":"Homicidio en el barrio Reserva de Los Almendros, en el municipio de Soledad - Constrastes","og_description":"Un homicidio se registr\u00f3 al interior de una vivienda en el barrio Reserva de Los Almendros en el noroccidente del municipio de Soledad. La v\u00edctima, un hombre joven present\u00f3 heridas cortopunzantes en el rostro. Las autoridades investigan.","og_url":"https:\/\/contrastes.com.co\/web\/2020\/11\/24\/homicidio-en-el-barrio-reserva-de-los-almendros-en-el-municipio-de-soledad\/","og_site_name":"Constrastes","article_publisher":"https:\/\/www.facebook.com\/guillo.pantoja.1","article_published_time":"2020-11-24T15:41:04+00:00","author":"Editor","twitter_card":"summary_large_image","twitter_misc":{"Escrito por":"Editor"},"schema":{"@context":"https:\/\/schema.org","@graph":[{"@type":"Article","@id":"https:\/\/contrastes.com.co\/web\/2020\/11\/24\/homicidio-en-el-barrio-reserva-de-los-almendros-en-el-municipio-de-soledad\/#article","isPartOf":{"@id":"https:\/\/contrastes.com.co\/web\/2020\/11\/24\/homicidio-en-el-barrio-reserva-de-los-almendros-en-el-municipio-de-soledad\/"},"author":{"name":"Editor","@id":"https:\/\/contrastes.com.co\/web\/#\/schema\/person\/62ef7a62dc4da6de450c71fc2e95ed02"},"headline":"Homicidio en el barrio Reserva de Los Almendros, en el municipio de Soledad","datePublished":"2020-11-24T15:41:04+00:00","mainEntityOfPage":{"@id":"https:\/\/contrastes.com.co\/web\/2020\/11\/24\/homicidio-en-el-barrio-reserva-de-los-almendros-en-el-municipio-de-soledad\/"},"wordCount":64,"commentCount":0,"publisher":{"@id":"https:\/\/contrastes.com.co\/web\/#organization"},"image":{"@id":"https:\/\/contrastes.com.co\/web\/2020\/11\/24\/homicidio-en-el-barrio-reserva-de-los-almendros-en-el-municipio-de-soledad\/#primaryimage"},"thumbnailUrl":"","keywords":["barrio Reserva de los almendros","homicidios en Soledad"],"articleSection":["Judicial","Locales","Sucesos"],"inLanguage":"es","potentialAction":[{"@type":"CommentAction","name":"Comment","target":["https:\/\/contrastes.com.co\/web\/2020\/11\/24\/homicidio-en-el-barrio-reserva-de-los-almendros-en-el-municipio-de-soledad\/#respond"]}]},{"@type":"WebPage","@id":"https:\/\/contrastes.com.co\/web\/2020\/11\/24\/homicidio-en-el-barrio-reserva-de-los-almendros-en-el-municipio-de-soledad\/","url":"https:\/\/contrastes.com.co\/web\/2020\/11\/24\/homicidio-en-el-barrio-reserva-de-los-almendros-en-el-municipio-de-soledad\/","name":"Homicidio en el barrio Reserva de Los Almendros, en el municipio de Soledad - Constrastes","isPartOf":{"@id":"https:\/\/contrastes.com.co\/web\/#website"},"primaryImageOfPage":{"@id":"https:\/\/contrastes.com.co\/web\/2020\/11\/24\/homicidio-en-el-barrio-reserva-de-los-almendros-en-el-municipio-de-soledad\/#primaryimage"},"image":{"@id":"https:\/\/contrastes.com.co\/web\/2020\/11\/24\/homicidio-en-el-barrio-reserva-de-los-almendros-en-el-municipio-de-soledad\/#primaryimage"},"thumbnailUrl":"","datePublished":"2020-11-24T15:41:04+00:00","breadcrumb":{"@id":"https:\/\/contrastes.com.co\/web\/2020\/11\/24\/homicidio-en-el-barrio-reserva-de-los-almendros-en-el-municipio-de-soledad\/#breadcrumb"},"inLanguage":"es","potentialAction":[{"@type":"ReadAction","target":["https:\/\/contrastes.com.co\/web\/2020\/11\/24\/homicidio-en-el-barrio-reserva-de-los-almendros-en-el-municipio-de-soledad\/"]}]},{"@type":"ImageObject","inLanguage":"es","@id":"https:\/\/contrastes.com.co\/web\/2020\/11\/24\/homicidio-en-el-barrio-reserva-de-los-almendros-en-el-municipio-de-soledad\/#primaryimage","url":"","contentUrl":""},{"@type":"BreadcrumbList","@id":"https:\/\/contrastes.com.co\/web\/2020\/11\/24\/homicidio-en-el-barrio-reserva-de-los-almendros-en-el-municipio-de-soledad\/#breadcrumb","itemListElement":[{"@type":"ListItem","position":1,"name":"Portada","item":"https:\/\/contrastes.com.co\/web\/"},{"@type":"ListItem","position":2,"name":"Homicidio en el barrio Reserva de Los Almendros, en el municipio de Soledad"}]},{"@type":"WebSite","@id":"https:\/\/contrastes.com.co\/web\/#website","url":"https:\/\/contrastes.com.co\/web\/","name":"Contrastes","description":"Periodismo de Conciencia","publisher":{"@id":"https:\/\/contrastes.com.co\/web\/#organization"},"potentialAction":[{"@type":"SearchAction","target":{"@type":"EntryPoint","urlTemplate":"https:\/\/contrastes.com.co\/web\/?s={search_term_string}"},"query-input":{"@type":"PropertyValueSpecification","valueRequired":true,"valueName":"search_term_string"}}],"inLanguage":"es"},{"@type":"Organization","@id":"https:\/\/contrastes.com.co\/web\/#organization","name":"Contrastes","url":"https:\/\/contrastes.com.co\/web\/","logo":{"@type":"ImageObject","inLanguage":"es","@id":"https:\/\/contrastes.com.co\/web\/#\/schema\/logo\/image\/","url":"https:\/\/contrastes.com.co\/web\/wp-content\/uploads\/2025\/04\/15CONTRASTES3.png","contentUrl":"https:\/\/contrastes.com.co\/web\/wp-content\/uploads\/2025\/04\/15CONTRASTES3.png","width":1536,"height":231,"caption":"Contrastes"},"image":{"@id":"https:\/\/contrastes.com.co\/web\/#\/schema\/logo\/image\/"},"sameAs":["https:\/\/www.facebook.com\/guillo.pantoja.1"]},{"@type":"Person","@id":"https:\/\/contrastes.com.co\/web\/#\/schema\/person\/62ef7a62dc4da6de450c71fc2e95ed02","name":"Editor","image":{"@type":"ImageObject","inLanguage":"es","@id":"https:\/\/secure.gravatar.com\/avatar\/7bbb4f718d74bbf600dc556253bb04fd7ac8593751d6e2e3b85432d98aefae80?s=96&d=mm&r=g","url":"https:\/\/secure.gravatar.com\/avatar\/7bbb4f718d74bbf600dc556253bb04fd7ac8593751d6e2e3b85432d98aefae80?s=96&d=mm&r=g","contentUrl":"https:\/\/secure.gravatar.com\/avatar\/7bbb4f718d74bbf600dc556253bb04fd7ac8593751d6e2e3b85432d98aefae80?s=96&d=mm&r=g","caption":"Editor"},"sameAs":["https:\/\/contrastes.com.co\/web"],"url":"https:\/\/contrastes.com.co\/web\/author\/jdbobadilla\/"}]}},"blog_post_layout_featured_media_urls":{"thumbnail":"","full":""},"categories_names":{"172":{"name":"Judicial","link":"https:\/\/contrastes.com.co\/web\/category\/judicial\/"},"23":{"name":"Locales","link":"https:\/\/contrastes.com.co\/web\/category\/locales\/"},"1276":{"name":"Sucesos","link":"https:\/\/contrastes.com.co\/web\/category\/sucesos\/"}},"tags_names":{"1655":{"name":"barrio Reserva de los almendros","link":"https:\/\/contrastes.com.co\/web\/tag\/barrio-reserva-de-los-almendros\/"},"1656":{"name":"homicidios en Soledad","link":"https:\/\/contrastes.com.co\/web\/tag\/homicidios-en-soledad\/"}},"comments_number":"0","wpmagazine_modules_lite_featured_media_urls":{"thumbnail":"","cvmm-medium":"","cvmm-medium-plus":"","cvmm-portrait":"","cvmm-medium-square":"","cvmm-large":"","cvmm-small":"","full":""},"_links":{"self":[{"href":"https:\/\/contrastes.com.co\/web\/wp-json\/wp\/v2\/posts\/3138","targetHints":{"allow":["GET"]}}],"collection":[{"href":"https:\/\/contrastes.com.co\/web\/wp-json\/wp\/v2\/posts"}],"about":[{"href":"https:\/\/contrastes.com.co\/web\/wp-json\/wp\/v2\/types\/post"}],"author":[{"embeddable":true,"href":"https:\/\/contrastes.com.co\/web\/wp-json\/wp\/v2\/users\/1"}],"replies":[{"embeddable":true,"href":"https:\/\/contrastes.com.co\/web\/wp-json\/wp\/v2\/comments?post=3138"}],"version-history":[{"count":0,"href":"https:\/\/contrastes.com.co\/web\/wp-json\/wp\/v2\/posts\/3138\/revisions"}],"wp:attachment":[{"href":"https:\/\/contrastes.com.co\/web\/wp-json\/wp\/v2\/media?parent=3138"}],"wp:term":[{"taxonomy":"category","embeddable":true,"href":"https:\/\/contrastes.com.co\/web\/wp-json\/wp\/v2\/categories?post=3138"},{"taxonomy":"post_tag","embeddable":true,"href":"https:\/\/contrastes.com.co\/web\/wp-json\/wp\/v2\/tags?post=3138"}],"curies":[{"name":"wp","href":"https:\/\/api.w.org\/{rel}","templated":true}]}}