{"id":3179,"date":"2020-11-24T15:36:50","date_gmt":"2020-11-24T20:36:50","guid":{"rendered":"https:\/\/contrastes.com.co\/digital\/?p=3179"},"modified":"2020-11-24T15:36:50","modified_gmt":"2020-11-24T20:36:50","slug":"presentacion-de-andrea-valdiri-en-soledad-causo-el-cierre-de-un-establecimiento","status":"publish","type":"post","link":"https:\/\/contrastes.com.co\/web\/2020\/11\/24\/presentacion-de-andrea-valdiri-en-soledad-causo-el-cierre-de-un-establecimiento\/","title":{"rendered":"Presentaci\u00f3n de Andrea Valdiri en Soledad caus\u00f3 el cierre de un establecimiento"},"content":{"rendered":"<p>La alcald\u00eda de Soledad procedi\u00f3 a sellar por 10 d\u00edas a un establecimiento comercial al interior del Centro Comercial Carnaval, luego de comprobar que en el mismo se realiz\u00f3 un evento sin protocolos de bioseguridad, y en el cual se present\u00f3 la sensual influencer Andrea Valdiri; l\u00f3gicamente al almacen lleg\u00f3 un gran n\u00famero de sus seguidores sin respetar el uso de tapabocas ni el distanciamiento social establecidos en las medidas tomadas para la prevenci\u00f3n de los contagios por el covid-19.<\/p>\n<p><iframe title=\"Presentaci\u00f3n de Andrea Valdiri en Soledad caus\u00f3 el cierre de un establecimiento\" width=\"640\" height=\"360\" src=\"https:\/\/www.youtube.com\/embed\/_Lm_ckKknXE?start=311&#038;feature=oembed\" frameborder=\"0\" allow=\"accelerometer; autoplay; clipboard-write; encrypted-media; gyroscope; picture-in-picture; web-share\" referrerpolicy=\"strict-origin-when-cross-origin\" allowfullscreen><\/iframe><\/p>\n<p>&nbsp;<\/p>\n","protected":false},"excerpt":{"rendered":"<p>La alcald\u00eda de Soledad procedi\u00f3 a sellar por 10 d\u00edas a un establecimiento comercial al interior del Centro Comercial Carnaval, luego de comprobar que en el mismo se realiz\u00f3 un evento sin protocolos de bioseguridad,<\/p>\n","protected":false},"author":1,"featured_media":3180,"comment_status":"open","ping_status":"open","sticky":false,"template":"","format":"standard","meta":{"footnotes":""},"categories":[73,172,23],"tags":[28,1723,1724,1725,86,503,1726,1727,367,390,52],"class_list":["post-3179","post","type-post","status-publish","format-standard","has-post-thumbnail","hentry","category-coronavirus","category-judicial","category-locales","tag-alcaldia-de-soledad","tag-almacen-amazon","tag-andrea-valdiri","tag-centro-comercial-carnaval","tag-coronavirus","tag-covid-19","tag-evento-en-soledad","tag-medidas-de-seguridad","tag-protocolos-de-bioseguridad","tag-rosmell-hernandez-bresneider","tag-secretario-de-gobierno-de-soledad"],"yoast_head":"<!-- This site is optimized with the Yoast SEO plugin v27.7 - https:\/\/yoast.com\/product\/yoast-seo-wordpress\/ -->\n<title>Presentaci\u00f3n de Andrea Valdiri en Soledad caus\u00f3 el cierre de un establecimiento - Constrastes<\/title>\n<meta name=\"robots\" content=\"index, follow, max-snippet:-1, max-image-preview:large, max-video-preview:-1\" \/>\n<link rel=\"canonical\" href=\"https:\/\/contrastes.com.co\/web\/2020\/11\/24\/presentacion-de-andrea-valdiri-en-soledad-causo-el-cierre-de-un-establecimiento\/\" \/>\n<meta property=\"og:locale\" content=\"es_ES\" \/>\n<meta property=\"og:type\" content=\"article\" \/>\n<meta property=\"og:title\" content=\"Presentaci\u00f3n de Andrea Valdiri en Soledad caus\u00f3 el cierre de un establecimiento - Constrastes\" \/>\n<meta property=\"og:description\" content=\"La alcald\u00eda de Soledad procedi\u00f3 a sellar por 10 d\u00edas a un establecimiento comercial al interior del Centro Comercial Carnaval, luego de comprobar que en el mismo se realiz\u00f3 un evento sin protocolos de bioseguridad,\" \/>\n<meta property=\"og:url\" content=\"https:\/\/contrastes.com.co\/web\/2020\/11\/24\/presentacion-de-andrea-valdiri-en-soledad-causo-el-cierre-de-un-establecimiento\/\" \/>\n<meta property=\"og:site_name\" content=\"Constrastes\" \/>\n<meta property=\"article:publisher\" content=\"https:\/\/www.facebook.com\/guillo.pantoja.1\" \/>\n<meta property=\"article:published_time\" content=\"2020-11-24T20:36:50+00:00\" \/>\n<meta name=\"author\" content=\"Editor\" \/>\n<meta name=\"twitter:card\" content=\"summary_large_image\" \/>\n<meta name=\"twitter:label1\" content=\"Escrito por\" \/>\n\t<meta name=\"twitter:data1\" content=\"Editor\" \/>\n<script type=\"application\/ld+json\" class=\"yoast-schema-graph\">{\"@context\":\"https:\\\/\\\/schema.org\",\"@graph\":[{\"@type\":\"Article\",\"@id\":\"https:\\\/\\\/contrastes.com.co\\\/web\\\/2020\\\/11\\\/24\\\/presentacion-de-andrea-valdiri-en-soledad-causo-el-cierre-de-un-establecimiento\\\/#article\",\"isPartOf\":{\"@id\":\"https:\\\/\\\/contrastes.com.co\\\/web\\\/2020\\\/11\\\/24\\\/presentacion-de-andrea-valdiri-en-soledad-causo-el-cierre-de-un-establecimiento\\\/\"},\"author\":{\"name\":\"Editor\",\"@id\":\"https:\\\/\\\/contrastes.com.co\\\/web\\\/#\\\/schema\\\/person\\\/62ef7a62dc4da6de450c71fc2e95ed02\"},\"headline\":\"Presentaci\u00f3n de Andrea Valdiri en Soledad caus\u00f3 el cierre de un establecimiento\",\"datePublished\":\"2020-11-24T20:36:50+00:00\",\"mainEntityOfPage\":{\"@id\":\"https:\\\/\\\/contrastes.com.co\\\/web\\\/2020\\\/11\\\/24\\\/presentacion-de-andrea-valdiri-en-soledad-causo-el-cierre-de-un-establecimiento\\\/\"},\"wordCount\":110,\"commentCount\":0,\"publisher\":{\"@id\":\"https:\\\/\\\/contrastes.com.co\\\/web\\\/#organization\"},\"image\":{\"@id\":\"https:\\\/\\\/contrastes.com.co\\\/web\\\/2020\\\/11\\\/24\\\/presentacion-de-andrea-valdiri-en-soledad-causo-el-cierre-de-un-establecimiento\\\/#primaryimage\"},\"thumbnailUrl\":\"\",\"keywords\":[\"alcaldia de Soledad\",\"Almacen Amazon\",\"Andrea Valdiri\",\"Centro Comercial Carnaval\",\"coronavirus\",\"Covid-19\",\"evento en Soledad\",\"medidas de seguridad\",\"protocolos de bioseguridad\",\"Rosmell Hern\u00e1ndez Bresneider\",\"secretario de Gobierno de Soledad\"],\"articleSection\":[\"Coronavirus\",\"Judicial\",\"Locales\"],\"inLanguage\":\"es\",\"potentialAction\":[{\"@type\":\"CommentAction\",\"name\":\"Comment\",\"target\":[\"https:\\\/\\\/contrastes.com.co\\\/web\\\/2020\\\/11\\\/24\\\/presentacion-de-andrea-valdiri-en-soledad-causo-el-cierre-de-un-establecimiento\\\/#respond\"]}]},{\"@type\":\"WebPage\",\"@id\":\"https:\\\/\\\/contrastes.com.co\\\/web\\\/2020\\\/11\\\/24\\\/presentacion-de-andrea-valdiri-en-soledad-causo-el-cierre-de-un-establecimiento\\\/\",\"url\":\"https:\\\/\\\/contrastes.com.co\\\/web\\\/2020\\\/11\\\/24\\\/presentacion-de-andrea-valdiri-en-soledad-causo-el-cierre-de-un-establecimiento\\\/\",\"name\":\"Presentaci\u00f3n de Andrea Valdiri en Soledad caus\u00f3 el cierre de un establecimiento - Constrastes\",\"isPartOf\":{\"@id\":\"https:\\\/\\\/contrastes.com.co\\\/web\\\/#website\"},\"primaryImageOfPage\":{\"@id\":\"https:\\\/\\\/contrastes.com.co\\\/web\\\/2020\\\/11\\\/24\\\/presentacion-de-andrea-valdiri-en-soledad-causo-el-cierre-de-un-establecimiento\\\/#primaryimage\"},\"image\":{\"@id\":\"https:\\\/\\\/contrastes.com.co\\\/web\\\/2020\\\/11\\\/24\\\/presentacion-de-andrea-valdiri-en-soledad-causo-el-cierre-de-un-establecimiento\\\/#primaryimage\"},\"thumbnailUrl\":\"\",\"datePublished\":\"2020-11-24T20:36:50+00:00\",\"breadcrumb\":{\"@id\":\"https:\\\/\\\/contrastes.com.co\\\/web\\\/2020\\\/11\\\/24\\\/presentacion-de-andrea-valdiri-en-soledad-causo-el-cierre-de-un-establecimiento\\\/#breadcrumb\"},\"inLanguage\":\"es\",\"potentialAction\":[{\"@type\":\"ReadAction\",\"target\":[\"https:\\\/\\\/contrastes.com.co\\\/web\\\/2020\\\/11\\\/24\\\/presentacion-de-andrea-valdiri-en-soledad-causo-el-cierre-de-un-establecimiento\\\/\"]}]},{\"@type\":\"ImageObject\",\"inLanguage\":\"es\",\"@id\":\"https:\\\/\\\/contrastes.com.co\\\/web\\\/2020\\\/11\\\/24\\\/presentacion-de-andrea-valdiri-en-soledad-causo-el-cierre-de-un-establecimiento\\\/#primaryimage\",\"url\":\"\",\"contentUrl\":\"\"},{\"@type\":\"BreadcrumbList\",\"@id\":\"https:\\\/\\\/contrastes.com.co\\\/web\\\/2020\\\/11\\\/24\\\/presentacion-de-andrea-valdiri-en-soledad-causo-el-cierre-de-un-establecimiento\\\/#breadcrumb\",\"itemListElement\":[{\"@type\":\"ListItem\",\"position\":1,\"name\":\"Portada\",\"item\":\"https:\\\/\\\/contrastes.com.co\\\/web\\\/\"},{\"@type\":\"ListItem\",\"position\":2,\"name\":\"Presentaci\u00f3n de Andrea Valdiri en Soledad caus\u00f3 el cierre de un establecimiento\"}]},{\"@type\":\"WebSite\",\"@id\":\"https:\\\/\\\/contrastes.com.co\\\/web\\\/#website\",\"url\":\"https:\\\/\\\/contrastes.com.co\\\/web\\\/\",\"name\":\"Contrastes\",\"description\":\"Periodismo de Conciencia\",\"publisher\":{\"@id\":\"https:\\\/\\\/contrastes.com.co\\\/web\\\/#organization\"},\"potentialAction\":[{\"@type\":\"SearchAction\",\"target\":{\"@type\":\"EntryPoint\",\"urlTemplate\":\"https:\\\/\\\/contrastes.com.co\\\/web\\\/?s={search_term_string}\"},\"query-input\":{\"@type\":\"PropertyValueSpecification\",\"valueRequired\":true,\"valueName\":\"search_term_string\"}}],\"inLanguage\":\"es\"},{\"@type\":\"Organization\",\"@id\":\"https:\\\/\\\/contrastes.com.co\\\/web\\\/#organization\",\"name\":\"Contrastes\",\"url\":\"https:\\\/\\\/contrastes.com.co\\\/web\\\/\",\"logo\":{\"@type\":\"ImageObject\",\"inLanguage\":\"es\",\"@id\":\"https:\\\/\\\/contrastes.com.co\\\/web\\\/#\\\/schema\\\/logo\\\/image\\\/\",\"url\":\"https:\\\/\\\/contrastes.com.co\\\/web\\\/wp-content\\\/uploads\\\/2025\\\/04\\\/15CONTRASTES3.png\",\"contentUrl\":\"https:\\\/\\\/contrastes.com.co\\\/web\\\/wp-content\\\/uploads\\\/2025\\\/04\\\/15CONTRASTES3.png\",\"width\":1536,\"height\":231,\"caption\":\"Contrastes\"},\"image\":{\"@id\":\"https:\\\/\\\/contrastes.com.co\\\/web\\\/#\\\/schema\\\/logo\\\/image\\\/\"},\"sameAs\":[\"https:\\\/\\\/www.facebook.com\\\/guillo.pantoja.1\"]},{\"@type\":\"Person\",\"@id\":\"https:\\\/\\\/contrastes.com.co\\\/web\\\/#\\\/schema\\\/person\\\/62ef7a62dc4da6de450c71fc2e95ed02\",\"name\":\"Editor\",\"image\":{\"@type\":\"ImageObject\",\"inLanguage\":\"es\",\"@id\":\"https:\\\/\\\/secure.gravatar.com\\\/avatar\\\/7bbb4f718d74bbf600dc556253bb04fd7ac8593751d6e2e3b85432d98aefae80?s=96&d=mm&r=g\",\"url\":\"https:\\\/\\\/secure.gravatar.com\\\/avatar\\\/7bbb4f718d74bbf600dc556253bb04fd7ac8593751d6e2e3b85432d98aefae80?s=96&d=mm&r=g\",\"contentUrl\":\"https:\\\/\\\/secure.gravatar.com\\\/avatar\\\/7bbb4f718d74bbf600dc556253bb04fd7ac8593751d6e2e3b85432d98aefae80?s=96&d=mm&r=g\",\"caption\":\"Editor\"},\"sameAs\":[\"https:\\\/\\\/contrastes.com.co\\\/web\"],\"url\":\"https:\\\/\\\/contrastes.com.co\\\/web\\\/author\\\/jdbobadilla\\\/\"}]}<\/script>\n<!-- \/ Yoast SEO plugin. -->","yoast_head_json":{"title":"Presentaci\u00f3n de Andrea Valdiri en Soledad caus\u00f3 el cierre de un establecimiento - Constrastes","robots":{"index":"index","follow":"follow","max-snippet":"max-snippet:-1","max-image-preview":"max-image-preview:large","max-video-preview":"max-video-preview:-1"},"canonical":"https:\/\/contrastes.com.co\/web\/2020\/11\/24\/presentacion-de-andrea-valdiri-en-soledad-causo-el-cierre-de-un-establecimiento\/","og_locale":"es_ES","og_type":"article","og_title":"Presentaci\u00f3n de Andrea Valdiri en Soledad caus\u00f3 el cierre de un establecimiento - Constrastes","og_description":"La alcald\u00eda de Soledad procedi\u00f3 a sellar por 10 d\u00edas a un establecimiento comercial al interior del Centro Comercial Carnaval, luego de comprobar que en el mismo se realiz\u00f3 un evento sin protocolos de bioseguridad,","og_url":"https:\/\/contrastes.com.co\/web\/2020\/11\/24\/presentacion-de-andrea-valdiri-en-soledad-causo-el-cierre-de-un-establecimiento\/","og_site_name":"Constrastes","article_publisher":"https:\/\/www.facebook.com\/guillo.pantoja.1","article_published_time":"2020-11-24T20:36:50+00:00","author":"Editor","twitter_card":"summary_large_image","twitter_misc":{"Escrito por":"Editor"},"schema":{"@context":"https:\/\/schema.org","@graph":[{"@type":"Article","@id":"https:\/\/contrastes.com.co\/web\/2020\/11\/24\/presentacion-de-andrea-valdiri-en-soledad-causo-el-cierre-de-un-establecimiento\/#article","isPartOf":{"@id":"https:\/\/contrastes.com.co\/web\/2020\/11\/24\/presentacion-de-andrea-valdiri-en-soledad-causo-el-cierre-de-un-establecimiento\/"},"author":{"name":"Editor","@id":"https:\/\/contrastes.com.co\/web\/#\/schema\/person\/62ef7a62dc4da6de450c71fc2e95ed02"},"headline":"Presentaci\u00f3n de Andrea Valdiri en Soledad caus\u00f3 el cierre de un establecimiento","datePublished":"2020-11-24T20:36:50+00:00","mainEntityOfPage":{"@id":"https:\/\/contrastes.com.co\/web\/2020\/11\/24\/presentacion-de-andrea-valdiri-en-soledad-causo-el-cierre-de-un-establecimiento\/"},"wordCount":110,"commentCount":0,"publisher":{"@id":"https:\/\/contrastes.com.co\/web\/#organization"},"image":{"@id":"https:\/\/contrastes.com.co\/web\/2020\/11\/24\/presentacion-de-andrea-valdiri-en-soledad-causo-el-cierre-de-un-establecimiento\/#primaryimage"},"thumbnailUrl":"","keywords":["alcaldia de Soledad","Almacen Amazon","Andrea Valdiri","Centro Comercial Carnaval","coronavirus","Covid-19","evento en Soledad","medidas de seguridad","protocolos de bioseguridad","Rosmell Hern\u00e1ndez Bresneider","secretario de Gobierno de Soledad"],"articleSection":["Coronavirus","Judicial","Locales"],"inLanguage":"es","potentialAction":[{"@type":"CommentAction","name":"Comment","target":["https:\/\/contrastes.com.co\/web\/2020\/11\/24\/presentacion-de-andrea-valdiri-en-soledad-causo-el-cierre-de-un-establecimiento\/#respond"]}]},{"@type":"WebPage","@id":"https:\/\/contrastes.com.co\/web\/2020\/11\/24\/presentacion-de-andrea-valdiri-en-soledad-causo-el-cierre-de-un-establecimiento\/","url":"https:\/\/contrastes.com.co\/web\/2020\/11\/24\/presentacion-de-andrea-valdiri-en-soledad-causo-el-cierre-de-un-establecimiento\/","name":"Presentaci\u00f3n de Andrea Valdiri en Soledad caus\u00f3 el cierre de un establecimiento - Constrastes","isPartOf":{"@id":"https:\/\/contrastes.com.co\/web\/#website"},"primaryImageOfPage":{"@id":"https:\/\/contrastes.com.co\/web\/2020\/11\/24\/presentacion-de-andrea-valdiri-en-soledad-causo-el-cierre-de-un-establecimiento\/#primaryimage"},"image":{"@id":"https:\/\/contrastes.com.co\/web\/2020\/11\/24\/presentacion-de-andrea-valdiri-en-soledad-causo-el-cierre-de-un-establecimiento\/#primaryimage"},"thumbnailUrl":"","datePublished":"2020-11-24T20:36:50+00:00","breadcrumb":{"@id":"https:\/\/contrastes.com.co\/web\/2020\/11\/24\/presentacion-de-andrea-valdiri-en-soledad-causo-el-cierre-de-un-establecimiento\/#breadcrumb"},"inLanguage":"es","potentialAction":[{"@type":"ReadAction","target":["https:\/\/contrastes.com.co\/web\/2020\/11\/24\/presentacion-de-andrea-valdiri-en-soledad-causo-el-cierre-de-un-establecimiento\/"]}]},{"@type":"ImageObject","inLanguage":"es","@id":"https:\/\/contrastes.com.co\/web\/2020\/11\/24\/presentacion-de-andrea-valdiri-en-soledad-causo-el-cierre-de-un-establecimiento\/#primaryimage","url":"","contentUrl":""},{"@type":"BreadcrumbList","@id":"https:\/\/contrastes.com.co\/web\/2020\/11\/24\/presentacion-de-andrea-valdiri-en-soledad-causo-el-cierre-de-un-establecimiento\/#breadcrumb","itemListElement":[{"@type":"ListItem","position":1,"name":"Portada","item":"https:\/\/contrastes.com.co\/web\/"},{"@type":"ListItem","position":2,"name":"Presentaci\u00f3n de Andrea Valdiri en Soledad caus\u00f3 el cierre de un establecimiento"}]},{"@type":"WebSite","@id":"https:\/\/contrastes.com.co\/web\/#website","url":"https:\/\/contrastes.com.co\/web\/","name":"Contrastes","description":"Periodismo de Conciencia","publisher":{"@id":"https:\/\/contrastes.com.co\/web\/#organization"},"potentialAction":[{"@type":"SearchAction","target":{"@type":"EntryPoint","urlTemplate":"https:\/\/contrastes.com.co\/web\/?s={search_term_string}"},"query-input":{"@type":"PropertyValueSpecification","valueRequired":true,"valueName":"search_term_string"}}],"inLanguage":"es"},{"@type":"Organization","@id":"https:\/\/contrastes.com.co\/web\/#organization","name":"Contrastes","url":"https:\/\/contrastes.com.co\/web\/","logo":{"@type":"ImageObject","inLanguage":"es","@id":"https:\/\/contrastes.com.co\/web\/#\/schema\/logo\/image\/","url":"https:\/\/contrastes.com.co\/web\/wp-content\/uploads\/2025\/04\/15CONTRASTES3.png","contentUrl":"https:\/\/contrastes.com.co\/web\/wp-content\/uploads\/2025\/04\/15CONTRASTES3.png","width":1536,"height":231,"caption":"Contrastes"},"image":{"@id":"https:\/\/contrastes.com.co\/web\/#\/schema\/logo\/image\/"},"sameAs":["https:\/\/www.facebook.com\/guillo.pantoja.1"]},{"@type":"Person","@id":"https:\/\/contrastes.com.co\/web\/#\/schema\/person\/62ef7a62dc4da6de450c71fc2e95ed02","name":"Editor","image":{"@type":"ImageObject","inLanguage":"es","@id":"https:\/\/secure.gravatar.com\/avatar\/7bbb4f718d74bbf600dc556253bb04fd7ac8593751d6e2e3b85432d98aefae80?s=96&d=mm&r=g","url":"https:\/\/secure.gravatar.com\/avatar\/7bbb4f718d74bbf600dc556253bb04fd7ac8593751d6e2e3b85432d98aefae80?s=96&d=mm&r=g","contentUrl":"https:\/\/secure.gravatar.com\/avatar\/7bbb4f718d74bbf600dc556253bb04fd7ac8593751d6e2e3b85432d98aefae80?s=96&d=mm&r=g","caption":"Editor"},"sameAs":["https:\/\/contrastes.com.co\/web"],"url":"https:\/\/contrastes.com.co\/web\/author\/jdbobadilla\/"}]}},"blog_post_layout_featured_media_urls":{"thumbnail":"","full":""},"categories_names":{"73":{"name":"Coronavirus","link":"https:\/\/contrastes.com.co\/web\/category\/coronavirus\/"},"172":{"name":"Judicial","link":"https:\/\/contrastes.com.co\/web\/category\/judicial\/"},"23":{"name":"Locales","link":"https:\/\/contrastes.com.co\/web\/category\/locales\/"}},"tags_names":{"28":{"name":"alcaldia de Soledad","link":"https:\/\/contrastes.com.co\/web\/tag\/alcaldia-de-soledad\/"},"1723":{"name":"Almacen Amazon","link":"https:\/\/contrastes.com.co\/web\/tag\/almacen-amazon\/"},"1724":{"name":"Andrea Valdiri","link":"https:\/\/contrastes.com.co\/web\/tag\/andrea-valdiri\/"},"1725":{"name":"Centro Comercial Carnaval","link":"https:\/\/contrastes.com.co\/web\/tag\/centro-comercial-carnaval\/"},"86":{"name":"coronavirus","link":"https:\/\/contrastes.com.co\/web\/tag\/coronavirus\/"},"503":{"name":"Covid-19","link":"https:\/\/contrastes.com.co\/web\/tag\/covid-19\/"},"1726":{"name":"evento en Soledad","link":"https:\/\/contrastes.com.co\/web\/tag\/evento-en-soledad\/"},"1727":{"name":"medidas de seguridad","link":"https:\/\/contrastes.com.co\/web\/tag\/medidas-de-seguridad\/"},"367":{"name":"protocolos de bioseguridad","link":"https:\/\/contrastes.com.co\/web\/tag\/protocolos-de-bioseguridad\/"},"390":{"name":"Rosmell Hern\u00e1ndez Bresneider","link":"https:\/\/contrastes.com.co\/web\/tag\/rosmell-hernandez-bresneider\/"},"52":{"name":"secretario de Gobierno de Soledad","link":"https:\/\/contrastes.com.co\/web\/tag\/secretario-de-gobierno-de-soledad\/"}},"comments_number":"0","wpmagazine_modules_lite_featured_media_urls":{"thumbnail":"","cvmm-medium":"","cvmm-medium-plus":"","cvmm-portrait":"","cvmm-medium-square":"","cvmm-large":"","cvmm-small":"","full":""},"_links":{"self":[{"href":"https:\/\/contrastes.com.co\/web\/wp-json\/wp\/v2\/posts\/3179","targetHints":{"allow":["GET"]}}],"collection":[{"href":"https:\/\/contrastes.com.co\/web\/wp-json\/wp\/v2\/posts"}],"about":[{"href":"https:\/\/contrastes.com.co\/web\/wp-json\/wp\/v2\/types\/post"}],"author":[{"embeddable":true,"href":"https:\/\/contrastes.com.co\/web\/wp-json\/wp\/v2\/users\/1"}],"replies":[{"embeddable":true,"href":"https:\/\/contrastes.com.co\/web\/wp-json\/wp\/v2\/comments?post=3179"}],"version-history":[{"count":0,"href":"https:\/\/contrastes.com.co\/web\/wp-json\/wp\/v2\/posts\/3179\/revisions"}],"wp:attachment":[{"href":"https:\/\/contrastes.com.co\/web\/wp-json\/wp\/v2\/media?parent=3179"}],"wp:term":[{"taxonomy":"category","embeddable":true,"href":"https:\/\/contrastes.com.co\/web\/wp-json\/wp\/v2\/categories?post=3179"},{"taxonomy":"post_tag","embeddable":true,"href":"https:\/\/contrastes.com.co\/web\/wp-json\/wp\/v2\/tags?post=3179"}],"curies":[{"name":"wp","href":"https:\/\/api.w.org\/{rel}","templated":true}]}}