{"id":3182,"date":"2020-11-25T15:37:50","date_gmt":"2020-11-25T20:37:50","guid":{"rendered":"https:\/\/contrastes.com.co\/digital\/?p=3182"},"modified":"2020-11-25T15:37:50","modified_gmt":"2020-11-25T20:37:50","slug":"emision-especial-el-adios-a-diego-la-pelota-no-tiene-manchas","status":"publish","type":"post","link":"https:\/\/contrastes.com.co\/web\/2020\/11\/25\/emision-especial-el-adios-a-diego-la-pelota-no-tiene-manchas\/","title":{"rendered":"EMISI\u00d3N ESPECIAL El adi\u00f3s a Diego; \u00abLa pelota no tiene manchas\u00bb"},"content":{"rendered":"<p>Los amantes del f\u00fatbol en todo el mundo enfrentaron hoy una fat\u00eddica noticia y no es m\u00e1s ni menos que el sensible fallecimiento del astro argentino del balompi\u00e9, Diego Armando Maradona, toda una figura en la historia de este deporte que pasar\u00e1 ahora a ser parte de la antolog\u00eda futbol\u00edstica mundial. En la #UnaEnPunto #PeriodismoSinLimites preparamos una emisi\u00f3n especial como un sentido homenaje a la figura de este genio incomparable del deporte rey. Sus goles, sus frases, las an\u00e9cdotas y la forma en que se le recordar\u00e1 de hoy en adelante en este lugar del mundo.<\/p>\n<p><iframe title=\"EMISI\u00d3N ESPECIAL El adi\u00f3s a Diego; &quot;La pelota no tiene manchas&quot;\" width=\"640\" height=\"360\" src=\"https:\/\/www.youtube.com\/embed\/UG6vKkGo4SI?start=1159&#038;feature=oembed\" frameborder=\"0\" allow=\"accelerometer; autoplay; clipboard-write; encrypted-media; gyroscope; picture-in-picture; web-share\" referrerpolicy=\"strict-origin-when-cross-origin\" allowfullscreen><\/iframe><\/p>\n","protected":false},"excerpt":{"rendered":"<p>Los amantes del f\u00fatbol en todo el mundo enfrentaron hoy una fat\u00eddica noticia y no es m\u00e1s ni menos que el sensible fallecimiento del astro argentino del balompi\u00e9, Diego Armando Maradona,<\/p>\n","protected":false},"author":1,"featured_media":3183,"comment_status":"open","ping_status":"open","sticky":false,"template":"","format":"standard","meta":{"footnotes":""},"categories":[88,158,1276],"tags":[1728,1445,366,1729,1730,1731],"class_list":["post-3182","post","type-post","status-publish","format-standard","has-post-thumbnail","hentry","category-mundo","category-personajes","category-sucesos","tag-argentina","tag-diego-armando-maradona","tag-fallecimiento","tag-futbol-mundial","tag-futbolista","tag-murio-maradona"],"yoast_head":"<!-- This site is optimized with the Yoast SEO plugin v27.7 - https:\/\/yoast.com\/product\/yoast-seo-wordpress\/ -->\n<title>EMISI\u00d3N ESPECIAL El adi\u00f3s a Diego; &quot;La pelota no tiene manchas&quot; - Constrastes<\/title>\n<meta name=\"robots\" content=\"index, follow, max-snippet:-1, max-image-preview:large, max-video-preview:-1\" \/>\n<link rel=\"canonical\" href=\"https:\/\/contrastes.com.co\/web\/2020\/11\/25\/emision-especial-el-adios-a-diego-la-pelota-no-tiene-manchas\/\" \/>\n<meta property=\"og:locale\" content=\"es_ES\" \/>\n<meta property=\"og:type\" content=\"article\" \/>\n<meta property=\"og:title\" content=\"EMISI\u00d3N ESPECIAL El adi\u00f3s a Diego; &quot;La pelota no tiene manchas&quot; - Constrastes\" \/>\n<meta property=\"og:description\" content=\"Los amantes del f\u00fatbol en todo el mundo enfrentaron hoy una fat\u00eddica noticia y no es m\u00e1s ni menos que el sensible fallecimiento del astro argentino del balompi\u00e9, Diego Armando Maradona,\" \/>\n<meta property=\"og:url\" content=\"https:\/\/contrastes.com.co\/web\/2020\/11\/25\/emision-especial-el-adios-a-diego-la-pelota-no-tiene-manchas\/\" \/>\n<meta property=\"og:site_name\" content=\"Constrastes\" \/>\n<meta property=\"article:publisher\" content=\"https:\/\/www.facebook.com\/guillo.pantoja.1\" \/>\n<meta property=\"article:published_time\" content=\"2020-11-25T20:37:50+00:00\" \/>\n<meta name=\"author\" content=\"Editor\" \/>\n<meta name=\"twitter:card\" content=\"summary_large_image\" \/>\n<meta name=\"twitter:label1\" content=\"Escrito por\" \/>\n\t<meta name=\"twitter:data1\" content=\"Editor\" \/>\n\t<meta name=\"twitter:label2\" content=\"Tiempo de lectura\" \/>\n\t<meta name=\"twitter:data2\" content=\"1 minuto\" \/>\n<script type=\"application\/ld+json\" class=\"yoast-schema-graph\">{\"@context\":\"https:\\\/\\\/schema.org\",\"@graph\":[{\"@type\":\"Article\",\"@id\":\"https:\\\/\\\/contrastes.com.co\\\/web\\\/2020\\\/11\\\/25\\\/emision-especial-el-adios-a-diego-la-pelota-no-tiene-manchas\\\/#article\",\"isPartOf\":{\"@id\":\"https:\\\/\\\/contrastes.com.co\\\/web\\\/2020\\\/11\\\/25\\\/emision-especial-el-adios-a-diego-la-pelota-no-tiene-manchas\\\/\"},\"author\":{\"name\":\"Editor\",\"@id\":\"https:\\\/\\\/contrastes.com.co\\\/web\\\/#\\\/schema\\\/person\\\/62ef7a62dc4da6de450c71fc2e95ed02\"},\"headline\":\"EMISI\u00d3N ESPECIAL El adi\u00f3s a Diego; \u00abLa pelota no tiene manchas\u00bb\",\"datePublished\":\"2020-11-25T20:37:50+00:00\",\"mainEntityOfPage\":{\"@id\":\"https:\\\/\\\/contrastes.com.co\\\/web\\\/2020\\\/11\\\/25\\\/emision-especial-el-adios-a-diego-la-pelota-no-tiene-manchas\\\/\"},\"wordCount\":129,\"commentCount\":0,\"publisher\":{\"@id\":\"https:\\\/\\\/contrastes.com.co\\\/web\\\/#organization\"},\"image\":{\"@id\":\"https:\\\/\\\/contrastes.com.co\\\/web\\\/2020\\\/11\\\/25\\\/emision-especial-el-adios-a-diego-la-pelota-no-tiene-manchas\\\/#primaryimage\"},\"thumbnailUrl\":\"\",\"keywords\":[\"argentina\",\"Diego Armando Maradona\",\"fallecimiento\",\"f\u00fatbol mundial\",\"futbolista\",\"muri\u00f3 Maradona\"],\"articleSection\":[\"Mundo\",\"Personajes\",\"Sucesos\"],\"inLanguage\":\"es\",\"potentialAction\":[{\"@type\":\"CommentAction\",\"name\":\"Comment\",\"target\":[\"https:\\\/\\\/contrastes.com.co\\\/web\\\/2020\\\/11\\\/25\\\/emision-especial-el-adios-a-diego-la-pelota-no-tiene-manchas\\\/#respond\"]}]},{\"@type\":\"WebPage\",\"@id\":\"https:\\\/\\\/contrastes.com.co\\\/web\\\/2020\\\/11\\\/25\\\/emision-especial-el-adios-a-diego-la-pelota-no-tiene-manchas\\\/\",\"url\":\"https:\\\/\\\/contrastes.com.co\\\/web\\\/2020\\\/11\\\/25\\\/emision-especial-el-adios-a-diego-la-pelota-no-tiene-manchas\\\/\",\"name\":\"EMISI\u00d3N ESPECIAL El adi\u00f3s a Diego; \\\"La pelota no tiene manchas\\\" - Constrastes\",\"isPartOf\":{\"@id\":\"https:\\\/\\\/contrastes.com.co\\\/web\\\/#website\"},\"primaryImageOfPage\":{\"@id\":\"https:\\\/\\\/contrastes.com.co\\\/web\\\/2020\\\/11\\\/25\\\/emision-especial-el-adios-a-diego-la-pelota-no-tiene-manchas\\\/#primaryimage\"},\"image\":{\"@id\":\"https:\\\/\\\/contrastes.com.co\\\/web\\\/2020\\\/11\\\/25\\\/emision-especial-el-adios-a-diego-la-pelota-no-tiene-manchas\\\/#primaryimage\"},\"thumbnailUrl\":\"\",\"datePublished\":\"2020-11-25T20:37:50+00:00\",\"breadcrumb\":{\"@id\":\"https:\\\/\\\/contrastes.com.co\\\/web\\\/2020\\\/11\\\/25\\\/emision-especial-el-adios-a-diego-la-pelota-no-tiene-manchas\\\/#breadcrumb\"},\"inLanguage\":\"es\",\"potentialAction\":[{\"@type\":\"ReadAction\",\"target\":[\"https:\\\/\\\/contrastes.com.co\\\/web\\\/2020\\\/11\\\/25\\\/emision-especial-el-adios-a-diego-la-pelota-no-tiene-manchas\\\/\"]}]},{\"@type\":\"ImageObject\",\"inLanguage\":\"es\",\"@id\":\"https:\\\/\\\/contrastes.com.co\\\/web\\\/2020\\\/11\\\/25\\\/emision-especial-el-adios-a-diego-la-pelota-no-tiene-manchas\\\/#primaryimage\",\"url\":\"\",\"contentUrl\":\"\"},{\"@type\":\"BreadcrumbList\",\"@id\":\"https:\\\/\\\/contrastes.com.co\\\/web\\\/2020\\\/11\\\/25\\\/emision-especial-el-adios-a-diego-la-pelota-no-tiene-manchas\\\/#breadcrumb\",\"itemListElement\":[{\"@type\":\"ListItem\",\"position\":1,\"name\":\"Portada\",\"item\":\"https:\\\/\\\/contrastes.com.co\\\/web\\\/\"},{\"@type\":\"ListItem\",\"position\":2,\"name\":\"EMISI\u00d3N ESPECIAL El adi\u00f3s a Diego; \u00abLa pelota no tiene manchas\u00bb\"}]},{\"@type\":\"WebSite\",\"@id\":\"https:\\\/\\\/contrastes.com.co\\\/web\\\/#website\",\"url\":\"https:\\\/\\\/contrastes.com.co\\\/web\\\/\",\"name\":\"Contrastes\",\"description\":\"Periodismo de Conciencia\",\"publisher\":{\"@id\":\"https:\\\/\\\/contrastes.com.co\\\/web\\\/#organization\"},\"potentialAction\":[{\"@type\":\"SearchAction\",\"target\":{\"@type\":\"EntryPoint\",\"urlTemplate\":\"https:\\\/\\\/contrastes.com.co\\\/web\\\/?s={search_term_string}\"},\"query-input\":{\"@type\":\"PropertyValueSpecification\",\"valueRequired\":true,\"valueName\":\"search_term_string\"}}],\"inLanguage\":\"es\"},{\"@type\":\"Organization\",\"@id\":\"https:\\\/\\\/contrastes.com.co\\\/web\\\/#organization\",\"name\":\"Contrastes\",\"url\":\"https:\\\/\\\/contrastes.com.co\\\/web\\\/\",\"logo\":{\"@type\":\"ImageObject\",\"inLanguage\":\"es\",\"@id\":\"https:\\\/\\\/contrastes.com.co\\\/web\\\/#\\\/schema\\\/logo\\\/image\\\/\",\"url\":\"https:\\\/\\\/contrastes.com.co\\\/web\\\/wp-content\\\/uploads\\\/2025\\\/04\\\/15CONTRASTES3.png\",\"contentUrl\":\"https:\\\/\\\/contrastes.com.co\\\/web\\\/wp-content\\\/uploads\\\/2025\\\/04\\\/15CONTRASTES3.png\",\"width\":1536,\"height\":231,\"caption\":\"Contrastes\"},\"image\":{\"@id\":\"https:\\\/\\\/contrastes.com.co\\\/web\\\/#\\\/schema\\\/logo\\\/image\\\/\"},\"sameAs\":[\"https:\\\/\\\/www.facebook.com\\\/guillo.pantoja.1\"]},{\"@type\":\"Person\",\"@id\":\"https:\\\/\\\/contrastes.com.co\\\/web\\\/#\\\/schema\\\/person\\\/62ef7a62dc4da6de450c71fc2e95ed02\",\"name\":\"Editor\",\"image\":{\"@type\":\"ImageObject\",\"inLanguage\":\"es\",\"@id\":\"https:\\\/\\\/secure.gravatar.com\\\/avatar\\\/7bbb4f718d74bbf600dc556253bb04fd7ac8593751d6e2e3b85432d98aefae80?s=96&d=mm&r=g\",\"url\":\"https:\\\/\\\/secure.gravatar.com\\\/avatar\\\/7bbb4f718d74bbf600dc556253bb04fd7ac8593751d6e2e3b85432d98aefae80?s=96&d=mm&r=g\",\"contentUrl\":\"https:\\\/\\\/secure.gravatar.com\\\/avatar\\\/7bbb4f718d74bbf600dc556253bb04fd7ac8593751d6e2e3b85432d98aefae80?s=96&d=mm&r=g\",\"caption\":\"Editor\"},\"sameAs\":[\"https:\\\/\\\/contrastes.com.co\\\/web\"],\"url\":\"https:\\\/\\\/contrastes.com.co\\\/web\\\/author\\\/jdbobadilla\\\/\"}]}<\/script>\n<!-- \/ Yoast SEO plugin. -->","yoast_head_json":{"title":"EMISI\u00d3N ESPECIAL El adi\u00f3s a Diego; \"La pelota no tiene manchas\" - Constrastes","robots":{"index":"index","follow":"follow","max-snippet":"max-snippet:-1","max-image-preview":"max-image-preview:large","max-video-preview":"max-video-preview:-1"},"canonical":"https:\/\/contrastes.com.co\/web\/2020\/11\/25\/emision-especial-el-adios-a-diego-la-pelota-no-tiene-manchas\/","og_locale":"es_ES","og_type":"article","og_title":"EMISI\u00d3N ESPECIAL El adi\u00f3s a Diego; \"La pelota no tiene manchas\" - Constrastes","og_description":"Los amantes del f\u00fatbol en todo el mundo enfrentaron hoy una fat\u00eddica noticia y no es m\u00e1s ni menos que el sensible fallecimiento del astro argentino del balompi\u00e9, Diego Armando Maradona,","og_url":"https:\/\/contrastes.com.co\/web\/2020\/11\/25\/emision-especial-el-adios-a-diego-la-pelota-no-tiene-manchas\/","og_site_name":"Constrastes","article_publisher":"https:\/\/www.facebook.com\/guillo.pantoja.1","article_published_time":"2020-11-25T20:37:50+00:00","author":"Editor","twitter_card":"summary_large_image","twitter_misc":{"Escrito por":"Editor","Tiempo de lectura":"1 minuto"},"schema":{"@context":"https:\/\/schema.org","@graph":[{"@type":"Article","@id":"https:\/\/contrastes.com.co\/web\/2020\/11\/25\/emision-especial-el-adios-a-diego-la-pelota-no-tiene-manchas\/#article","isPartOf":{"@id":"https:\/\/contrastes.com.co\/web\/2020\/11\/25\/emision-especial-el-adios-a-diego-la-pelota-no-tiene-manchas\/"},"author":{"name":"Editor","@id":"https:\/\/contrastes.com.co\/web\/#\/schema\/person\/62ef7a62dc4da6de450c71fc2e95ed02"},"headline":"EMISI\u00d3N ESPECIAL El adi\u00f3s a Diego; \u00abLa pelota no tiene manchas\u00bb","datePublished":"2020-11-25T20:37:50+00:00","mainEntityOfPage":{"@id":"https:\/\/contrastes.com.co\/web\/2020\/11\/25\/emision-especial-el-adios-a-diego-la-pelota-no-tiene-manchas\/"},"wordCount":129,"commentCount":0,"publisher":{"@id":"https:\/\/contrastes.com.co\/web\/#organization"},"image":{"@id":"https:\/\/contrastes.com.co\/web\/2020\/11\/25\/emision-especial-el-adios-a-diego-la-pelota-no-tiene-manchas\/#primaryimage"},"thumbnailUrl":"","keywords":["argentina","Diego Armando Maradona","fallecimiento","f\u00fatbol mundial","futbolista","muri\u00f3 Maradona"],"articleSection":["Mundo","Personajes","Sucesos"],"inLanguage":"es","potentialAction":[{"@type":"CommentAction","name":"Comment","target":["https:\/\/contrastes.com.co\/web\/2020\/11\/25\/emision-especial-el-adios-a-diego-la-pelota-no-tiene-manchas\/#respond"]}]},{"@type":"WebPage","@id":"https:\/\/contrastes.com.co\/web\/2020\/11\/25\/emision-especial-el-adios-a-diego-la-pelota-no-tiene-manchas\/","url":"https:\/\/contrastes.com.co\/web\/2020\/11\/25\/emision-especial-el-adios-a-diego-la-pelota-no-tiene-manchas\/","name":"EMISI\u00d3N ESPECIAL El adi\u00f3s a Diego; \"La pelota no tiene manchas\" - Constrastes","isPartOf":{"@id":"https:\/\/contrastes.com.co\/web\/#website"},"primaryImageOfPage":{"@id":"https:\/\/contrastes.com.co\/web\/2020\/11\/25\/emision-especial-el-adios-a-diego-la-pelota-no-tiene-manchas\/#primaryimage"},"image":{"@id":"https:\/\/contrastes.com.co\/web\/2020\/11\/25\/emision-especial-el-adios-a-diego-la-pelota-no-tiene-manchas\/#primaryimage"},"thumbnailUrl":"","datePublished":"2020-11-25T20:37:50+00:00","breadcrumb":{"@id":"https:\/\/contrastes.com.co\/web\/2020\/11\/25\/emision-especial-el-adios-a-diego-la-pelota-no-tiene-manchas\/#breadcrumb"},"inLanguage":"es","potentialAction":[{"@type":"ReadAction","target":["https:\/\/contrastes.com.co\/web\/2020\/11\/25\/emision-especial-el-adios-a-diego-la-pelota-no-tiene-manchas\/"]}]},{"@type":"ImageObject","inLanguage":"es","@id":"https:\/\/contrastes.com.co\/web\/2020\/11\/25\/emision-especial-el-adios-a-diego-la-pelota-no-tiene-manchas\/#primaryimage","url":"","contentUrl":""},{"@type":"BreadcrumbList","@id":"https:\/\/contrastes.com.co\/web\/2020\/11\/25\/emision-especial-el-adios-a-diego-la-pelota-no-tiene-manchas\/#breadcrumb","itemListElement":[{"@type":"ListItem","position":1,"name":"Portada","item":"https:\/\/contrastes.com.co\/web\/"},{"@type":"ListItem","position":2,"name":"EMISI\u00d3N ESPECIAL El adi\u00f3s a Diego; \u00abLa pelota no tiene manchas\u00bb"}]},{"@type":"WebSite","@id":"https:\/\/contrastes.com.co\/web\/#website","url":"https:\/\/contrastes.com.co\/web\/","name":"Contrastes","description":"Periodismo de Conciencia","publisher":{"@id":"https:\/\/contrastes.com.co\/web\/#organization"},"potentialAction":[{"@type":"SearchAction","target":{"@type":"EntryPoint","urlTemplate":"https:\/\/contrastes.com.co\/web\/?s={search_term_string}"},"query-input":{"@type":"PropertyValueSpecification","valueRequired":true,"valueName":"search_term_string"}}],"inLanguage":"es"},{"@type":"Organization","@id":"https:\/\/contrastes.com.co\/web\/#organization","name":"Contrastes","url":"https:\/\/contrastes.com.co\/web\/","logo":{"@type":"ImageObject","inLanguage":"es","@id":"https:\/\/contrastes.com.co\/web\/#\/schema\/logo\/image\/","url":"https:\/\/contrastes.com.co\/web\/wp-content\/uploads\/2025\/04\/15CONTRASTES3.png","contentUrl":"https:\/\/contrastes.com.co\/web\/wp-content\/uploads\/2025\/04\/15CONTRASTES3.png","width":1536,"height":231,"caption":"Contrastes"},"image":{"@id":"https:\/\/contrastes.com.co\/web\/#\/schema\/logo\/image\/"},"sameAs":["https:\/\/www.facebook.com\/guillo.pantoja.1"]},{"@type":"Person","@id":"https:\/\/contrastes.com.co\/web\/#\/schema\/person\/62ef7a62dc4da6de450c71fc2e95ed02","name":"Editor","image":{"@type":"ImageObject","inLanguage":"es","@id":"https:\/\/secure.gravatar.com\/avatar\/7bbb4f718d74bbf600dc556253bb04fd7ac8593751d6e2e3b85432d98aefae80?s=96&d=mm&r=g","url":"https:\/\/secure.gravatar.com\/avatar\/7bbb4f718d74bbf600dc556253bb04fd7ac8593751d6e2e3b85432d98aefae80?s=96&d=mm&r=g","contentUrl":"https:\/\/secure.gravatar.com\/avatar\/7bbb4f718d74bbf600dc556253bb04fd7ac8593751d6e2e3b85432d98aefae80?s=96&d=mm&r=g","caption":"Editor"},"sameAs":["https:\/\/contrastes.com.co\/web"],"url":"https:\/\/contrastes.com.co\/web\/author\/jdbobadilla\/"}]}},"blog_post_layout_featured_media_urls":{"thumbnail":"","full":""},"categories_names":{"88":{"name":"Mundo","link":"https:\/\/contrastes.com.co\/web\/category\/mundo\/"},"158":{"name":"Personajes","link":"https:\/\/contrastes.com.co\/web\/category\/personajes\/"},"1276":{"name":"Sucesos","link":"https:\/\/contrastes.com.co\/web\/category\/sucesos\/"}},"tags_names":{"1728":{"name":"argentina","link":"https:\/\/contrastes.com.co\/web\/tag\/argentina\/"},"1445":{"name":"Diego Armando Maradona","link":"https:\/\/contrastes.com.co\/web\/tag\/diego-armando-maradona\/"},"366":{"name":"fallecimiento","link":"https:\/\/contrastes.com.co\/web\/tag\/fallecimiento\/"},"1729":{"name":"f\u00fatbol mundial","link":"https:\/\/contrastes.com.co\/web\/tag\/futbol-mundial\/"},"1730":{"name":"futbolista","link":"https:\/\/contrastes.com.co\/web\/tag\/futbolista\/"},"1731":{"name":"muri\u00f3 Maradona","link":"https:\/\/contrastes.com.co\/web\/tag\/murio-maradona\/"}},"comments_number":"0","wpmagazine_modules_lite_featured_media_urls":{"thumbnail":"","cvmm-medium":"","cvmm-medium-plus":"","cvmm-portrait":"","cvmm-medium-square":"","cvmm-large":"","cvmm-small":"","full":""},"_links":{"self":[{"href":"https:\/\/contrastes.com.co\/web\/wp-json\/wp\/v2\/posts\/3182","targetHints":{"allow":["GET"]}}],"collection":[{"href":"https:\/\/contrastes.com.co\/web\/wp-json\/wp\/v2\/posts"}],"about":[{"href":"https:\/\/contrastes.com.co\/web\/wp-json\/wp\/v2\/types\/post"}],"author":[{"embeddable":true,"href":"https:\/\/contrastes.com.co\/web\/wp-json\/wp\/v2\/users\/1"}],"replies":[{"embeddable":true,"href":"https:\/\/contrastes.com.co\/web\/wp-json\/wp\/v2\/comments?post=3182"}],"version-history":[{"count":0,"href":"https:\/\/contrastes.com.co\/web\/wp-json\/wp\/v2\/posts\/3182\/revisions"}],"wp:attachment":[{"href":"https:\/\/contrastes.com.co\/web\/wp-json\/wp\/v2\/media?parent=3182"}],"wp:term":[{"taxonomy":"category","embeddable":true,"href":"https:\/\/contrastes.com.co\/web\/wp-json\/wp\/v2\/categories?post=3182"},{"taxonomy":"post_tag","embeddable":true,"href":"https:\/\/contrastes.com.co\/web\/wp-json\/wp\/v2\/tags?post=3182"}],"curies":[{"name":"wp","href":"https:\/\/api.w.org\/{rel}","templated":true}]}}