{"id":3249,"date":"2020-12-02T09:57:12","date_gmt":"2020-12-02T14:57:12","guid":{"rendered":"https:\/\/contrastes.com.co\/digital\/?p=3249"},"modified":"2020-12-02T09:57:12","modified_gmt":"2020-12-02T14:57:12","slug":"gobernacion-asi-fue-el-dia-mundial-de-la-lucha-contra-el-sida-en-soledad","status":"publish","type":"post","link":"https:\/\/contrastes.com.co\/web\/2020\/12\/02\/gobernacion-asi-fue-el-dia-mundial-de-la-lucha-contra-el-sida-en-soledad\/","title":{"rendered":"Gobernaci\u00f3n: As\u00ed fue el D\u00eda Mundial de la Lucha contra el Sida en Soledad"},"content":{"rendered":"<p><strong>* La secretaria de Salud del Atl\u00e1ntico, Alma Solano, particip\u00f3 en un evento organizado por el municipio de Soledad, donde se dirigi\u00f3 a los j\u00f3venes con el mensaje de la protecci\u00f3n, el cuidado y la importancia de detectar a tiempo la enfermedad.<\/strong><br \/>\n<strong>* La funcionaria record\u00f3 el derecho que tienen los atlanticenses de solicitar en el hospital local de su municipio la prueba de tamizaje.<\/strong><br \/>\n<strong>* El departamento del Atl\u00e1ntico registra 285 casos de personas diagnosticadas con VIH\/ Sida.<\/strong><\/p>\n<p><img decoding=\"async\" class=\"alignleft  wp-image-845\" src=\"https:\/\/contrastes.com.co\/digital\/wp-content\/uploads\/2020\/05\/e-capitular.png\" alt=\"e capitular\" width=\"65\" height=\"65\" \/>n el marco de la conmemoraci\u00f3n del D\u00eda de la Lucha contra el VIH\/Sida, la secretaria de Salud departamental, Alma Solano, record\u00f3 el derecho que tienen los atlanticenses de solicitar en el hospital local de su municipio la prueba de tamizaje.<\/p>\n<p>Durante un evento realizado en el municipio de Soledad, la funcionaria explic\u00f3 la importancia de detectar la enfermedad a tiempo. \u00abEl diagn\u00f3stico temprano de la infecci\u00f3n por el VIH\/Sida puede salvar vidas y por eso es fundamental realizarse la prueba, la cual se puede solicitar en el hospital municipal o directamente en la EPS. De esta manera, se incrementa considerablemente la posibilidad de un tratamiento eficaz contra el virus, aumentando de igual forma la esperanza y la calidad de vida de las personas infectadas\u00bb, indic\u00f3.<\/p>\n<p>A prop\u00f3sito de esta fecha, la campa\u00f1a \u00abSalud para la Gente\u00bb lleg\u00f3 hasta el municipio de Soledad, donde la Secretaria de Salud reparti\u00f3 volantes, entreg\u00f3 preservativos y motiv\u00f3 a la comunidad para que utilicen los servicios m\u00e9dicos que se ofrecen en los hospitales p\u00fablicos de cada municipio, especialmente para la prevenci\u00f3n y detecci\u00f3n oportuna del VIH\/Sida.<\/p>\n<p><img fetchpriority=\"high\" decoding=\"async\" class=\"alignleft size-full wp-image-3251\" src=\"https:\/\/contrastes.com.co\/digital\/wp-content\/uploads\/2020\/12\/dia-sida-2.jpg\" alt=\"alma solano soledad\" width=\"1280\" height=\"720\" \/><\/p>\n<p>\u00abHoy muchas personas no se realizan la prueba del VIH\/Sida a tiempo, por temor o por desconocimiento. Hacerse la prueba no tiene costo y con un resultado oportuno brindamos a la persona la posibilidad de acceder a un tratamiento adecuado. Adem\u00e1s se corta la cadena de transmisi\u00f3n de la enfermedad\u00bb, agreg\u00f3 la funcionaria.<\/p>\n<p>El departamento del Atl\u00e1ntico registra a la fecha 285 casos de personas diagnosticadas con el VIH\/Sida, siendo el municipio de Soledad el de mayor n\u00famero de casos con 114 en total.<\/p>\n<p>\u00abNecesitamos del apoyo de los municipios para que se siga promoviendo entre la comunidad el diagn\u00f3stico temprano de esta enfermedad, as\u00ed como la promoci\u00f3n del uso del preservativo, como estrategias claves en el control del VIH\u00bb, indic\u00f3 Alma Solano.<\/p>\n<p>La Secretar\u00eda de Salud del Atl\u00e1ntico desarrolla acciones de inspecci\u00f3n, seguimiento y vigilancia a las acciones de promoci\u00f3n y prevenci\u00f3n del VIH\/Sida. De igual manera, se hace inspecci\u00f3n para que las Entidades Administradoras de Planes de Beneficios garanticen el tratamiento antirretroviral a las personas infectadas y sean atendidas.<\/p>\n<p>La Secretar\u00eda de Salud tambi\u00e9n hace seguimiento a la oferta que se debe realizar en los hospitales municipales, buscando que sea efectiva en las poblaciones en condiciones de riesgo.<\/p>\n<p>Otra acci\u00f3n para destacar es el seguimiento a los hospitales municipales para que cuenten con los kits de profilaxis antirretroviral para gestantes con VIH, que busca que las mujeres en estado de embarazo identificadas con la enfermedad tengan el tratamiento adecuado al momento del parto.<\/p>\n<p>La Secretar\u00eda de Salud del Atl\u00e1ntico tambi\u00e9n cumple con la entrega de preservativos, como m\u00e9todo de gran importancia para la prevenci\u00f3n del VIH.<\/p>\n<p>En el marco de esta fecha, la Gobernaci\u00f3n desarroll\u00f3 el pasado 27 de noviembre el Foro de actualizaci\u00f3n en VIH\/ITS y lecciones aprendidas para la prevenci\u00f3n y la atenci\u00f3n.<\/p>\n","protected":false},"excerpt":{"rendered":"<p>Durante un evento realizado en el municipio de Soledad, la funcionaria explic\u00f3 la importancia de detectar la enfermedad a tiempo.<\/p>\n","protected":false},"author":1,"featured_media":3250,"comment_status":"open","ping_status":"open","sticky":false,"template":"","format":"standard","meta":{"footnotes":""},"categories":[24,25],"tags":[1047,1750,1737,15,51,1005],"class_list":["post-3249","post","type-post","status-publish","format-standard","has-post-thumbnail","hentry","category-region","category-salud","tag-alma-solano-sanchez","tag-concientizacion","tag-dia-de-la-lucha-contra-el-sida","tag-gobernacion-del-atlantico","tag-municipio-de-soledad","tag-secretaria-de-salud-departamental"],"yoast_head":"<!-- This site is optimized with the Yoast SEO plugin v27.7 - https:\/\/yoast.com\/product\/yoast-seo-wordpress\/ -->\n<title>Gobernaci\u00f3n: As\u00ed fue el D\u00eda Mundial de la Lucha contra el Sida en Soledad - Constrastes<\/title>\n<meta name=\"robots\" content=\"index, follow, max-snippet:-1, max-image-preview:large, max-video-preview:-1\" \/>\n<link rel=\"canonical\" href=\"https:\/\/contrastes.com.co\/web\/2020\/12\/02\/gobernacion-asi-fue-el-dia-mundial-de-la-lucha-contra-el-sida-en-soledad\/\" \/>\n<meta property=\"og:locale\" content=\"es_ES\" \/>\n<meta property=\"og:type\" content=\"article\" \/>\n<meta property=\"og:title\" content=\"Gobernaci\u00f3n: As\u00ed fue el D\u00eda Mundial de la Lucha contra el Sida en Soledad - Constrastes\" \/>\n<meta property=\"og:description\" content=\"Durante un evento realizado en el municipio de Soledad, la funcionaria explic\u00f3 la importancia de detectar la enfermedad a tiempo.\" \/>\n<meta property=\"og:url\" content=\"https:\/\/contrastes.com.co\/web\/2020\/12\/02\/gobernacion-asi-fue-el-dia-mundial-de-la-lucha-contra-el-sida-en-soledad\/\" \/>\n<meta property=\"og:site_name\" content=\"Constrastes\" \/>\n<meta property=\"article:publisher\" content=\"https:\/\/www.facebook.com\/guillo.pantoja.1\" \/>\n<meta property=\"article:published_time\" content=\"2020-12-02T14:57:12+00:00\" \/>\n<meta name=\"author\" content=\"Editor\" \/>\n<meta name=\"twitter:card\" content=\"summary_large_image\" \/>\n<meta name=\"twitter:label1\" content=\"Escrito por\" \/>\n\t<meta name=\"twitter:data1\" content=\"Editor\" \/>\n\t<meta name=\"twitter:label2\" content=\"Tiempo de lectura\" \/>\n\t<meta name=\"twitter:data2\" content=\"3 minutos\" \/>\n<script type=\"application\/ld+json\" class=\"yoast-schema-graph\">{\"@context\":\"https:\\\/\\\/schema.org\",\"@graph\":[{\"@type\":\"Article\",\"@id\":\"https:\\\/\\\/contrastes.com.co\\\/web\\\/2020\\\/12\\\/02\\\/gobernacion-asi-fue-el-dia-mundial-de-la-lucha-contra-el-sida-en-soledad\\\/#article\",\"isPartOf\":{\"@id\":\"https:\\\/\\\/contrastes.com.co\\\/web\\\/2020\\\/12\\\/02\\\/gobernacion-asi-fue-el-dia-mundial-de-la-lucha-contra-el-sida-en-soledad\\\/\"},\"author\":{\"name\":\"Editor\",\"@id\":\"https:\\\/\\\/contrastes.com.co\\\/web\\\/#\\\/schema\\\/person\\\/62ef7a62dc4da6de450c71fc2e95ed02\"},\"headline\":\"Gobernaci\u00f3n: As\u00ed fue el D\u00eda Mundial de la Lucha contra el Sida en Soledad\",\"datePublished\":\"2020-12-02T14:57:12+00:00\",\"mainEntityOfPage\":{\"@id\":\"https:\\\/\\\/contrastes.com.co\\\/web\\\/2020\\\/12\\\/02\\\/gobernacion-asi-fue-el-dia-mundial-de-la-lucha-contra-el-sida-en-soledad\\\/\"},\"wordCount\":612,\"commentCount\":0,\"publisher\":{\"@id\":\"https:\\\/\\\/contrastes.com.co\\\/web\\\/#organization\"},\"image\":{\"@id\":\"https:\\\/\\\/contrastes.com.co\\\/web\\\/2020\\\/12\\\/02\\\/gobernacion-asi-fue-el-dia-mundial-de-la-lucha-contra-el-sida-en-soledad\\\/#primaryimage\"},\"thumbnailUrl\":\"\",\"keywords\":[\"Alma Solano S\u00e1nchez\",\"concientizaci\u00f3n\",\"D\u00eda de la Lucha contra el Sida\",\"gobernaci\u00f3n del Atl\u00e1ntico\",\"municipio de soledad\",\"secretaria de Salud departamental\"],\"articleSection\":[\"Regi\u00f3n\",\"Salud\"],\"inLanguage\":\"es\",\"potentialAction\":[{\"@type\":\"CommentAction\",\"name\":\"Comment\",\"target\":[\"https:\\\/\\\/contrastes.com.co\\\/web\\\/2020\\\/12\\\/02\\\/gobernacion-asi-fue-el-dia-mundial-de-la-lucha-contra-el-sida-en-soledad\\\/#respond\"]}]},{\"@type\":\"WebPage\",\"@id\":\"https:\\\/\\\/contrastes.com.co\\\/web\\\/2020\\\/12\\\/02\\\/gobernacion-asi-fue-el-dia-mundial-de-la-lucha-contra-el-sida-en-soledad\\\/\",\"url\":\"https:\\\/\\\/contrastes.com.co\\\/web\\\/2020\\\/12\\\/02\\\/gobernacion-asi-fue-el-dia-mundial-de-la-lucha-contra-el-sida-en-soledad\\\/\",\"name\":\"Gobernaci\u00f3n: As\u00ed fue el D\u00eda Mundial de la Lucha contra el Sida en Soledad - Constrastes\",\"isPartOf\":{\"@id\":\"https:\\\/\\\/contrastes.com.co\\\/web\\\/#website\"},\"primaryImageOfPage\":{\"@id\":\"https:\\\/\\\/contrastes.com.co\\\/web\\\/2020\\\/12\\\/02\\\/gobernacion-asi-fue-el-dia-mundial-de-la-lucha-contra-el-sida-en-soledad\\\/#primaryimage\"},\"image\":{\"@id\":\"https:\\\/\\\/contrastes.com.co\\\/web\\\/2020\\\/12\\\/02\\\/gobernacion-asi-fue-el-dia-mundial-de-la-lucha-contra-el-sida-en-soledad\\\/#primaryimage\"},\"thumbnailUrl\":\"\",\"datePublished\":\"2020-12-02T14:57:12+00:00\",\"breadcrumb\":{\"@id\":\"https:\\\/\\\/contrastes.com.co\\\/web\\\/2020\\\/12\\\/02\\\/gobernacion-asi-fue-el-dia-mundial-de-la-lucha-contra-el-sida-en-soledad\\\/#breadcrumb\"},\"inLanguage\":\"es\",\"potentialAction\":[{\"@type\":\"ReadAction\",\"target\":[\"https:\\\/\\\/contrastes.com.co\\\/web\\\/2020\\\/12\\\/02\\\/gobernacion-asi-fue-el-dia-mundial-de-la-lucha-contra-el-sida-en-soledad\\\/\"]}]},{\"@type\":\"ImageObject\",\"inLanguage\":\"es\",\"@id\":\"https:\\\/\\\/contrastes.com.co\\\/web\\\/2020\\\/12\\\/02\\\/gobernacion-asi-fue-el-dia-mundial-de-la-lucha-contra-el-sida-en-soledad\\\/#primaryimage\",\"url\":\"\",\"contentUrl\":\"\"},{\"@type\":\"BreadcrumbList\",\"@id\":\"https:\\\/\\\/contrastes.com.co\\\/web\\\/2020\\\/12\\\/02\\\/gobernacion-asi-fue-el-dia-mundial-de-la-lucha-contra-el-sida-en-soledad\\\/#breadcrumb\",\"itemListElement\":[{\"@type\":\"ListItem\",\"position\":1,\"name\":\"Portada\",\"item\":\"https:\\\/\\\/contrastes.com.co\\\/web\\\/\"},{\"@type\":\"ListItem\",\"position\":2,\"name\":\"Gobernaci\u00f3n: As\u00ed fue el D\u00eda Mundial de la Lucha contra el Sida en Soledad\"}]},{\"@type\":\"WebSite\",\"@id\":\"https:\\\/\\\/contrastes.com.co\\\/web\\\/#website\",\"url\":\"https:\\\/\\\/contrastes.com.co\\\/web\\\/\",\"name\":\"Contrastes\",\"description\":\"Periodismo de Conciencia\",\"publisher\":{\"@id\":\"https:\\\/\\\/contrastes.com.co\\\/web\\\/#organization\"},\"potentialAction\":[{\"@type\":\"SearchAction\",\"target\":{\"@type\":\"EntryPoint\",\"urlTemplate\":\"https:\\\/\\\/contrastes.com.co\\\/web\\\/?s={search_term_string}\"},\"query-input\":{\"@type\":\"PropertyValueSpecification\",\"valueRequired\":true,\"valueName\":\"search_term_string\"}}],\"inLanguage\":\"es\"},{\"@type\":\"Organization\",\"@id\":\"https:\\\/\\\/contrastes.com.co\\\/web\\\/#organization\",\"name\":\"Contrastes\",\"url\":\"https:\\\/\\\/contrastes.com.co\\\/web\\\/\",\"logo\":{\"@type\":\"ImageObject\",\"inLanguage\":\"es\",\"@id\":\"https:\\\/\\\/contrastes.com.co\\\/web\\\/#\\\/schema\\\/logo\\\/image\\\/\",\"url\":\"https:\\\/\\\/contrastes.com.co\\\/web\\\/wp-content\\\/uploads\\\/2025\\\/04\\\/15CONTRASTES3.png\",\"contentUrl\":\"https:\\\/\\\/contrastes.com.co\\\/web\\\/wp-content\\\/uploads\\\/2025\\\/04\\\/15CONTRASTES3.png\",\"width\":1536,\"height\":231,\"caption\":\"Contrastes\"},\"image\":{\"@id\":\"https:\\\/\\\/contrastes.com.co\\\/web\\\/#\\\/schema\\\/logo\\\/image\\\/\"},\"sameAs\":[\"https:\\\/\\\/www.facebook.com\\\/guillo.pantoja.1\"]},{\"@type\":\"Person\",\"@id\":\"https:\\\/\\\/contrastes.com.co\\\/web\\\/#\\\/schema\\\/person\\\/62ef7a62dc4da6de450c71fc2e95ed02\",\"name\":\"Editor\",\"image\":{\"@type\":\"ImageObject\",\"inLanguage\":\"es\",\"@id\":\"https:\\\/\\\/secure.gravatar.com\\\/avatar\\\/7bbb4f718d74bbf600dc556253bb04fd7ac8593751d6e2e3b85432d98aefae80?s=96&d=mm&r=g\",\"url\":\"https:\\\/\\\/secure.gravatar.com\\\/avatar\\\/7bbb4f718d74bbf600dc556253bb04fd7ac8593751d6e2e3b85432d98aefae80?s=96&d=mm&r=g\",\"contentUrl\":\"https:\\\/\\\/secure.gravatar.com\\\/avatar\\\/7bbb4f718d74bbf600dc556253bb04fd7ac8593751d6e2e3b85432d98aefae80?s=96&d=mm&r=g\",\"caption\":\"Editor\"},\"sameAs\":[\"https:\\\/\\\/contrastes.com.co\\\/web\"],\"url\":\"https:\\\/\\\/contrastes.com.co\\\/web\\\/author\\\/jdbobadilla\\\/\"}]}<\/script>\n<!-- \/ Yoast SEO plugin. -->","yoast_head_json":{"title":"Gobernaci\u00f3n: As\u00ed fue el D\u00eda Mundial de la Lucha contra el Sida en Soledad - Constrastes","robots":{"index":"index","follow":"follow","max-snippet":"max-snippet:-1","max-image-preview":"max-image-preview:large","max-video-preview":"max-video-preview:-1"},"canonical":"https:\/\/contrastes.com.co\/web\/2020\/12\/02\/gobernacion-asi-fue-el-dia-mundial-de-la-lucha-contra-el-sida-en-soledad\/","og_locale":"es_ES","og_type":"article","og_title":"Gobernaci\u00f3n: As\u00ed fue el D\u00eda Mundial de la Lucha contra el Sida en Soledad - Constrastes","og_description":"Durante un evento realizado en el municipio de Soledad, la funcionaria explic\u00f3 la importancia de detectar la enfermedad a tiempo.","og_url":"https:\/\/contrastes.com.co\/web\/2020\/12\/02\/gobernacion-asi-fue-el-dia-mundial-de-la-lucha-contra-el-sida-en-soledad\/","og_site_name":"Constrastes","article_publisher":"https:\/\/www.facebook.com\/guillo.pantoja.1","article_published_time":"2020-12-02T14:57:12+00:00","author":"Editor","twitter_card":"summary_large_image","twitter_misc":{"Escrito por":"Editor","Tiempo de lectura":"3 minutos"},"schema":{"@context":"https:\/\/schema.org","@graph":[{"@type":"Article","@id":"https:\/\/contrastes.com.co\/web\/2020\/12\/02\/gobernacion-asi-fue-el-dia-mundial-de-la-lucha-contra-el-sida-en-soledad\/#article","isPartOf":{"@id":"https:\/\/contrastes.com.co\/web\/2020\/12\/02\/gobernacion-asi-fue-el-dia-mundial-de-la-lucha-contra-el-sida-en-soledad\/"},"author":{"name":"Editor","@id":"https:\/\/contrastes.com.co\/web\/#\/schema\/person\/62ef7a62dc4da6de450c71fc2e95ed02"},"headline":"Gobernaci\u00f3n: As\u00ed fue el D\u00eda Mundial de la Lucha contra el Sida en Soledad","datePublished":"2020-12-02T14:57:12+00:00","mainEntityOfPage":{"@id":"https:\/\/contrastes.com.co\/web\/2020\/12\/02\/gobernacion-asi-fue-el-dia-mundial-de-la-lucha-contra-el-sida-en-soledad\/"},"wordCount":612,"commentCount":0,"publisher":{"@id":"https:\/\/contrastes.com.co\/web\/#organization"},"image":{"@id":"https:\/\/contrastes.com.co\/web\/2020\/12\/02\/gobernacion-asi-fue-el-dia-mundial-de-la-lucha-contra-el-sida-en-soledad\/#primaryimage"},"thumbnailUrl":"","keywords":["Alma Solano S\u00e1nchez","concientizaci\u00f3n","D\u00eda de la Lucha contra el Sida","gobernaci\u00f3n del Atl\u00e1ntico","municipio de soledad","secretaria de Salud departamental"],"articleSection":["Regi\u00f3n","Salud"],"inLanguage":"es","potentialAction":[{"@type":"CommentAction","name":"Comment","target":["https:\/\/contrastes.com.co\/web\/2020\/12\/02\/gobernacion-asi-fue-el-dia-mundial-de-la-lucha-contra-el-sida-en-soledad\/#respond"]}]},{"@type":"WebPage","@id":"https:\/\/contrastes.com.co\/web\/2020\/12\/02\/gobernacion-asi-fue-el-dia-mundial-de-la-lucha-contra-el-sida-en-soledad\/","url":"https:\/\/contrastes.com.co\/web\/2020\/12\/02\/gobernacion-asi-fue-el-dia-mundial-de-la-lucha-contra-el-sida-en-soledad\/","name":"Gobernaci\u00f3n: As\u00ed fue el D\u00eda Mundial de la Lucha contra el Sida en Soledad - Constrastes","isPartOf":{"@id":"https:\/\/contrastes.com.co\/web\/#website"},"primaryImageOfPage":{"@id":"https:\/\/contrastes.com.co\/web\/2020\/12\/02\/gobernacion-asi-fue-el-dia-mundial-de-la-lucha-contra-el-sida-en-soledad\/#primaryimage"},"image":{"@id":"https:\/\/contrastes.com.co\/web\/2020\/12\/02\/gobernacion-asi-fue-el-dia-mundial-de-la-lucha-contra-el-sida-en-soledad\/#primaryimage"},"thumbnailUrl":"","datePublished":"2020-12-02T14:57:12+00:00","breadcrumb":{"@id":"https:\/\/contrastes.com.co\/web\/2020\/12\/02\/gobernacion-asi-fue-el-dia-mundial-de-la-lucha-contra-el-sida-en-soledad\/#breadcrumb"},"inLanguage":"es","potentialAction":[{"@type":"ReadAction","target":["https:\/\/contrastes.com.co\/web\/2020\/12\/02\/gobernacion-asi-fue-el-dia-mundial-de-la-lucha-contra-el-sida-en-soledad\/"]}]},{"@type":"ImageObject","inLanguage":"es","@id":"https:\/\/contrastes.com.co\/web\/2020\/12\/02\/gobernacion-asi-fue-el-dia-mundial-de-la-lucha-contra-el-sida-en-soledad\/#primaryimage","url":"","contentUrl":""},{"@type":"BreadcrumbList","@id":"https:\/\/contrastes.com.co\/web\/2020\/12\/02\/gobernacion-asi-fue-el-dia-mundial-de-la-lucha-contra-el-sida-en-soledad\/#breadcrumb","itemListElement":[{"@type":"ListItem","position":1,"name":"Portada","item":"https:\/\/contrastes.com.co\/web\/"},{"@type":"ListItem","position":2,"name":"Gobernaci\u00f3n: As\u00ed fue el D\u00eda Mundial de la Lucha contra el Sida en Soledad"}]},{"@type":"WebSite","@id":"https:\/\/contrastes.com.co\/web\/#website","url":"https:\/\/contrastes.com.co\/web\/","name":"Contrastes","description":"Periodismo de Conciencia","publisher":{"@id":"https:\/\/contrastes.com.co\/web\/#organization"},"potentialAction":[{"@type":"SearchAction","target":{"@type":"EntryPoint","urlTemplate":"https:\/\/contrastes.com.co\/web\/?s={search_term_string}"},"query-input":{"@type":"PropertyValueSpecification","valueRequired":true,"valueName":"search_term_string"}}],"inLanguage":"es"},{"@type":"Organization","@id":"https:\/\/contrastes.com.co\/web\/#organization","name":"Contrastes","url":"https:\/\/contrastes.com.co\/web\/","logo":{"@type":"ImageObject","inLanguage":"es","@id":"https:\/\/contrastes.com.co\/web\/#\/schema\/logo\/image\/","url":"https:\/\/contrastes.com.co\/web\/wp-content\/uploads\/2025\/04\/15CONTRASTES3.png","contentUrl":"https:\/\/contrastes.com.co\/web\/wp-content\/uploads\/2025\/04\/15CONTRASTES3.png","width":1536,"height":231,"caption":"Contrastes"},"image":{"@id":"https:\/\/contrastes.com.co\/web\/#\/schema\/logo\/image\/"},"sameAs":["https:\/\/www.facebook.com\/guillo.pantoja.1"]},{"@type":"Person","@id":"https:\/\/contrastes.com.co\/web\/#\/schema\/person\/62ef7a62dc4da6de450c71fc2e95ed02","name":"Editor","image":{"@type":"ImageObject","inLanguage":"es","@id":"https:\/\/secure.gravatar.com\/avatar\/7bbb4f718d74bbf600dc556253bb04fd7ac8593751d6e2e3b85432d98aefae80?s=96&d=mm&r=g","url":"https:\/\/secure.gravatar.com\/avatar\/7bbb4f718d74bbf600dc556253bb04fd7ac8593751d6e2e3b85432d98aefae80?s=96&d=mm&r=g","contentUrl":"https:\/\/secure.gravatar.com\/avatar\/7bbb4f718d74bbf600dc556253bb04fd7ac8593751d6e2e3b85432d98aefae80?s=96&d=mm&r=g","caption":"Editor"},"sameAs":["https:\/\/contrastes.com.co\/web"],"url":"https:\/\/contrastes.com.co\/web\/author\/jdbobadilla\/"}]}},"blog_post_layout_featured_media_urls":{"thumbnail":"","full":""},"categories_names":{"24":{"name":"Regi\u00f3n","link":"https:\/\/contrastes.com.co\/web\/category\/region\/"},"25":{"name":"Salud","link":"https:\/\/contrastes.com.co\/web\/category\/salud\/"}},"tags_names":{"1047":{"name":"Alma Solano S\u00e1nchez","link":"https:\/\/contrastes.com.co\/web\/tag\/alma-solano-sanchez\/"},"1750":{"name":"concientizaci\u00f3n","link":"https:\/\/contrastes.com.co\/web\/tag\/concientizacion\/"},"1737":{"name":"D\u00eda de la Lucha contra el Sida","link":"https:\/\/contrastes.com.co\/web\/tag\/dia-de-la-lucha-contra-el-sida\/"},"15":{"name":"gobernaci\u00f3n del Atl\u00e1ntico","link":"https:\/\/contrastes.com.co\/web\/tag\/gobernacion-del-atlantico\/"},"51":{"name":"municipio de soledad","link":"https:\/\/contrastes.com.co\/web\/tag\/municipio-de-soledad\/"},"1005":{"name":"secretaria de Salud departamental","link":"https:\/\/contrastes.com.co\/web\/tag\/secretaria-de-salud-departamental\/"}},"comments_number":"0","wpmagazine_modules_lite_featured_media_urls":{"thumbnail":"","cvmm-medium":"","cvmm-medium-plus":"","cvmm-portrait":"","cvmm-medium-square":"","cvmm-large":"","cvmm-small":"","full":""},"_links":{"self":[{"href":"https:\/\/contrastes.com.co\/web\/wp-json\/wp\/v2\/posts\/3249","targetHints":{"allow":["GET"]}}],"collection":[{"href":"https:\/\/contrastes.com.co\/web\/wp-json\/wp\/v2\/posts"}],"about":[{"href":"https:\/\/contrastes.com.co\/web\/wp-json\/wp\/v2\/types\/post"}],"author":[{"embeddable":true,"href":"https:\/\/contrastes.com.co\/web\/wp-json\/wp\/v2\/users\/1"}],"replies":[{"embeddable":true,"href":"https:\/\/contrastes.com.co\/web\/wp-json\/wp\/v2\/comments?post=3249"}],"version-history":[{"count":0,"href":"https:\/\/contrastes.com.co\/web\/wp-json\/wp\/v2\/posts\/3249\/revisions"}],"wp:attachment":[{"href":"https:\/\/contrastes.com.co\/web\/wp-json\/wp\/v2\/media?parent=3249"}],"wp:term":[{"taxonomy":"category","embeddable":true,"href":"https:\/\/contrastes.com.co\/web\/wp-json\/wp\/v2\/categories?post=3249"},{"taxonomy":"post_tag","embeddable":true,"href":"https:\/\/contrastes.com.co\/web\/wp-json\/wp\/v2\/tags?post=3249"}],"curies":[{"name":"wp","href":"https:\/\/api.w.org\/{rel}","templated":true}]}}