{"id":3286,"date":"2020-12-07T15:44:29","date_gmt":"2020-12-07T20:44:29","guid":{"rendered":"https:\/\/contrastes.com.co\/digital\/?p=3286"},"modified":"2020-12-07T15:44:29","modified_gmt":"2020-12-07T20:44:29","slug":"las-recomendaciones-para-disfrutar-en-armonia-de-las-fiestas-decembrinas-en-el-atlantico","status":"publish","type":"post","link":"https:\/\/contrastes.com.co\/web\/2020\/12\/07\/las-recomendaciones-para-disfrutar-en-armonia-de-las-fiestas-decembrinas-en-el-atlantico\/","title":{"rendered":"Las recomendaciones para disfrutar en armon\u00eda de las fiestas decembrinas en el Atl\u00e1ntico"},"content":{"rendered":"<p>Manuel D\u00edaz Jimeno, Alto Consejero para la Convivencia en el departamento del Atl\u00e1ntico entrega recomendaciones para disfrutar en armon\u00eda de las fiestas decembrinas.<\/p>\n<p><iframe title=\"Las recomendaciones para disfrutar en armon\u00eda de las fiestas decembrinas en el Atl\u00e1ntico\" width=\"640\" height=\"360\" src=\"https:\/\/www.youtube.com\/embed\/NslIon0S3A0?feature=oembed\" frameborder=\"0\" allow=\"accelerometer; autoplay; clipboard-write; encrypted-media; gyroscope; picture-in-picture; web-share\" referrerpolicy=\"strict-origin-when-cross-origin\" allowfullscreen><\/iframe><\/p>\n<p>#UnaEnPunto #PeriodismoSinLimites la nueva forma de ver la radio por #ContrastesRadio, noticias las 24 horas.<\/p>\n","protected":false},"excerpt":{"rendered":"<p>Manuel D\u00edaz Jimeno, Alto Consejero para la Convivencia en el departamento del Atl\u00e1ntico entrega recomendaciones para disfrutar en armon\u00eda de las fiestas decembrinas. #UnaEnPunto #PeriodismoSinLimites la nueva forma de ver la radio por #ContrastesRadio, noticias las 24 horas.<\/p>\n","protected":false},"author":1,"featured_media":3287,"comment_status":"open","ping_status":"open","sticky":false,"template":"","format":"standard","meta":{"footnotes":""},"categories":[10,24],"tags":[1784,812,106,1780,15,1785,1786],"class_list":["post-3286","post","type-post","status-publish","format-standard","has-post-thumbnail","hentry","category-comunidad","category-region","tag-alto-consejero-para-la-convivencia","tag-celebracion","tag-departamento-del-atlantico","tag-fiestas-decembrinas","tag-gobernacion-del-atlantico","tag-manuel-diaz-jimeno","tag-velitas"],"yoast_head":"<!-- This site is optimized with the Yoast SEO plugin v27.7 - https:\/\/yoast.com\/product\/yoast-seo-wordpress\/ -->\n<title>Las recomendaciones para disfrutar en armon\u00eda de las fiestas decembrinas en el Atl\u00e1ntico - Constrastes<\/title>\n<meta name=\"robots\" content=\"index, follow, max-snippet:-1, max-image-preview:large, max-video-preview:-1\" \/>\n<link rel=\"canonical\" href=\"https:\/\/contrastes.com.co\/web\/2020\/12\/07\/las-recomendaciones-para-disfrutar-en-armonia-de-las-fiestas-decembrinas-en-el-atlantico\/\" \/>\n<meta property=\"og:locale\" content=\"es_ES\" \/>\n<meta property=\"og:type\" content=\"article\" \/>\n<meta property=\"og:title\" content=\"Las recomendaciones para disfrutar en armon\u00eda de las fiestas decembrinas en el Atl\u00e1ntico - Constrastes\" \/>\n<meta property=\"og:description\" content=\"Manuel D\u00edaz Jimeno, Alto Consejero para la Convivencia en el departamento del Atl\u00e1ntico entrega recomendaciones para disfrutar en armon\u00eda de las fiestas decembrinas. #UnaEnPunto #PeriodismoSinLimites la nueva forma de ver la radio por #ContrastesRadio, noticias las 24 horas.\" \/>\n<meta property=\"og:url\" content=\"https:\/\/contrastes.com.co\/web\/2020\/12\/07\/las-recomendaciones-para-disfrutar-en-armonia-de-las-fiestas-decembrinas-en-el-atlantico\/\" \/>\n<meta property=\"og:site_name\" content=\"Constrastes\" \/>\n<meta property=\"article:publisher\" content=\"https:\/\/www.facebook.com\/guillo.pantoja.1\" \/>\n<meta property=\"article:published_time\" content=\"2020-12-07T20:44:29+00:00\" \/>\n<meta name=\"author\" content=\"Editor\" \/>\n<meta name=\"twitter:card\" content=\"summary_large_image\" \/>\n<meta name=\"twitter:label1\" content=\"Escrito por\" \/>\n\t<meta name=\"twitter:data1\" content=\"Editor\" \/>\n<script type=\"application\/ld+json\" class=\"yoast-schema-graph\">{\"@context\":\"https:\\\/\\\/schema.org\",\"@graph\":[{\"@type\":\"Article\",\"@id\":\"https:\\\/\\\/contrastes.com.co\\\/web\\\/2020\\\/12\\\/07\\\/las-recomendaciones-para-disfrutar-en-armonia-de-las-fiestas-decembrinas-en-el-atlantico\\\/#article\",\"isPartOf\":{\"@id\":\"https:\\\/\\\/contrastes.com.co\\\/web\\\/2020\\\/12\\\/07\\\/las-recomendaciones-para-disfrutar-en-armonia-de-las-fiestas-decembrinas-en-el-atlantico\\\/\"},\"author\":{\"name\":\"Editor\",\"@id\":\"https:\\\/\\\/contrastes.com.co\\\/web\\\/#\\\/schema\\\/person\\\/62ef7a62dc4da6de450c71fc2e95ed02\"},\"headline\":\"Las recomendaciones para disfrutar en armon\u00eda de las fiestas decembrinas en el Atl\u00e1ntico\",\"datePublished\":\"2020-12-07T20:44:29+00:00\",\"mainEntityOfPage\":{\"@id\":\"https:\\\/\\\/contrastes.com.co\\\/web\\\/2020\\\/12\\\/07\\\/las-recomendaciones-para-disfrutar-en-armonia-de-las-fiestas-decembrinas-en-el-atlantico\\\/\"},\"wordCount\":66,\"commentCount\":0,\"publisher\":{\"@id\":\"https:\\\/\\\/contrastes.com.co\\\/web\\\/#organization\"},\"image\":{\"@id\":\"https:\\\/\\\/contrastes.com.co\\\/web\\\/2020\\\/12\\\/07\\\/las-recomendaciones-para-disfrutar-en-armonia-de-las-fiestas-decembrinas-en-el-atlantico\\\/#primaryimage\"},\"thumbnailUrl\":\"\",\"keywords\":[\"alto consejero para la convivencia\",\"celebraci\u00f3n\",\"Departamento del Atl\u00e1ntico\",\"fiestas decembrinas\",\"gobernaci\u00f3n del Atl\u00e1ntico\",\"Manuel D\u00edaz Jimeno\",\"velitas\"],\"articleSection\":[\"Comunidad\",\"Regi\u00f3n\"],\"inLanguage\":\"es\",\"potentialAction\":[{\"@type\":\"CommentAction\",\"name\":\"Comment\",\"target\":[\"https:\\\/\\\/contrastes.com.co\\\/web\\\/2020\\\/12\\\/07\\\/las-recomendaciones-para-disfrutar-en-armonia-de-las-fiestas-decembrinas-en-el-atlantico\\\/#respond\"]}]},{\"@type\":\"WebPage\",\"@id\":\"https:\\\/\\\/contrastes.com.co\\\/web\\\/2020\\\/12\\\/07\\\/las-recomendaciones-para-disfrutar-en-armonia-de-las-fiestas-decembrinas-en-el-atlantico\\\/\",\"url\":\"https:\\\/\\\/contrastes.com.co\\\/web\\\/2020\\\/12\\\/07\\\/las-recomendaciones-para-disfrutar-en-armonia-de-las-fiestas-decembrinas-en-el-atlantico\\\/\",\"name\":\"Las recomendaciones para disfrutar en armon\u00eda de las fiestas decembrinas en el Atl\u00e1ntico - Constrastes\",\"isPartOf\":{\"@id\":\"https:\\\/\\\/contrastes.com.co\\\/web\\\/#website\"},\"primaryImageOfPage\":{\"@id\":\"https:\\\/\\\/contrastes.com.co\\\/web\\\/2020\\\/12\\\/07\\\/las-recomendaciones-para-disfrutar-en-armonia-de-las-fiestas-decembrinas-en-el-atlantico\\\/#primaryimage\"},\"image\":{\"@id\":\"https:\\\/\\\/contrastes.com.co\\\/web\\\/2020\\\/12\\\/07\\\/las-recomendaciones-para-disfrutar-en-armonia-de-las-fiestas-decembrinas-en-el-atlantico\\\/#primaryimage\"},\"thumbnailUrl\":\"\",\"datePublished\":\"2020-12-07T20:44:29+00:00\",\"breadcrumb\":{\"@id\":\"https:\\\/\\\/contrastes.com.co\\\/web\\\/2020\\\/12\\\/07\\\/las-recomendaciones-para-disfrutar-en-armonia-de-las-fiestas-decembrinas-en-el-atlantico\\\/#breadcrumb\"},\"inLanguage\":\"es\",\"potentialAction\":[{\"@type\":\"ReadAction\",\"target\":[\"https:\\\/\\\/contrastes.com.co\\\/web\\\/2020\\\/12\\\/07\\\/las-recomendaciones-para-disfrutar-en-armonia-de-las-fiestas-decembrinas-en-el-atlantico\\\/\"]}]},{\"@type\":\"ImageObject\",\"inLanguage\":\"es\",\"@id\":\"https:\\\/\\\/contrastes.com.co\\\/web\\\/2020\\\/12\\\/07\\\/las-recomendaciones-para-disfrutar-en-armonia-de-las-fiestas-decembrinas-en-el-atlantico\\\/#primaryimage\",\"url\":\"\",\"contentUrl\":\"\"},{\"@type\":\"BreadcrumbList\",\"@id\":\"https:\\\/\\\/contrastes.com.co\\\/web\\\/2020\\\/12\\\/07\\\/las-recomendaciones-para-disfrutar-en-armonia-de-las-fiestas-decembrinas-en-el-atlantico\\\/#breadcrumb\",\"itemListElement\":[{\"@type\":\"ListItem\",\"position\":1,\"name\":\"Portada\",\"item\":\"https:\\\/\\\/contrastes.com.co\\\/web\\\/\"},{\"@type\":\"ListItem\",\"position\":2,\"name\":\"Las recomendaciones para disfrutar en armon\u00eda de las fiestas decembrinas en el Atl\u00e1ntico\"}]},{\"@type\":\"WebSite\",\"@id\":\"https:\\\/\\\/contrastes.com.co\\\/web\\\/#website\",\"url\":\"https:\\\/\\\/contrastes.com.co\\\/web\\\/\",\"name\":\"Contrastes\",\"description\":\"Periodismo de Conciencia\",\"publisher\":{\"@id\":\"https:\\\/\\\/contrastes.com.co\\\/web\\\/#organization\"},\"potentialAction\":[{\"@type\":\"SearchAction\",\"target\":{\"@type\":\"EntryPoint\",\"urlTemplate\":\"https:\\\/\\\/contrastes.com.co\\\/web\\\/?s={search_term_string}\"},\"query-input\":{\"@type\":\"PropertyValueSpecification\",\"valueRequired\":true,\"valueName\":\"search_term_string\"}}],\"inLanguage\":\"es\"},{\"@type\":\"Organization\",\"@id\":\"https:\\\/\\\/contrastes.com.co\\\/web\\\/#organization\",\"name\":\"Contrastes\",\"url\":\"https:\\\/\\\/contrastes.com.co\\\/web\\\/\",\"logo\":{\"@type\":\"ImageObject\",\"inLanguage\":\"es\",\"@id\":\"https:\\\/\\\/contrastes.com.co\\\/web\\\/#\\\/schema\\\/logo\\\/image\\\/\",\"url\":\"https:\\\/\\\/contrastes.com.co\\\/web\\\/wp-content\\\/uploads\\\/2025\\\/04\\\/15CONTRASTES3.png\",\"contentUrl\":\"https:\\\/\\\/contrastes.com.co\\\/web\\\/wp-content\\\/uploads\\\/2025\\\/04\\\/15CONTRASTES3.png\",\"width\":1536,\"height\":231,\"caption\":\"Contrastes\"},\"image\":{\"@id\":\"https:\\\/\\\/contrastes.com.co\\\/web\\\/#\\\/schema\\\/logo\\\/image\\\/\"},\"sameAs\":[\"https:\\\/\\\/www.facebook.com\\\/guillo.pantoja.1\"]},{\"@type\":\"Person\",\"@id\":\"https:\\\/\\\/contrastes.com.co\\\/web\\\/#\\\/schema\\\/person\\\/62ef7a62dc4da6de450c71fc2e95ed02\",\"name\":\"Editor\",\"image\":{\"@type\":\"ImageObject\",\"inLanguage\":\"es\",\"@id\":\"https:\\\/\\\/secure.gravatar.com\\\/avatar\\\/7bbb4f718d74bbf600dc556253bb04fd7ac8593751d6e2e3b85432d98aefae80?s=96&d=mm&r=g\",\"url\":\"https:\\\/\\\/secure.gravatar.com\\\/avatar\\\/7bbb4f718d74bbf600dc556253bb04fd7ac8593751d6e2e3b85432d98aefae80?s=96&d=mm&r=g\",\"contentUrl\":\"https:\\\/\\\/secure.gravatar.com\\\/avatar\\\/7bbb4f718d74bbf600dc556253bb04fd7ac8593751d6e2e3b85432d98aefae80?s=96&d=mm&r=g\",\"caption\":\"Editor\"},\"sameAs\":[\"https:\\\/\\\/contrastes.com.co\\\/web\"],\"url\":\"https:\\\/\\\/contrastes.com.co\\\/web\\\/author\\\/jdbobadilla\\\/\"}]}<\/script>\n<!-- \/ Yoast SEO plugin. -->","yoast_head_json":{"title":"Las recomendaciones para disfrutar en armon\u00eda de las fiestas decembrinas en el Atl\u00e1ntico - Constrastes","robots":{"index":"index","follow":"follow","max-snippet":"max-snippet:-1","max-image-preview":"max-image-preview:large","max-video-preview":"max-video-preview:-1"},"canonical":"https:\/\/contrastes.com.co\/web\/2020\/12\/07\/las-recomendaciones-para-disfrutar-en-armonia-de-las-fiestas-decembrinas-en-el-atlantico\/","og_locale":"es_ES","og_type":"article","og_title":"Las recomendaciones para disfrutar en armon\u00eda de las fiestas decembrinas en el Atl\u00e1ntico - Constrastes","og_description":"Manuel D\u00edaz Jimeno, Alto Consejero para la Convivencia en el departamento del Atl\u00e1ntico entrega recomendaciones para disfrutar en armon\u00eda de las fiestas decembrinas. #UnaEnPunto #PeriodismoSinLimites la nueva forma de ver la radio por #ContrastesRadio, noticias las 24 horas.","og_url":"https:\/\/contrastes.com.co\/web\/2020\/12\/07\/las-recomendaciones-para-disfrutar-en-armonia-de-las-fiestas-decembrinas-en-el-atlantico\/","og_site_name":"Constrastes","article_publisher":"https:\/\/www.facebook.com\/guillo.pantoja.1","article_published_time":"2020-12-07T20:44:29+00:00","author":"Editor","twitter_card":"summary_large_image","twitter_misc":{"Escrito por":"Editor"},"schema":{"@context":"https:\/\/schema.org","@graph":[{"@type":"Article","@id":"https:\/\/contrastes.com.co\/web\/2020\/12\/07\/las-recomendaciones-para-disfrutar-en-armonia-de-las-fiestas-decembrinas-en-el-atlantico\/#article","isPartOf":{"@id":"https:\/\/contrastes.com.co\/web\/2020\/12\/07\/las-recomendaciones-para-disfrutar-en-armonia-de-las-fiestas-decembrinas-en-el-atlantico\/"},"author":{"name":"Editor","@id":"https:\/\/contrastes.com.co\/web\/#\/schema\/person\/62ef7a62dc4da6de450c71fc2e95ed02"},"headline":"Las recomendaciones para disfrutar en armon\u00eda de las fiestas decembrinas en el Atl\u00e1ntico","datePublished":"2020-12-07T20:44:29+00:00","mainEntityOfPage":{"@id":"https:\/\/contrastes.com.co\/web\/2020\/12\/07\/las-recomendaciones-para-disfrutar-en-armonia-de-las-fiestas-decembrinas-en-el-atlantico\/"},"wordCount":66,"commentCount":0,"publisher":{"@id":"https:\/\/contrastes.com.co\/web\/#organization"},"image":{"@id":"https:\/\/contrastes.com.co\/web\/2020\/12\/07\/las-recomendaciones-para-disfrutar-en-armonia-de-las-fiestas-decembrinas-en-el-atlantico\/#primaryimage"},"thumbnailUrl":"","keywords":["alto consejero para la convivencia","celebraci\u00f3n","Departamento del Atl\u00e1ntico","fiestas decembrinas","gobernaci\u00f3n del Atl\u00e1ntico","Manuel D\u00edaz Jimeno","velitas"],"articleSection":["Comunidad","Regi\u00f3n"],"inLanguage":"es","potentialAction":[{"@type":"CommentAction","name":"Comment","target":["https:\/\/contrastes.com.co\/web\/2020\/12\/07\/las-recomendaciones-para-disfrutar-en-armonia-de-las-fiestas-decembrinas-en-el-atlantico\/#respond"]}]},{"@type":"WebPage","@id":"https:\/\/contrastes.com.co\/web\/2020\/12\/07\/las-recomendaciones-para-disfrutar-en-armonia-de-las-fiestas-decembrinas-en-el-atlantico\/","url":"https:\/\/contrastes.com.co\/web\/2020\/12\/07\/las-recomendaciones-para-disfrutar-en-armonia-de-las-fiestas-decembrinas-en-el-atlantico\/","name":"Las recomendaciones para disfrutar en armon\u00eda de las fiestas decembrinas en el Atl\u00e1ntico - Constrastes","isPartOf":{"@id":"https:\/\/contrastes.com.co\/web\/#website"},"primaryImageOfPage":{"@id":"https:\/\/contrastes.com.co\/web\/2020\/12\/07\/las-recomendaciones-para-disfrutar-en-armonia-de-las-fiestas-decembrinas-en-el-atlantico\/#primaryimage"},"image":{"@id":"https:\/\/contrastes.com.co\/web\/2020\/12\/07\/las-recomendaciones-para-disfrutar-en-armonia-de-las-fiestas-decembrinas-en-el-atlantico\/#primaryimage"},"thumbnailUrl":"","datePublished":"2020-12-07T20:44:29+00:00","breadcrumb":{"@id":"https:\/\/contrastes.com.co\/web\/2020\/12\/07\/las-recomendaciones-para-disfrutar-en-armonia-de-las-fiestas-decembrinas-en-el-atlantico\/#breadcrumb"},"inLanguage":"es","potentialAction":[{"@type":"ReadAction","target":["https:\/\/contrastes.com.co\/web\/2020\/12\/07\/las-recomendaciones-para-disfrutar-en-armonia-de-las-fiestas-decembrinas-en-el-atlantico\/"]}]},{"@type":"ImageObject","inLanguage":"es","@id":"https:\/\/contrastes.com.co\/web\/2020\/12\/07\/las-recomendaciones-para-disfrutar-en-armonia-de-las-fiestas-decembrinas-en-el-atlantico\/#primaryimage","url":"","contentUrl":""},{"@type":"BreadcrumbList","@id":"https:\/\/contrastes.com.co\/web\/2020\/12\/07\/las-recomendaciones-para-disfrutar-en-armonia-de-las-fiestas-decembrinas-en-el-atlantico\/#breadcrumb","itemListElement":[{"@type":"ListItem","position":1,"name":"Portada","item":"https:\/\/contrastes.com.co\/web\/"},{"@type":"ListItem","position":2,"name":"Las recomendaciones para disfrutar en armon\u00eda de las fiestas decembrinas en el Atl\u00e1ntico"}]},{"@type":"WebSite","@id":"https:\/\/contrastes.com.co\/web\/#website","url":"https:\/\/contrastes.com.co\/web\/","name":"Contrastes","description":"Periodismo de Conciencia","publisher":{"@id":"https:\/\/contrastes.com.co\/web\/#organization"},"potentialAction":[{"@type":"SearchAction","target":{"@type":"EntryPoint","urlTemplate":"https:\/\/contrastes.com.co\/web\/?s={search_term_string}"},"query-input":{"@type":"PropertyValueSpecification","valueRequired":true,"valueName":"search_term_string"}}],"inLanguage":"es"},{"@type":"Organization","@id":"https:\/\/contrastes.com.co\/web\/#organization","name":"Contrastes","url":"https:\/\/contrastes.com.co\/web\/","logo":{"@type":"ImageObject","inLanguage":"es","@id":"https:\/\/contrastes.com.co\/web\/#\/schema\/logo\/image\/","url":"https:\/\/contrastes.com.co\/web\/wp-content\/uploads\/2025\/04\/15CONTRASTES3.png","contentUrl":"https:\/\/contrastes.com.co\/web\/wp-content\/uploads\/2025\/04\/15CONTRASTES3.png","width":1536,"height":231,"caption":"Contrastes"},"image":{"@id":"https:\/\/contrastes.com.co\/web\/#\/schema\/logo\/image\/"},"sameAs":["https:\/\/www.facebook.com\/guillo.pantoja.1"]},{"@type":"Person","@id":"https:\/\/contrastes.com.co\/web\/#\/schema\/person\/62ef7a62dc4da6de450c71fc2e95ed02","name":"Editor","image":{"@type":"ImageObject","inLanguage":"es","@id":"https:\/\/secure.gravatar.com\/avatar\/7bbb4f718d74bbf600dc556253bb04fd7ac8593751d6e2e3b85432d98aefae80?s=96&d=mm&r=g","url":"https:\/\/secure.gravatar.com\/avatar\/7bbb4f718d74bbf600dc556253bb04fd7ac8593751d6e2e3b85432d98aefae80?s=96&d=mm&r=g","contentUrl":"https:\/\/secure.gravatar.com\/avatar\/7bbb4f718d74bbf600dc556253bb04fd7ac8593751d6e2e3b85432d98aefae80?s=96&d=mm&r=g","caption":"Editor"},"sameAs":["https:\/\/contrastes.com.co\/web"],"url":"https:\/\/contrastes.com.co\/web\/author\/jdbobadilla\/"}]}},"blog_post_layout_featured_media_urls":{"thumbnail":"","full":""},"categories_names":{"10":{"name":"Comunidad","link":"https:\/\/contrastes.com.co\/web\/category\/comunidad\/"},"24":{"name":"Regi\u00f3n","link":"https:\/\/contrastes.com.co\/web\/category\/region\/"}},"tags_names":{"1784":{"name":"alto consejero para la convivencia","link":"https:\/\/contrastes.com.co\/web\/tag\/alto-consejero-para-la-convivencia\/"},"812":{"name":"celebraci\u00f3n","link":"https:\/\/contrastes.com.co\/web\/tag\/celebracion\/"},"106":{"name":"Departamento del Atl\u00e1ntico","link":"https:\/\/contrastes.com.co\/web\/tag\/departamento-del-atlantico\/"},"1780":{"name":"fiestas decembrinas","link":"https:\/\/contrastes.com.co\/web\/tag\/fiestas-decembrinas\/"},"15":{"name":"gobernaci\u00f3n del Atl\u00e1ntico","link":"https:\/\/contrastes.com.co\/web\/tag\/gobernacion-del-atlantico\/"},"1785":{"name":"Manuel D\u00edaz Jimeno","link":"https:\/\/contrastes.com.co\/web\/tag\/manuel-diaz-jimeno\/"},"1786":{"name":"velitas","link":"https:\/\/contrastes.com.co\/web\/tag\/velitas\/"}},"comments_number":"0","wpmagazine_modules_lite_featured_media_urls":{"thumbnail":"","cvmm-medium":"","cvmm-medium-plus":"","cvmm-portrait":"","cvmm-medium-square":"","cvmm-large":"","cvmm-small":"","full":""},"_links":{"self":[{"href":"https:\/\/contrastes.com.co\/web\/wp-json\/wp\/v2\/posts\/3286","targetHints":{"allow":["GET"]}}],"collection":[{"href":"https:\/\/contrastes.com.co\/web\/wp-json\/wp\/v2\/posts"}],"about":[{"href":"https:\/\/contrastes.com.co\/web\/wp-json\/wp\/v2\/types\/post"}],"author":[{"embeddable":true,"href":"https:\/\/contrastes.com.co\/web\/wp-json\/wp\/v2\/users\/1"}],"replies":[{"embeddable":true,"href":"https:\/\/contrastes.com.co\/web\/wp-json\/wp\/v2\/comments?post=3286"}],"version-history":[{"count":0,"href":"https:\/\/contrastes.com.co\/web\/wp-json\/wp\/v2\/posts\/3286\/revisions"}],"wp:attachment":[{"href":"https:\/\/contrastes.com.co\/web\/wp-json\/wp\/v2\/media?parent=3286"}],"wp:term":[{"taxonomy":"category","embeddable":true,"href":"https:\/\/contrastes.com.co\/web\/wp-json\/wp\/v2\/categories?post=3286"},{"taxonomy":"post_tag","embeddable":true,"href":"https:\/\/contrastes.com.co\/web\/wp-json\/wp\/v2\/tags?post=3286"}],"curies":[{"name":"wp","href":"https:\/\/api.w.org\/{rel}","templated":true}]}}