{"id":3304,"date":"2020-12-09T16:28:50","date_gmt":"2020-12-09T21:28:50","guid":{"rendered":"https:\/\/contrastes.com.co\/digital\/?p=3304"},"modified":"2020-12-09T16:28:50","modified_gmt":"2020-12-09T21:28:50","slug":"atencion-10-casos-positivos-de-covid-19-en-el-junior-de-barranquilla","status":"publish","type":"post","link":"https:\/\/contrastes.com.co\/web\/2020\/12\/09\/atencion-10-casos-positivos-de-covid-19-en-el-junior-de-barranquilla\/","title":{"rendered":"ATENCI\u00d3N: 10 casos positivos de Covid-19 en el Junior de Barranquilla"},"content":{"rendered":"<blockquote><p><em><strong>ATENCI\u00d3N: 10 casos positivos de Covid-19 en el Junior de Barranquilla<\/strong><\/em><\/p><\/blockquote>\n<p><img decoding=\"async\" class=\"alignleft  wp-image-749\" src=\"https:\/\/contrastes.com.co\/digital\/wp-content\/uploads\/2020\/04\/d-capitular.png\" alt=\"d capitular\" width=\"58\" height=\"58\" \/>os miembros del cuerpo t\u00e9cnico y ocho jugadores del equipo de f\u00fatbol profesional colombiano Junior de Barranquilla resultaron positivos en las pruebas de Covid-19; los detalles en Punto Deportivo con Ra\u00fal &#8216;el coco&#8217; Mar\u00edn a la #UnaEnPunto #PeriodismoSinLimites por #ContrastesRadio la nueva forma de ver la radio<\/p>\n<p><iframe title=\"10 casos positivos de Covid-19 en el Junior de Barranquilla\" width=\"640\" height=\"360\" src=\"https:\/\/www.youtube.com\/embed\/dtihRXMUsbA?start=13&#038;feature=oembed\" frameborder=\"0\" allow=\"accelerometer; autoplay; clipboard-write; encrypted-media; gyroscope; picture-in-picture; web-share\" referrerpolicy=\"strict-origin-when-cross-origin\" allowfullscreen><\/iframe><\/p>\n","protected":false},"excerpt":{"rendered":"<p>ATENCI\u00d3N: 10 casos positivos de Covid-19 en el Junior de Barranquilla os miembros del cuerpo t\u00e9cnico y ocho jugadores del equipo de f\u00fatbol profesional colombiano Junior de Barranquilla resultaron positivos en las pruebas de Covid-19; los detalles en Punto Deportivo con Ra\u00fal &#8216;el coco&#8217; Mar\u00edn a la #UnaEnPunto #PeriodismoSinLimites por #ContrastesRadio la nueva forma de [&hellip;]<\/p>\n","protected":false},"author":1,"featured_media":3305,"comment_status":"open","ping_status":"open","sticky":false,"template":"","format":"standard","meta":{"footnotes":""},"categories":[73,151],"tags":[503,1800,1245,1801,1282,1283],"class_list":["post-3304","post","type-post","status-publish","format-standard","has-post-thumbnail","hentry","category-coronavirus","category-deportes","tag-covid-19","tag-jugadores-con-coronavirus-junior","tag-junior-de-barranquilla","tag-junior-vs-coquimbo-union","tag-punto-deportivo","tag-raul-el-coco-marin"],"yoast_head":"<!-- This site is optimized with the Yoast SEO plugin v27.7 - https:\/\/yoast.com\/product\/yoast-seo-wordpress\/ -->\n<title>ATENCI\u00d3N: 10 casos positivos de Covid-19 en el Junior de Barranquilla - Constrastes<\/title>\n<meta name=\"robots\" content=\"index, follow, max-snippet:-1, max-image-preview:large, max-video-preview:-1\" \/>\n<link rel=\"canonical\" href=\"https:\/\/contrastes.com.co\/web\/2020\/12\/09\/atencion-10-casos-positivos-de-covid-19-en-el-junior-de-barranquilla\/\" \/>\n<meta property=\"og:locale\" content=\"es_ES\" \/>\n<meta property=\"og:type\" content=\"article\" \/>\n<meta property=\"og:title\" content=\"ATENCI\u00d3N: 10 casos positivos de Covid-19 en el Junior de Barranquilla - Constrastes\" \/>\n<meta property=\"og:description\" content=\"ATENCI\u00d3N: 10 casos positivos de Covid-19 en el Junior de Barranquilla os miembros del cuerpo t\u00e9cnico y ocho jugadores del equipo de f\u00fatbol profesional colombiano Junior de Barranquilla resultaron positivos en las pruebas de Covid-19; los detalles en Punto Deportivo con Ra\u00fal &#8216;el coco&#8217; Mar\u00edn a la #UnaEnPunto #PeriodismoSinLimites por #ContrastesRadio la nueva forma de [&hellip;]\" \/>\n<meta property=\"og:url\" content=\"https:\/\/contrastes.com.co\/web\/2020\/12\/09\/atencion-10-casos-positivos-de-covid-19-en-el-junior-de-barranquilla\/\" \/>\n<meta property=\"og:site_name\" content=\"Constrastes\" \/>\n<meta property=\"article:publisher\" content=\"https:\/\/www.facebook.com\/guillo.pantoja.1\" \/>\n<meta property=\"article:published_time\" content=\"2020-12-09T21:28:50+00:00\" \/>\n<meta name=\"author\" content=\"Editor\" \/>\n<meta name=\"twitter:card\" content=\"summary_large_image\" \/>\n<meta name=\"twitter:label1\" content=\"Escrito por\" \/>\n\t<meta name=\"twitter:data1\" content=\"Editor\" \/>\n<script type=\"application\/ld+json\" class=\"yoast-schema-graph\">{\"@context\":\"https:\\\/\\\/schema.org\",\"@graph\":[{\"@type\":\"Article\",\"@id\":\"https:\\\/\\\/contrastes.com.co\\\/web\\\/2020\\\/12\\\/09\\\/atencion-10-casos-positivos-de-covid-19-en-el-junior-de-barranquilla\\\/#article\",\"isPartOf\":{\"@id\":\"https:\\\/\\\/contrastes.com.co\\\/web\\\/2020\\\/12\\\/09\\\/atencion-10-casos-positivos-de-covid-19-en-el-junior-de-barranquilla\\\/\"},\"author\":{\"name\":\"Editor\",\"@id\":\"https:\\\/\\\/contrastes.com.co\\\/web\\\/#\\\/schema\\\/person\\\/62ef7a62dc4da6de450c71fc2e95ed02\"},\"headline\":\"ATENCI\u00d3N: 10 casos positivos de Covid-19 en el Junior de Barranquilla\",\"datePublished\":\"2020-12-09T21:28:50+00:00\",\"mainEntityOfPage\":{\"@id\":\"https:\\\/\\\/contrastes.com.co\\\/web\\\/2020\\\/12\\\/09\\\/atencion-10-casos-positivos-de-covid-19-en-el-junior-de-barranquilla\\\/\"},\"wordCount\":84,\"commentCount\":0,\"publisher\":{\"@id\":\"https:\\\/\\\/contrastes.com.co\\\/web\\\/#organization\"},\"image\":{\"@id\":\"https:\\\/\\\/contrastes.com.co\\\/web\\\/2020\\\/12\\\/09\\\/atencion-10-casos-positivos-de-covid-19-en-el-junior-de-barranquilla\\\/#primaryimage\"},\"thumbnailUrl\":\"\",\"keywords\":[\"Covid-19\",\"jugadores con coronavirus junior\",\"Junior de Barranquilla\",\"Junior vs Coquimbo Uni\u00f3n\",\"Punto Deportivo\",\"Ra\u00fal 'el coco' Mar\u00edn\"],\"articleSection\":[\"Coronavirus\",\"Deportes\"],\"inLanguage\":\"es\",\"potentialAction\":[{\"@type\":\"CommentAction\",\"name\":\"Comment\",\"target\":[\"https:\\\/\\\/contrastes.com.co\\\/web\\\/2020\\\/12\\\/09\\\/atencion-10-casos-positivos-de-covid-19-en-el-junior-de-barranquilla\\\/#respond\"]}]},{\"@type\":\"WebPage\",\"@id\":\"https:\\\/\\\/contrastes.com.co\\\/web\\\/2020\\\/12\\\/09\\\/atencion-10-casos-positivos-de-covid-19-en-el-junior-de-barranquilla\\\/\",\"url\":\"https:\\\/\\\/contrastes.com.co\\\/web\\\/2020\\\/12\\\/09\\\/atencion-10-casos-positivos-de-covid-19-en-el-junior-de-barranquilla\\\/\",\"name\":\"ATENCI\u00d3N: 10 casos positivos de Covid-19 en el Junior de Barranquilla - Constrastes\",\"isPartOf\":{\"@id\":\"https:\\\/\\\/contrastes.com.co\\\/web\\\/#website\"},\"primaryImageOfPage\":{\"@id\":\"https:\\\/\\\/contrastes.com.co\\\/web\\\/2020\\\/12\\\/09\\\/atencion-10-casos-positivos-de-covid-19-en-el-junior-de-barranquilla\\\/#primaryimage\"},\"image\":{\"@id\":\"https:\\\/\\\/contrastes.com.co\\\/web\\\/2020\\\/12\\\/09\\\/atencion-10-casos-positivos-de-covid-19-en-el-junior-de-barranquilla\\\/#primaryimage\"},\"thumbnailUrl\":\"\",\"datePublished\":\"2020-12-09T21:28:50+00:00\",\"breadcrumb\":{\"@id\":\"https:\\\/\\\/contrastes.com.co\\\/web\\\/2020\\\/12\\\/09\\\/atencion-10-casos-positivos-de-covid-19-en-el-junior-de-barranquilla\\\/#breadcrumb\"},\"inLanguage\":\"es\",\"potentialAction\":[{\"@type\":\"ReadAction\",\"target\":[\"https:\\\/\\\/contrastes.com.co\\\/web\\\/2020\\\/12\\\/09\\\/atencion-10-casos-positivos-de-covid-19-en-el-junior-de-barranquilla\\\/\"]}]},{\"@type\":\"ImageObject\",\"inLanguage\":\"es\",\"@id\":\"https:\\\/\\\/contrastes.com.co\\\/web\\\/2020\\\/12\\\/09\\\/atencion-10-casos-positivos-de-covid-19-en-el-junior-de-barranquilla\\\/#primaryimage\",\"url\":\"\",\"contentUrl\":\"\"},{\"@type\":\"BreadcrumbList\",\"@id\":\"https:\\\/\\\/contrastes.com.co\\\/web\\\/2020\\\/12\\\/09\\\/atencion-10-casos-positivos-de-covid-19-en-el-junior-de-barranquilla\\\/#breadcrumb\",\"itemListElement\":[{\"@type\":\"ListItem\",\"position\":1,\"name\":\"Portada\",\"item\":\"https:\\\/\\\/contrastes.com.co\\\/web\\\/\"},{\"@type\":\"ListItem\",\"position\":2,\"name\":\"ATENCI\u00d3N: 10 casos positivos de Covid-19 en el Junior de Barranquilla\"}]},{\"@type\":\"WebSite\",\"@id\":\"https:\\\/\\\/contrastes.com.co\\\/web\\\/#website\",\"url\":\"https:\\\/\\\/contrastes.com.co\\\/web\\\/\",\"name\":\"Contrastes\",\"description\":\"Periodismo de Conciencia\",\"publisher\":{\"@id\":\"https:\\\/\\\/contrastes.com.co\\\/web\\\/#organization\"},\"potentialAction\":[{\"@type\":\"SearchAction\",\"target\":{\"@type\":\"EntryPoint\",\"urlTemplate\":\"https:\\\/\\\/contrastes.com.co\\\/web\\\/?s={search_term_string}\"},\"query-input\":{\"@type\":\"PropertyValueSpecification\",\"valueRequired\":true,\"valueName\":\"search_term_string\"}}],\"inLanguage\":\"es\"},{\"@type\":\"Organization\",\"@id\":\"https:\\\/\\\/contrastes.com.co\\\/web\\\/#organization\",\"name\":\"Contrastes\",\"url\":\"https:\\\/\\\/contrastes.com.co\\\/web\\\/\",\"logo\":{\"@type\":\"ImageObject\",\"inLanguage\":\"es\",\"@id\":\"https:\\\/\\\/contrastes.com.co\\\/web\\\/#\\\/schema\\\/logo\\\/image\\\/\",\"url\":\"https:\\\/\\\/contrastes.com.co\\\/web\\\/wp-content\\\/uploads\\\/2025\\\/04\\\/15CONTRASTES3.png\",\"contentUrl\":\"https:\\\/\\\/contrastes.com.co\\\/web\\\/wp-content\\\/uploads\\\/2025\\\/04\\\/15CONTRASTES3.png\",\"width\":1536,\"height\":231,\"caption\":\"Contrastes\"},\"image\":{\"@id\":\"https:\\\/\\\/contrastes.com.co\\\/web\\\/#\\\/schema\\\/logo\\\/image\\\/\"},\"sameAs\":[\"https:\\\/\\\/www.facebook.com\\\/guillo.pantoja.1\"]},{\"@type\":\"Person\",\"@id\":\"https:\\\/\\\/contrastes.com.co\\\/web\\\/#\\\/schema\\\/person\\\/62ef7a62dc4da6de450c71fc2e95ed02\",\"name\":\"Editor\",\"image\":{\"@type\":\"ImageObject\",\"inLanguage\":\"es\",\"@id\":\"https:\\\/\\\/secure.gravatar.com\\\/avatar\\\/7bbb4f718d74bbf600dc556253bb04fd7ac8593751d6e2e3b85432d98aefae80?s=96&d=mm&r=g\",\"url\":\"https:\\\/\\\/secure.gravatar.com\\\/avatar\\\/7bbb4f718d74bbf600dc556253bb04fd7ac8593751d6e2e3b85432d98aefae80?s=96&d=mm&r=g\",\"contentUrl\":\"https:\\\/\\\/secure.gravatar.com\\\/avatar\\\/7bbb4f718d74bbf600dc556253bb04fd7ac8593751d6e2e3b85432d98aefae80?s=96&d=mm&r=g\",\"caption\":\"Editor\"},\"sameAs\":[\"https:\\\/\\\/contrastes.com.co\\\/web\"],\"url\":\"https:\\\/\\\/contrastes.com.co\\\/web\\\/author\\\/jdbobadilla\\\/\"}]}<\/script>\n<!-- \/ Yoast SEO plugin. -->","yoast_head_json":{"title":"ATENCI\u00d3N: 10 casos positivos de Covid-19 en el Junior de Barranquilla - Constrastes","robots":{"index":"index","follow":"follow","max-snippet":"max-snippet:-1","max-image-preview":"max-image-preview:large","max-video-preview":"max-video-preview:-1"},"canonical":"https:\/\/contrastes.com.co\/web\/2020\/12\/09\/atencion-10-casos-positivos-de-covid-19-en-el-junior-de-barranquilla\/","og_locale":"es_ES","og_type":"article","og_title":"ATENCI\u00d3N: 10 casos positivos de Covid-19 en el Junior de Barranquilla - Constrastes","og_description":"ATENCI\u00d3N: 10 casos positivos de Covid-19 en el Junior de Barranquilla os miembros del cuerpo t\u00e9cnico y ocho jugadores del equipo de f\u00fatbol profesional colombiano Junior de Barranquilla resultaron positivos en las pruebas de Covid-19; los detalles en Punto Deportivo con Ra\u00fal &#8216;el coco&#8217; Mar\u00edn a la #UnaEnPunto #PeriodismoSinLimites por #ContrastesRadio la nueva forma de [&hellip;]","og_url":"https:\/\/contrastes.com.co\/web\/2020\/12\/09\/atencion-10-casos-positivos-de-covid-19-en-el-junior-de-barranquilla\/","og_site_name":"Constrastes","article_publisher":"https:\/\/www.facebook.com\/guillo.pantoja.1","article_published_time":"2020-12-09T21:28:50+00:00","author":"Editor","twitter_card":"summary_large_image","twitter_misc":{"Escrito por":"Editor"},"schema":{"@context":"https:\/\/schema.org","@graph":[{"@type":"Article","@id":"https:\/\/contrastes.com.co\/web\/2020\/12\/09\/atencion-10-casos-positivos-de-covid-19-en-el-junior-de-barranquilla\/#article","isPartOf":{"@id":"https:\/\/contrastes.com.co\/web\/2020\/12\/09\/atencion-10-casos-positivos-de-covid-19-en-el-junior-de-barranquilla\/"},"author":{"name":"Editor","@id":"https:\/\/contrastes.com.co\/web\/#\/schema\/person\/62ef7a62dc4da6de450c71fc2e95ed02"},"headline":"ATENCI\u00d3N: 10 casos positivos de Covid-19 en el Junior de Barranquilla","datePublished":"2020-12-09T21:28:50+00:00","mainEntityOfPage":{"@id":"https:\/\/contrastes.com.co\/web\/2020\/12\/09\/atencion-10-casos-positivos-de-covid-19-en-el-junior-de-barranquilla\/"},"wordCount":84,"commentCount":0,"publisher":{"@id":"https:\/\/contrastes.com.co\/web\/#organization"},"image":{"@id":"https:\/\/contrastes.com.co\/web\/2020\/12\/09\/atencion-10-casos-positivos-de-covid-19-en-el-junior-de-barranquilla\/#primaryimage"},"thumbnailUrl":"","keywords":["Covid-19","jugadores con coronavirus junior","Junior de Barranquilla","Junior vs Coquimbo Uni\u00f3n","Punto Deportivo","Ra\u00fal 'el coco' Mar\u00edn"],"articleSection":["Coronavirus","Deportes"],"inLanguage":"es","potentialAction":[{"@type":"CommentAction","name":"Comment","target":["https:\/\/contrastes.com.co\/web\/2020\/12\/09\/atencion-10-casos-positivos-de-covid-19-en-el-junior-de-barranquilla\/#respond"]}]},{"@type":"WebPage","@id":"https:\/\/contrastes.com.co\/web\/2020\/12\/09\/atencion-10-casos-positivos-de-covid-19-en-el-junior-de-barranquilla\/","url":"https:\/\/contrastes.com.co\/web\/2020\/12\/09\/atencion-10-casos-positivos-de-covid-19-en-el-junior-de-barranquilla\/","name":"ATENCI\u00d3N: 10 casos positivos de Covid-19 en el Junior de Barranquilla - Constrastes","isPartOf":{"@id":"https:\/\/contrastes.com.co\/web\/#website"},"primaryImageOfPage":{"@id":"https:\/\/contrastes.com.co\/web\/2020\/12\/09\/atencion-10-casos-positivos-de-covid-19-en-el-junior-de-barranquilla\/#primaryimage"},"image":{"@id":"https:\/\/contrastes.com.co\/web\/2020\/12\/09\/atencion-10-casos-positivos-de-covid-19-en-el-junior-de-barranquilla\/#primaryimage"},"thumbnailUrl":"","datePublished":"2020-12-09T21:28:50+00:00","breadcrumb":{"@id":"https:\/\/contrastes.com.co\/web\/2020\/12\/09\/atencion-10-casos-positivos-de-covid-19-en-el-junior-de-barranquilla\/#breadcrumb"},"inLanguage":"es","potentialAction":[{"@type":"ReadAction","target":["https:\/\/contrastes.com.co\/web\/2020\/12\/09\/atencion-10-casos-positivos-de-covid-19-en-el-junior-de-barranquilla\/"]}]},{"@type":"ImageObject","inLanguage":"es","@id":"https:\/\/contrastes.com.co\/web\/2020\/12\/09\/atencion-10-casos-positivos-de-covid-19-en-el-junior-de-barranquilla\/#primaryimage","url":"","contentUrl":""},{"@type":"BreadcrumbList","@id":"https:\/\/contrastes.com.co\/web\/2020\/12\/09\/atencion-10-casos-positivos-de-covid-19-en-el-junior-de-barranquilla\/#breadcrumb","itemListElement":[{"@type":"ListItem","position":1,"name":"Portada","item":"https:\/\/contrastes.com.co\/web\/"},{"@type":"ListItem","position":2,"name":"ATENCI\u00d3N: 10 casos positivos de Covid-19 en el Junior de Barranquilla"}]},{"@type":"WebSite","@id":"https:\/\/contrastes.com.co\/web\/#website","url":"https:\/\/contrastes.com.co\/web\/","name":"Contrastes","description":"Periodismo de Conciencia","publisher":{"@id":"https:\/\/contrastes.com.co\/web\/#organization"},"potentialAction":[{"@type":"SearchAction","target":{"@type":"EntryPoint","urlTemplate":"https:\/\/contrastes.com.co\/web\/?s={search_term_string}"},"query-input":{"@type":"PropertyValueSpecification","valueRequired":true,"valueName":"search_term_string"}}],"inLanguage":"es"},{"@type":"Organization","@id":"https:\/\/contrastes.com.co\/web\/#organization","name":"Contrastes","url":"https:\/\/contrastes.com.co\/web\/","logo":{"@type":"ImageObject","inLanguage":"es","@id":"https:\/\/contrastes.com.co\/web\/#\/schema\/logo\/image\/","url":"https:\/\/contrastes.com.co\/web\/wp-content\/uploads\/2025\/04\/15CONTRASTES3.png","contentUrl":"https:\/\/contrastes.com.co\/web\/wp-content\/uploads\/2025\/04\/15CONTRASTES3.png","width":1536,"height":231,"caption":"Contrastes"},"image":{"@id":"https:\/\/contrastes.com.co\/web\/#\/schema\/logo\/image\/"},"sameAs":["https:\/\/www.facebook.com\/guillo.pantoja.1"]},{"@type":"Person","@id":"https:\/\/contrastes.com.co\/web\/#\/schema\/person\/62ef7a62dc4da6de450c71fc2e95ed02","name":"Editor","image":{"@type":"ImageObject","inLanguage":"es","@id":"https:\/\/secure.gravatar.com\/avatar\/7bbb4f718d74bbf600dc556253bb04fd7ac8593751d6e2e3b85432d98aefae80?s=96&d=mm&r=g","url":"https:\/\/secure.gravatar.com\/avatar\/7bbb4f718d74bbf600dc556253bb04fd7ac8593751d6e2e3b85432d98aefae80?s=96&d=mm&r=g","contentUrl":"https:\/\/secure.gravatar.com\/avatar\/7bbb4f718d74bbf600dc556253bb04fd7ac8593751d6e2e3b85432d98aefae80?s=96&d=mm&r=g","caption":"Editor"},"sameAs":["https:\/\/contrastes.com.co\/web"],"url":"https:\/\/contrastes.com.co\/web\/author\/jdbobadilla\/"}]}},"blog_post_layout_featured_media_urls":{"thumbnail":"","full":""},"categories_names":{"73":{"name":"Coronavirus","link":"https:\/\/contrastes.com.co\/web\/category\/coronavirus\/"},"151":{"name":"Deportes","link":"https:\/\/contrastes.com.co\/web\/category\/deportes\/"}},"tags_names":{"503":{"name":"Covid-19","link":"https:\/\/contrastes.com.co\/web\/tag\/covid-19\/"},"1800":{"name":"jugadores con coronavirus junior","link":"https:\/\/contrastes.com.co\/web\/tag\/jugadores-con-coronavirus-junior\/"},"1245":{"name":"Junior de Barranquilla","link":"https:\/\/contrastes.com.co\/web\/tag\/junior-de-barranquilla\/"},"1801":{"name":"Junior vs Coquimbo Uni\u00f3n","link":"https:\/\/contrastes.com.co\/web\/tag\/junior-vs-coquimbo-union\/"},"1282":{"name":"Punto Deportivo","link":"https:\/\/contrastes.com.co\/web\/tag\/punto-deportivo\/"},"1283":{"name":"Ra\u00fal 'el coco' Mar\u00edn","link":"https:\/\/contrastes.com.co\/web\/tag\/raul-el-coco-marin\/"}},"comments_number":"0","wpmagazine_modules_lite_featured_media_urls":{"thumbnail":"","cvmm-medium":"","cvmm-medium-plus":"","cvmm-portrait":"","cvmm-medium-square":"","cvmm-large":"","cvmm-small":"","full":""},"_links":{"self":[{"href":"https:\/\/contrastes.com.co\/web\/wp-json\/wp\/v2\/posts\/3304","targetHints":{"allow":["GET"]}}],"collection":[{"href":"https:\/\/contrastes.com.co\/web\/wp-json\/wp\/v2\/posts"}],"about":[{"href":"https:\/\/contrastes.com.co\/web\/wp-json\/wp\/v2\/types\/post"}],"author":[{"embeddable":true,"href":"https:\/\/contrastes.com.co\/web\/wp-json\/wp\/v2\/users\/1"}],"replies":[{"embeddable":true,"href":"https:\/\/contrastes.com.co\/web\/wp-json\/wp\/v2\/comments?post=3304"}],"version-history":[{"count":0,"href":"https:\/\/contrastes.com.co\/web\/wp-json\/wp\/v2\/posts\/3304\/revisions"}],"wp:attachment":[{"href":"https:\/\/contrastes.com.co\/web\/wp-json\/wp\/v2\/media?parent=3304"}],"wp:term":[{"taxonomy":"category","embeddable":true,"href":"https:\/\/contrastes.com.co\/web\/wp-json\/wp\/v2\/categories?post=3304"},{"taxonomy":"post_tag","embeddable":true,"href":"https:\/\/contrastes.com.co\/web\/wp-json\/wp\/v2\/tags?post=3304"}],"curies":[{"name":"wp","href":"https:\/\/api.w.org\/{rel}","templated":true}]}}