{"id":3330,"date":"2020-12-28T16:46:09","date_gmt":"2020-12-28T21:46:09","guid":{"rendered":"https:\/\/contrastes.com.co\/digital\/?p=3330"},"modified":"2020-12-28T16:46:09","modified_gmt":"2020-12-28T21:46:09","slug":"los-100-anos-del-fallecimiento-del-poeta-soledeno-gabriel-escorcia-gravini","status":"publish","type":"post","link":"https:\/\/contrastes.com.co\/web\/2020\/12\/28\/los-100-anos-del-fallecimiento-del-poeta-soledeno-gabriel-escorcia-gravini\/","title":{"rendered":"Los 100 a\u00f1os del fallecimiento del poeta solede\u00f1o Gabriel Escorcia Gravini"},"content":{"rendered":"<blockquote><p><strong>Su obra m\u00e1s conocida es \u2018La Gran Miseria Humana\u2019, un poema de amor cargado de im\u00e1genes y met\u00e1foras en el que aborda el asunto de la muerte, para llegar a conclusiones axiol\u00f3gicas. De principio a fin campea un fino trabajo de filigrana po\u00e9tica, y la evocaci\u00f3n de un mundo m\u00e1gico y misterioso, poblado de fantasmas que rodean al hombre.<\/strong><\/p><\/blockquote>\n<p><img decoding=\"async\" class=\"alignleft  wp-image-1523\" src=\"https:\/\/contrastes.com.co\/digital\/wp-content\/uploads\/2020\/06\/h-capitular.png\" alt=\"h capitular\" width=\"67\" height=\"60\" \/>oy, 28 de diciembre, se conmemoran 100 a\u00f1os del fallecimiento del poeta solede\u00f1o, Gabriel Escorcia Gravini, autor del poema \u2018La Gran Miseria Humana\u2019 que el cantautor coste\u00f1o, Lizandro Meza, convertir\u00eda en paseo vallenato en 1976.<\/p>\n<p>Nacido en Soledad el 14 de marzo de 1892, el escritor Gabriel Garc\u00eda M\u00e1rquez lo menciona en su obra \u2018Vivir para Contarla\u2019, asegurando que, cuando era ni\u00f1o, el poema de este maravilloso escritor se vend\u00eda por todo el Caribe colombiano y que era muy com\u00fan encontrar personas que se lo supieran de memoria.<\/p>\n<p><iframe title=\"Gabriel Escorcia Gravini, poeta de &#039;Soledad&#039; y muerte\" width=\"640\" height=\"480\" src=\"https:\/\/www.youtube.com\/embed\/yqWVG4g9Udg?feature=oembed\" frameborder=\"0\" allow=\"accelerometer; autoplay; clipboard-write; encrypted-media; gyroscope; picture-in-picture; web-share\" referrerpolicy=\"strict-origin-when-cross-origin\" allowfullscreen><\/iframe><\/p>\n<p>A este gran artista representativo del municipio le diagnosticaron lepra cuando era ni\u00f1o, pero sus hermanas se negaron a internarlo en el leprocomio de Ca\u00f1o Lora, en Tierrabomba, y en cambio, le construyeron una celda en su propia casa, en la que vivi\u00f3 encerrado el resto de sus d\u00edas. All\u00ed escribi\u00f3 con frenes\u00ed cientos de poemas, la mayor\u00eda de ellos odas al amor imposible y la inminencia de la muerte. Tambi\u00e9n se las arregl\u00f3 para visitar todas las noches el cementerio central de Soledad, donde compuso su destacada obra.<\/p>\n<p><iframe title=\"La Gran Miseria Humana\" width=\"640\" height=\"480\" src=\"https:\/\/www.youtube.com\/embed\/7Cs3oqnolkU?feature=oembed\" frameborder=\"0\" allow=\"accelerometer; autoplay; clipboard-write; encrypted-media; gyroscope; picture-in-picture; web-share\" referrerpolicy=\"strict-origin-when-cross-origin\" allowfullscreen><\/iframe><\/p>\n<p>Los estudiosos de la obra de Gravini se\u00f1alan que \u2018La Gran Miseria Humana\u2019 es un poema de amor mediante el cual el poeta aborda el asunto de la muerte, para llegar a conclusiones axiol\u00f3gicas. Es una obra de gran belleza, cargada de im\u00e1genes y met\u00e1foras. De principio a fin campea un fino trabajo de filigrana po\u00e9tica, y la evocaci\u00f3n de un mundo m\u00e1gico y misterioso, poblado de fantasmas que rodean al hombre.<\/p>\n<p><iframe title=\"La Gran Miseria Humana | Ser Profe | Declamaci\u00f3n Poes\u00eda | Gabriel Escorcia Gravini\" width=\"640\" height=\"360\" src=\"https:\/\/www.youtube.com\/embed\/diQjAWyM_6c?feature=oembed\" frameborder=\"0\" allow=\"accelerometer; autoplay; clipboard-write; encrypted-media; gyroscope; picture-in-picture; web-share\" referrerpolicy=\"strict-origin-when-cross-origin\" allowfullscreen><\/iframe><\/p>\n<p>Gabriel Escorcia Gravini sufri\u00f3 el dolor f\u00edsico y el tormento ps\u00edquico y muri\u00f3 en el a\u00f1o 1920, a los 28 a\u00f1os. Gran parte de sus escritos fueron quemados en una pira a nombre de la higiene p\u00fablica. Pero algunos fueron salvados de las llamas y son los que perduran.<\/p>\n<p>Escorcia Gravini sigue siendo un s\u00edmbolo en Soledad, donde se le rinde tributo, no solo en los cursos de espa\u00f1ol sino en las calles, y en el propio cementerio al que le dedic\u00f3 sus m\u00e1s melanc\u00f3licas palabras.<\/p>\n<p><iframe title=\"Voces de memoria urbana: homenaje al Poeta &quot;Gabriel Escorcia Gravini&quot;\" width=\"640\" height=\"360\" src=\"https:\/\/www.youtube.com\/embed\/RtOiNM8GBwU?feature=oembed\" frameborder=\"0\" allow=\"accelerometer; autoplay; clipboard-write; encrypted-media; gyroscope; picture-in-picture; web-share\" referrerpolicy=\"strict-origin-when-cross-origin\" allowfullscreen><\/iframe><\/p>\n","protected":false},"excerpt":{"rendered":"<p>Su obra m\u00e1s conocida es \u2018La Gran Miseria Humana\u2019, un poema de amor cargado de im\u00e1genes y met\u00e1foras en el que aborda el asunto de la muerte, para llegar a conclusiones axiol\u00f3gicas. De principio a fin campea un fino trabajo de filigrana po\u00e9tica, y la evocaci\u00f3n de un mundo m\u00e1gico y misterioso, poblado de fantasmas [&hellip;]<\/p>\n","protected":false},"author":1,"featured_media":3331,"comment_status":"open","ping_status":"open","sticky":false,"template":"","format":"standard","meta":{"footnotes":""},"categories":[104,158],"tags":[1814,1815,1816,51,1817,1818],"class_list":["post-3330","post","type-post","status-publish","format-standard","has-post-thumbnail","hentry","category-cultura","category-personajes","tag-decima","tag-gabriel-escorcia-gravini","tag-la-gran-miseria-humana","tag-municipio-de-soledad","tag-poesia","tag-poeta-soledeno"],"yoast_head":"<!-- This site is optimized with the Yoast SEO plugin v27.7 - https:\/\/yoast.com\/product\/yoast-seo-wordpress\/ -->\n<title>Los 100 a\u00f1os del fallecimiento del poeta solede\u00f1o Gabriel Escorcia Gravini - Constrastes<\/title>\n<meta name=\"robots\" content=\"index, follow, max-snippet:-1, max-image-preview:large, max-video-preview:-1\" \/>\n<link rel=\"canonical\" href=\"https:\/\/contrastes.com.co\/web\/2020\/12\/28\/los-100-anos-del-fallecimiento-del-poeta-soledeno-gabriel-escorcia-gravini\/\" \/>\n<meta property=\"og:locale\" content=\"es_ES\" \/>\n<meta property=\"og:type\" content=\"article\" \/>\n<meta property=\"og:title\" content=\"Los 100 a\u00f1os del fallecimiento del poeta solede\u00f1o Gabriel Escorcia Gravini - Constrastes\" \/>\n<meta property=\"og:description\" content=\"Su obra m\u00e1s conocida es \u2018La Gran Miseria Humana\u2019, un poema de amor cargado de im\u00e1genes y met\u00e1foras en el que aborda el asunto de la muerte, para llegar a conclusiones axiol\u00f3gicas. De principio a fin campea un fino trabajo de filigrana po\u00e9tica, y la evocaci\u00f3n de un mundo m\u00e1gico y misterioso, poblado de fantasmas [&hellip;]\" \/>\n<meta property=\"og:url\" content=\"https:\/\/contrastes.com.co\/web\/2020\/12\/28\/los-100-anos-del-fallecimiento-del-poeta-soledeno-gabriel-escorcia-gravini\/\" \/>\n<meta property=\"og:site_name\" content=\"Constrastes\" \/>\n<meta property=\"article:publisher\" content=\"https:\/\/www.facebook.com\/guillo.pantoja.1\" \/>\n<meta property=\"article:published_time\" content=\"2020-12-28T21:46:09+00:00\" \/>\n<meta name=\"author\" content=\"Editor\" \/>\n<meta name=\"twitter:card\" content=\"summary_large_image\" \/>\n<meta name=\"twitter:label1\" content=\"Escrito por\" \/>\n\t<meta name=\"twitter:data1\" content=\"Editor\" \/>\n\t<meta name=\"twitter:label2\" content=\"Tiempo de lectura\" \/>\n\t<meta name=\"twitter:data2\" content=\"2 minutos\" \/>\n<script type=\"application\/ld+json\" class=\"yoast-schema-graph\">{\"@context\":\"https:\\\/\\\/schema.org\",\"@graph\":[{\"@type\":\"Article\",\"@id\":\"https:\\\/\\\/contrastes.com.co\\\/web\\\/2020\\\/12\\\/28\\\/los-100-anos-del-fallecimiento-del-poeta-soledeno-gabriel-escorcia-gravini\\\/#article\",\"isPartOf\":{\"@id\":\"https:\\\/\\\/contrastes.com.co\\\/web\\\/2020\\\/12\\\/28\\\/los-100-anos-del-fallecimiento-del-poeta-soledeno-gabriel-escorcia-gravini\\\/\"},\"author\":{\"name\":\"Editor\",\"@id\":\"https:\\\/\\\/contrastes.com.co\\\/web\\\/#\\\/schema\\\/person\\\/62ef7a62dc4da6de450c71fc2e95ed02\"},\"headline\":\"Los 100 a\u00f1os del fallecimiento del poeta solede\u00f1o Gabriel Escorcia Gravini\",\"datePublished\":\"2020-12-28T21:46:09+00:00\",\"mainEntityOfPage\":{\"@id\":\"https:\\\/\\\/contrastes.com.co\\\/web\\\/2020\\\/12\\\/28\\\/los-100-anos-del-fallecimiento-del-poeta-soledeno-gabriel-escorcia-gravini\\\/\"},\"wordCount\":477,\"commentCount\":0,\"publisher\":{\"@id\":\"https:\\\/\\\/contrastes.com.co\\\/web\\\/#organization\"},\"image\":{\"@id\":\"https:\\\/\\\/contrastes.com.co\\\/web\\\/2020\\\/12\\\/28\\\/los-100-anos-del-fallecimiento-del-poeta-soledeno-gabriel-escorcia-gravini\\\/#primaryimage\"},\"thumbnailUrl\":\"\",\"keywords\":[\"d\u00e9cima\",\"Gabriel Escorcia Gravini\",\"La Gran Miseria Humana\",\"municipio de soledad\",\"poes\u00eda\",\"poeta solede\u00f1o\"],\"articleSection\":[\"Cultura\",\"Personajes\"],\"inLanguage\":\"es\",\"potentialAction\":[{\"@type\":\"CommentAction\",\"name\":\"Comment\",\"target\":[\"https:\\\/\\\/contrastes.com.co\\\/web\\\/2020\\\/12\\\/28\\\/los-100-anos-del-fallecimiento-del-poeta-soledeno-gabriel-escorcia-gravini\\\/#respond\"]}]},{\"@type\":\"WebPage\",\"@id\":\"https:\\\/\\\/contrastes.com.co\\\/web\\\/2020\\\/12\\\/28\\\/los-100-anos-del-fallecimiento-del-poeta-soledeno-gabriel-escorcia-gravini\\\/\",\"url\":\"https:\\\/\\\/contrastes.com.co\\\/web\\\/2020\\\/12\\\/28\\\/los-100-anos-del-fallecimiento-del-poeta-soledeno-gabriel-escorcia-gravini\\\/\",\"name\":\"Los 100 a\u00f1os del fallecimiento del poeta solede\u00f1o Gabriel Escorcia Gravini - Constrastes\",\"isPartOf\":{\"@id\":\"https:\\\/\\\/contrastes.com.co\\\/web\\\/#website\"},\"primaryImageOfPage\":{\"@id\":\"https:\\\/\\\/contrastes.com.co\\\/web\\\/2020\\\/12\\\/28\\\/los-100-anos-del-fallecimiento-del-poeta-soledeno-gabriel-escorcia-gravini\\\/#primaryimage\"},\"image\":{\"@id\":\"https:\\\/\\\/contrastes.com.co\\\/web\\\/2020\\\/12\\\/28\\\/los-100-anos-del-fallecimiento-del-poeta-soledeno-gabriel-escorcia-gravini\\\/#primaryimage\"},\"thumbnailUrl\":\"\",\"datePublished\":\"2020-12-28T21:46:09+00:00\",\"breadcrumb\":{\"@id\":\"https:\\\/\\\/contrastes.com.co\\\/web\\\/2020\\\/12\\\/28\\\/los-100-anos-del-fallecimiento-del-poeta-soledeno-gabriel-escorcia-gravini\\\/#breadcrumb\"},\"inLanguage\":\"es\",\"potentialAction\":[{\"@type\":\"ReadAction\",\"target\":[\"https:\\\/\\\/contrastes.com.co\\\/web\\\/2020\\\/12\\\/28\\\/los-100-anos-del-fallecimiento-del-poeta-soledeno-gabriel-escorcia-gravini\\\/\"]}]},{\"@type\":\"ImageObject\",\"inLanguage\":\"es\",\"@id\":\"https:\\\/\\\/contrastes.com.co\\\/web\\\/2020\\\/12\\\/28\\\/los-100-anos-del-fallecimiento-del-poeta-soledeno-gabriel-escorcia-gravini\\\/#primaryimage\",\"url\":\"\",\"contentUrl\":\"\"},{\"@type\":\"BreadcrumbList\",\"@id\":\"https:\\\/\\\/contrastes.com.co\\\/web\\\/2020\\\/12\\\/28\\\/los-100-anos-del-fallecimiento-del-poeta-soledeno-gabriel-escorcia-gravini\\\/#breadcrumb\",\"itemListElement\":[{\"@type\":\"ListItem\",\"position\":1,\"name\":\"Portada\",\"item\":\"https:\\\/\\\/contrastes.com.co\\\/web\\\/\"},{\"@type\":\"ListItem\",\"position\":2,\"name\":\"Los 100 a\u00f1os del fallecimiento del poeta solede\u00f1o Gabriel Escorcia Gravini\"}]},{\"@type\":\"WebSite\",\"@id\":\"https:\\\/\\\/contrastes.com.co\\\/web\\\/#website\",\"url\":\"https:\\\/\\\/contrastes.com.co\\\/web\\\/\",\"name\":\"Contrastes\",\"description\":\"Periodismo de Conciencia\",\"publisher\":{\"@id\":\"https:\\\/\\\/contrastes.com.co\\\/web\\\/#organization\"},\"potentialAction\":[{\"@type\":\"SearchAction\",\"target\":{\"@type\":\"EntryPoint\",\"urlTemplate\":\"https:\\\/\\\/contrastes.com.co\\\/web\\\/?s={search_term_string}\"},\"query-input\":{\"@type\":\"PropertyValueSpecification\",\"valueRequired\":true,\"valueName\":\"search_term_string\"}}],\"inLanguage\":\"es\"},{\"@type\":\"Organization\",\"@id\":\"https:\\\/\\\/contrastes.com.co\\\/web\\\/#organization\",\"name\":\"Contrastes\",\"url\":\"https:\\\/\\\/contrastes.com.co\\\/web\\\/\",\"logo\":{\"@type\":\"ImageObject\",\"inLanguage\":\"es\",\"@id\":\"https:\\\/\\\/contrastes.com.co\\\/web\\\/#\\\/schema\\\/logo\\\/image\\\/\",\"url\":\"https:\\\/\\\/contrastes.com.co\\\/web\\\/wp-content\\\/uploads\\\/2025\\\/04\\\/15CONTRASTES3.png\",\"contentUrl\":\"https:\\\/\\\/contrastes.com.co\\\/web\\\/wp-content\\\/uploads\\\/2025\\\/04\\\/15CONTRASTES3.png\",\"width\":1536,\"height\":231,\"caption\":\"Contrastes\"},\"image\":{\"@id\":\"https:\\\/\\\/contrastes.com.co\\\/web\\\/#\\\/schema\\\/logo\\\/image\\\/\"},\"sameAs\":[\"https:\\\/\\\/www.facebook.com\\\/guillo.pantoja.1\"]},{\"@type\":\"Person\",\"@id\":\"https:\\\/\\\/contrastes.com.co\\\/web\\\/#\\\/schema\\\/person\\\/62ef7a62dc4da6de450c71fc2e95ed02\",\"name\":\"Editor\",\"image\":{\"@type\":\"ImageObject\",\"inLanguage\":\"es\",\"@id\":\"https:\\\/\\\/secure.gravatar.com\\\/avatar\\\/7bbb4f718d74bbf600dc556253bb04fd7ac8593751d6e2e3b85432d98aefae80?s=96&d=mm&r=g\",\"url\":\"https:\\\/\\\/secure.gravatar.com\\\/avatar\\\/7bbb4f718d74bbf600dc556253bb04fd7ac8593751d6e2e3b85432d98aefae80?s=96&d=mm&r=g\",\"contentUrl\":\"https:\\\/\\\/secure.gravatar.com\\\/avatar\\\/7bbb4f718d74bbf600dc556253bb04fd7ac8593751d6e2e3b85432d98aefae80?s=96&d=mm&r=g\",\"caption\":\"Editor\"},\"sameAs\":[\"https:\\\/\\\/contrastes.com.co\\\/web\"],\"url\":\"https:\\\/\\\/contrastes.com.co\\\/web\\\/author\\\/jdbobadilla\\\/\"}]}<\/script>\n<!-- \/ Yoast SEO plugin. -->","yoast_head_json":{"title":"Los 100 a\u00f1os del fallecimiento del poeta solede\u00f1o Gabriel Escorcia Gravini - Constrastes","robots":{"index":"index","follow":"follow","max-snippet":"max-snippet:-1","max-image-preview":"max-image-preview:large","max-video-preview":"max-video-preview:-1"},"canonical":"https:\/\/contrastes.com.co\/web\/2020\/12\/28\/los-100-anos-del-fallecimiento-del-poeta-soledeno-gabriel-escorcia-gravini\/","og_locale":"es_ES","og_type":"article","og_title":"Los 100 a\u00f1os del fallecimiento del poeta solede\u00f1o Gabriel Escorcia Gravini - Constrastes","og_description":"Su obra m\u00e1s conocida es \u2018La Gran Miseria Humana\u2019, un poema de amor cargado de im\u00e1genes y met\u00e1foras en el que aborda el asunto de la muerte, para llegar a conclusiones axiol\u00f3gicas. De principio a fin campea un fino trabajo de filigrana po\u00e9tica, y la evocaci\u00f3n de un mundo m\u00e1gico y misterioso, poblado de fantasmas [&hellip;]","og_url":"https:\/\/contrastes.com.co\/web\/2020\/12\/28\/los-100-anos-del-fallecimiento-del-poeta-soledeno-gabriel-escorcia-gravini\/","og_site_name":"Constrastes","article_publisher":"https:\/\/www.facebook.com\/guillo.pantoja.1","article_published_time":"2020-12-28T21:46:09+00:00","author":"Editor","twitter_card":"summary_large_image","twitter_misc":{"Escrito por":"Editor","Tiempo de lectura":"2 minutos"},"schema":{"@context":"https:\/\/schema.org","@graph":[{"@type":"Article","@id":"https:\/\/contrastes.com.co\/web\/2020\/12\/28\/los-100-anos-del-fallecimiento-del-poeta-soledeno-gabriel-escorcia-gravini\/#article","isPartOf":{"@id":"https:\/\/contrastes.com.co\/web\/2020\/12\/28\/los-100-anos-del-fallecimiento-del-poeta-soledeno-gabriel-escorcia-gravini\/"},"author":{"name":"Editor","@id":"https:\/\/contrastes.com.co\/web\/#\/schema\/person\/62ef7a62dc4da6de450c71fc2e95ed02"},"headline":"Los 100 a\u00f1os del fallecimiento del poeta solede\u00f1o Gabriel Escorcia Gravini","datePublished":"2020-12-28T21:46:09+00:00","mainEntityOfPage":{"@id":"https:\/\/contrastes.com.co\/web\/2020\/12\/28\/los-100-anos-del-fallecimiento-del-poeta-soledeno-gabriel-escorcia-gravini\/"},"wordCount":477,"commentCount":0,"publisher":{"@id":"https:\/\/contrastes.com.co\/web\/#organization"},"image":{"@id":"https:\/\/contrastes.com.co\/web\/2020\/12\/28\/los-100-anos-del-fallecimiento-del-poeta-soledeno-gabriel-escorcia-gravini\/#primaryimage"},"thumbnailUrl":"","keywords":["d\u00e9cima","Gabriel Escorcia Gravini","La Gran Miseria Humana","municipio de soledad","poes\u00eda","poeta solede\u00f1o"],"articleSection":["Cultura","Personajes"],"inLanguage":"es","potentialAction":[{"@type":"CommentAction","name":"Comment","target":["https:\/\/contrastes.com.co\/web\/2020\/12\/28\/los-100-anos-del-fallecimiento-del-poeta-soledeno-gabriel-escorcia-gravini\/#respond"]}]},{"@type":"WebPage","@id":"https:\/\/contrastes.com.co\/web\/2020\/12\/28\/los-100-anos-del-fallecimiento-del-poeta-soledeno-gabriel-escorcia-gravini\/","url":"https:\/\/contrastes.com.co\/web\/2020\/12\/28\/los-100-anos-del-fallecimiento-del-poeta-soledeno-gabriel-escorcia-gravini\/","name":"Los 100 a\u00f1os del fallecimiento del poeta solede\u00f1o Gabriel Escorcia Gravini - Constrastes","isPartOf":{"@id":"https:\/\/contrastes.com.co\/web\/#website"},"primaryImageOfPage":{"@id":"https:\/\/contrastes.com.co\/web\/2020\/12\/28\/los-100-anos-del-fallecimiento-del-poeta-soledeno-gabriel-escorcia-gravini\/#primaryimage"},"image":{"@id":"https:\/\/contrastes.com.co\/web\/2020\/12\/28\/los-100-anos-del-fallecimiento-del-poeta-soledeno-gabriel-escorcia-gravini\/#primaryimage"},"thumbnailUrl":"","datePublished":"2020-12-28T21:46:09+00:00","breadcrumb":{"@id":"https:\/\/contrastes.com.co\/web\/2020\/12\/28\/los-100-anos-del-fallecimiento-del-poeta-soledeno-gabriel-escorcia-gravini\/#breadcrumb"},"inLanguage":"es","potentialAction":[{"@type":"ReadAction","target":["https:\/\/contrastes.com.co\/web\/2020\/12\/28\/los-100-anos-del-fallecimiento-del-poeta-soledeno-gabriel-escorcia-gravini\/"]}]},{"@type":"ImageObject","inLanguage":"es","@id":"https:\/\/contrastes.com.co\/web\/2020\/12\/28\/los-100-anos-del-fallecimiento-del-poeta-soledeno-gabriel-escorcia-gravini\/#primaryimage","url":"","contentUrl":""},{"@type":"BreadcrumbList","@id":"https:\/\/contrastes.com.co\/web\/2020\/12\/28\/los-100-anos-del-fallecimiento-del-poeta-soledeno-gabriel-escorcia-gravini\/#breadcrumb","itemListElement":[{"@type":"ListItem","position":1,"name":"Portada","item":"https:\/\/contrastes.com.co\/web\/"},{"@type":"ListItem","position":2,"name":"Los 100 a\u00f1os del fallecimiento del poeta solede\u00f1o Gabriel Escorcia Gravini"}]},{"@type":"WebSite","@id":"https:\/\/contrastes.com.co\/web\/#website","url":"https:\/\/contrastes.com.co\/web\/","name":"Contrastes","description":"Periodismo de Conciencia","publisher":{"@id":"https:\/\/contrastes.com.co\/web\/#organization"},"potentialAction":[{"@type":"SearchAction","target":{"@type":"EntryPoint","urlTemplate":"https:\/\/contrastes.com.co\/web\/?s={search_term_string}"},"query-input":{"@type":"PropertyValueSpecification","valueRequired":true,"valueName":"search_term_string"}}],"inLanguage":"es"},{"@type":"Organization","@id":"https:\/\/contrastes.com.co\/web\/#organization","name":"Contrastes","url":"https:\/\/contrastes.com.co\/web\/","logo":{"@type":"ImageObject","inLanguage":"es","@id":"https:\/\/contrastes.com.co\/web\/#\/schema\/logo\/image\/","url":"https:\/\/contrastes.com.co\/web\/wp-content\/uploads\/2025\/04\/15CONTRASTES3.png","contentUrl":"https:\/\/contrastes.com.co\/web\/wp-content\/uploads\/2025\/04\/15CONTRASTES3.png","width":1536,"height":231,"caption":"Contrastes"},"image":{"@id":"https:\/\/contrastes.com.co\/web\/#\/schema\/logo\/image\/"},"sameAs":["https:\/\/www.facebook.com\/guillo.pantoja.1"]},{"@type":"Person","@id":"https:\/\/contrastes.com.co\/web\/#\/schema\/person\/62ef7a62dc4da6de450c71fc2e95ed02","name":"Editor","image":{"@type":"ImageObject","inLanguage":"es","@id":"https:\/\/secure.gravatar.com\/avatar\/7bbb4f718d74bbf600dc556253bb04fd7ac8593751d6e2e3b85432d98aefae80?s=96&d=mm&r=g","url":"https:\/\/secure.gravatar.com\/avatar\/7bbb4f718d74bbf600dc556253bb04fd7ac8593751d6e2e3b85432d98aefae80?s=96&d=mm&r=g","contentUrl":"https:\/\/secure.gravatar.com\/avatar\/7bbb4f718d74bbf600dc556253bb04fd7ac8593751d6e2e3b85432d98aefae80?s=96&d=mm&r=g","caption":"Editor"},"sameAs":["https:\/\/contrastes.com.co\/web"],"url":"https:\/\/contrastes.com.co\/web\/author\/jdbobadilla\/"}]}},"blog_post_layout_featured_media_urls":{"thumbnail":"","full":""},"categories_names":{"104":{"name":"Cultura","link":"https:\/\/contrastes.com.co\/web\/category\/cultura\/"},"158":{"name":"Personajes","link":"https:\/\/contrastes.com.co\/web\/category\/personajes\/"}},"tags_names":{"1814":{"name":"d\u00e9cima","link":"https:\/\/contrastes.com.co\/web\/tag\/decima\/"},"1815":{"name":"Gabriel Escorcia Gravini","link":"https:\/\/contrastes.com.co\/web\/tag\/gabriel-escorcia-gravini\/"},"1816":{"name":"La Gran Miseria Humana","link":"https:\/\/contrastes.com.co\/web\/tag\/la-gran-miseria-humana\/"},"51":{"name":"municipio de soledad","link":"https:\/\/contrastes.com.co\/web\/tag\/municipio-de-soledad\/"},"1817":{"name":"poes\u00eda","link":"https:\/\/contrastes.com.co\/web\/tag\/poesia\/"},"1818":{"name":"poeta solede\u00f1o","link":"https:\/\/contrastes.com.co\/web\/tag\/poeta-soledeno\/"}},"comments_number":"0","wpmagazine_modules_lite_featured_media_urls":{"thumbnail":"","cvmm-medium":"","cvmm-medium-plus":"","cvmm-portrait":"","cvmm-medium-square":"","cvmm-large":"","cvmm-small":"","full":""},"_links":{"self":[{"href":"https:\/\/contrastes.com.co\/web\/wp-json\/wp\/v2\/posts\/3330","targetHints":{"allow":["GET"]}}],"collection":[{"href":"https:\/\/contrastes.com.co\/web\/wp-json\/wp\/v2\/posts"}],"about":[{"href":"https:\/\/contrastes.com.co\/web\/wp-json\/wp\/v2\/types\/post"}],"author":[{"embeddable":true,"href":"https:\/\/contrastes.com.co\/web\/wp-json\/wp\/v2\/users\/1"}],"replies":[{"embeddable":true,"href":"https:\/\/contrastes.com.co\/web\/wp-json\/wp\/v2\/comments?post=3330"}],"version-history":[{"count":0,"href":"https:\/\/contrastes.com.co\/web\/wp-json\/wp\/v2\/posts\/3330\/revisions"}],"wp:attachment":[{"href":"https:\/\/contrastes.com.co\/web\/wp-json\/wp\/v2\/media?parent=3330"}],"wp:term":[{"taxonomy":"category","embeddable":true,"href":"https:\/\/contrastes.com.co\/web\/wp-json\/wp\/v2\/categories?post=3330"},{"taxonomy":"post_tag","embeddable":true,"href":"https:\/\/contrastes.com.co\/web\/wp-json\/wp\/v2\/tags?post=3330"}],"curies":[{"name":"wp","href":"https:\/\/api.w.org\/{rel}","templated":true}]}}