{"id":3356,"date":"2021-01-11T20:41:11","date_gmt":"2021-01-12T01:41:11","guid":{"rendered":"https:\/\/contrastes.com.co\/digital\/?p=3356"},"modified":"2021-01-11T20:41:11","modified_gmt":"2021-01-12T01:41:11","slug":"alcaldia-de-soledad-realiza-acompanamiento-a-jovenes-con-problemas-de-adiccion","status":"publish","type":"post","link":"https:\/\/contrastes.com.co\/web\/2021\/01\/11\/alcaldia-de-soledad-realiza-acompanamiento-a-jovenes-con-problemas-de-adiccion\/","title":{"rendered":"Alcald\u00eda de Soledad realiza acompa\u00f1amiento a j\u00f3venes con problemas de adicci\u00f3n"},"content":{"rendered":"<blockquote><p><strong>El funcionario explic\u00f3 que para lograr la recuperaci\u00f3n de los j\u00f3venes, estos son internados por varios meses a la IPS especializadas en esta materia.<\/strong><\/p><\/blockquote>\n<p><img decoding=\"async\" class=\"alignleft  wp-image-584\" src=\"https:\/\/contrastes.com.co\/digital\/wp-content\/uploads\/2020\/04\/l-capitular.png\" alt=\"l capitular\" width=\"65\" height=\"65\" \/>a Secretar\u00eda de Gobierno de Soledad realiza labores de acompa\u00f1amientos a los j\u00f3venes en riesgo para que adelanten un tratamiento en un centro de rehabilitaci\u00f3n que les ayude a dejar el consumo de sustancias alucin\u00f3genas y logren su reinserci\u00f3n social.<\/p>\n<p>Los beneficiados son hombres y mujeres que aceptan salir del mundo delincuencial con base en un trabajo social que realiza la dependencia mencionada, a cargo de Rosmell Hern\u00e1ndez Bresneider.<\/p>\n<p>El funcionario explic\u00f3 que para lograr la recuperaci\u00f3n de los j\u00f3venes, estos son internados por varios meses a la IPS especializadas en esta materia.<\/p>\n<p>Hern\u00e1ndez Bresneider indic\u00f3 que ya un primer joven, residente del barrio Camelot, fue internado con el fin de iniciar su recuperaci\u00f3n.<\/p>\n<p>\u201cSiguiendo las directrices del alcalde Rodolfo Ucr\u00f3s Rosales, la Secretar\u00eda de Gobierno comenz\u00f3 el a\u00f1o 2021 realizando acciones del programa de convivencia ciudadana articulando con las IPS y centros de rehabilitaci\u00f3n la atenci\u00f3n de j\u00f3venes ex miembros de grupos de conflictividad, que los conduzcan a la inclusi\u00f3n social\u201d, dijo Hern\u00e1ndez.<\/p>\n","protected":false},"excerpt":{"rendered":"<p>Alcald\u00eda de Soledad realiza acompa\u00f1amiento a j\u00f3venes con problemas de adicci\u00f3n <\/p>\n","protected":false},"author":1,"featured_media":3357,"comment_status":"open","ping_status":"open","sticky":false,"template":"","format":"standard","meta":{"footnotes":""},"categories":[10,25,53],"tags":[28,84,1794],"class_list":["post-3356","post","type-post","status-publish","format-standard","has-post-thumbnail","hentry","category-comunidad","category-salud","category-seguridad-ciudadana","tag-alcaldia-de-soledad","tag-rodolfo-ucros","tag-secretaria-de-salud"],"yoast_head":"<!-- This site is optimized with the Yoast SEO plugin v27.7 - https:\/\/yoast.com\/product\/yoast-seo-wordpress\/ -->\n<title>Alcald\u00eda de Soledad realiza acompa\u00f1amiento a j\u00f3venes con problemas de adicci\u00f3n - Constrastes<\/title>\n<meta name=\"robots\" content=\"index, follow, max-snippet:-1, max-image-preview:large, max-video-preview:-1\" \/>\n<link rel=\"canonical\" href=\"https:\/\/contrastes.com.co\/web\/2021\/01\/11\/alcaldia-de-soledad-realiza-acompanamiento-a-jovenes-con-problemas-de-adiccion\/\" \/>\n<meta property=\"og:locale\" content=\"es_ES\" \/>\n<meta property=\"og:type\" content=\"article\" \/>\n<meta property=\"og:title\" content=\"Alcald\u00eda de Soledad realiza acompa\u00f1amiento a j\u00f3venes con problemas de adicci\u00f3n - Constrastes\" \/>\n<meta property=\"og:description\" content=\"Alcald\u00eda de Soledad realiza acompa\u00f1amiento a j\u00f3venes con problemas de adicci\u00f3n\" \/>\n<meta property=\"og:url\" content=\"https:\/\/contrastes.com.co\/web\/2021\/01\/11\/alcaldia-de-soledad-realiza-acompanamiento-a-jovenes-con-problemas-de-adiccion\/\" \/>\n<meta property=\"og:site_name\" content=\"Constrastes\" \/>\n<meta property=\"article:publisher\" content=\"https:\/\/www.facebook.com\/guillo.pantoja.1\" \/>\n<meta property=\"article:published_time\" content=\"2021-01-12T01:41:11+00:00\" \/>\n<meta name=\"author\" content=\"Editor\" \/>\n<meta name=\"twitter:card\" content=\"summary_large_image\" \/>\n<meta name=\"twitter:label1\" content=\"Escrito por\" \/>\n\t<meta name=\"twitter:data1\" content=\"Editor\" \/>\n\t<meta name=\"twitter:label2\" content=\"Tiempo de lectura\" \/>\n\t<meta name=\"twitter:data2\" content=\"1 minuto\" \/>\n<script type=\"application\/ld+json\" class=\"yoast-schema-graph\">{\"@context\":\"https:\\\/\\\/schema.org\",\"@graph\":[{\"@type\":\"Article\",\"@id\":\"https:\\\/\\\/contrastes.com.co\\\/web\\\/2021\\\/01\\\/11\\\/alcaldia-de-soledad-realiza-acompanamiento-a-jovenes-con-problemas-de-adiccion\\\/#article\",\"isPartOf\":{\"@id\":\"https:\\\/\\\/contrastes.com.co\\\/web\\\/2021\\\/01\\\/11\\\/alcaldia-de-soledad-realiza-acompanamiento-a-jovenes-con-problemas-de-adiccion\\\/\"},\"author\":{\"name\":\"Editor\",\"@id\":\"https:\\\/\\\/contrastes.com.co\\\/web\\\/#\\\/schema\\\/person\\\/62ef7a62dc4da6de450c71fc2e95ed02\"},\"headline\":\"Alcald\u00eda de Soledad realiza acompa\u00f1amiento a j\u00f3venes con problemas de adicci\u00f3n\",\"datePublished\":\"2021-01-12T01:41:11+00:00\",\"mainEntityOfPage\":{\"@id\":\"https:\\\/\\\/contrastes.com.co\\\/web\\\/2021\\\/01\\\/11\\\/alcaldia-de-soledad-realiza-acompanamiento-a-jovenes-con-problemas-de-adiccion\\\/\"},\"wordCount\":223,\"commentCount\":0,\"publisher\":{\"@id\":\"https:\\\/\\\/contrastes.com.co\\\/web\\\/#organization\"},\"image\":{\"@id\":\"https:\\\/\\\/contrastes.com.co\\\/web\\\/2021\\\/01\\\/11\\\/alcaldia-de-soledad-realiza-acompanamiento-a-jovenes-con-problemas-de-adiccion\\\/#primaryimage\"},\"thumbnailUrl\":\"\",\"keywords\":[\"alcaldia de Soledad\",\"Rodolfo Ucr\u00f3s\",\"secretar\u00eda de Salud\"],\"articleSection\":[\"Comunidad\",\"Salud\",\"Seguridad Ciudadana\"],\"inLanguage\":\"es\",\"potentialAction\":[{\"@type\":\"CommentAction\",\"name\":\"Comment\",\"target\":[\"https:\\\/\\\/contrastes.com.co\\\/web\\\/2021\\\/01\\\/11\\\/alcaldia-de-soledad-realiza-acompanamiento-a-jovenes-con-problemas-de-adiccion\\\/#respond\"]}]},{\"@type\":\"WebPage\",\"@id\":\"https:\\\/\\\/contrastes.com.co\\\/web\\\/2021\\\/01\\\/11\\\/alcaldia-de-soledad-realiza-acompanamiento-a-jovenes-con-problemas-de-adiccion\\\/\",\"url\":\"https:\\\/\\\/contrastes.com.co\\\/web\\\/2021\\\/01\\\/11\\\/alcaldia-de-soledad-realiza-acompanamiento-a-jovenes-con-problemas-de-adiccion\\\/\",\"name\":\"Alcald\u00eda de Soledad realiza acompa\u00f1amiento a j\u00f3venes con problemas de adicci\u00f3n - Constrastes\",\"isPartOf\":{\"@id\":\"https:\\\/\\\/contrastes.com.co\\\/web\\\/#website\"},\"primaryImageOfPage\":{\"@id\":\"https:\\\/\\\/contrastes.com.co\\\/web\\\/2021\\\/01\\\/11\\\/alcaldia-de-soledad-realiza-acompanamiento-a-jovenes-con-problemas-de-adiccion\\\/#primaryimage\"},\"image\":{\"@id\":\"https:\\\/\\\/contrastes.com.co\\\/web\\\/2021\\\/01\\\/11\\\/alcaldia-de-soledad-realiza-acompanamiento-a-jovenes-con-problemas-de-adiccion\\\/#primaryimage\"},\"thumbnailUrl\":\"\",\"datePublished\":\"2021-01-12T01:41:11+00:00\",\"breadcrumb\":{\"@id\":\"https:\\\/\\\/contrastes.com.co\\\/web\\\/2021\\\/01\\\/11\\\/alcaldia-de-soledad-realiza-acompanamiento-a-jovenes-con-problemas-de-adiccion\\\/#breadcrumb\"},\"inLanguage\":\"es\",\"potentialAction\":[{\"@type\":\"ReadAction\",\"target\":[\"https:\\\/\\\/contrastes.com.co\\\/web\\\/2021\\\/01\\\/11\\\/alcaldia-de-soledad-realiza-acompanamiento-a-jovenes-con-problemas-de-adiccion\\\/\"]}]},{\"@type\":\"ImageObject\",\"inLanguage\":\"es\",\"@id\":\"https:\\\/\\\/contrastes.com.co\\\/web\\\/2021\\\/01\\\/11\\\/alcaldia-de-soledad-realiza-acompanamiento-a-jovenes-con-problemas-de-adiccion\\\/#primaryimage\",\"url\":\"\",\"contentUrl\":\"\"},{\"@type\":\"BreadcrumbList\",\"@id\":\"https:\\\/\\\/contrastes.com.co\\\/web\\\/2021\\\/01\\\/11\\\/alcaldia-de-soledad-realiza-acompanamiento-a-jovenes-con-problemas-de-adiccion\\\/#breadcrumb\",\"itemListElement\":[{\"@type\":\"ListItem\",\"position\":1,\"name\":\"Portada\",\"item\":\"https:\\\/\\\/contrastes.com.co\\\/web\\\/\"},{\"@type\":\"ListItem\",\"position\":2,\"name\":\"Alcald\u00eda de Soledad realiza acompa\u00f1amiento a j\u00f3venes con problemas de adicci\u00f3n\"}]},{\"@type\":\"WebSite\",\"@id\":\"https:\\\/\\\/contrastes.com.co\\\/web\\\/#website\",\"url\":\"https:\\\/\\\/contrastes.com.co\\\/web\\\/\",\"name\":\"Contrastes\",\"description\":\"Periodismo de Conciencia\",\"publisher\":{\"@id\":\"https:\\\/\\\/contrastes.com.co\\\/web\\\/#organization\"},\"potentialAction\":[{\"@type\":\"SearchAction\",\"target\":{\"@type\":\"EntryPoint\",\"urlTemplate\":\"https:\\\/\\\/contrastes.com.co\\\/web\\\/?s={search_term_string}\"},\"query-input\":{\"@type\":\"PropertyValueSpecification\",\"valueRequired\":true,\"valueName\":\"search_term_string\"}}],\"inLanguage\":\"es\"},{\"@type\":\"Organization\",\"@id\":\"https:\\\/\\\/contrastes.com.co\\\/web\\\/#organization\",\"name\":\"Contrastes\",\"url\":\"https:\\\/\\\/contrastes.com.co\\\/web\\\/\",\"logo\":{\"@type\":\"ImageObject\",\"inLanguage\":\"es\",\"@id\":\"https:\\\/\\\/contrastes.com.co\\\/web\\\/#\\\/schema\\\/logo\\\/image\\\/\",\"url\":\"https:\\\/\\\/contrastes.com.co\\\/web\\\/wp-content\\\/uploads\\\/2025\\\/04\\\/15CONTRASTES3.png\",\"contentUrl\":\"https:\\\/\\\/contrastes.com.co\\\/web\\\/wp-content\\\/uploads\\\/2025\\\/04\\\/15CONTRASTES3.png\",\"width\":1536,\"height\":231,\"caption\":\"Contrastes\"},\"image\":{\"@id\":\"https:\\\/\\\/contrastes.com.co\\\/web\\\/#\\\/schema\\\/logo\\\/image\\\/\"},\"sameAs\":[\"https:\\\/\\\/www.facebook.com\\\/guillo.pantoja.1\"]},{\"@type\":\"Person\",\"@id\":\"https:\\\/\\\/contrastes.com.co\\\/web\\\/#\\\/schema\\\/person\\\/62ef7a62dc4da6de450c71fc2e95ed02\",\"name\":\"Editor\",\"image\":{\"@type\":\"ImageObject\",\"inLanguage\":\"es\",\"@id\":\"https:\\\/\\\/secure.gravatar.com\\\/avatar\\\/7bbb4f718d74bbf600dc556253bb04fd7ac8593751d6e2e3b85432d98aefae80?s=96&d=mm&r=g\",\"url\":\"https:\\\/\\\/secure.gravatar.com\\\/avatar\\\/7bbb4f718d74bbf600dc556253bb04fd7ac8593751d6e2e3b85432d98aefae80?s=96&d=mm&r=g\",\"contentUrl\":\"https:\\\/\\\/secure.gravatar.com\\\/avatar\\\/7bbb4f718d74bbf600dc556253bb04fd7ac8593751d6e2e3b85432d98aefae80?s=96&d=mm&r=g\",\"caption\":\"Editor\"},\"sameAs\":[\"https:\\\/\\\/contrastes.com.co\\\/web\"],\"url\":\"https:\\\/\\\/contrastes.com.co\\\/web\\\/author\\\/jdbobadilla\\\/\"}]}<\/script>\n<!-- \/ Yoast SEO plugin. -->","yoast_head_json":{"title":"Alcald\u00eda de Soledad realiza acompa\u00f1amiento a j\u00f3venes con problemas de adicci\u00f3n - Constrastes","robots":{"index":"index","follow":"follow","max-snippet":"max-snippet:-1","max-image-preview":"max-image-preview:large","max-video-preview":"max-video-preview:-1"},"canonical":"https:\/\/contrastes.com.co\/web\/2021\/01\/11\/alcaldia-de-soledad-realiza-acompanamiento-a-jovenes-con-problemas-de-adiccion\/","og_locale":"es_ES","og_type":"article","og_title":"Alcald\u00eda de Soledad realiza acompa\u00f1amiento a j\u00f3venes con problemas de adicci\u00f3n - Constrastes","og_description":"Alcald\u00eda de Soledad realiza acompa\u00f1amiento a j\u00f3venes con problemas de adicci\u00f3n","og_url":"https:\/\/contrastes.com.co\/web\/2021\/01\/11\/alcaldia-de-soledad-realiza-acompanamiento-a-jovenes-con-problemas-de-adiccion\/","og_site_name":"Constrastes","article_publisher":"https:\/\/www.facebook.com\/guillo.pantoja.1","article_published_time":"2021-01-12T01:41:11+00:00","author":"Editor","twitter_card":"summary_large_image","twitter_misc":{"Escrito por":"Editor","Tiempo de lectura":"1 minuto"},"schema":{"@context":"https:\/\/schema.org","@graph":[{"@type":"Article","@id":"https:\/\/contrastes.com.co\/web\/2021\/01\/11\/alcaldia-de-soledad-realiza-acompanamiento-a-jovenes-con-problemas-de-adiccion\/#article","isPartOf":{"@id":"https:\/\/contrastes.com.co\/web\/2021\/01\/11\/alcaldia-de-soledad-realiza-acompanamiento-a-jovenes-con-problemas-de-adiccion\/"},"author":{"name":"Editor","@id":"https:\/\/contrastes.com.co\/web\/#\/schema\/person\/62ef7a62dc4da6de450c71fc2e95ed02"},"headline":"Alcald\u00eda de Soledad realiza acompa\u00f1amiento a j\u00f3venes con problemas de adicci\u00f3n","datePublished":"2021-01-12T01:41:11+00:00","mainEntityOfPage":{"@id":"https:\/\/contrastes.com.co\/web\/2021\/01\/11\/alcaldia-de-soledad-realiza-acompanamiento-a-jovenes-con-problemas-de-adiccion\/"},"wordCount":223,"commentCount":0,"publisher":{"@id":"https:\/\/contrastes.com.co\/web\/#organization"},"image":{"@id":"https:\/\/contrastes.com.co\/web\/2021\/01\/11\/alcaldia-de-soledad-realiza-acompanamiento-a-jovenes-con-problemas-de-adiccion\/#primaryimage"},"thumbnailUrl":"","keywords":["alcaldia de Soledad","Rodolfo Ucr\u00f3s","secretar\u00eda de Salud"],"articleSection":["Comunidad","Salud","Seguridad Ciudadana"],"inLanguage":"es","potentialAction":[{"@type":"CommentAction","name":"Comment","target":["https:\/\/contrastes.com.co\/web\/2021\/01\/11\/alcaldia-de-soledad-realiza-acompanamiento-a-jovenes-con-problemas-de-adiccion\/#respond"]}]},{"@type":"WebPage","@id":"https:\/\/contrastes.com.co\/web\/2021\/01\/11\/alcaldia-de-soledad-realiza-acompanamiento-a-jovenes-con-problemas-de-adiccion\/","url":"https:\/\/contrastes.com.co\/web\/2021\/01\/11\/alcaldia-de-soledad-realiza-acompanamiento-a-jovenes-con-problemas-de-adiccion\/","name":"Alcald\u00eda de Soledad realiza acompa\u00f1amiento a j\u00f3venes con problemas de adicci\u00f3n - Constrastes","isPartOf":{"@id":"https:\/\/contrastes.com.co\/web\/#website"},"primaryImageOfPage":{"@id":"https:\/\/contrastes.com.co\/web\/2021\/01\/11\/alcaldia-de-soledad-realiza-acompanamiento-a-jovenes-con-problemas-de-adiccion\/#primaryimage"},"image":{"@id":"https:\/\/contrastes.com.co\/web\/2021\/01\/11\/alcaldia-de-soledad-realiza-acompanamiento-a-jovenes-con-problemas-de-adiccion\/#primaryimage"},"thumbnailUrl":"","datePublished":"2021-01-12T01:41:11+00:00","breadcrumb":{"@id":"https:\/\/contrastes.com.co\/web\/2021\/01\/11\/alcaldia-de-soledad-realiza-acompanamiento-a-jovenes-con-problemas-de-adiccion\/#breadcrumb"},"inLanguage":"es","potentialAction":[{"@type":"ReadAction","target":["https:\/\/contrastes.com.co\/web\/2021\/01\/11\/alcaldia-de-soledad-realiza-acompanamiento-a-jovenes-con-problemas-de-adiccion\/"]}]},{"@type":"ImageObject","inLanguage":"es","@id":"https:\/\/contrastes.com.co\/web\/2021\/01\/11\/alcaldia-de-soledad-realiza-acompanamiento-a-jovenes-con-problemas-de-adiccion\/#primaryimage","url":"","contentUrl":""},{"@type":"BreadcrumbList","@id":"https:\/\/contrastes.com.co\/web\/2021\/01\/11\/alcaldia-de-soledad-realiza-acompanamiento-a-jovenes-con-problemas-de-adiccion\/#breadcrumb","itemListElement":[{"@type":"ListItem","position":1,"name":"Portada","item":"https:\/\/contrastes.com.co\/web\/"},{"@type":"ListItem","position":2,"name":"Alcald\u00eda de Soledad realiza acompa\u00f1amiento a j\u00f3venes con problemas de adicci\u00f3n"}]},{"@type":"WebSite","@id":"https:\/\/contrastes.com.co\/web\/#website","url":"https:\/\/contrastes.com.co\/web\/","name":"Contrastes","description":"Periodismo de Conciencia","publisher":{"@id":"https:\/\/contrastes.com.co\/web\/#organization"},"potentialAction":[{"@type":"SearchAction","target":{"@type":"EntryPoint","urlTemplate":"https:\/\/contrastes.com.co\/web\/?s={search_term_string}"},"query-input":{"@type":"PropertyValueSpecification","valueRequired":true,"valueName":"search_term_string"}}],"inLanguage":"es"},{"@type":"Organization","@id":"https:\/\/contrastes.com.co\/web\/#organization","name":"Contrastes","url":"https:\/\/contrastes.com.co\/web\/","logo":{"@type":"ImageObject","inLanguage":"es","@id":"https:\/\/contrastes.com.co\/web\/#\/schema\/logo\/image\/","url":"https:\/\/contrastes.com.co\/web\/wp-content\/uploads\/2025\/04\/15CONTRASTES3.png","contentUrl":"https:\/\/contrastes.com.co\/web\/wp-content\/uploads\/2025\/04\/15CONTRASTES3.png","width":1536,"height":231,"caption":"Contrastes"},"image":{"@id":"https:\/\/contrastes.com.co\/web\/#\/schema\/logo\/image\/"},"sameAs":["https:\/\/www.facebook.com\/guillo.pantoja.1"]},{"@type":"Person","@id":"https:\/\/contrastes.com.co\/web\/#\/schema\/person\/62ef7a62dc4da6de450c71fc2e95ed02","name":"Editor","image":{"@type":"ImageObject","inLanguage":"es","@id":"https:\/\/secure.gravatar.com\/avatar\/7bbb4f718d74bbf600dc556253bb04fd7ac8593751d6e2e3b85432d98aefae80?s=96&d=mm&r=g","url":"https:\/\/secure.gravatar.com\/avatar\/7bbb4f718d74bbf600dc556253bb04fd7ac8593751d6e2e3b85432d98aefae80?s=96&d=mm&r=g","contentUrl":"https:\/\/secure.gravatar.com\/avatar\/7bbb4f718d74bbf600dc556253bb04fd7ac8593751d6e2e3b85432d98aefae80?s=96&d=mm&r=g","caption":"Editor"},"sameAs":["https:\/\/contrastes.com.co\/web"],"url":"https:\/\/contrastes.com.co\/web\/author\/jdbobadilla\/"}]}},"blog_post_layout_featured_media_urls":{"thumbnail":"","full":""},"categories_names":{"10":{"name":"Comunidad","link":"https:\/\/contrastes.com.co\/web\/category\/comunidad\/"},"25":{"name":"Salud","link":"https:\/\/contrastes.com.co\/web\/category\/salud\/"},"53":{"name":"Seguridad Ciudadana","link":"https:\/\/contrastes.com.co\/web\/category\/seguridad-ciudadana\/"}},"tags_names":{"28":{"name":"alcaldia de Soledad","link":"https:\/\/contrastes.com.co\/web\/tag\/alcaldia-de-soledad\/"},"84":{"name":"Rodolfo Ucr\u00f3s","link":"https:\/\/contrastes.com.co\/web\/tag\/rodolfo-ucros\/"},"1794":{"name":"secretar\u00eda de Salud","link":"https:\/\/contrastes.com.co\/web\/tag\/secretaria-de-salud\/"}},"comments_number":"0","wpmagazine_modules_lite_featured_media_urls":{"thumbnail":"","cvmm-medium":"","cvmm-medium-plus":"","cvmm-portrait":"","cvmm-medium-square":"","cvmm-large":"","cvmm-small":"","full":""},"_links":{"self":[{"href":"https:\/\/contrastes.com.co\/web\/wp-json\/wp\/v2\/posts\/3356","targetHints":{"allow":["GET"]}}],"collection":[{"href":"https:\/\/contrastes.com.co\/web\/wp-json\/wp\/v2\/posts"}],"about":[{"href":"https:\/\/contrastes.com.co\/web\/wp-json\/wp\/v2\/types\/post"}],"author":[{"embeddable":true,"href":"https:\/\/contrastes.com.co\/web\/wp-json\/wp\/v2\/users\/1"}],"replies":[{"embeddable":true,"href":"https:\/\/contrastes.com.co\/web\/wp-json\/wp\/v2\/comments?post=3356"}],"version-history":[{"count":0,"href":"https:\/\/contrastes.com.co\/web\/wp-json\/wp\/v2\/posts\/3356\/revisions"}],"wp:attachment":[{"href":"https:\/\/contrastes.com.co\/web\/wp-json\/wp\/v2\/media?parent=3356"}],"wp:term":[{"taxonomy":"category","embeddable":true,"href":"https:\/\/contrastes.com.co\/web\/wp-json\/wp\/v2\/categories?post=3356"},{"taxonomy":"post_tag","embeddable":true,"href":"https:\/\/contrastes.com.co\/web\/wp-json\/wp\/v2\/tags?post=3356"}],"curies":[{"name":"wp","href":"https:\/\/api.w.org\/{rel}","templated":true}]}}