{"id":3636,"date":"2021-01-25T20:39:52","date_gmt":"2021-01-26T01:39:52","guid":{"rendered":"https:\/\/contrastes.com.co\/digital\/?p=3636"},"modified":"2021-01-25T20:39:52","modified_gmt":"2021-01-26T01:39:52","slug":"este-26-de-enero-ejecutan-mejoras-en-el-sistema-electrico","status":"publish","type":"post","link":"https:\/\/contrastes.com.co\/web\/2021\/01\/25\/este-26-de-enero-ejecutan-mejoras-en-el-sistema-electrico\/","title":{"rendered":"Este 26 de enero, ejecutan mejoras en el sistema el\u00e9ctrico"},"content":{"rendered":"<p style=\"text-align: center;\"><strong><em>Este martes 26 de enero se realizar\u00e1n trabajos de lavado de redes en las l\u00edneas que alimentan los municipios de Juan de Acosta, Pioj\u00f3 y Tubar\u00e1. Air-e inform\u00f3 tambi\u00e9n sobre mantenimientos en Soledad y Barranquilla, y normalizaci\u00f3n de redes en Sabanalarga. <\/em><\/strong><\/p>\n<p><strong>Barranquilla.-<\/strong> Dando continuidad a los procesos de optimizaci\u00f3n del servicio de energ\u00eda, la empresa <a href=\"https:\/\/www.air-e.com\/\">Air-e<\/a> realizar\u00e1 este martes, 26 de enero, trabajos de lavado de redes en las l\u00edneas que alimentan los municipios de <strong>Juan de Acosta, Pioj\u00f3 y Tubar\u00e1. <\/strong>Las labores se llevar\u00e1n a cabo entre las 8:00 a.m. y las 11:30 a.m.<\/p>\n<p>Con los trabajos se beneficiar\u00e1n igualmente Chorrera, El Vaiv\u00e9n, San Jos\u00e9 de Saco, Aguas Vivas, El Cerrito, Santa Ver\u00f3nica, Playas de Edrim\u00e1n, Villas de Palmarito, El Morro, Juaruco, Puerto Velero, Playa Mendoza, Puerto Caim\u00e1n, urbanizaci\u00f3n Bocarat\u00f3n, urbanizaci\u00f3n Loma del Mirador, Ferrospri, urbanizaci\u00f3n Cerromar, Brisas del Palmar, Villas de Palmarito, urbanizaci\u00f3n Cerromar, Puerto Velero, urbanizaci\u00f3n Bocarat\u00f3n, urbanizaci\u00f3n Loma del Mirador, Ca\u00f1o Dulce, y las instalaciones de Comfamiliar del Atl\u00e1ntico, Cajacopi y Triple A Guaimaral.<\/p>\n<p>As\u00ed mismo, <strong>en Sabanalarga<\/strong> se realizar\u00e1n normalizaciones de redes, de 8:10 a.m. a 12:00 m., en la calle 26 y 26A con la carrera 7.<\/p>\n<p><strong>En Soledad<\/strong> se realizar\u00e1 mantenimiento en las l\u00edneas que suministran energ\u00eda a la calle 20 y 19 con la carrera 28A y a las calles 19 a la 20, desde la carrera 30 hasta la carrera 33A, desde la 1:00 p.m. hasta las 5:00 p.m.<\/p>\n<p><strong>En Barranquilla<\/strong><\/p>\n<p>Paralelamente, de 9:30 a.m. a 12:00 m. se realizar\u00e1 la instalaci\u00f3n de un poste en el circuito Bosque, a la altura de la calle 45G con carrera 3B. Y de 1:15 p.m. a 4:15 p.m. de la tarde se instalar\u00e1n nuevas estructuras en la calle 56C con carrera 15.<\/p>\n<p>De manera simult\u00e1nea, se intervendr\u00e1 con acciones de mejora el Circuito 20 de julio, con el fin de optimizar la prestaci\u00f3n del servicio. En el horario de 7:50 a.m. a 5:00 p.m. se har\u00e1n mantenimientos en la calle 35 con carrera 10.<\/p>\n<p>Por <strong>labores de mantenimiento<\/strong> se presentar\u00e1n breves interrupciones de 7:00 a.m. a\u00a0 7:20 a.m. en las calles 50C y la calle 51B, desde la carrera 2B hasta la carrera 3; de 7:35 a.m. a 8:00 a.m. entre la calle 50D y la calle 51B, desde la carrera 3C hasta la carrera 3H1; de 8:20 a.m. a 8:35 a.m. en las carreras 4 a la carrera 4C, desde la calle 51C hasta a la calle 52; de 9:00 a.m. a 9:20 a.m. en la carrera 9C con calle 80; de 9:30 a.m. a 9:45 a.m. en la carrera 4 con carrera 49E; de 10:00 a.m. a 10:35 a.m. en la carrera 1E con calle 51B; de 10:45 a.m. a 11:00 a.m. en la carrera 1E con la calle 51; de 11:05 a.m. a 11:25 a.m. en la carrera 3G con la calle 52B.<\/p>\n<p>De manera coordinada, la operativa de <a href=\"https:\/\/www.air-e.com\/\">Air-e<\/a> llevar\u00e1 a cabo mantenimientos preventivos, de 8:30 a.m. a 5:00 p.m. en las l\u00edneas que suministran energ\u00eda a la Avenida Circunvalar, desde la carrera 43 a la 46 (Autonorte, Autolitoral, Estaci\u00f3n de Servicio Miramar, Distribuidora Nissan).<\/p>\n<p>Durante la realizaci\u00f3n de estas labores se deber\u00e1 suspender brevemente el servicio de 8:30 a 9:00 a.m. y de 4:30 a 5:00 p.m. en las l\u00edneas que suministran energ\u00eda a los barrios Villa Santos, Cl\u00ednica Portoazul, Villa Campestre, Ol\u00edmpica Villa Campestre, Conjunto Residencial Los Corales en Puerto Colombia, Universidad del Norte, Edificio Green Park y Colegio San Jos\u00e9 en Puerto Colombia.<\/p>\n<p>&nbsp;<\/p>\n<p><em>Prensa Air-e<\/em><\/p>\n","protected":false},"excerpt":{"rendered":"<p>Este martes 26 de enero se realizar\u00e1n trabajos de lavado de redes en las l\u00edneas que alimentan los municipios de Juan de Acosta, Pioj\u00f3 y Tubar\u00e1. Air-e inform\u00f3 tambi\u00e9n sobre mantenimientos en Soledad y Barranquilla, y normalizaci\u00f3n de redes en Sabanalarga.<\/p>\n<p>Barranquilla.- Dando continuidad a los procesos de optimizaci\u00f3n del servicio de energ\u00eda, la empresa Air-e realizar\u00e1 este martes, 26 de enero, trabajos de lavado de redes en las l\u00edneas que alimentan los municipios de Juan de Acosta, Pioj\u00f3 y Tubar\u00e1. Las labores se llevar\u00e1n a cabo entre las 8:00 a.m. y las 11:30 a.m.<\/p>\n","protected":false},"author":1,"featured_media":3638,"comment_status":"open","ping_status":"open","sticky":false,"template":"","format":"standard","meta":{"footnotes":""},"categories":[10,11,23,859],"tags":[1684,311,1930,1931,1932,1933,1934,1935,260,1766],"class_list":["post-3636","post","type-post","status-publish","format-standard","has-post-thumbnail","hentry","category-comunidad","category-infraestructura","category-locales","category-servicio-publicos","tag-air-e","tag-barranquilla","tag-interrupcion-del-servicio-electrico","tag-juan-de-acosta","tag-lavado-de-redes","tag-mantenimiento-de-redes","tag-piojo","tag-servicio-de-energia","tag-soledad","tag-tubara"],"yoast_head":"<!-- This site is optimized with the Yoast SEO plugin v27.7 - https:\/\/yoast.com\/product\/yoast-seo-wordpress\/ -->\n<title>Este 26 de enero, ejecutan mejoras en el sistema el\u00e9ctrico - Constrastes<\/title>\n<meta name=\"robots\" content=\"index, follow, max-snippet:-1, max-image-preview:large, max-video-preview:-1\" \/>\n<link rel=\"canonical\" href=\"https:\/\/contrastes.com.co\/web\/2021\/01\/25\/este-26-de-enero-ejecutan-mejoras-en-el-sistema-electrico\/\" \/>\n<meta property=\"og:locale\" content=\"es_ES\" \/>\n<meta property=\"og:type\" content=\"article\" \/>\n<meta property=\"og:title\" content=\"Este 26 de enero, ejecutan mejoras en el sistema el\u00e9ctrico - Constrastes\" \/>\n<meta property=\"og:description\" content=\"Este martes 26 de enero se realizar\u00e1n trabajos de lavado de redes en las l\u00edneas que alimentan los municipios de Juan de Acosta, Pioj\u00f3 y Tubar\u00e1. Air-e inform\u00f3 tambi\u00e9n sobre mantenimientos en Soledad y Barranquilla, y normalizaci\u00f3n de redes en Sabanalarga. Barranquilla.- Dando continuidad a los procesos de optimizaci\u00f3n del servicio de energ\u00eda, la empresa Air-e realizar\u00e1 este martes, 26 de enero, trabajos de lavado de redes en las l\u00edneas que alimentan los municipios de Juan de Acosta, Pioj\u00f3 y Tubar\u00e1. Las labores se llevar\u00e1n a cabo entre las 8:00 a.m. y las 11:30 a.m.\" \/>\n<meta property=\"og:url\" content=\"https:\/\/contrastes.com.co\/web\/2021\/01\/25\/este-26-de-enero-ejecutan-mejoras-en-el-sistema-electrico\/\" \/>\n<meta property=\"og:site_name\" content=\"Constrastes\" \/>\n<meta property=\"article:publisher\" content=\"https:\/\/www.facebook.com\/guillo.pantoja.1\" \/>\n<meta property=\"article:published_time\" content=\"2021-01-26T01:39:52+00:00\" \/>\n<meta name=\"author\" content=\"Editor\" \/>\n<meta name=\"twitter:card\" content=\"summary_large_image\" \/>\n<meta name=\"twitter:label1\" content=\"Escrito por\" \/>\n\t<meta name=\"twitter:data1\" content=\"Editor\" \/>\n\t<meta name=\"twitter:label2\" content=\"Tiempo de lectura\" \/>\n\t<meta name=\"twitter:data2\" content=\"3 minutos\" \/>\n<script type=\"application\/ld+json\" class=\"yoast-schema-graph\">{\"@context\":\"https:\\\/\\\/schema.org\",\"@graph\":[{\"@type\":\"Article\",\"@id\":\"https:\\\/\\\/contrastes.com.co\\\/web\\\/2021\\\/01\\\/25\\\/este-26-de-enero-ejecutan-mejoras-en-el-sistema-electrico\\\/#article\",\"isPartOf\":{\"@id\":\"https:\\\/\\\/contrastes.com.co\\\/web\\\/2021\\\/01\\\/25\\\/este-26-de-enero-ejecutan-mejoras-en-el-sistema-electrico\\\/\"},\"author\":{\"name\":\"Editor\",\"@id\":\"https:\\\/\\\/contrastes.com.co\\\/web\\\/#\\\/schema\\\/person\\\/62ef7a62dc4da6de450c71fc2e95ed02\"},\"headline\":\"Este 26 de enero, ejecutan mejoras en el sistema el\u00e9ctrico\",\"datePublished\":\"2021-01-26T01:39:52+00:00\",\"mainEntityOfPage\":{\"@id\":\"https:\\\/\\\/contrastes.com.co\\\/web\\\/2021\\\/01\\\/25\\\/este-26-de-enero-ejecutan-mejoras-en-el-sistema-electrico\\\/\"},\"wordCount\":606,\"commentCount\":0,\"publisher\":{\"@id\":\"https:\\\/\\\/contrastes.com.co\\\/web\\\/#organization\"},\"image\":{\"@id\":\"https:\\\/\\\/contrastes.com.co\\\/web\\\/2021\\\/01\\\/25\\\/este-26-de-enero-ejecutan-mejoras-en-el-sistema-electrico\\\/#primaryimage\"},\"thumbnailUrl\":\"\",\"keywords\":[\"Air-E\",\"Barranquilla\",\"Interrupci\u00f3n del servicio el\u00e9ctrico\",\"Juan de Acosta\",\"Lavado de redes\",\"Mantenimiento de redes\",\"Pioj\u00f3\",\"Servicio de energ\u00eda\",\"Soledad\",\"Tubar\u00e1\"],\"articleSection\":[\"Comunidad\",\"Infraestructura\",\"Locales\",\"Servicio P\u00fablicos\"],\"inLanguage\":\"es\",\"potentialAction\":[{\"@type\":\"CommentAction\",\"name\":\"Comment\",\"target\":[\"https:\\\/\\\/contrastes.com.co\\\/web\\\/2021\\\/01\\\/25\\\/este-26-de-enero-ejecutan-mejoras-en-el-sistema-electrico\\\/#respond\"]}]},{\"@type\":\"WebPage\",\"@id\":\"https:\\\/\\\/contrastes.com.co\\\/web\\\/2021\\\/01\\\/25\\\/este-26-de-enero-ejecutan-mejoras-en-el-sistema-electrico\\\/\",\"url\":\"https:\\\/\\\/contrastes.com.co\\\/web\\\/2021\\\/01\\\/25\\\/este-26-de-enero-ejecutan-mejoras-en-el-sistema-electrico\\\/\",\"name\":\"Este 26 de enero, ejecutan mejoras en el sistema el\u00e9ctrico - Constrastes\",\"isPartOf\":{\"@id\":\"https:\\\/\\\/contrastes.com.co\\\/web\\\/#website\"},\"primaryImageOfPage\":{\"@id\":\"https:\\\/\\\/contrastes.com.co\\\/web\\\/2021\\\/01\\\/25\\\/este-26-de-enero-ejecutan-mejoras-en-el-sistema-electrico\\\/#primaryimage\"},\"image\":{\"@id\":\"https:\\\/\\\/contrastes.com.co\\\/web\\\/2021\\\/01\\\/25\\\/este-26-de-enero-ejecutan-mejoras-en-el-sistema-electrico\\\/#primaryimage\"},\"thumbnailUrl\":\"\",\"datePublished\":\"2021-01-26T01:39:52+00:00\",\"breadcrumb\":{\"@id\":\"https:\\\/\\\/contrastes.com.co\\\/web\\\/2021\\\/01\\\/25\\\/este-26-de-enero-ejecutan-mejoras-en-el-sistema-electrico\\\/#breadcrumb\"},\"inLanguage\":\"es\",\"potentialAction\":[{\"@type\":\"ReadAction\",\"target\":[\"https:\\\/\\\/contrastes.com.co\\\/web\\\/2021\\\/01\\\/25\\\/este-26-de-enero-ejecutan-mejoras-en-el-sistema-electrico\\\/\"]}]},{\"@type\":\"ImageObject\",\"inLanguage\":\"es\",\"@id\":\"https:\\\/\\\/contrastes.com.co\\\/web\\\/2021\\\/01\\\/25\\\/este-26-de-enero-ejecutan-mejoras-en-el-sistema-electrico\\\/#primaryimage\",\"url\":\"\",\"contentUrl\":\"\"},{\"@type\":\"BreadcrumbList\",\"@id\":\"https:\\\/\\\/contrastes.com.co\\\/web\\\/2021\\\/01\\\/25\\\/este-26-de-enero-ejecutan-mejoras-en-el-sistema-electrico\\\/#breadcrumb\",\"itemListElement\":[{\"@type\":\"ListItem\",\"position\":1,\"name\":\"Portada\",\"item\":\"https:\\\/\\\/contrastes.com.co\\\/web\\\/\"},{\"@type\":\"ListItem\",\"position\":2,\"name\":\"Este 26 de enero, ejecutan mejoras en el sistema el\u00e9ctrico\"}]},{\"@type\":\"WebSite\",\"@id\":\"https:\\\/\\\/contrastes.com.co\\\/web\\\/#website\",\"url\":\"https:\\\/\\\/contrastes.com.co\\\/web\\\/\",\"name\":\"Contrastes\",\"description\":\"Periodismo de Conciencia\",\"publisher\":{\"@id\":\"https:\\\/\\\/contrastes.com.co\\\/web\\\/#organization\"},\"potentialAction\":[{\"@type\":\"SearchAction\",\"target\":{\"@type\":\"EntryPoint\",\"urlTemplate\":\"https:\\\/\\\/contrastes.com.co\\\/web\\\/?s={search_term_string}\"},\"query-input\":{\"@type\":\"PropertyValueSpecification\",\"valueRequired\":true,\"valueName\":\"search_term_string\"}}],\"inLanguage\":\"es\"},{\"@type\":\"Organization\",\"@id\":\"https:\\\/\\\/contrastes.com.co\\\/web\\\/#organization\",\"name\":\"Contrastes\",\"url\":\"https:\\\/\\\/contrastes.com.co\\\/web\\\/\",\"logo\":{\"@type\":\"ImageObject\",\"inLanguage\":\"es\",\"@id\":\"https:\\\/\\\/contrastes.com.co\\\/web\\\/#\\\/schema\\\/logo\\\/image\\\/\",\"url\":\"https:\\\/\\\/contrastes.com.co\\\/web\\\/wp-content\\\/uploads\\\/2025\\\/04\\\/15CONTRASTES3.png\",\"contentUrl\":\"https:\\\/\\\/contrastes.com.co\\\/web\\\/wp-content\\\/uploads\\\/2025\\\/04\\\/15CONTRASTES3.png\",\"width\":1536,\"height\":231,\"caption\":\"Contrastes\"},\"image\":{\"@id\":\"https:\\\/\\\/contrastes.com.co\\\/web\\\/#\\\/schema\\\/logo\\\/image\\\/\"},\"sameAs\":[\"https:\\\/\\\/www.facebook.com\\\/guillo.pantoja.1\"]},{\"@type\":\"Person\",\"@id\":\"https:\\\/\\\/contrastes.com.co\\\/web\\\/#\\\/schema\\\/person\\\/62ef7a62dc4da6de450c71fc2e95ed02\",\"name\":\"Editor\",\"image\":{\"@type\":\"ImageObject\",\"inLanguage\":\"es\",\"@id\":\"https:\\\/\\\/secure.gravatar.com\\\/avatar\\\/7bbb4f718d74bbf600dc556253bb04fd7ac8593751d6e2e3b85432d98aefae80?s=96&d=mm&r=g\",\"url\":\"https:\\\/\\\/secure.gravatar.com\\\/avatar\\\/7bbb4f718d74bbf600dc556253bb04fd7ac8593751d6e2e3b85432d98aefae80?s=96&d=mm&r=g\",\"contentUrl\":\"https:\\\/\\\/secure.gravatar.com\\\/avatar\\\/7bbb4f718d74bbf600dc556253bb04fd7ac8593751d6e2e3b85432d98aefae80?s=96&d=mm&r=g\",\"caption\":\"Editor\"},\"sameAs\":[\"https:\\\/\\\/contrastes.com.co\\\/web\"],\"url\":\"https:\\\/\\\/contrastes.com.co\\\/web\\\/author\\\/jdbobadilla\\\/\"}]}<\/script>\n<!-- \/ Yoast SEO plugin. -->","yoast_head_json":{"title":"Este 26 de enero, ejecutan mejoras en el sistema el\u00e9ctrico - Constrastes","robots":{"index":"index","follow":"follow","max-snippet":"max-snippet:-1","max-image-preview":"max-image-preview:large","max-video-preview":"max-video-preview:-1"},"canonical":"https:\/\/contrastes.com.co\/web\/2021\/01\/25\/este-26-de-enero-ejecutan-mejoras-en-el-sistema-electrico\/","og_locale":"es_ES","og_type":"article","og_title":"Este 26 de enero, ejecutan mejoras en el sistema el\u00e9ctrico - Constrastes","og_description":"Este martes 26 de enero se realizar\u00e1n trabajos de lavado de redes en las l\u00edneas que alimentan los municipios de Juan de Acosta, Pioj\u00f3 y Tubar\u00e1. Air-e inform\u00f3 tambi\u00e9n sobre mantenimientos en Soledad y Barranquilla, y normalizaci\u00f3n de redes en Sabanalarga. Barranquilla.- Dando continuidad a los procesos de optimizaci\u00f3n del servicio de energ\u00eda, la empresa Air-e realizar\u00e1 este martes, 26 de enero, trabajos de lavado de redes en las l\u00edneas que alimentan los municipios de Juan de Acosta, Pioj\u00f3 y Tubar\u00e1. Las labores se llevar\u00e1n a cabo entre las 8:00 a.m. y las 11:30 a.m.","og_url":"https:\/\/contrastes.com.co\/web\/2021\/01\/25\/este-26-de-enero-ejecutan-mejoras-en-el-sistema-electrico\/","og_site_name":"Constrastes","article_publisher":"https:\/\/www.facebook.com\/guillo.pantoja.1","article_published_time":"2021-01-26T01:39:52+00:00","author":"Editor","twitter_card":"summary_large_image","twitter_misc":{"Escrito por":"Editor","Tiempo de lectura":"3 minutos"},"schema":{"@context":"https:\/\/schema.org","@graph":[{"@type":"Article","@id":"https:\/\/contrastes.com.co\/web\/2021\/01\/25\/este-26-de-enero-ejecutan-mejoras-en-el-sistema-electrico\/#article","isPartOf":{"@id":"https:\/\/contrastes.com.co\/web\/2021\/01\/25\/este-26-de-enero-ejecutan-mejoras-en-el-sistema-electrico\/"},"author":{"name":"Editor","@id":"https:\/\/contrastes.com.co\/web\/#\/schema\/person\/62ef7a62dc4da6de450c71fc2e95ed02"},"headline":"Este 26 de enero, ejecutan mejoras en el sistema el\u00e9ctrico","datePublished":"2021-01-26T01:39:52+00:00","mainEntityOfPage":{"@id":"https:\/\/contrastes.com.co\/web\/2021\/01\/25\/este-26-de-enero-ejecutan-mejoras-en-el-sistema-electrico\/"},"wordCount":606,"commentCount":0,"publisher":{"@id":"https:\/\/contrastes.com.co\/web\/#organization"},"image":{"@id":"https:\/\/contrastes.com.co\/web\/2021\/01\/25\/este-26-de-enero-ejecutan-mejoras-en-el-sistema-electrico\/#primaryimage"},"thumbnailUrl":"","keywords":["Air-E","Barranquilla","Interrupci\u00f3n del servicio el\u00e9ctrico","Juan de Acosta","Lavado de redes","Mantenimiento de redes","Pioj\u00f3","Servicio de energ\u00eda","Soledad","Tubar\u00e1"],"articleSection":["Comunidad","Infraestructura","Locales","Servicio P\u00fablicos"],"inLanguage":"es","potentialAction":[{"@type":"CommentAction","name":"Comment","target":["https:\/\/contrastes.com.co\/web\/2021\/01\/25\/este-26-de-enero-ejecutan-mejoras-en-el-sistema-electrico\/#respond"]}]},{"@type":"WebPage","@id":"https:\/\/contrastes.com.co\/web\/2021\/01\/25\/este-26-de-enero-ejecutan-mejoras-en-el-sistema-electrico\/","url":"https:\/\/contrastes.com.co\/web\/2021\/01\/25\/este-26-de-enero-ejecutan-mejoras-en-el-sistema-electrico\/","name":"Este 26 de enero, ejecutan mejoras en el sistema el\u00e9ctrico - Constrastes","isPartOf":{"@id":"https:\/\/contrastes.com.co\/web\/#website"},"primaryImageOfPage":{"@id":"https:\/\/contrastes.com.co\/web\/2021\/01\/25\/este-26-de-enero-ejecutan-mejoras-en-el-sistema-electrico\/#primaryimage"},"image":{"@id":"https:\/\/contrastes.com.co\/web\/2021\/01\/25\/este-26-de-enero-ejecutan-mejoras-en-el-sistema-electrico\/#primaryimage"},"thumbnailUrl":"","datePublished":"2021-01-26T01:39:52+00:00","breadcrumb":{"@id":"https:\/\/contrastes.com.co\/web\/2021\/01\/25\/este-26-de-enero-ejecutan-mejoras-en-el-sistema-electrico\/#breadcrumb"},"inLanguage":"es","potentialAction":[{"@type":"ReadAction","target":["https:\/\/contrastes.com.co\/web\/2021\/01\/25\/este-26-de-enero-ejecutan-mejoras-en-el-sistema-electrico\/"]}]},{"@type":"ImageObject","inLanguage":"es","@id":"https:\/\/contrastes.com.co\/web\/2021\/01\/25\/este-26-de-enero-ejecutan-mejoras-en-el-sistema-electrico\/#primaryimage","url":"","contentUrl":""},{"@type":"BreadcrumbList","@id":"https:\/\/contrastes.com.co\/web\/2021\/01\/25\/este-26-de-enero-ejecutan-mejoras-en-el-sistema-electrico\/#breadcrumb","itemListElement":[{"@type":"ListItem","position":1,"name":"Portada","item":"https:\/\/contrastes.com.co\/web\/"},{"@type":"ListItem","position":2,"name":"Este 26 de enero, ejecutan mejoras en el sistema el\u00e9ctrico"}]},{"@type":"WebSite","@id":"https:\/\/contrastes.com.co\/web\/#website","url":"https:\/\/contrastes.com.co\/web\/","name":"Contrastes","description":"Periodismo de Conciencia","publisher":{"@id":"https:\/\/contrastes.com.co\/web\/#organization"},"potentialAction":[{"@type":"SearchAction","target":{"@type":"EntryPoint","urlTemplate":"https:\/\/contrastes.com.co\/web\/?s={search_term_string}"},"query-input":{"@type":"PropertyValueSpecification","valueRequired":true,"valueName":"search_term_string"}}],"inLanguage":"es"},{"@type":"Organization","@id":"https:\/\/contrastes.com.co\/web\/#organization","name":"Contrastes","url":"https:\/\/contrastes.com.co\/web\/","logo":{"@type":"ImageObject","inLanguage":"es","@id":"https:\/\/contrastes.com.co\/web\/#\/schema\/logo\/image\/","url":"https:\/\/contrastes.com.co\/web\/wp-content\/uploads\/2025\/04\/15CONTRASTES3.png","contentUrl":"https:\/\/contrastes.com.co\/web\/wp-content\/uploads\/2025\/04\/15CONTRASTES3.png","width":1536,"height":231,"caption":"Contrastes"},"image":{"@id":"https:\/\/contrastes.com.co\/web\/#\/schema\/logo\/image\/"},"sameAs":["https:\/\/www.facebook.com\/guillo.pantoja.1"]},{"@type":"Person","@id":"https:\/\/contrastes.com.co\/web\/#\/schema\/person\/62ef7a62dc4da6de450c71fc2e95ed02","name":"Editor","image":{"@type":"ImageObject","inLanguage":"es","@id":"https:\/\/secure.gravatar.com\/avatar\/7bbb4f718d74bbf600dc556253bb04fd7ac8593751d6e2e3b85432d98aefae80?s=96&d=mm&r=g","url":"https:\/\/secure.gravatar.com\/avatar\/7bbb4f718d74bbf600dc556253bb04fd7ac8593751d6e2e3b85432d98aefae80?s=96&d=mm&r=g","contentUrl":"https:\/\/secure.gravatar.com\/avatar\/7bbb4f718d74bbf600dc556253bb04fd7ac8593751d6e2e3b85432d98aefae80?s=96&d=mm&r=g","caption":"Editor"},"sameAs":["https:\/\/contrastes.com.co\/web"],"url":"https:\/\/contrastes.com.co\/web\/author\/jdbobadilla\/"}]}},"blog_post_layout_featured_media_urls":{"thumbnail":"","full":""},"categories_names":{"10":{"name":"Comunidad","link":"https:\/\/contrastes.com.co\/web\/category\/comunidad\/"},"11":{"name":"Infraestructura","link":"https:\/\/contrastes.com.co\/web\/category\/infraestructura\/"},"23":{"name":"Locales","link":"https:\/\/contrastes.com.co\/web\/category\/locales\/"},"859":{"name":"Servicio P\u00fablicos","link":"https:\/\/contrastes.com.co\/web\/category\/servicio-publicos\/"}},"tags_names":{"1684":{"name":"Air-E","link":"https:\/\/contrastes.com.co\/web\/tag\/air-e\/"},"311":{"name":"Barranquilla","link":"https:\/\/contrastes.com.co\/web\/tag\/barranquilla\/"},"1930":{"name":"Interrupci\u00f3n del servicio el\u00e9ctrico","link":"https:\/\/contrastes.com.co\/web\/tag\/interrupcion-del-servicio-electrico\/"},"1931":{"name":"Juan de Acosta","link":"https:\/\/contrastes.com.co\/web\/tag\/juan-de-acosta\/"},"1932":{"name":"Lavado de redes","link":"https:\/\/contrastes.com.co\/web\/tag\/lavado-de-redes\/"},"1933":{"name":"Mantenimiento de redes","link":"https:\/\/contrastes.com.co\/web\/tag\/mantenimiento-de-redes\/"},"1934":{"name":"Pioj\u00f3","link":"https:\/\/contrastes.com.co\/web\/tag\/piojo\/"},"1935":{"name":"Servicio de energ\u00eda","link":"https:\/\/contrastes.com.co\/web\/tag\/servicio-de-energia\/"},"260":{"name":"Soledad","link":"https:\/\/contrastes.com.co\/web\/tag\/soledad\/"},"1766":{"name":"Tubar\u00e1","link":"https:\/\/contrastes.com.co\/web\/tag\/tubara\/"}},"comments_number":"0","wpmagazine_modules_lite_featured_media_urls":{"thumbnail":"","cvmm-medium":"","cvmm-medium-plus":"","cvmm-portrait":"","cvmm-medium-square":"","cvmm-large":"","cvmm-small":"","full":""},"_links":{"self":[{"href":"https:\/\/contrastes.com.co\/web\/wp-json\/wp\/v2\/posts\/3636","targetHints":{"allow":["GET"]}}],"collection":[{"href":"https:\/\/contrastes.com.co\/web\/wp-json\/wp\/v2\/posts"}],"about":[{"href":"https:\/\/contrastes.com.co\/web\/wp-json\/wp\/v2\/types\/post"}],"author":[{"embeddable":true,"href":"https:\/\/contrastes.com.co\/web\/wp-json\/wp\/v2\/users\/1"}],"replies":[{"embeddable":true,"href":"https:\/\/contrastes.com.co\/web\/wp-json\/wp\/v2\/comments?post=3636"}],"version-history":[{"count":0,"href":"https:\/\/contrastes.com.co\/web\/wp-json\/wp\/v2\/posts\/3636\/revisions"}],"wp:attachment":[{"href":"https:\/\/contrastes.com.co\/web\/wp-json\/wp\/v2\/media?parent=3636"}],"wp:term":[{"taxonomy":"category","embeddable":true,"href":"https:\/\/contrastes.com.co\/web\/wp-json\/wp\/v2\/categories?post=3636"},{"taxonomy":"post_tag","embeddable":true,"href":"https:\/\/contrastes.com.co\/web\/wp-json\/wp\/v2\/tags?post=3636"}],"curies":[{"name":"wp","href":"https:\/\/api.w.org\/{rel}","templated":true}]}}