{"id":4038,"date":"2021-02-07T10:40:09","date_gmt":"2021-02-07T15:40:09","guid":{"rendered":"https:\/\/contrastes.com.co\/digital\/?p=4038"},"modified":"2021-02-07T10:40:09","modified_gmt":"2021-02-07T15:40:09","slug":"juan-carlos-de-la-cruz-nuevo-secretario-tic-del-atlantico","status":"publish","type":"post","link":"https:\/\/contrastes.com.co\/web\/2021\/02\/07\/juan-carlos-de-la-cruz-nuevo-secretario-tic-del-atlantico\/","title":{"rendered":"Juan Carlos de la Cruz, nuevo secretario TIC del Atl\u00e1ntico"},"content":{"rendered":"<p style=\"text-align: center;\"><strong><em>A cargo de las Tecnolog\u00edas de la Informaci\u00f3n y las Comunicaciones de la Gobernaci\u00f3n, el abogado tendr\u00e1 el reto de conectar al departamento.<\/em><\/strong><\/p>\n<p><strong>Barranquilla.-<\/strong> La gobernadora Elsa Noguera recibi\u00f3 hoy en su despacho al nuevo secretario de Tecnolog\u00edas de la Informaci\u00f3n y las Comunicaciones de la <a href=\"https:\/\/www.atlantico.gov.co\">Gobernaci\u00f3n del Atl\u00e1ntico<\/a>, <strong>Juan Carlos de la Cruz.<\/strong><\/p>\n<p>\u00abLe doy la bienvenida a Juan Carlos en nuestro equipo y estoy segura que continuar\u00e1 con los proyectos que se vienen en desarrollo en la Secretar\u00eda. Tambi\u00e9n quiero agradecer a <strong>Camilo Cepeda Tarud<\/strong>, quien trabaj\u00f3 este primer a\u00f1o de gobierno liderando la transformaci\u00f3n digital del departamento para que el talento de nuestros atlanticenses siga llegando al mundo entero\u00bb, manifest\u00f3 la gobernadora.<\/p>\n<p>El nuevo secretario cuenta con conocimiento y experiencia en el sector, especialmente en el campo de la implementaci\u00f3n de las pol\u00edticas del Gobierno Digital del <a href=\"https:\/\/www.mintic.gov.co\/portal\/inicio\/\">Ministerio de las TIC<\/a>.<\/p>\n<p>\u00abLa solicitud de la gobernadora es que podamos continuar con la misi\u00f3n de hacer que las TIC hagan presencia en todos los rincones del departamento, desde las cabeceras municipales hasta los corregimientos, veredas y centros poblados m\u00e1s apartados, y en todos los sectores: TIC para educar, para trabajar, para la seguridad, para la salud y, en fin, TIC para el desarrollo social\u00bb, indic\u00f3 el nuevo secretario.<\/p>\n<p style=\"text-align: center;\"><img fetchpriority=\"high\" decoding=\"async\" class=\"alignleft size-full wp-image-4040\" src=\"https:\/\/contrastes.com.co\/digital\/wp-content\/uploads\/2021\/02\/Secretario-TIC.jpg\" alt=\"\" width=\"1024\" height=\"615\" \/><\/p>\n<p>&nbsp;<\/p>\n<p><em>Prensa Gobernaci\u00f3n del Atl\u00e1ntico<\/em><\/p>\n","protected":false},"excerpt":{"rendered":"<p>Barranquilla.- La gobernadora Elsa Noguera recibi\u00f3 hoy en su despacho al nuevo secretario de Tecnolog\u00edas de la Informaci\u00f3n y las Comunicaciones de la Gobernaci\u00f3n del Atl\u00e1ntico, Juan Carlos de la Cruz.<\/p>\n","protected":false},"author":1,"featured_media":4041,"comment_status":"open","ping_status":"open","sticky":false,"template":"","format":"standard","meta":{"footnotes":""},"categories":[24,141],"tags":[2244,15,2245,1854],"class_list":["post-4038","post","type-post","status-publish","format-standard","has-post-thumbnail","hentry","category-region","category-tecnologia","tag-camilo-cepeda-tarud","tag-gobernacion-del-atlantico","tag-juan-carlos-de-la-cruz","tag-ministerio-tic"],"yoast_head":"<!-- This site is optimized with the Yoast SEO plugin v27.7 - https:\/\/yoast.com\/product\/yoast-seo-wordpress\/ -->\n<title>Juan Carlos de la Cruz, nuevo secretario TIC del Atl\u00e1ntico - Constrastes<\/title>\n<meta name=\"robots\" content=\"index, follow, max-snippet:-1, max-image-preview:large, max-video-preview:-1\" \/>\n<link rel=\"canonical\" href=\"https:\/\/contrastes.com.co\/web\/2021\/02\/07\/juan-carlos-de-la-cruz-nuevo-secretario-tic-del-atlantico\/\" \/>\n<meta property=\"og:locale\" content=\"es_ES\" \/>\n<meta property=\"og:type\" content=\"article\" \/>\n<meta property=\"og:title\" content=\"Juan Carlos de la Cruz, nuevo secretario TIC del Atl\u00e1ntico - Constrastes\" \/>\n<meta property=\"og:description\" content=\"Barranquilla.- La gobernadora Elsa Noguera recibi\u00f3 hoy en su despacho al nuevo secretario de Tecnolog\u00edas de la Informaci\u00f3n y las Comunicaciones de la Gobernaci\u00f3n del Atl\u00e1ntico, Juan Carlos de la Cruz.\" \/>\n<meta property=\"og:url\" content=\"https:\/\/contrastes.com.co\/web\/2021\/02\/07\/juan-carlos-de-la-cruz-nuevo-secretario-tic-del-atlantico\/\" \/>\n<meta property=\"og:site_name\" content=\"Constrastes\" \/>\n<meta property=\"article:publisher\" content=\"https:\/\/www.facebook.com\/guillo.pantoja.1\" \/>\n<meta property=\"article:published_time\" content=\"2021-02-07T15:40:09+00:00\" \/>\n<meta name=\"author\" content=\"Editor\" \/>\n<meta name=\"twitter:card\" content=\"summary_large_image\" \/>\n<meta name=\"twitter:label1\" content=\"Escrito por\" \/>\n\t<meta name=\"twitter:data1\" content=\"Editor\" \/>\n\t<meta name=\"twitter:label2\" content=\"Tiempo de lectura\" \/>\n\t<meta name=\"twitter:data2\" content=\"1 minuto\" \/>\n<script type=\"application\/ld+json\" class=\"yoast-schema-graph\">{\"@context\":\"https:\\\/\\\/schema.org\",\"@graph\":[{\"@type\":\"Article\",\"@id\":\"https:\\\/\\\/contrastes.com.co\\\/web\\\/2021\\\/02\\\/07\\\/juan-carlos-de-la-cruz-nuevo-secretario-tic-del-atlantico\\\/#article\",\"isPartOf\":{\"@id\":\"https:\\\/\\\/contrastes.com.co\\\/web\\\/2021\\\/02\\\/07\\\/juan-carlos-de-la-cruz-nuevo-secretario-tic-del-atlantico\\\/\"},\"author\":{\"name\":\"Editor\",\"@id\":\"https:\\\/\\\/contrastes.com.co\\\/web\\\/#\\\/schema\\\/person\\\/62ef7a62dc4da6de450c71fc2e95ed02\"},\"headline\":\"Juan Carlos de la Cruz, nuevo secretario TIC del Atl\u00e1ntico\",\"datePublished\":\"2021-02-07T15:40:09+00:00\",\"mainEntityOfPage\":{\"@id\":\"https:\\\/\\\/contrastes.com.co\\\/web\\\/2021\\\/02\\\/07\\\/juan-carlos-de-la-cruz-nuevo-secretario-tic-del-atlantico\\\/\"},\"wordCount\":244,\"commentCount\":0,\"publisher\":{\"@id\":\"https:\\\/\\\/contrastes.com.co\\\/web\\\/#organization\"},\"image\":{\"@id\":\"https:\\\/\\\/contrastes.com.co\\\/web\\\/2021\\\/02\\\/07\\\/juan-carlos-de-la-cruz-nuevo-secretario-tic-del-atlantico\\\/#primaryimage\"},\"thumbnailUrl\":\"\",\"keywords\":[\"Camilo Cepeda Tarud\",\"gobernaci\u00f3n del Atl\u00e1ntico\",\"Juan Carlos de la Cruz\",\"Ministerio TIC\"],\"articleSection\":[\"Regi\u00f3n\",\"Tecnolog\u00eda\"],\"inLanguage\":\"es\",\"potentialAction\":[{\"@type\":\"CommentAction\",\"name\":\"Comment\",\"target\":[\"https:\\\/\\\/contrastes.com.co\\\/web\\\/2021\\\/02\\\/07\\\/juan-carlos-de-la-cruz-nuevo-secretario-tic-del-atlantico\\\/#respond\"]}]},{\"@type\":\"WebPage\",\"@id\":\"https:\\\/\\\/contrastes.com.co\\\/web\\\/2021\\\/02\\\/07\\\/juan-carlos-de-la-cruz-nuevo-secretario-tic-del-atlantico\\\/\",\"url\":\"https:\\\/\\\/contrastes.com.co\\\/web\\\/2021\\\/02\\\/07\\\/juan-carlos-de-la-cruz-nuevo-secretario-tic-del-atlantico\\\/\",\"name\":\"Juan Carlos de la Cruz, nuevo secretario TIC del Atl\u00e1ntico - Constrastes\",\"isPartOf\":{\"@id\":\"https:\\\/\\\/contrastes.com.co\\\/web\\\/#website\"},\"primaryImageOfPage\":{\"@id\":\"https:\\\/\\\/contrastes.com.co\\\/web\\\/2021\\\/02\\\/07\\\/juan-carlos-de-la-cruz-nuevo-secretario-tic-del-atlantico\\\/#primaryimage\"},\"image\":{\"@id\":\"https:\\\/\\\/contrastes.com.co\\\/web\\\/2021\\\/02\\\/07\\\/juan-carlos-de-la-cruz-nuevo-secretario-tic-del-atlantico\\\/#primaryimage\"},\"thumbnailUrl\":\"\",\"datePublished\":\"2021-02-07T15:40:09+00:00\",\"breadcrumb\":{\"@id\":\"https:\\\/\\\/contrastes.com.co\\\/web\\\/2021\\\/02\\\/07\\\/juan-carlos-de-la-cruz-nuevo-secretario-tic-del-atlantico\\\/#breadcrumb\"},\"inLanguage\":\"es\",\"potentialAction\":[{\"@type\":\"ReadAction\",\"target\":[\"https:\\\/\\\/contrastes.com.co\\\/web\\\/2021\\\/02\\\/07\\\/juan-carlos-de-la-cruz-nuevo-secretario-tic-del-atlantico\\\/\"]}]},{\"@type\":\"ImageObject\",\"inLanguage\":\"es\",\"@id\":\"https:\\\/\\\/contrastes.com.co\\\/web\\\/2021\\\/02\\\/07\\\/juan-carlos-de-la-cruz-nuevo-secretario-tic-del-atlantico\\\/#primaryimage\",\"url\":\"\",\"contentUrl\":\"\"},{\"@type\":\"BreadcrumbList\",\"@id\":\"https:\\\/\\\/contrastes.com.co\\\/web\\\/2021\\\/02\\\/07\\\/juan-carlos-de-la-cruz-nuevo-secretario-tic-del-atlantico\\\/#breadcrumb\",\"itemListElement\":[{\"@type\":\"ListItem\",\"position\":1,\"name\":\"Portada\",\"item\":\"https:\\\/\\\/contrastes.com.co\\\/web\\\/\"},{\"@type\":\"ListItem\",\"position\":2,\"name\":\"Juan Carlos de la Cruz, nuevo secretario TIC del Atl\u00e1ntico\"}]},{\"@type\":\"WebSite\",\"@id\":\"https:\\\/\\\/contrastes.com.co\\\/web\\\/#website\",\"url\":\"https:\\\/\\\/contrastes.com.co\\\/web\\\/\",\"name\":\"Contrastes\",\"description\":\"Periodismo de Conciencia\",\"publisher\":{\"@id\":\"https:\\\/\\\/contrastes.com.co\\\/web\\\/#organization\"},\"potentialAction\":[{\"@type\":\"SearchAction\",\"target\":{\"@type\":\"EntryPoint\",\"urlTemplate\":\"https:\\\/\\\/contrastes.com.co\\\/web\\\/?s={search_term_string}\"},\"query-input\":{\"@type\":\"PropertyValueSpecification\",\"valueRequired\":true,\"valueName\":\"search_term_string\"}}],\"inLanguage\":\"es\"},{\"@type\":\"Organization\",\"@id\":\"https:\\\/\\\/contrastes.com.co\\\/web\\\/#organization\",\"name\":\"Contrastes\",\"url\":\"https:\\\/\\\/contrastes.com.co\\\/web\\\/\",\"logo\":{\"@type\":\"ImageObject\",\"inLanguage\":\"es\",\"@id\":\"https:\\\/\\\/contrastes.com.co\\\/web\\\/#\\\/schema\\\/logo\\\/image\\\/\",\"url\":\"https:\\\/\\\/contrastes.com.co\\\/web\\\/wp-content\\\/uploads\\\/2025\\\/04\\\/15CONTRASTES3.png\",\"contentUrl\":\"https:\\\/\\\/contrastes.com.co\\\/web\\\/wp-content\\\/uploads\\\/2025\\\/04\\\/15CONTRASTES3.png\",\"width\":1536,\"height\":231,\"caption\":\"Contrastes\"},\"image\":{\"@id\":\"https:\\\/\\\/contrastes.com.co\\\/web\\\/#\\\/schema\\\/logo\\\/image\\\/\"},\"sameAs\":[\"https:\\\/\\\/www.facebook.com\\\/guillo.pantoja.1\"]},{\"@type\":\"Person\",\"@id\":\"https:\\\/\\\/contrastes.com.co\\\/web\\\/#\\\/schema\\\/person\\\/62ef7a62dc4da6de450c71fc2e95ed02\",\"name\":\"Editor\",\"image\":{\"@type\":\"ImageObject\",\"inLanguage\":\"es\",\"@id\":\"https:\\\/\\\/secure.gravatar.com\\\/avatar\\\/7bbb4f718d74bbf600dc556253bb04fd7ac8593751d6e2e3b85432d98aefae80?s=96&d=mm&r=g\",\"url\":\"https:\\\/\\\/secure.gravatar.com\\\/avatar\\\/7bbb4f718d74bbf600dc556253bb04fd7ac8593751d6e2e3b85432d98aefae80?s=96&d=mm&r=g\",\"contentUrl\":\"https:\\\/\\\/secure.gravatar.com\\\/avatar\\\/7bbb4f718d74bbf600dc556253bb04fd7ac8593751d6e2e3b85432d98aefae80?s=96&d=mm&r=g\",\"caption\":\"Editor\"},\"sameAs\":[\"https:\\\/\\\/contrastes.com.co\\\/web\"],\"url\":\"https:\\\/\\\/contrastes.com.co\\\/web\\\/author\\\/jdbobadilla\\\/\"}]}<\/script>\n<!-- \/ Yoast SEO plugin. -->","yoast_head_json":{"title":"Juan Carlos de la Cruz, nuevo secretario TIC del Atl\u00e1ntico - Constrastes","robots":{"index":"index","follow":"follow","max-snippet":"max-snippet:-1","max-image-preview":"max-image-preview:large","max-video-preview":"max-video-preview:-1"},"canonical":"https:\/\/contrastes.com.co\/web\/2021\/02\/07\/juan-carlos-de-la-cruz-nuevo-secretario-tic-del-atlantico\/","og_locale":"es_ES","og_type":"article","og_title":"Juan Carlos de la Cruz, nuevo secretario TIC del Atl\u00e1ntico - Constrastes","og_description":"Barranquilla.- La gobernadora Elsa Noguera recibi\u00f3 hoy en su despacho al nuevo secretario de Tecnolog\u00edas de la Informaci\u00f3n y las Comunicaciones de la Gobernaci\u00f3n del Atl\u00e1ntico, Juan Carlos de la Cruz.","og_url":"https:\/\/contrastes.com.co\/web\/2021\/02\/07\/juan-carlos-de-la-cruz-nuevo-secretario-tic-del-atlantico\/","og_site_name":"Constrastes","article_publisher":"https:\/\/www.facebook.com\/guillo.pantoja.1","article_published_time":"2021-02-07T15:40:09+00:00","author":"Editor","twitter_card":"summary_large_image","twitter_misc":{"Escrito por":"Editor","Tiempo de lectura":"1 minuto"},"schema":{"@context":"https:\/\/schema.org","@graph":[{"@type":"Article","@id":"https:\/\/contrastes.com.co\/web\/2021\/02\/07\/juan-carlos-de-la-cruz-nuevo-secretario-tic-del-atlantico\/#article","isPartOf":{"@id":"https:\/\/contrastes.com.co\/web\/2021\/02\/07\/juan-carlos-de-la-cruz-nuevo-secretario-tic-del-atlantico\/"},"author":{"name":"Editor","@id":"https:\/\/contrastes.com.co\/web\/#\/schema\/person\/62ef7a62dc4da6de450c71fc2e95ed02"},"headline":"Juan Carlos de la Cruz, nuevo secretario TIC del Atl\u00e1ntico","datePublished":"2021-02-07T15:40:09+00:00","mainEntityOfPage":{"@id":"https:\/\/contrastes.com.co\/web\/2021\/02\/07\/juan-carlos-de-la-cruz-nuevo-secretario-tic-del-atlantico\/"},"wordCount":244,"commentCount":0,"publisher":{"@id":"https:\/\/contrastes.com.co\/web\/#organization"},"image":{"@id":"https:\/\/contrastes.com.co\/web\/2021\/02\/07\/juan-carlos-de-la-cruz-nuevo-secretario-tic-del-atlantico\/#primaryimage"},"thumbnailUrl":"","keywords":["Camilo Cepeda Tarud","gobernaci\u00f3n del Atl\u00e1ntico","Juan Carlos de la Cruz","Ministerio TIC"],"articleSection":["Regi\u00f3n","Tecnolog\u00eda"],"inLanguage":"es","potentialAction":[{"@type":"CommentAction","name":"Comment","target":["https:\/\/contrastes.com.co\/web\/2021\/02\/07\/juan-carlos-de-la-cruz-nuevo-secretario-tic-del-atlantico\/#respond"]}]},{"@type":"WebPage","@id":"https:\/\/contrastes.com.co\/web\/2021\/02\/07\/juan-carlos-de-la-cruz-nuevo-secretario-tic-del-atlantico\/","url":"https:\/\/contrastes.com.co\/web\/2021\/02\/07\/juan-carlos-de-la-cruz-nuevo-secretario-tic-del-atlantico\/","name":"Juan Carlos de la Cruz, nuevo secretario TIC del Atl\u00e1ntico - Constrastes","isPartOf":{"@id":"https:\/\/contrastes.com.co\/web\/#website"},"primaryImageOfPage":{"@id":"https:\/\/contrastes.com.co\/web\/2021\/02\/07\/juan-carlos-de-la-cruz-nuevo-secretario-tic-del-atlantico\/#primaryimage"},"image":{"@id":"https:\/\/contrastes.com.co\/web\/2021\/02\/07\/juan-carlos-de-la-cruz-nuevo-secretario-tic-del-atlantico\/#primaryimage"},"thumbnailUrl":"","datePublished":"2021-02-07T15:40:09+00:00","breadcrumb":{"@id":"https:\/\/contrastes.com.co\/web\/2021\/02\/07\/juan-carlos-de-la-cruz-nuevo-secretario-tic-del-atlantico\/#breadcrumb"},"inLanguage":"es","potentialAction":[{"@type":"ReadAction","target":["https:\/\/contrastes.com.co\/web\/2021\/02\/07\/juan-carlos-de-la-cruz-nuevo-secretario-tic-del-atlantico\/"]}]},{"@type":"ImageObject","inLanguage":"es","@id":"https:\/\/contrastes.com.co\/web\/2021\/02\/07\/juan-carlos-de-la-cruz-nuevo-secretario-tic-del-atlantico\/#primaryimage","url":"","contentUrl":""},{"@type":"BreadcrumbList","@id":"https:\/\/contrastes.com.co\/web\/2021\/02\/07\/juan-carlos-de-la-cruz-nuevo-secretario-tic-del-atlantico\/#breadcrumb","itemListElement":[{"@type":"ListItem","position":1,"name":"Portada","item":"https:\/\/contrastes.com.co\/web\/"},{"@type":"ListItem","position":2,"name":"Juan Carlos de la Cruz, nuevo secretario TIC del Atl\u00e1ntico"}]},{"@type":"WebSite","@id":"https:\/\/contrastes.com.co\/web\/#website","url":"https:\/\/contrastes.com.co\/web\/","name":"Contrastes","description":"Periodismo de Conciencia","publisher":{"@id":"https:\/\/contrastes.com.co\/web\/#organization"},"potentialAction":[{"@type":"SearchAction","target":{"@type":"EntryPoint","urlTemplate":"https:\/\/contrastes.com.co\/web\/?s={search_term_string}"},"query-input":{"@type":"PropertyValueSpecification","valueRequired":true,"valueName":"search_term_string"}}],"inLanguage":"es"},{"@type":"Organization","@id":"https:\/\/contrastes.com.co\/web\/#organization","name":"Contrastes","url":"https:\/\/contrastes.com.co\/web\/","logo":{"@type":"ImageObject","inLanguage":"es","@id":"https:\/\/contrastes.com.co\/web\/#\/schema\/logo\/image\/","url":"https:\/\/contrastes.com.co\/web\/wp-content\/uploads\/2025\/04\/15CONTRASTES3.png","contentUrl":"https:\/\/contrastes.com.co\/web\/wp-content\/uploads\/2025\/04\/15CONTRASTES3.png","width":1536,"height":231,"caption":"Contrastes"},"image":{"@id":"https:\/\/contrastes.com.co\/web\/#\/schema\/logo\/image\/"},"sameAs":["https:\/\/www.facebook.com\/guillo.pantoja.1"]},{"@type":"Person","@id":"https:\/\/contrastes.com.co\/web\/#\/schema\/person\/62ef7a62dc4da6de450c71fc2e95ed02","name":"Editor","image":{"@type":"ImageObject","inLanguage":"es","@id":"https:\/\/secure.gravatar.com\/avatar\/7bbb4f718d74bbf600dc556253bb04fd7ac8593751d6e2e3b85432d98aefae80?s=96&d=mm&r=g","url":"https:\/\/secure.gravatar.com\/avatar\/7bbb4f718d74bbf600dc556253bb04fd7ac8593751d6e2e3b85432d98aefae80?s=96&d=mm&r=g","contentUrl":"https:\/\/secure.gravatar.com\/avatar\/7bbb4f718d74bbf600dc556253bb04fd7ac8593751d6e2e3b85432d98aefae80?s=96&d=mm&r=g","caption":"Editor"},"sameAs":["https:\/\/contrastes.com.co\/web"],"url":"https:\/\/contrastes.com.co\/web\/author\/jdbobadilla\/"}]}},"blog_post_layout_featured_media_urls":{"thumbnail":"","full":""},"categories_names":{"24":{"name":"Regi\u00f3n","link":"https:\/\/contrastes.com.co\/web\/category\/region\/"},"141":{"name":"Tecnolog\u00eda","link":"https:\/\/contrastes.com.co\/web\/category\/tecnologia\/"}},"tags_names":{"2244":{"name":"Camilo Cepeda Tarud","link":"https:\/\/contrastes.com.co\/web\/tag\/camilo-cepeda-tarud\/"},"15":{"name":"gobernaci\u00f3n del Atl\u00e1ntico","link":"https:\/\/contrastes.com.co\/web\/tag\/gobernacion-del-atlantico\/"},"2245":{"name":"Juan Carlos de la Cruz","link":"https:\/\/contrastes.com.co\/web\/tag\/juan-carlos-de-la-cruz\/"},"1854":{"name":"Ministerio TIC","link":"https:\/\/contrastes.com.co\/web\/tag\/ministerio-tic\/"}},"comments_number":"0","wpmagazine_modules_lite_featured_media_urls":{"thumbnail":"","cvmm-medium":"","cvmm-medium-plus":"","cvmm-portrait":"","cvmm-medium-square":"","cvmm-large":"","cvmm-small":"","full":""},"_links":{"self":[{"href":"https:\/\/contrastes.com.co\/web\/wp-json\/wp\/v2\/posts\/4038","targetHints":{"allow":["GET"]}}],"collection":[{"href":"https:\/\/contrastes.com.co\/web\/wp-json\/wp\/v2\/posts"}],"about":[{"href":"https:\/\/contrastes.com.co\/web\/wp-json\/wp\/v2\/types\/post"}],"author":[{"embeddable":true,"href":"https:\/\/contrastes.com.co\/web\/wp-json\/wp\/v2\/users\/1"}],"replies":[{"embeddable":true,"href":"https:\/\/contrastes.com.co\/web\/wp-json\/wp\/v2\/comments?post=4038"}],"version-history":[{"count":0,"href":"https:\/\/contrastes.com.co\/web\/wp-json\/wp\/v2\/posts\/4038\/revisions"}],"wp:attachment":[{"href":"https:\/\/contrastes.com.co\/web\/wp-json\/wp\/v2\/media?parent=4038"}],"wp:term":[{"taxonomy":"category","embeddable":true,"href":"https:\/\/contrastes.com.co\/web\/wp-json\/wp\/v2\/categories?post=4038"},{"taxonomy":"post_tag","embeddable":true,"href":"https:\/\/contrastes.com.co\/web\/wp-json\/wp\/v2\/tags?post=4038"}],"curies":[{"name":"wp","href":"https:\/\/api.w.org\/{rel}","templated":true}]}}