{"id":4135,"date":"2021-02-10T14:27:20","date_gmt":"2021-02-10T19:27:20","guid":{"rendered":"https:\/\/contrastes.com.co\/digital\/?p=4135"},"modified":"2021-02-10T14:27:20","modified_gmt":"2021-02-10T19:27:20","slug":"concierto-encontrando-las-raices-perdidas-a-favor-de-los-ninos-de-providencia-y-santa-catalina","status":"publish","type":"post","link":"https:\/\/contrastes.com.co\/web\/2021\/02\/10\/concierto-encontrando-las-raices-perdidas-a-favor-de-los-ninos-de-providencia-y-santa-catalina\/","title":{"rendered":"\u2018Encontrando las ra\u00edces perdidas\u2019, a favor de los ni\u00f1os de Providencia y Santa Catalina"},"content":{"rendered":"<p style=\"text-align: center;\"><strong><em>El concierto ser\u00e1 este viernes 12 de febrero, estar\u00e1 a cargo de 29 ni\u00f1os estudiantes de cuarto de primaria y contar\u00e1 con el apoyo de m\u00e1s de 30 artistas nacionales e internacionales, como<\/em><\/strong> <strong><em>Alejandro Ria\u00f1o, Mike Bah\u00eda y Monsieur Perin\u00e9. <\/em><\/strong><\/p>\n<p>El pasado mes de noviembre, el pueblo colombiano fue testigo de la devastaci\u00f3n que dej\u00f3 el hurac\u00e1n IOTA en las islas de San Andr\u00e9s y Providencia. La fuerza del fen\u00f3meno natural destruy\u00f3 el 98% de la infraestructura de la isla de Providencia, llev\u00e1ndose consigo los sue\u00f1os e ilusiones de sus habitantes, en un abrir y cerrar de ojos.<\/p>\n<p>Y aunque han sido largos los d\u00edas y las noches para los sobrevivientes y el poder recuperarse de este golpe, tambi\u00e9n han sido largos los esfuerzos de toda una comunidad escolar en Bogot\u00e1 para ayudar y apoyar a los ni\u00f1os y ni\u00f1as de estas islas.<\/p>\n<p>Como parte del programa escolar del <a href=\"https:\/\/www.thevictoriaschool.edu.co\/\">Victoria School<\/a>, educar al grupo estudiantil con valores profundos ha sido la respuesta para servir a la comunidad a trav\u00e9s de diferentes proyectos sociales.<\/p>\n<p>Es as\u00ed como nace <strong>\u2018Encontrando las ra\u00edces perdidas\u2019<\/strong>, un evento cultural online a cargo de 29 ni\u00f1os de cuarto primaria entre los 10 y 11 a\u00f1os de edad, con el objetivo de recaudar fondos para ayudar a ni\u00f1os y ni\u00f1as de Providencia y Santa Catalina.<\/p>\n<p>El concierto se realizar\u00e1 para el pr\u00f3ximo <strong>12 de febrero a las 5:00 p.m.<\/strong>, contar\u00e1 con el apoyo de m\u00e1s de 30 artistas nacionales e internacionales y podr\u00e1 ser visto desde la p\u00e1gina web <a href=\"https:\/\/sites.google.com\/tvs.edu.co\/encontrandolasraicesperdidas\/inicio?authuser=0\">Encontrando las ra\u00edces perdidas<\/a>.<\/p>\n<p>Los colombianos podr\u00e1n disfrutar de la programaci\u00f3n cultural y, al mismo tiempo, hacer sus donaciones econ\u00f3micas voluntarias para apoyar esta causa social.<\/p>\n<p><strong>Ingrese a la transmisi\u00f3n del concierto y p\u00e1gina para donaciones voluntarias, <a href=\"https:\/\/sites.google.com\/tvs.edu.co\/encontrandolasraicesperdidas\/links?authuser=0\">AQU\u00cd<\/a>\u00a0<\/strong><\/p>\n<h5><strong>Los artistas<\/strong><\/h5>\n<p>El evento contar\u00e1 con la participaci\u00f3n de <strong>Mike Bah\u00eda, Monsieur Perin\u00e9<\/strong> y el comediante <strong>Alejandro Ria\u00f1o<\/strong> <strong>(Juanpis Gonz\u00e1lez),<\/strong> quien mostrar\u00e1 su faceta con el trabajo social a trav\u00e9s de Ria\u00f1o Producciones, de la mano de su hermana Ana Mar\u00eda.<\/p>\n<p style=\"text-align: center;\"><img fetchpriority=\"high\" decoding=\"async\" class=\"size-full wp-image-4138 aligncenter\" src=\"https:\/\/contrastes.com.co\/digital\/wp-content\/uploads\/2021\/02\/Alejandro-Ria\u00f1o-Juanpis.jpeg\" alt=\"\" width=\"640\" height=\"428\" \/><\/p>\n<p style=\"text-align: center;\"><em>Alejandro Ria\u00f1o (Juanpis Gonz\u00e1lez). Foto El Tiempo<\/em><\/p>\n<p>Tambi\u00e9n se har\u00e1n presentes<strong> La Ronera<\/strong>, grupo musical conformado por siete bogotanos que interpretan m\u00fasica latina; <strong>Elkin Robinson<\/strong>, \u00abel se\u00f1or de la m\u00fasica feliz\u201d, nacido en la isla de Providencia y cuya m\u00fasica incluye ritmos afrocaribe\u00f1os como calipso, ment\u00f3 y zouk.<\/p>\n<p><strong>Los Carrangomelos<\/strong>, agrupaci\u00f3n de j\u00f3venes m\u00fasicos con sonido de carranga, g\u00e9nero que muestra la alegr\u00eda de la gente y al mismo tiempo busca contar historias.<\/p>\n<p><strong>Carolina Rueda<\/strong>, con m\u00e1s de 30 a\u00f1os de experiencia en la narraci\u00f3n oral, es la artista colombiana m\u00e1s representativa de este g\u00e9nero con amplio reconocimiento en Hipanoam\u00e9rica.<\/p>\n<p><strong>Ricardo Prado<\/strong>, con m\u00e1s de 25 a\u00f1os en la composici\u00f3n y producci\u00f3n musical, ha sido creador de una innumerable cantidad de piezas musicales para pel\u00edculas cinematogr\u00e1ficas, series y telenovelas de televisi\u00f3n, canciones para artistas, m\u00fasica infantil, m\u00e1s de 2.500 jingles publicitarios y ha acompa\u00f1ado la creaci\u00f3n y conceptualizaci\u00f3n de las carreras de varios artistas de la escena del pop.<\/p>\n<p><strong>Sonido Sur \u2013 Felipe Duarte<\/strong>, produce m\u00fasica cultural con sonidos de la naturaleza y de los instrumentos. Es productor de filmes, festivales y encuentros culturales en Europa alrededor de la palabra ancestral.<\/p>\n<p><strong>\u201cEl Bosque encantado\u201d<\/strong> (m\u00fasica infantil) y 25 artistas m\u00e1s de la cultura y el entretenimiento, ser\u00e1n los encargados de compartir su tiempo y mostrar\u00e1n sus obras art\u00edsticas durante el evento.<\/p>\n<p>Encontrando las ra\u00edces perdidas ayudamos a quienes m\u00e1s lo necesitan en Providencia y Santa Catalina.<\/p>\n<p>\u00a1\u00danete a la transmisi\u00f3n este 12 de febrero y apoya a los ni\u00f1os de Providencia y Santa Catalina!<\/p>\n<p style=\"text-align: center;\"><img decoding=\"async\" class=\"size-full wp-image-4139 aligncenter\" src=\"https:\/\/contrastes.com.co\/digital\/wp-content\/uploads\/2021\/02\/Mike-Bah\u00eda.jpeg\" alt=\"\" width=\"640\" height=\"428\" \/><\/p>\n<p style=\"text-align: center;\"><em>Mike Bah\u00eda. Foto El Tiempo<\/em><\/p>\n<p><em>Redacci\u00f3n Contrastes<\/em><\/p>\n","protected":false},"excerpt":{"rendered":"<p>El concierto ser\u00e1 este viernes 12 de febrero, estar\u00e1 a cargo de 29 ni\u00f1os estudiantes de cuarto de primaria y contar\u00e1 con el apoyo de m\u00e1s de 30 artistas nacionales e internacionales, como Alejandro Ria\u00f1o, Mike Bah\u00eda y Monsieur Perin\u00e9.<\/p>\n","protected":false},"author":1,"featured_media":4137,"comment_status":"open","ping_status":"open","sticky":false,"template":"","format":"standard","meta":{"footnotes":""},"categories":[104,207,2169,1385,2094],"tags":[2350,2351,1947,2352,2353,2354,1937,2355,2356,2357,2358,2359,2360,2361,2362,2363,2364],"class_list":["post-4135","post","type-post","status-publish","format-standard","has-post-thumbnail","hentry","category-cultura","category-educacion","category-eventos","category-humor","category-infancia","tag-alejandro-riano","tag-carolina-rueda","tag-concierto","tag-el-bosque-encantado","tag-elkin-robinson","tag-encontrando-las-raices-perdidas","tag-infancia","tag-juanpis-gonzalez","tag-la-ronera","tag-los-carrangomelos","tag-mike-bahia","tag-monsieur-perine","tag-providencia-y-santa-catalina","tag-recaudacion-de-fondos","tag-ricardo-prado","tag-sonido-sur-felipe-duarte","tag-victoria-school"],"blog_post_layout_featured_media_urls":{"thumbnail":"","full":""},"categories_names":{"104":{"name":"Cultura","link":"https:\/\/contrastes.com.co\/web\/category\/cultura\/"},"207":{"name":"Educaci\u00f3n","link":"https:\/\/contrastes.com.co\/web\/category\/educacion\/"},"2169":{"name":"Eventos","link":"https:\/\/contrastes.com.co\/web\/category\/eventos\/"},"1385":{"name":"Humor","link":"https:\/\/contrastes.com.co\/web\/category\/humor\/"},"2094":{"name":"Infancia","link":"https:\/\/contrastes.com.co\/web\/category\/infancia\/"}},"tags_names":{"2350":{"name":"Alejandro Ria\u00f1o","link":"https:\/\/contrastes.com.co\/web\/tag\/alejandro-riano\/"},"2351":{"name":"Carolina Rueda","link":"https:\/\/contrastes.com.co\/web\/tag\/carolina-rueda\/"},"1947":{"name":"Concierto","link":"https:\/\/contrastes.com.co\/web\/tag\/concierto\/"},"2352":{"name":"El Bosque encantado","link":"https:\/\/contrastes.com.co\/web\/tag\/el-bosque-encantado\/"},"2353":{"name":"Elkin Robinson","link":"https:\/\/contrastes.com.co\/web\/tag\/elkin-robinson\/"},"2354":{"name":"Encontrando las ra\u00edces perdidas","link":"https:\/\/contrastes.com.co\/web\/tag\/encontrando-las-raices-perdidas\/"},"1937":{"name":"Infancia","link":"https:\/\/contrastes.com.co\/web\/tag\/infancia\/"},"2355":{"name":"Juanpis Gonz\u00e1lez","link":"https:\/\/contrastes.com.co\/web\/tag\/juanpis-gonzalez\/"},"2356":{"name":"La Ronera","link":"https:\/\/contrastes.com.co\/web\/tag\/la-ronera\/"},"2357":{"name":"Los Carrangomelos","link":"https:\/\/contrastes.com.co\/web\/tag\/los-carrangomelos\/"},"2358":{"name":"Mike Bah\u00eda","link":"https:\/\/contrastes.com.co\/web\/tag\/mike-bahia\/"},"2359":{"name":"Monsieur Perin\u00e9","link":"https:\/\/contrastes.com.co\/web\/tag\/monsieur-perine\/"},"2360":{"name":"Providencia y Santa Catalina","link":"https:\/\/contrastes.com.co\/web\/tag\/providencia-y-santa-catalina\/"},"2361":{"name":"Recaudaci\u00f3n de fondos","link":"https:\/\/contrastes.com.co\/web\/tag\/recaudacion-de-fondos\/"},"2362":{"name":"Ricardo Prado","link":"https:\/\/contrastes.com.co\/web\/tag\/ricardo-prado\/"},"2363":{"name":"Sonido Sur \u2013 Felipe Duarte","link":"https:\/\/contrastes.com.co\/web\/tag\/sonido-sur-felipe-duarte\/"},"2364":{"name":"Victoria School","link":"https:\/\/contrastes.com.co\/web\/tag\/victoria-school\/"}},"comments_number":"0","wpmagazine_modules_lite_featured_media_urls":{"thumbnail":"","cvmm-medium":"","cvmm-medium-plus":"","cvmm-portrait":"","cvmm-medium-square":"","cvmm-large":"","cvmm-small":"","full":""},"_links":{"self":[{"href":"https:\/\/contrastes.com.co\/web\/wp-json\/wp\/v2\/posts\/4135","targetHints":{"allow":["GET"]}}],"collection":[{"href":"https:\/\/contrastes.com.co\/web\/wp-json\/wp\/v2\/posts"}],"about":[{"href":"https:\/\/contrastes.com.co\/web\/wp-json\/wp\/v2\/types\/post"}],"author":[{"embeddable":true,"href":"https:\/\/contrastes.com.co\/web\/wp-json\/wp\/v2\/users\/1"}],"replies":[{"embeddable":true,"href":"https:\/\/contrastes.com.co\/web\/wp-json\/wp\/v2\/comments?post=4135"}],"version-history":[{"count":0,"href":"https:\/\/contrastes.com.co\/web\/wp-json\/wp\/v2\/posts\/4135\/revisions"}],"wp:featuredmedia":[{"embeddable":true,"href":"https:\/\/contrastes.com.co\/web\/wp-json\/"}],"wp:attachment":[{"href":"https:\/\/contrastes.com.co\/web\/wp-json\/wp\/v2\/media?parent=4135"}],"wp:term":[{"taxonomy":"category","embeddable":true,"href":"https:\/\/contrastes.com.co\/web\/wp-json\/wp\/v2\/categories?post=4135"},{"taxonomy":"post_tag","embeddable":true,"href":"https:\/\/contrastes.com.co\/web\/wp-json\/wp\/v2\/tags?post=4135"}],"curies":[{"name":"wp","href":"https:\/\/api.w.org\/{rel}","templated":true}]}}