{"id":4354,"date":"2021-02-18T13:08:12","date_gmt":"2021-02-18T18:08:12","guid":{"rendered":"https:\/\/contrastes.com.co\/digital\/?p=4354"},"modified":"2021-02-18T13:08:12","modified_gmt":"2021-02-18T18:08:12","slug":"213-jovenes-soledenos-se-inscribieron-a-mision-tic-2022","status":"publish","type":"post","link":"https:\/\/contrastes.com.co\/web\/2021\/02\/18\/213-jovenes-soledenos-se-inscribieron-a-mision-tic-2022\/","title":{"rendered":"213 j\u00f3venes solede\u00f1os se inscribieron a Misi\u00f3n TIC 2022"},"content":{"rendered":"<p style=\"text-align: center;\"><strong><em>La convocatoria del Ministerio de las TIC, otorgar\u00e1 la oportunidad de realizar un curso de lenguaje de programaci\u00f3n y est\u00e1 dirigida a estudiantes de grados d\u00e9cimo y und\u00e9cimo, personas mayores de 15 a\u00f1os, e incluso profesionales.<\/em><\/strong><\/p>\n<p><strong>Soledad.-<\/strong> Un total de 213 j\u00f3venes solede\u00f1os se inscribieron en el curso que convoc\u00f3 el <a href=\"https:\/\/www.mintic.gov.co\/portal\/inicio\/\">Ministerio de Tecnolog\u00edas de la Informaci\u00f3n y Comunicaciones, MinTIC<\/a>, denominado <a href=\"https:\/\/www.misiontic2022.gov.co\/portal\/\">Misi\u00f3n TIC 2022<\/a>, en todo el pa\u00eds, con el fin de que aprendan de manera gratuita sobre lenguaje de programaci\u00f3n.<\/p>\n<p>La convocatoria se hizo en alianza con la <a href=\"http:\/\/www.soledad-atlantico.gov.co\/\">Alcald\u00eda de Soledad<\/a>, a trav\u00e9s del Departamento Administrativo de la Competitividad y la Empleabilidad, la Secretar\u00eda Municipal de Educaci\u00f3n, la Oficina Municipal de Comunicaciones.<\/p>\n<p>El alcalde de Soledad, <strong>Rodolfo Ucr\u00f3s Rosales<\/strong>, explic\u00f3 c\u00f3mo se hizo la convocatoria: \u201cAtendimos el llamado del Ministerio, que busca formar a nuestros j\u00f3venes. Fuimos principalmente unos aliados facilitadores. Contactamos a los 32 rectores de las instituciones educativas del municipio de Soledad y ellos, a su vez, contactaron a los docentes del \u00e1rea de Inform\u00e1tica y estos \u00faltimos ubicaron a los j\u00f3venes interesados en el curso\u201d.<\/p>\n<p>Agreg\u00f3 que: \u201cDesde el Departamento Administrativo de la Competitividad y la Empleabilidad se realizaron las reuniones virtuales con los estudiantes, las cuales les permitieron conocer los detalles del programa y su impacto positivo en su formaci\u00f3n acad\u00e9mica y su futuro profesional. Despu\u00e9s de las reuniones virtuales contactamos a los estudiantes interesados por v\u00eda telef\u00f3nica. Tuvimos una alta receptividad con 213 inscritos\u201d.<\/p>\n<p>El director de Competitividad, <strong>Robinson Morelo Gonz\u00e1lez<\/strong>, explic\u00f3 que el curso lo pueden tomar los estudiantes de los grados d\u00e9cimo y und\u00e9cimo o las personas mayores de 15 a\u00f1os, bachilleres e incluso profesionales que quieran aprender sobre lenguaje de programaci\u00f3n.<\/p>\n<p>El funcionario indic\u00f3 que los inscritos deben esperar los resultados de la elecci\u00f3n que realizar\u00e1 el MinTIC y luego participar en una prueba de competencias.\u00a0 Quienes salgan favorecidos en el proceso podr\u00e1n iniciar el curso, que comenzar\u00e1 el pr\u00f3ximo a\u00f1o con una duraci\u00f3n de diez meses.<\/p>\n<p><em>Prensa Alcald\u00eda de Soledad<\/em><\/p>\n","protected":false},"excerpt":{"rendered":"<p>Soledad.- Un total de 213 j\u00f3venes solede\u00f1os se inscribieron en el curso que convoc\u00f3 el Ministerio de Tecnolog\u00edas de la Informaci\u00f3n y Comunicaciones, MinTIC, denominado Misi\u00f3n TIC 2022, en todo el pa\u00eds, con el fin de que aprendan de manera gratuita sobre lenguaje de programaci\u00f3n.<\/p>\n<p>La convocatoria se hizo en alianza con la Alcald\u00eda de Soledad, a trav\u00e9s del Departamento Administrativo de la Competitividad y la Empleabilidad, la Secretar\u00eda Municipal de Educaci\u00f3n, la Oficina Municipal de Comunicaciones.<\/p>\n","protected":false},"author":1,"featured_media":4356,"comment_status":"open","ping_status":"open","sticky":false,"template":"","format":"standard","meta":{"footnotes":""},"categories":[207,1034,23,141],"tags":[28,486,963,729,2526,2527,2434,349,1855,2528,1879,260],"class_list":["post-4354","post","type-post","status-publish","format-standard","has-post-thumbnail","hentry","category-educacion","category-juventud","category-locales","category-tecnologia","tag-alcaldia-de-soledad","tag-capacitaciones","tag-convocatoria","tag-cursos","tag-departamento-administrativo-de-la-competitividad-y-la-empleabilidad","tag-jovenes","tag-ministerio-de-tecnologias-de-la-informacion-y-comunicaciones","tag-mintic","tag-mision-tic-2022","tag-robinson-morelo-gonzalez","tag-rodolfo-ucros-rosales","tag-soledad"],"yoast_head":"<!-- This site is optimized with the Yoast SEO plugin v27.7 - https:\/\/yoast.com\/product\/yoast-seo-wordpress\/ -->\n<title>213 j\u00f3venes solede\u00f1os se inscribieron a Misi\u00f3n TIC 2022 - Constrastes<\/title>\n<meta name=\"robots\" content=\"index, follow, max-snippet:-1, max-image-preview:large, max-video-preview:-1\" \/>\n<link rel=\"canonical\" href=\"https:\/\/contrastes.com.co\/web\/2021\/02\/18\/213-jovenes-soledenos-se-inscribieron-a-mision-tic-2022\/\" \/>\n<meta property=\"og:locale\" content=\"es_ES\" \/>\n<meta property=\"og:type\" content=\"article\" \/>\n<meta property=\"og:title\" content=\"213 j\u00f3venes solede\u00f1os se inscribieron a Misi\u00f3n TIC 2022 - Constrastes\" \/>\n<meta property=\"og:description\" content=\"Soledad.- Un total de 213 j\u00f3venes solede\u00f1os se inscribieron en el curso que convoc\u00f3 el Ministerio de Tecnolog\u00edas de la Informaci\u00f3n y Comunicaciones, MinTIC, denominado Misi\u00f3n TIC 2022, en todo el pa\u00eds, con el fin de que aprendan de manera gratuita sobre lenguaje de programaci\u00f3n. La convocatoria se hizo en alianza con la Alcald\u00eda de Soledad, a trav\u00e9s del Departamento Administrativo de la Competitividad y la Empleabilidad, la Secretar\u00eda Municipal de Educaci\u00f3n, la Oficina Municipal de Comunicaciones.\" \/>\n<meta property=\"og:url\" content=\"https:\/\/contrastes.com.co\/web\/2021\/02\/18\/213-jovenes-soledenos-se-inscribieron-a-mision-tic-2022\/\" \/>\n<meta property=\"og:site_name\" content=\"Constrastes\" \/>\n<meta property=\"article:publisher\" content=\"https:\/\/www.facebook.com\/guillo.pantoja.1\" \/>\n<meta property=\"article:published_time\" content=\"2021-02-18T18:08:12+00:00\" \/>\n<meta name=\"author\" content=\"Editor\" \/>\n<meta name=\"twitter:card\" content=\"summary_large_image\" \/>\n<meta name=\"twitter:label1\" content=\"Escrito por\" \/>\n\t<meta name=\"twitter:data1\" content=\"Editor\" \/>\n\t<meta name=\"twitter:label2\" content=\"Tiempo de lectura\" \/>\n\t<meta name=\"twitter:data2\" content=\"2 minutos\" \/>\n<script type=\"application\/ld+json\" class=\"yoast-schema-graph\">{\"@context\":\"https:\\\/\\\/schema.org\",\"@graph\":[{\"@type\":\"Article\",\"@id\":\"https:\\\/\\\/contrastes.com.co\\\/web\\\/2021\\\/02\\\/18\\\/213-jovenes-soledenos-se-inscribieron-a-mision-tic-2022\\\/#article\",\"isPartOf\":{\"@id\":\"https:\\\/\\\/contrastes.com.co\\\/web\\\/2021\\\/02\\\/18\\\/213-jovenes-soledenos-se-inscribieron-a-mision-tic-2022\\\/\"},\"author\":{\"name\":\"Editor\",\"@id\":\"https:\\\/\\\/contrastes.com.co\\\/web\\\/#\\\/schema\\\/person\\\/62ef7a62dc4da6de450c71fc2e95ed02\"},\"headline\":\"213 j\u00f3venes solede\u00f1os se inscribieron a Misi\u00f3n TIC 2022\",\"datePublished\":\"2021-02-18T18:08:12+00:00\",\"mainEntityOfPage\":{\"@id\":\"https:\\\/\\\/contrastes.com.co\\\/web\\\/2021\\\/02\\\/18\\\/213-jovenes-soledenos-se-inscribieron-a-mision-tic-2022\\\/\"},\"wordCount\":371,\"commentCount\":0,\"publisher\":{\"@id\":\"https:\\\/\\\/contrastes.com.co\\\/web\\\/#organization\"},\"image\":{\"@id\":\"https:\\\/\\\/contrastes.com.co\\\/web\\\/2021\\\/02\\\/18\\\/213-jovenes-soledenos-se-inscribieron-a-mision-tic-2022\\\/#primaryimage\"},\"thumbnailUrl\":\"\",\"keywords\":[\"alcaldia de Soledad\",\"capacitaciones\",\"convocatoria\",\"cursos\",\"Departamento Administrativo de la Competitividad y la Empleabilidad\",\"J\u00f3venes\",\"Ministerio de Tecnolog\u00edas de la Informaci\u00f3n y Comunicaciones\",\"MinTic\",\"Misi\u00f3n TIC 2022\",\"Robinson Morelo Gonz\u00e1lez\",\"Rodolfo Ucr\u00f3s Rosales\",\"Soledad\"],\"articleSection\":[\"Educaci\u00f3n\",\"Juventud\",\"Locales\",\"Tecnolog\u00eda\"],\"inLanguage\":\"es\",\"potentialAction\":[{\"@type\":\"CommentAction\",\"name\":\"Comment\",\"target\":[\"https:\\\/\\\/contrastes.com.co\\\/web\\\/2021\\\/02\\\/18\\\/213-jovenes-soledenos-se-inscribieron-a-mision-tic-2022\\\/#respond\"]}]},{\"@type\":\"WebPage\",\"@id\":\"https:\\\/\\\/contrastes.com.co\\\/web\\\/2021\\\/02\\\/18\\\/213-jovenes-soledenos-se-inscribieron-a-mision-tic-2022\\\/\",\"url\":\"https:\\\/\\\/contrastes.com.co\\\/web\\\/2021\\\/02\\\/18\\\/213-jovenes-soledenos-se-inscribieron-a-mision-tic-2022\\\/\",\"name\":\"213 j\u00f3venes solede\u00f1os se inscribieron a Misi\u00f3n TIC 2022 - Constrastes\",\"isPartOf\":{\"@id\":\"https:\\\/\\\/contrastes.com.co\\\/web\\\/#website\"},\"primaryImageOfPage\":{\"@id\":\"https:\\\/\\\/contrastes.com.co\\\/web\\\/2021\\\/02\\\/18\\\/213-jovenes-soledenos-se-inscribieron-a-mision-tic-2022\\\/#primaryimage\"},\"image\":{\"@id\":\"https:\\\/\\\/contrastes.com.co\\\/web\\\/2021\\\/02\\\/18\\\/213-jovenes-soledenos-se-inscribieron-a-mision-tic-2022\\\/#primaryimage\"},\"thumbnailUrl\":\"\",\"datePublished\":\"2021-02-18T18:08:12+00:00\",\"breadcrumb\":{\"@id\":\"https:\\\/\\\/contrastes.com.co\\\/web\\\/2021\\\/02\\\/18\\\/213-jovenes-soledenos-se-inscribieron-a-mision-tic-2022\\\/#breadcrumb\"},\"inLanguage\":\"es\",\"potentialAction\":[{\"@type\":\"ReadAction\",\"target\":[\"https:\\\/\\\/contrastes.com.co\\\/web\\\/2021\\\/02\\\/18\\\/213-jovenes-soledenos-se-inscribieron-a-mision-tic-2022\\\/\"]}]},{\"@type\":\"ImageObject\",\"inLanguage\":\"es\",\"@id\":\"https:\\\/\\\/contrastes.com.co\\\/web\\\/2021\\\/02\\\/18\\\/213-jovenes-soledenos-se-inscribieron-a-mision-tic-2022\\\/#primaryimage\",\"url\":\"\",\"contentUrl\":\"\"},{\"@type\":\"BreadcrumbList\",\"@id\":\"https:\\\/\\\/contrastes.com.co\\\/web\\\/2021\\\/02\\\/18\\\/213-jovenes-soledenos-se-inscribieron-a-mision-tic-2022\\\/#breadcrumb\",\"itemListElement\":[{\"@type\":\"ListItem\",\"position\":1,\"name\":\"Portada\",\"item\":\"https:\\\/\\\/contrastes.com.co\\\/web\\\/\"},{\"@type\":\"ListItem\",\"position\":2,\"name\":\"213 j\u00f3venes solede\u00f1os se inscribieron a Misi\u00f3n TIC 2022\"}]},{\"@type\":\"WebSite\",\"@id\":\"https:\\\/\\\/contrastes.com.co\\\/web\\\/#website\",\"url\":\"https:\\\/\\\/contrastes.com.co\\\/web\\\/\",\"name\":\"Contrastes\",\"description\":\"Periodismo de Conciencia\",\"publisher\":{\"@id\":\"https:\\\/\\\/contrastes.com.co\\\/web\\\/#organization\"},\"potentialAction\":[{\"@type\":\"SearchAction\",\"target\":{\"@type\":\"EntryPoint\",\"urlTemplate\":\"https:\\\/\\\/contrastes.com.co\\\/web\\\/?s={search_term_string}\"},\"query-input\":{\"@type\":\"PropertyValueSpecification\",\"valueRequired\":true,\"valueName\":\"search_term_string\"}}],\"inLanguage\":\"es\"},{\"@type\":\"Organization\",\"@id\":\"https:\\\/\\\/contrastes.com.co\\\/web\\\/#organization\",\"name\":\"Contrastes\",\"url\":\"https:\\\/\\\/contrastes.com.co\\\/web\\\/\",\"logo\":{\"@type\":\"ImageObject\",\"inLanguage\":\"es\",\"@id\":\"https:\\\/\\\/contrastes.com.co\\\/web\\\/#\\\/schema\\\/logo\\\/image\\\/\",\"url\":\"https:\\\/\\\/contrastes.com.co\\\/web\\\/wp-content\\\/uploads\\\/2025\\\/04\\\/15CONTRASTES3.png\",\"contentUrl\":\"https:\\\/\\\/contrastes.com.co\\\/web\\\/wp-content\\\/uploads\\\/2025\\\/04\\\/15CONTRASTES3.png\",\"width\":1536,\"height\":231,\"caption\":\"Contrastes\"},\"image\":{\"@id\":\"https:\\\/\\\/contrastes.com.co\\\/web\\\/#\\\/schema\\\/logo\\\/image\\\/\"},\"sameAs\":[\"https:\\\/\\\/www.facebook.com\\\/guillo.pantoja.1\"]},{\"@type\":\"Person\",\"@id\":\"https:\\\/\\\/contrastes.com.co\\\/web\\\/#\\\/schema\\\/person\\\/62ef7a62dc4da6de450c71fc2e95ed02\",\"name\":\"Editor\",\"image\":{\"@type\":\"ImageObject\",\"inLanguage\":\"es\",\"@id\":\"https:\\\/\\\/secure.gravatar.com\\\/avatar\\\/7bbb4f718d74bbf600dc556253bb04fd7ac8593751d6e2e3b85432d98aefae80?s=96&d=mm&r=g\",\"url\":\"https:\\\/\\\/secure.gravatar.com\\\/avatar\\\/7bbb4f718d74bbf600dc556253bb04fd7ac8593751d6e2e3b85432d98aefae80?s=96&d=mm&r=g\",\"contentUrl\":\"https:\\\/\\\/secure.gravatar.com\\\/avatar\\\/7bbb4f718d74bbf600dc556253bb04fd7ac8593751d6e2e3b85432d98aefae80?s=96&d=mm&r=g\",\"caption\":\"Editor\"},\"sameAs\":[\"https:\\\/\\\/contrastes.com.co\\\/web\"],\"url\":\"https:\\\/\\\/contrastes.com.co\\\/web\\\/author\\\/jdbobadilla\\\/\"}]}<\/script>\n<!-- \/ Yoast SEO plugin. -->","yoast_head_json":{"title":"213 j\u00f3venes solede\u00f1os se inscribieron a Misi\u00f3n TIC 2022 - Constrastes","robots":{"index":"index","follow":"follow","max-snippet":"max-snippet:-1","max-image-preview":"max-image-preview:large","max-video-preview":"max-video-preview:-1"},"canonical":"https:\/\/contrastes.com.co\/web\/2021\/02\/18\/213-jovenes-soledenos-se-inscribieron-a-mision-tic-2022\/","og_locale":"es_ES","og_type":"article","og_title":"213 j\u00f3venes solede\u00f1os se inscribieron a Misi\u00f3n TIC 2022 - Constrastes","og_description":"Soledad.- Un total de 213 j\u00f3venes solede\u00f1os se inscribieron en el curso que convoc\u00f3 el Ministerio de Tecnolog\u00edas de la Informaci\u00f3n y Comunicaciones, MinTIC, denominado Misi\u00f3n TIC 2022, en todo el pa\u00eds, con el fin de que aprendan de manera gratuita sobre lenguaje de programaci\u00f3n. La convocatoria se hizo en alianza con la Alcald\u00eda de Soledad, a trav\u00e9s del Departamento Administrativo de la Competitividad y la Empleabilidad, la Secretar\u00eda Municipal de Educaci\u00f3n, la Oficina Municipal de Comunicaciones.","og_url":"https:\/\/contrastes.com.co\/web\/2021\/02\/18\/213-jovenes-soledenos-se-inscribieron-a-mision-tic-2022\/","og_site_name":"Constrastes","article_publisher":"https:\/\/www.facebook.com\/guillo.pantoja.1","article_published_time":"2021-02-18T18:08:12+00:00","author":"Editor","twitter_card":"summary_large_image","twitter_misc":{"Escrito por":"Editor","Tiempo de lectura":"2 minutos"},"schema":{"@context":"https:\/\/schema.org","@graph":[{"@type":"Article","@id":"https:\/\/contrastes.com.co\/web\/2021\/02\/18\/213-jovenes-soledenos-se-inscribieron-a-mision-tic-2022\/#article","isPartOf":{"@id":"https:\/\/contrastes.com.co\/web\/2021\/02\/18\/213-jovenes-soledenos-se-inscribieron-a-mision-tic-2022\/"},"author":{"name":"Editor","@id":"https:\/\/contrastes.com.co\/web\/#\/schema\/person\/62ef7a62dc4da6de450c71fc2e95ed02"},"headline":"213 j\u00f3venes solede\u00f1os se inscribieron a Misi\u00f3n TIC 2022","datePublished":"2021-02-18T18:08:12+00:00","mainEntityOfPage":{"@id":"https:\/\/contrastes.com.co\/web\/2021\/02\/18\/213-jovenes-soledenos-se-inscribieron-a-mision-tic-2022\/"},"wordCount":371,"commentCount":0,"publisher":{"@id":"https:\/\/contrastes.com.co\/web\/#organization"},"image":{"@id":"https:\/\/contrastes.com.co\/web\/2021\/02\/18\/213-jovenes-soledenos-se-inscribieron-a-mision-tic-2022\/#primaryimage"},"thumbnailUrl":"","keywords":["alcaldia de Soledad","capacitaciones","convocatoria","cursos","Departamento Administrativo de la Competitividad y la Empleabilidad","J\u00f3venes","Ministerio de Tecnolog\u00edas de la Informaci\u00f3n y Comunicaciones","MinTic","Misi\u00f3n TIC 2022","Robinson Morelo Gonz\u00e1lez","Rodolfo Ucr\u00f3s Rosales","Soledad"],"articleSection":["Educaci\u00f3n","Juventud","Locales","Tecnolog\u00eda"],"inLanguage":"es","potentialAction":[{"@type":"CommentAction","name":"Comment","target":["https:\/\/contrastes.com.co\/web\/2021\/02\/18\/213-jovenes-soledenos-se-inscribieron-a-mision-tic-2022\/#respond"]}]},{"@type":"WebPage","@id":"https:\/\/contrastes.com.co\/web\/2021\/02\/18\/213-jovenes-soledenos-se-inscribieron-a-mision-tic-2022\/","url":"https:\/\/contrastes.com.co\/web\/2021\/02\/18\/213-jovenes-soledenos-se-inscribieron-a-mision-tic-2022\/","name":"213 j\u00f3venes solede\u00f1os se inscribieron a Misi\u00f3n TIC 2022 - Constrastes","isPartOf":{"@id":"https:\/\/contrastes.com.co\/web\/#website"},"primaryImageOfPage":{"@id":"https:\/\/contrastes.com.co\/web\/2021\/02\/18\/213-jovenes-soledenos-se-inscribieron-a-mision-tic-2022\/#primaryimage"},"image":{"@id":"https:\/\/contrastes.com.co\/web\/2021\/02\/18\/213-jovenes-soledenos-se-inscribieron-a-mision-tic-2022\/#primaryimage"},"thumbnailUrl":"","datePublished":"2021-02-18T18:08:12+00:00","breadcrumb":{"@id":"https:\/\/contrastes.com.co\/web\/2021\/02\/18\/213-jovenes-soledenos-se-inscribieron-a-mision-tic-2022\/#breadcrumb"},"inLanguage":"es","potentialAction":[{"@type":"ReadAction","target":["https:\/\/contrastes.com.co\/web\/2021\/02\/18\/213-jovenes-soledenos-se-inscribieron-a-mision-tic-2022\/"]}]},{"@type":"ImageObject","inLanguage":"es","@id":"https:\/\/contrastes.com.co\/web\/2021\/02\/18\/213-jovenes-soledenos-se-inscribieron-a-mision-tic-2022\/#primaryimage","url":"","contentUrl":""},{"@type":"BreadcrumbList","@id":"https:\/\/contrastes.com.co\/web\/2021\/02\/18\/213-jovenes-soledenos-se-inscribieron-a-mision-tic-2022\/#breadcrumb","itemListElement":[{"@type":"ListItem","position":1,"name":"Portada","item":"https:\/\/contrastes.com.co\/web\/"},{"@type":"ListItem","position":2,"name":"213 j\u00f3venes solede\u00f1os se inscribieron a Misi\u00f3n TIC 2022"}]},{"@type":"WebSite","@id":"https:\/\/contrastes.com.co\/web\/#website","url":"https:\/\/contrastes.com.co\/web\/","name":"Contrastes","description":"Periodismo de Conciencia","publisher":{"@id":"https:\/\/contrastes.com.co\/web\/#organization"},"potentialAction":[{"@type":"SearchAction","target":{"@type":"EntryPoint","urlTemplate":"https:\/\/contrastes.com.co\/web\/?s={search_term_string}"},"query-input":{"@type":"PropertyValueSpecification","valueRequired":true,"valueName":"search_term_string"}}],"inLanguage":"es"},{"@type":"Organization","@id":"https:\/\/contrastes.com.co\/web\/#organization","name":"Contrastes","url":"https:\/\/contrastes.com.co\/web\/","logo":{"@type":"ImageObject","inLanguage":"es","@id":"https:\/\/contrastes.com.co\/web\/#\/schema\/logo\/image\/","url":"https:\/\/contrastes.com.co\/web\/wp-content\/uploads\/2025\/04\/15CONTRASTES3.png","contentUrl":"https:\/\/contrastes.com.co\/web\/wp-content\/uploads\/2025\/04\/15CONTRASTES3.png","width":1536,"height":231,"caption":"Contrastes"},"image":{"@id":"https:\/\/contrastes.com.co\/web\/#\/schema\/logo\/image\/"},"sameAs":["https:\/\/www.facebook.com\/guillo.pantoja.1"]},{"@type":"Person","@id":"https:\/\/contrastes.com.co\/web\/#\/schema\/person\/62ef7a62dc4da6de450c71fc2e95ed02","name":"Editor","image":{"@type":"ImageObject","inLanguage":"es","@id":"https:\/\/secure.gravatar.com\/avatar\/7bbb4f718d74bbf600dc556253bb04fd7ac8593751d6e2e3b85432d98aefae80?s=96&d=mm&r=g","url":"https:\/\/secure.gravatar.com\/avatar\/7bbb4f718d74bbf600dc556253bb04fd7ac8593751d6e2e3b85432d98aefae80?s=96&d=mm&r=g","contentUrl":"https:\/\/secure.gravatar.com\/avatar\/7bbb4f718d74bbf600dc556253bb04fd7ac8593751d6e2e3b85432d98aefae80?s=96&d=mm&r=g","caption":"Editor"},"sameAs":["https:\/\/contrastes.com.co\/web"],"url":"https:\/\/contrastes.com.co\/web\/author\/jdbobadilla\/"}]}},"blog_post_layout_featured_media_urls":{"thumbnail":"","full":""},"categories_names":{"207":{"name":"Educaci\u00f3n","link":"https:\/\/contrastes.com.co\/web\/category\/educacion\/"},"1034":{"name":"Juventud","link":"https:\/\/contrastes.com.co\/web\/category\/juventud\/"},"23":{"name":"Locales","link":"https:\/\/contrastes.com.co\/web\/category\/locales\/"},"141":{"name":"Tecnolog\u00eda","link":"https:\/\/contrastes.com.co\/web\/category\/tecnologia\/"}},"tags_names":{"28":{"name":"alcaldia de Soledad","link":"https:\/\/contrastes.com.co\/web\/tag\/alcaldia-de-soledad\/"},"486":{"name":"capacitaciones","link":"https:\/\/contrastes.com.co\/web\/tag\/capacitaciones\/"},"963":{"name":"convocatoria","link":"https:\/\/contrastes.com.co\/web\/tag\/convocatoria\/"},"729":{"name":"cursos","link":"https:\/\/contrastes.com.co\/web\/tag\/cursos\/"},"2526":{"name":"Departamento Administrativo de la Competitividad y la Empleabilidad","link":"https:\/\/contrastes.com.co\/web\/tag\/departamento-administrativo-de-la-competitividad-y-la-empleabilidad\/"},"2527":{"name":"J\u00f3venes","link":"https:\/\/contrastes.com.co\/web\/tag\/jovenes\/"},"2434":{"name":"Ministerio de Tecnolog\u00edas de la Informaci\u00f3n y Comunicaciones","link":"https:\/\/contrastes.com.co\/web\/tag\/ministerio-de-tecnologias-de-la-informacion-y-comunicaciones\/"},"349":{"name":"MinTic","link":"https:\/\/contrastes.com.co\/web\/tag\/mintic\/"},"1855":{"name":"Misi\u00f3n TIC 2022","link":"https:\/\/contrastes.com.co\/web\/tag\/mision-tic-2022\/"},"2528":{"name":"Robinson Morelo Gonz\u00e1lez","link":"https:\/\/contrastes.com.co\/web\/tag\/robinson-morelo-gonzalez\/"},"1879":{"name":"Rodolfo Ucr\u00f3s Rosales","link":"https:\/\/contrastes.com.co\/web\/tag\/rodolfo-ucros-rosales\/"},"260":{"name":"Soledad","link":"https:\/\/contrastes.com.co\/web\/tag\/soledad\/"}},"comments_number":"0","wpmagazine_modules_lite_featured_media_urls":{"thumbnail":"","cvmm-medium":"","cvmm-medium-plus":"","cvmm-portrait":"","cvmm-medium-square":"","cvmm-large":"","cvmm-small":"","full":""},"_links":{"self":[{"href":"https:\/\/contrastes.com.co\/web\/wp-json\/wp\/v2\/posts\/4354","targetHints":{"allow":["GET"]}}],"collection":[{"href":"https:\/\/contrastes.com.co\/web\/wp-json\/wp\/v2\/posts"}],"about":[{"href":"https:\/\/contrastes.com.co\/web\/wp-json\/wp\/v2\/types\/post"}],"author":[{"embeddable":true,"href":"https:\/\/contrastes.com.co\/web\/wp-json\/wp\/v2\/users\/1"}],"replies":[{"embeddable":true,"href":"https:\/\/contrastes.com.co\/web\/wp-json\/wp\/v2\/comments?post=4354"}],"version-history":[{"count":0,"href":"https:\/\/contrastes.com.co\/web\/wp-json\/wp\/v2\/posts\/4354\/revisions"}],"wp:attachment":[{"href":"https:\/\/contrastes.com.co\/web\/wp-json\/wp\/v2\/media?parent=4354"}],"wp:term":[{"taxonomy":"category","embeddable":true,"href":"https:\/\/contrastes.com.co\/web\/wp-json\/wp\/v2\/categories?post=4354"},{"taxonomy":"post_tag","embeddable":true,"href":"https:\/\/contrastes.com.co\/web\/wp-json\/wp\/v2\/tags?post=4354"}],"curies":[{"name":"wp","href":"https:\/\/api.w.org\/{rel}","templated":true}]}}