{"id":4435,"date":"2021-02-21T12:30:11","date_gmt":"2021-02-21T17:30:11","guid":{"rendered":"https:\/\/contrastes.com.co\/digital\/?p=4435"},"modified":"2021-02-21T12:30:11","modified_gmt":"2021-02-21T17:30:11","slug":"agendate-para-disfrutar-de-la-feria-cultural-soledena-2021","status":"publish","type":"post","link":"https:\/\/contrastes.com.co\/web\/2021\/02\/21\/agendate-para-disfrutar-de-la-feria-cultural-soledena-2021\/","title":{"rendered":"Ag\u00e9ndate para disfrutar de la Feria Cultural Solede\u00f1a 2021"},"content":{"rendered":"<h5 style=\"text-align: center;\"><strong><em>La Alcald\u00eda de Soledad realiz\u00f3 de forma virtual el lanzamiento del evento, cuya programaci\u00f3n se extender\u00e1 hasta el mes de abril, e incluir\u00e1 manifestaciones art\u00edsticas y culturales del municipio.<\/em><\/strong><\/h5>\n<p><strong>Soledad.-<\/strong> Con el lanzamiento oficial de la agenda de la <strong>Feria Cultural Solede\u00f1a 2021<\/strong>, se inaugur\u00f3 este programa, que se desarrollar\u00e1 de manera virtual y se extender\u00e1 hasta el mes de abril.<\/p>\n<p>A trav\u00e9s del <a href=\"https:\/\/www.facebook.com\/soledadalcaldia\">Facebook institucional<\/a> de la <a href=\"http:\/\/www.soledad-atlantico.gov.co\/\">Alcald\u00eda de Soledad<\/a>, el alcalde <strong>Rodolfo Ucr\u00f3s Rosales<\/strong> dio a conocer la programaci\u00f3n que inici\u00f3 el s\u00e1bado 20 de febrero con el conversatorio \u2018Revive Nuestra Esencia Cultural\u2019, y explic\u00f3 que se trata de un espacio para compartir y celebrar las tradiciones culturales.<\/p>\n<p>El mandatario municipal aprovech\u00f3 para invitar a los solede\u00f1os a seguir cumpliendo con los protocolos de bioseguridad. \u201cCada d\u00eda me siento m\u00e1s orgulloso de ser solede\u00f1o y de nuestras ra\u00edces ancestrales. Nuestro municipio tiene una riqueza cultural incalculable, la cual buscamos preservar y mostrar en esta feria en formato virtual, respondiendo a la coyuntura registrada por la pandemia del Covid-19\u201d, se\u00f1al\u00f3.<\/p>\n<p>El secretario municipal de Cultura, <strong>Domingo Amar\u00eds Esquivia<\/strong>, se\u00f1al\u00f3 la importancia de la creaci\u00f3n del Portafolio de Est\u00edmulos para la Salvaguardia del Patrimonio. \u00abLa Feria Cultural de Soledad 2021 es el encuentro virtual que une a todas las manifestaciones art\u00edsticas y culturales de nuestro municipio, en torno al plan de desarrollo del alcalde Rodolfo Ucr\u00f3s Gran Pacto Social por la Cultura\u201d, explic\u00f3.<\/p>\n<p>Agreg\u00f3 que: \u201cTiene por objetivo salvaguardar nuestras tradiciones culturales ancestrales. Para ello, la Secretar\u00eda Municipal de Cultura cre\u00f3 el Portafolio de Est\u00edmulos, en el que participan los diferentes sectores\u201d.<\/p>\n<p>Domingo Amar\u00eds extendi\u00f3 la invitaci\u00f3n a todos los solede\u00f1os a observar, por la <a href=\"https:\/\/www.facebook.com\/soledadalcaldia\">p\u00e1gina institucional<\/a> de Facebook, todos los especiales. \u201cEsperamos llegar a cada uno de los hogares con la mejor programaci\u00f3n cultural en aras de preservar lo nuestro\u201d, puntualiz\u00f3.<\/p>\n<p><strong>Agenda de la Feria Cultural<\/strong><\/p>\n<p><strong>26 de febrero<\/strong>. Obra de teatro \u2018Joselito no muri\u00f3, Joselito se cuid\u00f3\u2019. Horario: de 10:00 a.m. a 11:00 a.m.<\/p>\n<p><strong>27 de febrero<\/strong>. Presentaci\u00f3n de una danza de fantas\u00eda. Brillos y Fantas\u00eda de la Feria Cultural. Horario: de 4:00 p.m. a 5:30 p.m.<\/p>\n<p><strong>28 de febrero<\/strong>. Exposici\u00f3n de un gestor cultural. Especial: Cultura y Tradici\u00f3n. Horario: de 4:00 p.m. a 5:30 p.m.<\/p>\n<p><strong>6 de marzo<\/strong>. Presentaci\u00f3n de grupo de letan\u00edas. Especial de la Oralidad: Letan\u00edas y D\u00e9cimas de Soledad. Horario: de 4:00 p.m. a 5:00 p.m.<\/p>\n<p><strong>7 de marzo<\/strong>. Presentaci\u00f3n de artesan\u00edas. Especial: Artesan\u00edas y Gastronom\u00eda Solede\u00f1a. Horario: de 10:00 a.m. a 11:30 a.m.<\/p>\n<p><strong>8 de marzo<\/strong>. Soledad, Cuna Musical. Serenata a la mujer y a Soledad. Horario: de 4:00 p.m. a 6:00 p.m.<\/p>\n<p><strong>Abril.<\/strong> Especial P\u00edldoras del Mes del Ni\u00f1o. Varias transmisiones durante el mes.<\/p>\n<p><em>Prensa <a href=\"http:\/\/www.soledad-atlantico.gov.co\/\">Alcald\u00eda de Soledad<\/a><\/em><\/p>\n","protected":false},"excerpt":{"rendered":"<p>La Alcald\u00eda de Soledad realiz\u00f3 de forma virtual el lanzamiento de la Feria Cultural Solede\u00f1a, cuya programaci\u00f3n se extender\u00e1 hasta el mes de abril, e incluir\u00e1 manifestaciones art\u00edsticas y culturales del municipio.<\/p>\n","protected":false},"author":1,"featured_media":4438,"comment_status":"open","ping_status":"open","sticky":false,"template":"","format":"standard","meta":{"footnotes":""},"categories":[104,2169,23,2076,2582],"tags":[173,28,1162,105,2577,2578,2579,1743,2580,2026,1879,2581,2583],"class_list":["post-4435","post","type-post","status-publish","format-standard","has-post-thumbnail","hentry","category-cultura","category-eventos","category-locales","category-musica","category-teatro","tag-alcalde-de-soledad","tag-alcaldia-de-soledad","tag-artesanias","tag-cultura","tag-danza","tag-decimas","tag-feria-cultural-soledena","tag-gastronomia","tag-letanias","tag-portafolio-de-estimulos","tag-rodolfo-ucros-rosales","tag-teatro","tag-tradicion"],"yoast_head":"<!-- This site is optimized with the Yoast SEO plugin v27.7 - https:\/\/yoast.com\/product\/yoast-seo-wordpress\/ -->\n<title>Ag\u00e9ndate para disfrutar de la Feria Cultural Solede\u00f1a 2021 - Constrastes<\/title>\n<meta name=\"robots\" content=\"index, follow, max-snippet:-1, max-image-preview:large, max-video-preview:-1\" \/>\n<link rel=\"canonical\" href=\"https:\/\/contrastes.com.co\/web\/2021\/02\/21\/agendate-para-disfrutar-de-la-feria-cultural-soledena-2021\/\" \/>\n<meta property=\"og:locale\" content=\"es_ES\" \/>\n<meta property=\"og:type\" content=\"article\" \/>\n<meta property=\"og:title\" content=\"Ag\u00e9ndate para disfrutar de la Feria Cultural Solede\u00f1a 2021 - Constrastes\" \/>\n<meta property=\"og:description\" content=\"La Alcald\u00eda de Soledad realiz\u00f3 de forma virtual el lanzamiento de la Feria Cultural Solede\u00f1a, cuya programaci\u00f3n se extender\u00e1 hasta el mes de abril, e incluir\u00e1 manifestaciones art\u00edsticas y culturales del municipio.\" \/>\n<meta property=\"og:url\" content=\"https:\/\/contrastes.com.co\/web\/2021\/02\/21\/agendate-para-disfrutar-de-la-feria-cultural-soledena-2021\/\" \/>\n<meta property=\"og:site_name\" content=\"Constrastes\" \/>\n<meta property=\"article:publisher\" content=\"https:\/\/www.facebook.com\/guillo.pantoja.1\" \/>\n<meta property=\"article:published_time\" content=\"2021-02-21T17:30:11+00:00\" \/>\n<meta name=\"author\" content=\"Editor\" \/>\n<meta name=\"twitter:card\" content=\"summary_large_image\" \/>\n<meta name=\"twitter:label1\" content=\"Escrito por\" \/>\n\t<meta name=\"twitter:data1\" content=\"Editor\" \/>\n\t<meta name=\"twitter:label2\" content=\"Tiempo de lectura\" \/>\n\t<meta name=\"twitter:data2\" content=\"2 minutos\" \/>\n<script type=\"application\/ld+json\" class=\"yoast-schema-graph\">{\"@context\":\"https:\\\/\\\/schema.org\",\"@graph\":[{\"@type\":\"Article\",\"@id\":\"https:\\\/\\\/contrastes.com.co\\\/web\\\/2021\\\/02\\\/21\\\/agendate-para-disfrutar-de-la-feria-cultural-soledena-2021\\\/#article\",\"isPartOf\":{\"@id\":\"https:\\\/\\\/contrastes.com.co\\\/web\\\/2021\\\/02\\\/21\\\/agendate-para-disfrutar-de-la-feria-cultural-soledena-2021\\\/\"},\"author\":{\"name\":\"Editor\",\"@id\":\"https:\\\/\\\/contrastes.com.co\\\/web\\\/#\\\/schema\\\/person\\\/62ef7a62dc4da6de450c71fc2e95ed02\"},\"headline\":\"Ag\u00e9ndate para disfrutar de la Feria Cultural Solede\u00f1a 2021\",\"datePublished\":\"2021-02-21T17:30:11+00:00\",\"mainEntityOfPage\":{\"@id\":\"https:\\\/\\\/contrastes.com.co\\\/web\\\/2021\\\/02\\\/21\\\/agendate-para-disfrutar-de-la-feria-cultural-soledena-2021\\\/\"},\"wordCount\":493,\"commentCount\":0,\"publisher\":{\"@id\":\"https:\\\/\\\/contrastes.com.co\\\/web\\\/#organization\"},\"image\":{\"@id\":\"https:\\\/\\\/contrastes.com.co\\\/web\\\/2021\\\/02\\\/21\\\/agendate-para-disfrutar-de-la-feria-cultural-soledena-2021\\\/#primaryimage\"},\"thumbnailUrl\":\"\",\"keywords\":[\"alcalde de Soledad\",\"alcaldia de Soledad\",\"artesanias\",\"cultura\",\"Danza\",\"D\u00e9cimas\",\"Feria Cultural Solede\u00f1a\",\"gastronom\u00eda\",\"Letan\u00edas\",\"Portafolio de Est\u00edmulos\",\"Rodolfo Ucr\u00f3s Rosales\",\"Teatro\",\"Tradici\u00f3n\"],\"articleSection\":[\"Cultura\",\"Eventos\",\"Locales\",\"M\u00fasica\",\"Teatro\"],\"inLanguage\":\"es\",\"potentialAction\":[{\"@type\":\"CommentAction\",\"name\":\"Comment\",\"target\":[\"https:\\\/\\\/contrastes.com.co\\\/web\\\/2021\\\/02\\\/21\\\/agendate-para-disfrutar-de-la-feria-cultural-soledena-2021\\\/#respond\"]}]},{\"@type\":\"WebPage\",\"@id\":\"https:\\\/\\\/contrastes.com.co\\\/web\\\/2021\\\/02\\\/21\\\/agendate-para-disfrutar-de-la-feria-cultural-soledena-2021\\\/\",\"url\":\"https:\\\/\\\/contrastes.com.co\\\/web\\\/2021\\\/02\\\/21\\\/agendate-para-disfrutar-de-la-feria-cultural-soledena-2021\\\/\",\"name\":\"Ag\u00e9ndate para disfrutar de la Feria Cultural Solede\u00f1a 2021 - Constrastes\",\"isPartOf\":{\"@id\":\"https:\\\/\\\/contrastes.com.co\\\/web\\\/#website\"},\"primaryImageOfPage\":{\"@id\":\"https:\\\/\\\/contrastes.com.co\\\/web\\\/2021\\\/02\\\/21\\\/agendate-para-disfrutar-de-la-feria-cultural-soledena-2021\\\/#primaryimage\"},\"image\":{\"@id\":\"https:\\\/\\\/contrastes.com.co\\\/web\\\/2021\\\/02\\\/21\\\/agendate-para-disfrutar-de-la-feria-cultural-soledena-2021\\\/#primaryimage\"},\"thumbnailUrl\":\"\",\"datePublished\":\"2021-02-21T17:30:11+00:00\",\"breadcrumb\":{\"@id\":\"https:\\\/\\\/contrastes.com.co\\\/web\\\/2021\\\/02\\\/21\\\/agendate-para-disfrutar-de-la-feria-cultural-soledena-2021\\\/#breadcrumb\"},\"inLanguage\":\"es\",\"potentialAction\":[{\"@type\":\"ReadAction\",\"target\":[\"https:\\\/\\\/contrastes.com.co\\\/web\\\/2021\\\/02\\\/21\\\/agendate-para-disfrutar-de-la-feria-cultural-soledena-2021\\\/\"]}]},{\"@type\":\"ImageObject\",\"inLanguage\":\"es\",\"@id\":\"https:\\\/\\\/contrastes.com.co\\\/web\\\/2021\\\/02\\\/21\\\/agendate-para-disfrutar-de-la-feria-cultural-soledena-2021\\\/#primaryimage\",\"url\":\"\",\"contentUrl\":\"\"},{\"@type\":\"BreadcrumbList\",\"@id\":\"https:\\\/\\\/contrastes.com.co\\\/web\\\/2021\\\/02\\\/21\\\/agendate-para-disfrutar-de-la-feria-cultural-soledena-2021\\\/#breadcrumb\",\"itemListElement\":[{\"@type\":\"ListItem\",\"position\":1,\"name\":\"Portada\",\"item\":\"https:\\\/\\\/contrastes.com.co\\\/web\\\/\"},{\"@type\":\"ListItem\",\"position\":2,\"name\":\"Ag\u00e9ndate para disfrutar de la Feria Cultural Solede\u00f1a 2021\"}]},{\"@type\":\"WebSite\",\"@id\":\"https:\\\/\\\/contrastes.com.co\\\/web\\\/#website\",\"url\":\"https:\\\/\\\/contrastes.com.co\\\/web\\\/\",\"name\":\"Contrastes\",\"description\":\"Periodismo de Conciencia\",\"publisher\":{\"@id\":\"https:\\\/\\\/contrastes.com.co\\\/web\\\/#organization\"},\"potentialAction\":[{\"@type\":\"SearchAction\",\"target\":{\"@type\":\"EntryPoint\",\"urlTemplate\":\"https:\\\/\\\/contrastes.com.co\\\/web\\\/?s={search_term_string}\"},\"query-input\":{\"@type\":\"PropertyValueSpecification\",\"valueRequired\":true,\"valueName\":\"search_term_string\"}}],\"inLanguage\":\"es\"},{\"@type\":\"Organization\",\"@id\":\"https:\\\/\\\/contrastes.com.co\\\/web\\\/#organization\",\"name\":\"Contrastes\",\"url\":\"https:\\\/\\\/contrastes.com.co\\\/web\\\/\",\"logo\":{\"@type\":\"ImageObject\",\"inLanguage\":\"es\",\"@id\":\"https:\\\/\\\/contrastes.com.co\\\/web\\\/#\\\/schema\\\/logo\\\/image\\\/\",\"url\":\"https:\\\/\\\/contrastes.com.co\\\/web\\\/wp-content\\\/uploads\\\/2025\\\/04\\\/15CONTRASTES3.png\",\"contentUrl\":\"https:\\\/\\\/contrastes.com.co\\\/web\\\/wp-content\\\/uploads\\\/2025\\\/04\\\/15CONTRASTES3.png\",\"width\":1536,\"height\":231,\"caption\":\"Contrastes\"},\"image\":{\"@id\":\"https:\\\/\\\/contrastes.com.co\\\/web\\\/#\\\/schema\\\/logo\\\/image\\\/\"},\"sameAs\":[\"https:\\\/\\\/www.facebook.com\\\/guillo.pantoja.1\"]},{\"@type\":\"Person\",\"@id\":\"https:\\\/\\\/contrastes.com.co\\\/web\\\/#\\\/schema\\\/person\\\/62ef7a62dc4da6de450c71fc2e95ed02\",\"name\":\"Editor\",\"image\":{\"@type\":\"ImageObject\",\"inLanguage\":\"es\",\"@id\":\"https:\\\/\\\/secure.gravatar.com\\\/avatar\\\/7bbb4f718d74bbf600dc556253bb04fd7ac8593751d6e2e3b85432d98aefae80?s=96&d=mm&r=g\",\"url\":\"https:\\\/\\\/secure.gravatar.com\\\/avatar\\\/7bbb4f718d74bbf600dc556253bb04fd7ac8593751d6e2e3b85432d98aefae80?s=96&d=mm&r=g\",\"contentUrl\":\"https:\\\/\\\/secure.gravatar.com\\\/avatar\\\/7bbb4f718d74bbf600dc556253bb04fd7ac8593751d6e2e3b85432d98aefae80?s=96&d=mm&r=g\",\"caption\":\"Editor\"},\"sameAs\":[\"https:\\\/\\\/contrastes.com.co\\\/web\"],\"url\":\"https:\\\/\\\/contrastes.com.co\\\/web\\\/author\\\/jdbobadilla\\\/\"}]}<\/script>\n<!-- \/ Yoast SEO plugin. -->","yoast_head_json":{"title":"Ag\u00e9ndate para disfrutar de la Feria Cultural Solede\u00f1a 2021 - Constrastes","robots":{"index":"index","follow":"follow","max-snippet":"max-snippet:-1","max-image-preview":"max-image-preview:large","max-video-preview":"max-video-preview:-1"},"canonical":"https:\/\/contrastes.com.co\/web\/2021\/02\/21\/agendate-para-disfrutar-de-la-feria-cultural-soledena-2021\/","og_locale":"es_ES","og_type":"article","og_title":"Ag\u00e9ndate para disfrutar de la Feria Cultural Solede\u00f1a 2021 - Constrastes","og_description":"La Alcald\u00eda de Soledad realiz\u00f3 de forma virtual el lanzamiento de la Feria Cultural Solede\u00f1a, cuya programaci\u00f3n se extender\u00e1 hasta el mes de abril, e incluir\u00e1 manifestaciones art\u00edsticas y culturales del municipio.","og_url":"https:\/\/contrastes.com.co\/web\/2021\/02\/21\/agendate-para-disfrutar-de-la-feria-cultural-soledena-2021\/","og_site_name":"Constrastes","article_publisher":"https:\/\/www.facebook.com\/guillo.pantoja.1","article_published_time":"2021-02-21T17:30:11+00:00","author":"Editor","twitter_card":"summary_large_image","twitter_misc":{"Escrito por":"Editor","Tiempo de lectura":"2 minutos"},"schema":{"@context":"https:\/\/schema.org","@graph":[{"@type":"Article","@id":"https:\/\/contrastes.com.co\/web\/2021\/02\/21\/agendate-para-disfrutar-de-la-feria-cultural-soledena-2021\/#article","isPartOf":{"@id":"https:\/\/contrastes.com.co\/web\/2021\/02\/21\/agendate-para-disfrutar-de-la-feria-cultural-soledena-2021\/"},"author":{"name":"Editor","@id":"https:\/\/contrastes.com.co\/web\/#\/schema\/person\/62ef7a62dc4da6de450c71fc2e95ed02"},"headline":"Ag\u00e9ndate para disfrutar de la Feria Cultural Solede\u00f1a 2021","datePublished":"2021-02-21T17:30:11+00:00","mainEntityOfPage":{"@id":"https:\/\/contrastes.com.co\/web\/2021\/02\/21\/agendate-para-disfrutar-de-la-feria-cultural-soledena-2021\/"},"wordCount":493,"commentCount":0,"publisher":{"@id":"https:\/\/contrastes.com.co\/web\/#organization"},"image":{"@id":"https:\/\/contrastes.com.co\/web\/2021\/02\/21\/agendate-para-disfrutar-de-la-feria-cultural-soledena-2021\/#primaryimage"},"thumbnailUrl":"","keywords":["alcalde de Soledad","alcaldia de Soledad","artesanias","cultura","Danza","D\u00e9cimas","Feria Cultural Solede\u00f1a","gastronom\u00eda","Letan\u00edas","Portafolio de Est\u00edmulos","Rodolfo Ucr\u00f3s Rosales","Teatro","Tradici\u00f3n"],"articleSection":["Cultura","Eventos","Locales","M\u00fasica","Teatro"],"inLanguage":"es","potentialAction":[{"@type":"CommentAction","name":"Comment","target":["https:\/\/contrastes.com.co\/web\/2021\/02\/21\/agendate-para-disfrutar-de-la-feria-cultural-soledena-2021\/#respond"]}]},{"@type":"WebPage","@id":"https:\/\/contrastes.com.co\/web\/2021\/02\/21\/agendate-para-disfrutar-de-la-feria-cultural-soledena-2021\/","url":"https:\/\/contrastes.com.co\/web\/2021\/02\/21\/agendate-para-disfrutar-de-la-feria-cultural-soledena-2021\/","name":"Ag\u00e9ndate para disfrutar de la Feria Cultural Solede\u00f1a 2021 - Constrastes","isPartOf":{"@id":"https:\/\/contrastes.com.co\/web\/#website"},"primaryImageOfPage":{"@id":"https:\/\/contrastes.com.co\/web\/2021\/02\/21\/agendate-para-disfrutar-de-la-feria-cultural-soledena-2021\/#primaryimage"},"image":{"@id":"https:\/\/contrastes.com.co\/web\/2021\/02\/21\/agendate-para-disfrutar-de-la-feria-cultural-soledena-2021\/#primaryimage"},"thumbnailUrl":"","datePublished":"2021-02-21T17:30:11+00:00","breadcrumb":{"@id":"https:\/\/contrastes.com.co\/web\/2021\/02\/21\/agendate-para-disfrutar-de-la-feria-cultural-soledena-2021\/#breadcrumb"},"inLanguage":"es","potentialAction":[{"@type":"ReadAction","target":["https:\/\/contrastes.com.co\/web\/2021\/02\/21\/agendate-para-disfrutar-de-la-feria-cultural-soledena-2021\/"]}]},{"@type":"ImageObject","inLanguage":"es","@id":"https:\/\/contrastes.com.co\/web\/2021\/02\/21\/agendate-para-disfrutar-de-la-feria-cultural-soledena-2021\/#primaryimage","url":"","contentUrl":""},{"@type":"BreadcrumbList","@id":"https:\/\/contrastes.com.co\/web\/2021\/02\/21\/agendate-para-disfrutar-de-la-feria-cultural-soledena-2021\/#breadcrumb","itemListElement":[{"@type":"ListItem","position":1,"name":"Portada","item":"https:\/\/contrastes.com.co\/web\/"},{"@type":"ListItem","position":2,"name":"Ag\u00e9ndate para disfrutar de la Feria Cultural Solede\u00f1a 2021"}]},{"@type":"WebSite","@id":"https:\/\/contrastes.com.co\/web\/#website","url":"https:\/\/contrastes.com.co\/web\/","name":"Contrastes","description":"Periodismo de Conciencia","publisher":{"@id":"https:\/\/contrastes.com.co\/web\/#organization"},"potentialAction":[{"@type":"SearchAction","target":{"@type":"EntryPoint","urlTemplate":"https:\/\/contrastes.com.co\/web\/?s={search_term_string}"},"query-input":{"@type":"PropertyValueSpecification","valueRequired":true,"valueName":"search_term_string"}}],"inLanguage":"es"},{"@type":"Organization","@id":"https:\/\/contrastes.com.co\/web\/#organization","name":"Contrastes","url":"https:\/\/contrastes.com.co\/web\/","logo":{"@type":"ImageObject","inLanguage":"es","@id":"https:\/\/contrastes.com.co\/web\/#\/schema\/logo\/image\/","url":"https:\/\/contrastes.com.co\/web\/wp-content\/uploads\/2025\/04\/15CONTRASTES3.png","contentUrl":"https:\/\/contrastes.com.co\/web\/wp-content\/uploads\/2025\/04\/15CONTRASTES3.png","width":1536,"height":231,"caption":"Contrastes"},"image":{"@id":"https:\/\/contrastes.com.co\/web\/#\/schema\/logo\/image\/"},"sameAs":["https:\/\/www.facebook.com\/guillo.pantoja.1"]},{"@type":"Person","@id":"https:\/\/contrastes.com.co\/web\/#\/schema\/person\/62ef7a62dc4da6de450c71fc2e95ed02","name":"Editor","image":{"@type":"ImageObject","inLanguage":"es","@id":"https:\/\/secure.gravatar.com\/avatar\/7bbb4f718d74bbf600dc556253bb04fd7ac8593751d6e2e3b85432d98aefae80?s=96&d=mm&r=g","url":"https:\/\/secure.gravatar.com\/avatar\/7bbb4f718d74bbf600dc556253bb04fd7ac8593751d6e2e3b85432d98aefae80?s=96&d=mm&r=g","contentUrl":"https:\/\/secure.gravatar.com\/avatar\/7bbb4f718d74bbf600dc556253bb04fd7ac8593751d6e2e3b85432d98aefae80?s=96&d=mm&r=g","caption":"Editor"},"sameAs":["https:\/\/contrastes.com.co\/web"],"url":"https:\/\/contrastes.com.co\/web\/author\/jdbobadilla\/"}]}},"blog_post_layout_featured_media_urls":{"thumbnail":"","full":""},"categories_names":{"104":{"name":"Cultura","link":"https:\/\/contrastes.com.co\/web\/category\/cultura\/"},"2169":{"name":"Eventos","link":"https:\/\/contrastes.com.co\/web\/category\/eventos\/"},"23":{"name":"Locales","link":"https:\/\/contrastes.com.co\/web\/category\/locales\/"},"2076":{"name":"M\u00fasica","link":"https:\/\/contrastes.com.co\/web\/category\/musica\/"},"2582":{"name":"Teatro","link":"https:\/\/contrastes.com.co\/web\/category\/teatro\/"}},"tags_names":{"173":{"name":"alcalde de Soledad","link":"https:\/\/contrastes.com.co\/web\/tag\/alcalde-de-soledad\/"},"28":{"name":"alcaldia de Soledad","link":"https:\/\/contrastes.com.co\/web\/tag\/alcaldia-de-soledad\/"},"1162":{"name":"artesanias","link":"https:\/\/contrastes.com.co\/web\/tag\/artesanias\/"},"105":{"name":"cultura","link":"https:\/\/contrastes.com.co\/web\/tag\/cultura\/"},"2577":{"name":"Danza","link":"https:\/\/contrastes.com.co\/web\/tag\/danza\/"},"2578":{"name":"D\u00e9cimas","link":"https:\/\/contrastes.com.co\/web\/tag\/decimas\/"},"2579":{"name":"Feria Cultural Solede\u00f1a","link":"https:\/\/contrastes.com.co\/web\/tag\/feria-cultural-soledena\/"},"1743":{"name":"gastronom\u00eda","link":"https:\/\/contrastes.com.co\/web\/tag\/gastronomia\/"},"2580":{"name":"Letan\u00edas","link":"https:\/\/contrastes.com.co\/web\/tag\/letanias\/"},"2026":{"name":"Portafolio de Est\u00edmulos","link":"https:\/\/contrastes.com.co\/web\/tag\/portafolio-de-estimulos\/"},"1879":{"name":"Rodolfo Ucr\u00f3s Rosales","link":"https:\/\/contrastes.com.co\/web\/tag\/rodolfo-ucros-rosales\/"},"2581":{"name":"Teatro","link":"https:\/\/contrastes.com.co\/web\/tag\/teatro\/"},"2583":{"name":"Tradici\u00f3n","link":"https:\/\/contrastes.com.co\/web\/tag\/tradicion\/"}},"comments_number":"0","wpmagazine_modules_lite_featured_media_urls":{"thumbnail":"","cvmm-medium":"","cvmm-medium-plus":"","cvmm-portrait":"","cvmm-medium-square":"","cvmm-large":"","cvmm-small":"","full":""},"_links":{"self":[{"href":"https:\/\/contrastes.com.co\/web\/wp-json\/wp\/v2\/posts\/4435","targetHints":{"allow":["GET"]}}],"collection":[{"href":"https:\/\/contrastes.com.co\/web\/wp-json\/wp\/v2\/posts"}],"about":[{"href":"https:\/\/contrastes.com.co\/web\/wp-json\/wp\/v2\/types\/post"}],"author":[{"embeddable":true,"href":"https:\/\/contrastes.com.co\/web\/wp-json\/wp\/v2\/users\/1"}],"replies":[{"embeddable":true,"href":"https:\/\/contrastes.com.co\/web\/wp-json\/wp\/v2\/comments?post=4435"}],"version-history":[{"count":0,"href":"https:\/\/contrastes.com.co\/web\/wp-json\/wp\/v2\/posts\/4435\/revisions"}],"wp:attachment":[{"href":"https:\/\/contrastes.com.co\/web\/wp-json\/wp\/v2\/media?parent=4435"}],"wp:term":[{"taxonomy":"category","embeddable":true,"href":"https:\/\/contrastes.com.co\/web\/wp-json\/wp\/v2\/categories?post=4435"},{"taxonomy":"post_tag","embeddable":true,"href":"https:\/\/contrastes.com.co\/web\/wp-json\/wp\/v2\/tags?post=4435"}],"curies":[{"name":"wp","href":"https:\/\/api.w.org\/{rel}","templated":true}]}}