{"id":4480,"date":"2021-02-23T13:23:38","date_gmt":"2021-02-23T18:23:38","guid":{"rendered":"https:\/\/contrastes.com.co\/digital\/?p=4480"},"modified":"2021-02-23T13:23:38","modified_gmt":"2021-02-23T18:23:38","slug":"la-reconstruccion-en-manos-de-un-lider","status":"publish","type":"post","link":"https:\/\/contrastes.com.co\/web\/2021\/02\/23\/la-reconstruccion-en-manos-de-un-lider\/","title":{"rendered":"La reconstrucci\u00f3n en manos de un l\u00edder"},"content":{"rendered":"<p style=\"text-align: center;\"><strong><em>\u201cEl buen l\u00edder conoce los talentos de su grupo de trabajo y les asigna las labores seg\u00fan ello, para que se sientan permanentemente realizados\u201d. No te pierdas la cuarta entrega de \u2018Comunicaci\u00f3n que Transforma\u2019, por Cristina Miranda.<\/em><\/strong><\/p>\n<p style=\"text-align: left;\"><img decoding=\"async\" class=\"wp-image-3695 alignright\" src=\"https:\/\/contrastes.com.co\/digital\/wp-content\/uploads\/2021\/01\/Cristina-Miranda-foto-peque\u00f1a-e1611766260439.jpg\" alt=\"\" width=\"158\" height=\"188\" \/>El l\u00edder sabe que, siempre que sea necesario, es preciso volver a empezar. Esto lo mueve a levantarse primero \u00e9l para dar ejemplo a su equipo, ejemplo que vale m\u00e1s que mil rega\u00f1os, palabras, \u00f3rdenes, directrices y estructuras de mando.<\/p>\n<p style=\"text-align: left;\">El liderazgo, desde todo punto de vista, es un asunto personal, aun cuando se ejerce dentro de las organizaciones.<\/p>\n<p style=\"text-align: left;\">Cada organizaci\u00f3n, a partir de su din\u00e1mica interior, vive diferentes momentos, algunos gozosos y otros dolorosos. Momentos donde queremos comernos el mundo en un solo bocado por la inspiraci\u00f3n que nace en nuestro interior y momentos en los que queremos tirar la toalla, porque nos hemos desgatado en el camino hacia las metas trazadas y cada d\u00eda las vemos m\u00e1s lejanas, o sencillamente ya no nos inspiran, ni importan.<\/p>\n<p>Y es precisamente en estos \u00faltimos momentos, donde el <strong>verdadero l\u00edder<\/strong> juega un papel crucial para que el barco no se hunda.<\/p>\n<p>Es entonces cuando inicia la Reconstrucci\u00f3n\u2026<\/p>\n<h5><strong>Reconoce a los sobrevivientes<\/strong><\/h5>\n<p>Lo primero que hace el l\u00edder es reconocer a los sobrevivientes que han quedado, pero que a\u00fan viven en la \u201cmiseria\u201d. Los que decidieron seguir, pese a no tener fuerza ni motivaci\u00f3n para hacerlo.<\/p>\n<p>Los reconoce uno a uno y empieza a ser solidario con sus intereses y necesidades particulares. Se interesa de manera genuina por cada miembro de su equipo. Y tiene clara la necesidad de su grupo.<\/p>\n<p>Le hace saber a su equipo que, muchas veces, es preciso volver a empezar y los anima a dar el primer paso.<\/p>\n<h5><strong>Su mirada va m\u00e1s all\u00e1 de lo aparente <\/strong><\/h5>\n<p>Lo segundo que hace el l\u00edder es detenerse a observar con cuidado las circunstancias y en su interior hay un sentido de entrega, de darse m\u00e1s all\u00e1 de sus propios intereses.<\/p>\n<p>Examina en silencio el panorama, tratando de tener una visi\u00f3n lo m\u00e1s clara y objetiva posible de la situaci\u00f3n.<\/p>\n<p>Le hace ver a su equipo las dificultades por las que pasan y los anima para que, unidos, las superen.<\/p>\n<blockquote>\n<p style=\"text-align: center;\"><em>\u201cLos convoca uniendo la misi\u00f3n de la empresa, pero teniendo en cuenta los intereses y necesidades de cada uno\u201d<\/em><\/p>\n<\/blockquote>\n<h5><strong>Crea redes de apoyo <\/strong><\/h5>\n<p>Sabe que el trabajo de su equipo es un engranaje, paso a paso, poco a poco, que funciona como una red de apoyo y que cada uno debe tener en su mente y en su coraz\u00f3n la meta a la que se han propuesto llegar y el deseo de conseguirla.<\/p>\n<p>Se pone la camiseta y la suda al igual que su equipo.<\/p>\n<p>Los convoca uniendo la misi\u00f3n de la empresa, pero teniendo en cuenta los intereses y necesidades de cada uno.<\/p>\n<p>Conoce los talentos de su grupo de trabajo y les asigna las labores seg\u00fan ello, para que se sientan permanentemente realizados. Sin embargo, tambi\u00e9n les ense\u00f1a que todos son un equipo y que se complementan en funciones que, a veces, implican apoyo mutuo y darse al otro en generosidad y compa\u00f1erismo.<\/p>\n<h5><strong>Prepara a su equipo para hacer frente a las dificultades <\/strong><\/h5>\n<p>Lo hace como centinela ante las dificultades, des\u00e1nimos u obst\u00e1culos que se puedan presentar, para que ello no impida el avance del trabajo que realizan.<\/p>\n<p>Enfrenta con serenidad los inconvenientes y las adversidades que se encuentra en el camino. Conf\u00eda en la obra que le ha sido encomendada y habla con autoridad e inspira confianza.<\/p>\n<p>Es como un faro que alumbra y dirige el norte de actuaci\u00f3n del equipo, pues es quien tiene visi\u00f3n de \u00e1guila.<\/p>\n<p>Gu\u00eda a su equipo, reconoce el liderazgo individual de cada uno y les indica el camino. Cada uno tiene claro hacia d\u00f3nde debe dirigirse, cu\u00e1les son sus funciones, compromisos y lo que se espera de ellos.<\/p>\n<blockquote>\n<p style=\"text-align: center;\"><em>\u201cLlama la atenci\u00f3n con autoridad y con respeto, tocando el coraz\u00f3n y la voluntad\u201d<\/em><\/p>\n<\/blockquote>\n<h5><strong>Es testimonio de vida <\/strong><\/h5>\n<p>Es ejemplo de persistencia y perseverancia y, ante la dificultad interior, se enfoca en lo realmente importante, se calma y piensa con serenidad el paso a seguir.<\/p>\n<p>Llama la atenci\u00f3n con autoridad y con respeto, tocando el coraz\u00f3n y la voluntad. Promueve la justicia y generosidad entre los suyos.<\/p>\n<p>Desarrolla sabidur\u00eda y discernimiento para no dejarse enredar por quienes quieren truncar la obra que emprende.<\/p>\n<p>Celebra los \u00e9xitos de su equipo. Les ense\u00f1a que cada uno pone en com\u00fan lo que tiene, con esp\u00edritu generoso, y que todo lo que damos retorna a nosotros multiplicado en abundancia.<\/p>\n<p><em>(Art\u00edculo basado en el libro de Nehem\u00edas, Antiguo Testamento de La Biblia)<\/em><\/p>\n<p><em><strong>Cristina Miranda\u00a0<\/strong><\/em><em>es comunicadora social y\u00a0<\/em><em>CEO de &#8216;Comunicaci\u00f3n que Transforma&#8217;. Consultor en Colaboraci\u00f3n de Proyectos de Gesti\u00f3n Humana, Bienestar y Talento en la empresa espa\u00f1ola <a href=\"https:\/\/www.ncconsulting.com\/\">NC Consulting<\/a>. Con 21 a\u00f1os en dise\u00f1o de experiencias de aprendizaje y consultor\u00eda en servicio al cliente, comunicaci\u00f3n, liderazgo, inteligencia emocional y Personal Branding, oportunidades de negocio, gesti\u00f3n de alianzas estrat\u00e9gicas, coordinaci\u00f3n de proyectos de comunicaci\u00f3n para el desarrollo social y organizacional, dise\u00f1o e implementaci\u00f3n de diagn\u00f3sticos y estrategias de comunicaci\u00f3n organizacional.<\/em><\/p>\n<p><em>Instagram: <\/em><a href=\"https:\/\/www.instagram.com\/cristinamiranda.co\/\">@cristinamiranda.co<\/a><em> \/\u00a0Facebook: <\/em><a href=\"https:\/\/www.facebook.com\/cristinamiranda.co\">@cristinamiranda.co<\/a><em> \/ LinkedIn: <\/em><a href=\"https:\/\/www.linkedin.com\/in\/cristinamirandac\/\">cristinamirandac<\/a><\/p>\n<p><em>Twitter: <\/em><a href=\"https:\/\/twitter.com\/CrisMirandaC\">CrisMirandaC<\/a><\/p>\n","protected":false},"excerpt":{"rendered":"<p>\u201cEl buen l\u00edder conoce los talentos de su grupo de trabajo y les asigna las labores seg\u00fan ello, para que se sientan permanentemente realizados\u201d. No te pierdas la cuarta entrega de \u2018Comunicaci\u00f3n que Transforma\u2019, por Cristina Miranda.<\/p>\n","protected":false},"author":1,"featured_media":4482,"comment_status":"open","ping_status":"open","sticky":false,"template":"","format":"standard","meta":{"footnotes":""},"categories":[2400,715,277,2067],"tags":[2608,1966,1967,700,2609,2610,278,2611,2612],"class_list":["post-4480","post","type-post","status-publish","format-standard","has-post-thumbnail","hentry","category-columnistas","category-empresas","category-opinion","category-tendencias","tag-comunicacion-organizacional","tag-comunicacion-que-transforma","tag-cristina-miranda","tag-empresas","tag-liderazgo","tag-lideres","tag-opinion","tag-organizaciones","tag-redes-de-apoyo"],"yoast_head":"<!-- This site is optimized with the Yoast SEO plugin v27.7 - https:\/\/yoast.com\/product\/yoast-seo-wordpress\/ -->\n<title>La reconstrucci\u00f3n en manos de un l\u00edder - Constrastes<\/title>\n<meta name=\"robots\" content=\"index, follow, max-snippet:-1, max-image-preview:large, max-video-preview:-1\" \/>\n<link rel=\"canonical\" href=\"https:\/\/contrastes.com.co\/web\/2021\/02\/23\/la-reconstruccion-en-manos-de-un-lider\/\" \/>\n<meta property=\"og:locale\" content=\"es_ES\" \/>\n<meta property=\"og:type\" content=\"article\" \/>\n<meta property=\"og:title\" content=\"La reconstrucci\u00f3n en manos de un l\u00edder - Constrastes\" \/>\n<meta property=\"og:description\" content=\"\u201cEl buen l\u00edder conoce los talentos de su grupo de trabajo y les asigna las labores seg\u00fan ello, para que se sientan permanentemente realizados\u201d. No te pierdas la cuarta entrega de \u2018Comunicaci\u00f3n que Transforma\u2019, por Cristina Miranda.\" \/>\n<meta property=\"og:url\" content=\"https:\/\/contrastes.com.co\/web\/2021\/02\/23\/la-reconstruccion-en-manos-de-un-lider\/\" \/>\n<meta property=\"og:site_name\" content=\"Constrastes\" \/>\n<meta property=\"article:publisher\" content=\"https:\/\/www.facebook.com\/guillo.pantoja.1\" \/>\n<meta property=\"article:published_time\" content=\"2021-02-23T18:23:38+00:00\" \/>\n<meta name=\"author\" content=\"Editor\" \/>\n<meta name=\"twitter:card\" content=\"summary_large_image\" \/>\n<meta name=\"twitter:label1\" content=\"Escrito por\" \/>\n\t<meta name=\"twitter:data1\" content=\"Editor\" \/>\n\t<meta name=\"twitter:label2\" content=\"Tiempo de lectura\" \/>\n\t<meta name=\"twitter:data2\" content=\"5 minutos\" \/>\n<script type=\"application\/ld+json\" class=\"yoast-schema-graph\">{\"@context\":\"https:\\\/\\\/schema.org\",\"@graph\":[{\"@type\":\"Article\",\"@id\":\"https:\\\/\\\/contrastes.com.co\\\/web\\\/2021\\\/02\\\/23\\\/la-reconstruccion-en-manos-de-un-lider\\\/#article\",\"isPartOf\":{\"@id\":\"https:\\\/\\\/contrastes.com.co\\\/web\\\/2021\\\/02\\\/23\\\/la-reconstruccion-en-manos-de-un-lider\\\/\"},\"author\":{\"name\":\"Editor\",\"@id\":\"https:\\\/\\\/contrastes.com.co\\\/web\\\/#\\\/schema\\\/person\\\/62ef7a62dc4da6de450c71fc2e95ed02\"},\"headline\":\"La reconstrucci\u00f3n en manos de un l\u00edder\",\"datePublished\":\"2021-02-23T18:23:38+00:00\",\"mainEntityOfPage\":{\"@id\":\"https:\\\/\\\/contrastes.com.co\\\/web\\\/2021\\\/02\\\/23\\\/la-reconstruccion-en-manos-de-un-lider\\\/\"},\"wordCount\":929,\"commentCount\":0,\"publisher\":{\"@id\":\"https:\\\/\\\/contrastes.com.co\\\/web\\\/#organization\"},\"image\":{\"@id\":\"https:\\\/\\\/contrastes.com.co\\\/web\\\/2021\\\/02\\\/23\\\/la-reconstruccion-en-manos-de-un-lider\\\/#primaryimage\"},\"thumbnailUrl\":\"\",\"keywords\":[\"Comunicaci\u00f3n organizacional\",\"Comunicaci\u00f3n que Transforma\",\"Cristina Miranda\",\"empresas\",\"Liderazgo\",\"L\u00edderes\",\"opini\u00f3n\",\"Organizaciones\",\"Redes de apoyo\"],\"articleSection\":[\"Columnistas\",\"Empresas\",\"Opini\u00f3n\",\"Tendencias\"],\"inLanguage\":\"es\",\"potentialAction\":[{\"@type\":\"CommentAction\",\"name\":\"Comment\",\"target\":[\"https:\\\/\\\/contrastes.com.co\\\/web\\\/2021\\\/02\\\/23\\\/la-reconstruccion-en-manos-de-un-lider\\\/#respond\"]}]},{\"@type\":\"WebPage\",\"@id\":\"https:\\\/\\\/contrastes.com.co\\\/web\\\/2021\\\/02\\\/23\\\/la-reconstruccion-en-manos-de-un-lider\\\/\",\"url\":\"https:\\\/\\\/contrastes.com.co\\\/web\\\/2021\\\/02\\\/23\\\/la-reconstruccion-en-manos-de-un-lider\\\/\",\"name\":\"La reconstrucci\u00f3n en manos de un l\u00edder - Constrastes\",\"isPartOf\":{\"@id\":\"https:\\\/\\\/contrastes.com.co\\\/web\\\/#website\"},\"primaryImageOfPage\":{\"@id\":\"https:\\\/\\\/contrastes.com.co\\\/web\\\/2021\\\/02\\\/23\\\/la-reconstruccion-en-manos-de-un-lider\\\/#primaryimage\"},\"image\":{\"@id\":\"https:\\\/\\\/contrastes.com.co\\\/web\\\/2021\\\/02\\\/23\\\/la-reconstruccion-en-manos-de-un-lider\\\/#primaryimage\"},\"thumbnailUrl\":\"\",\"datePublished\":\"2021-02-23T18:23:38+00:00\",\"breadcrumb\":{\"@id\":\"https:\\\/\\\/contrastes.com.co\\\/web\\\/2021\\\/02\\\/23\\\/la-reconstruccion-en-manos-de-un-lider\\\/#breadcrumb\"},\"inLanguage\":\"es\",\"potentialAction\":[{\"@type\":\"ReadAction\",\"target\":[\"https:\\\/\\\/contrastes.com.co\\\/web\\\/2021\\\/02\\\/23\\\/la-reconstruccion-en-manos-de-un-lider\\\/\"]}]},{\"@type\":\"ImageObject\",\"inLanguage\":\"es\",\"@id\":\"https:\\\/\\\/contrastes.com.co\\\/web\\\/2021\\\/02\\\/23\\\/la-reconstruccion-en-manos-de-un-lider\\\/#primaryimage\",\"url\":\"\",\"contentUrl\":\"\"},{\"@type\":\"BreadcrumbList\",\"@id\":\"https:\\\/\\\/contrastes.com.co\\\/web\\\/2021\\\/02\\\/23\\\/la-reconstruccion-en-manos-de-un-lider\\\/#breadcrumb\",\"itemListElement\":[{\"@type\":\"ListItem\",\"position\":1,\"name\":\"Portada\",\"item\":\"https:\\\/\\\/contrastes.com.co\\\/web\\\/\"},{\"@type\":\"ListItem\",\"position\":2,\"name\":\"La reconstrucci\u00f3n en manos de un l\u00edder\"}]},{\"@type\":\"WebSite\",\"@id\":\"https:\\\/\\\/contrastes.com.co\\\/web\\\/#website\",\"url\":\"https:\\\/\\\/contrastes.com.co\\\/web\\\/\",\"name\":\"Contrastes\",\"description\":\"Periodismo de Conciencia\",\"publisher\":{\"@id\":\"https:\\\/\\\/contrastes.com.co\\\/web\\\/#organization\"},\"potentialAction\":[{\"@type\":\"SearchAction\",\"target\":{\"@type\":\"EntryPoint\",\"urlTemplate\":\"https:\\\/\\\/contrastes.com.co\\\/web\\\/?s={search_term_string}\"},\"query-input\":{\"@type\":\"PropertyValueSpecification\",\"valueRequired\":true,\"valueName\":\"search_term_string\"}}],\"inLanguage\":\"es\"},{\"@type\":\"Organization\",\"@id\":\"https:\\\/\\\/contrastes.com.co\\\/web\\\/#organization\",\"name\":\"Contrastes\",\"url\":\"https:\\\/\\\/contrastes.com.co\\\/web\\\/\",\"logo\":{\"@type\":\"ImageObject\",\"inLanguage\":\"es\",\"@id\":\"https:\\\/\\\/contrastes.com.co\\\/web\\\/#\\\/schema\\\/logo\\\/image\\\/\",\"url\":\"https:\\\/\\\/contrastes.com.co\\\/web\\\/wp-content\\\/uploads\\\/2025\\\/04\\\/15CONTRASTES3.png\",\"contentUrl\":\"https:\\\/\\\/contrastes.com.co\\\/web\\\/wp-content\\\/uploads\\\/2025\\\/04\\\/15CONTRASTES3.png\",\"width\":1536,\"height\":231,\"caption\":\"Contrastes\"},\"image\":{\"@id\":\"https:\\\/\\\/contrastes.com.co\\\/web\\\/#\\\/schema\\\/logo\\\/image\\\/\"},\"sameAs\":[\"https:\\\/\\\/www.facebook.com\\\/guillo.pantoja.1\"]},{\"@type\":\"Person\",\"@id\":\"https:\\\/\\\/contrastes.com.co\\\/web\\\/#\\\/schema\\\/person\\\/62ef7a62dc4da6de450c71fc2e95ed02\",\"name\":\"Editor\",\"image\":{\"@type\":\"ImageObject\",\"inLanguage\":\"es\",\"@id\":\"https:\\\/\\\/secure.gravatar.com\\\/avatar\\\/7bbb4f718d74bbf600dc556253bb04fd7ac8593751d6e2e3b85432d98aefae80?s=96&d=mm&r=g\",\"url\":\"https:\\\/\\\/secure.gravatar.com\\\/avatar\\\/7bbb4f718d74bbf600dc556253bb04fd7ac8593751d6e2e3b85432d98aefae80?s=96&d=mm&r=g\",\"contentUrl\":\"https:\\\/\\\/secure.gravatar.com\\\/avatar\\\/7bbb4f718d74bbf600dc556253bb04fd7ac8593751d6e2e3b85432d98aefae80?s=96&d=mm&r=g\",\"caption\":\"Editor\"},\"sameAs\":[\"https:\\\/\\\/contrastes.com.co\\\/web\"],\"url\":\"https:\\\/\\\/contrastes.com.co\\\/web\\\/author\\\/jdbobadilla\\\/\"}]}<\/script>\n<!-- \/ Yoast SEO plugin. -->","yoast_head_json":{"title":"La reconstrucci\u00f3n en manos de un l\u00edder - Constrastes","robots":{"index":"index","follow":"follow","max-snippet":"max-snippet:-1","max-image-preview":"max-image-preview:large","max-video-preview":"max-video-preview:-1"},"canonical":"https:\/\/contrastes.com.co\/web\/2021\/02\/23\/la-reconstruccion-en-manos-de-un-lider\/","og_locale":"es_ES","og_type":"article","og_title":"La reconstrucci\u00f3n en manos de un l\u00edder - Constrastes","og_description":"\u201cEl buen l\u00edder conoce los talentos de su grupo de trabajo y les asigna las labores seg\u00fan ello, para que se sientan permanentemente realizados\u201d. No te pierdas la cuarta entrega de \u2018Comunicaci\u00f3n que Transforma\u2019, por Cristina Miranda.","og_url":"https:\/\/contrastes.com.co\/web\/2021\/02\/23\/la-reconstruccion-en-manos-de-un-lider\/","og_site_name":"Constrastes","article_publisher":"https:\/\/www.facebook.com\/guillo.pantoja.1","article_published_time":"2021-02-23T18:23:38+00:00","author":"Editor","twitter_card":"summary_large_image","twitter_misc":{"Escrito por":"Editor","Tiempo de lectura":"5 minutos"},"schema":{"@context":"https:\/\/schema.org","@graph":[{"@type":"Article","@id":"https:\/\/contrastes.com.co\/web\/2021\/02\/23\/la-reconstruccion-en-manos-de-un-lider\/#article","isPartOf":{"@id":"https:\/\/contrastes.com.co\/web\/2021\/02\/23\/la-reconstruccion-en-manos-de-un-lider\/"},"author":{"name":"Editor","@id":"https:\/\/contrastes.com.co\/web\/#\/schema\/person\/62ef7a62dc4da6de450c71fc2e95ed02"},"headline":"La reconstrucci\u00f3n en manos de un l\u00edder","datePublished":"2021-02-23T18:23:38+00:00","mainEntityOfPage":{"@id":"https:\/\/contrastes.com.co\/web\/2021\/02\/23\/la-reconstruccion-en-manos-de-un-lider\/"},"wordCount":929,"commentCount":0,"publisher":{"@id":"https:\/\/contrastes.com.co\/web\/#organization"},"image":{"@id":"https:\/\/contrastes.com.co\/web\/2021\/02\/23\/la-reconstruccion-en-manos-de-un-lider\/#primaryimage"},"thumbnailUrl":"","keywords":["Comunicaci\u00f3n organizacional","Comunicaci\u00f3n que Transforma","Cristina Miranda","empresas","Liderazgo","L\u00edderes","opini\u00f3n","Organizaciones","Redes de apoyo"],"articleSection":["Columnistas","Empresas","Opini\u00f3n","Tendencias"],"inLanguage":"es","potentialAction":[{"@type":"CommentAction","name":"Comment","target":["https:\/\/contrastes.com.co\/web\/2021\/02\/23\/la-reconstruccion-en-manos-de-un-lider\/#respond"]}]},{"@type":"WebPage","@id":"https:\/\/contrastes.com.co\/web\/2021\/02\/23\/la-reconstruccion-en-manos-de-un-lider\/","url":"https:\/\/contrastes.com.co\/web\/2021\/02\/23\/la-reconstruccion-en-manos-de-un-lider\/","name":"La reconstrucci\u00f3n en manos de un l\u00edder - Constrastes","isPartOf":{"@id":"https:\/\/contrastes.com.co\/web\/#website"},"primaryImageOfPage":{"@id":"https:\/\/contrastes.com.co\/web\/2021\/02\/23\/la-reconstruccion-en-manos-de-un-lider\/#primaryimage"},"image":{"@id":"https:\/\/contrastes.com.co\/web\/2021\/02\/23\/la-reconstruccion-en-manos-de-un-lider\/#primaryimage"},"thumbnailUrl":"","datePublished":"2021-02-23T18:23:38+00:00","breadcrumb":{"@id":"https:\/\/contrastes.com.co\/web\/2021\/02\/23\/la-reconstruccion-en-manos-de-un-lider\/#breadcrumb"},"inLanguage":"es","potentialAction":[{"@type":"ReadAction","target":["https:\/\/contrastes.com.co\/web\/2021\/02\/23\/la-reconstruccion-en-manos-de-un-lider\/"]}]},{"@type":"ImageObject","inLanguage":"es","@id":"https:\/\/contrastes.com.co\/web\/2021\/02\/23\/la-reconstruccion-en-manos-de-un-lider\/#primaryimage","url":"","contentUrl":""},{"@type":"BreadcrumbList","@id":"https:\/\/contrastes.com.co\/web\/2021\/02\/23\/la-reconstruccion-en-manos-de-un-lider\/#breadcrumb","itemListElement":[{"@type":"ListItem","position":1,"name":"Portada","item":"https:\/\/contrastes.com.co\/web\/"},{"@type":"ListItem","position":2,"name":"La reconstrucci\u00f3n en manos de un l\u00edder"}]},{"@type":"WebSite","@id":"https:\/\/contrastes.com.co\/web\/#website","url":"https:\/\/contrastes.com.co\/web\/","name":"Contrastes","description":"Periodismo de Conciencia","publisher":{"@id":"https:\/\/contrastes.com.co\/web\/#organization"},"potentialAction":[{"@type":"SearchAction","target":{"@type":"EntryPoint","urlTemplate":"https:\/\/contrastes.com.co\/web\/?s={search_term_string}"},"query-input":{"@type":"PropertyValueSpecification","valueRequired":true,"valueName":"search_term_string"}}],"inLanguage":"es"},{"@type":"Organization","@id":"https:\/\/contrastes.com.co\/web\/#organization","name":"Contrastes","url":"https:\/\/contrastes.com.co\/web\/","logo":{"@type":"ImageObject","inLanguage":"es","@id":"https:\/\/contrastes.com.co\/web\/#\/schema\/logo\/image\/","url":"https:\/\/contrastes.com.co\/web\/wp-content\/uploads\/2025\/04\/15CONTRASTES3.png","contentUrl":"https:\/\/contrastes.com.co\/web\/wp-content\/uploads\/2025\/04\/15CONTRASTES3.png","width":1536,"height":231,"caption":"Contrastes"},"image":{"@id":"https:\/\/contrastes.com.co\/web\/#\/schema\/logo\/image\/"},"sameAs":["https:\/\/www.facebook.com\/guillo.pantoja.1"]},{"@type":"Person","@id":"https:\/\/contrastes.com.co\/web\/#\/schema\/person\/62ef7a62dc4da6de450c71fc2e95ed02","name":"Editor","image":{"@type":"ImageObject","inLanguage":"es","@id":"https:\/\/secure.gravatar.com\/avatar\/7bbb4f718d74bbf600dc556253bb04fd7ac8593751d6e2e3b85432d98aefae80?s=96&d=mm&r=g","url":"https:\/\/secure.gravatar.com\/avatar\/7bbb4f718d74bbf600dc556253bb04fd7ac8593751d6e2e3b85432d98aefae80?s=96&d=mm&r=g","contentUrl":"https:\/\/secure.gravatar.com\/avatar\/7bbb4f718d74bbf600dc556253bb04fd7ac8593751d6e2e3b85432d98aefae80?s=96&d=mm&r=g","caption":"Editor"},"sameAs":["https:\/\/contrastes.com.co\/web"],"url":"https:\/\/contrastes.com.co\/web\/author\/jdbobadilla\/"}]}},"blog_post_layout_featured_media_urls":{"thumbnail":"","full":""},"categories_names":{"2400":{"name":"Columnistas","link":"https:\/\/contrastes.com.co\/web\/category\/columnistas\/"},"715":{"name":"Empresas","link":"https:\/\/contrastes.com.co\/web\/category\/empresas\/"},"277":{"name":"Opini\u00f3n","link":"https:\/\/contrastes.com.co\/web\/category\/opinion\/"},"2067":{"name":"Tendencias","link":"https:\/\/contrastes.com.co\/web\/category\/tendencias\/"}},"tags_names":{"2608":{"name":"Comunicaci\u00f3n organizacional","link":"https:\/\/contrastes.com.co\/web\/tag\/comunicacion-organizacional\/"},"1966":{"name":"Comunicaci\u00f3n que Transforma","link":"https:\/\/contrastes.com.co\/web\/tag\/comunicacion-que-transforma\/"},"1967":{"name":"Cristina Miranda","link":"https:\/\/contrastes.com.co\/web\/tag\/cristina-miranda\/"},"700":{"name":"empresas","link":"https:\/\/contrastes.com.co\/web\/tag\/empresas\/"},"2609":{"name":"Liderazgo","link":"https:\/\/contrastes.com.co\/web\/tag\/liderazgo\/"},"2610":{"name":"L\u00edderes","link":"https:\/\/contrastes.com.co\/web\/tag\/lideres\/"},"278":{"name":"opini\u00f3n","link":"https:\/\/contrastes.com.co\/web\/tag\/opinion\/"},"2611":{"name":"Organizaciones","link":"https:\/\/contrastes.com.co\/web\/tag\/organizaciones\/"},"2612":{"name":"Redes de apoyo","link":"https:\/\/contrastes.com.co\/web\/tag\/redes-de-apoyo\/"}},"comments_number":"0","wpmagazine_modules_lite_featured_media_urls":{"thumbnail":"","cvmm-medium":"","cvmm-medium-plus":"","cvmm-portrait":"","cvmm-medium-square":"","cvmm-large":"","cvmm-small":"","full":""},"_links":{"self":[{"href":"https:\/\/contrastes.com.co\/web\/wp-json\/wp\/v2\/posts\/4480","targetHints":{"allow":["GET"]}}],"collection":[{"href":"https:\/\/contrastes.com.co\/web\/wp-json\/wp\/v2\/posts"}],"about":[{"href":"https:\/\/contrastes.com.co\/web\/wp-json\/wp\/v2\/types\/post"}],"author":[{"embeddable":true,"href":"https:\/\/contrastes.com.co\/web\/wp-json\/wp\/v2\/users\/1"}],"replies":[{"embeddable":true,"href":"https:\/\/contrastes.com.co\/web\/wp-json\/wp\/v2\/comments?post=4480"}],"version-history":[{"count":0,"href":"https:\/\/contrastes.com.co\/web\/wp-json\/wp\/v2\/posts\/4480\/revisions"}],"wp:attachment":[{"href":"https:\/\/contrastes.com.co\/web\/wp-json\/wp\/v2\/media?parent=4480"}],"wp:term":[{"taxonomy":"category","embeddable":true,"href":"https:\/\/contrastes.com.co\/web\/wp-json\/wp\/v2\/categories?post=4480"},{"taxonomy":"post_tag","embeddable":true,"href":"https:\/\/contrastes.com.co\/web\/wp-json\/wp\/v2\/tags?post=4480"}],"curies":[{"name":"wp","href":"https:\/\/api.w.org\/{rel}","templated":true}]}}