{"id":4492,"date":"2021-02-23T18:42:35","date_gmt":"2021-02-23T23:42:35","guid":{"rendered":"https:\/\/contrastes.com.co\/digital\/?p=4492"},"modified":"2021-02-23T18:42:35","modified_gmt":"2021-02-23T23:42:35","slug":"barranquilla-dispone-nuevas-medidas-sobre-protocolos-de-bioseguridad","status":"publish","type":"post","link":"https:\/\/contrastes.com.co\/web\/2021\/02\/23\/barranquilla-dispone-nuevas-medidas-sobre-protocolos-de-bioseguridad\/","title":{"rendered":"\u00a0  Barranquilla dispone nuevas medidas sobre protocolos de bioseguridad"},"content":{"rendered":"<p style=\"text-align: center;\"><strong><em>Desde este martes 23 de febrero ser\u00e1 voluntaria la desinfecci\u00f3n de zapatos, el registro de ingreso a establecimientos, los tapetes desinfectantes, la toma de temperatura, la aspersi\u00f3n de qu\u00edmicos sobre personas y la desinfecci\u00f3n de llantas, entre otras.<\/em><\/strong><\/p>\n<p><strong>Barranquilla.-<\/strong> Teniendo en cuenta la literatura internacional y la evidencia publicada por organismos como la <a href=\"https:\/\/www.who.int\/es\">Organizaci\u00f3n Mundial de la Salud<\/a> y el Centro de Control de Enfermedades, sobre pr\u00e1cticas eficaces para frenar el contagio del COVID-19, la <a href=\"https:\/\/www.barranquilla.gov.co\">Alcald\u00eda de Barranquilla<\/a> estableci\u00f3 este martes nuevas disposiciones sobre los protocolos de bioseguridad aplicados en la ciudad.<\/p>\n<p>Mediante un acto administrativo (Resoluci\u00f3n 01 de 2021), que tiene por objeto brindar recomendaciones y ampliar las medidas adoptadas para la comunidad del Distrito de Barranquilla, se dio a conocer que las siguientes medidas y pr\u00e1cticas cotidianas de bioseguridad se consideran voluntarias por su baja eficacia frente a la transmisi\u00f3n del virus:<\/p>\n<ul>\n<li>Desinfecci\u00f3n de zapatos.<\/li>\n<li>Tapetes desinfectantes.<\/li>\n<li>Toma de temperatura.<\/li>\n<li>Desinfecci\u00f3n de llantas.<\/li>\n<li>Registro de ingreso a establecimientos.<\/li>\n<li>Aspersi\u00f3n de qu\u00edmicos sobre personas.<\/li>\n<\/ul>\n<p>Entretanto, la Alcald\u00eda Distrital insta a los establecimientos comerciales y a la ciudadan\u00eda a cumplir de manera obligatoria medidas como el correcto y permanente uso de tapabocas, lavado o desinfecci\u00f3n constante de manos, y distanciamiento f\u00edsico.<\/p>\n<p>Asimismo, es fundamental la higiene y etiqueta respiratoria, la disposici\u00f3n adecuada de los elementos de protecci\u00f3n personal (guantes, tapabocas, gafas, etc.), y la implementaci\u00f3n de estrategias de prevenci\u00f3n que generen cultura ciudadana y contribuyan a la disminuci\u00f3n del contagio del virus, tales como jornadas de sensibilizaci\u00f3n, se\u00f1al\u00e9ticas, habladores y mensajes de difusi\u00f3n.<\/p>\n<h5><strong>Horarios para bares y restaurantes<\/strong><\/h5>\n<p>El art\u00edculo 3 de la mencionada resoluci\u00f3n precisa que, los establecimientos que hacen parte del plan piloto para billares y que est\u00e9n debidamente autorizados, podr\u00e1n funcionar hasta la 1:00 a.m., igual que los restaurantes y bares con protocolos registrados y autorizados para operar.<\/p>\n<h5><strong>Sanciones<\/strong><\/h5>\n<p>Quienes incumplan los protocolos de bioseguridad y las medidas sanitarias establecidas, ser\u00e1n sancionados con Multa General Tipo 4, equivalente a $936.320, y la suspensi\u00f3n temporal de la actividad por incumplir las normas o disposiciones de seguridad o sanidad, para el desarrollo de la actividad econ\u00f3mica de acuerdo con su objeto social, de conformidad con el art\u00edculo 94 de la Ley 1801 de 2016.<\/p>\n<p>En los t\u00e9rminos del art\u00edculo 196 de la Ley 1801 de 2016, la reiteraci\u00f3n de este comportamiento contrario a la convivencia, dar\u00e1 lugar a un cierre de tres (3) meses. En caso de posterior reincidencia en un mismo a\u00f1o, se impondr\u00e1 la suspensi\u00f3n definitiva sin perjuicio de las acciones penales que correspondan.<\/p>\n<p><em>Prensa Alcald\u00eda de Barranquilla<\/em><\/p>\n","protected":false},"excerpt":{"rendered":"<p>Desde este martes 23 de febrero ser\u00e1 voluntaria en Barranquilla la desinfecci\u00f3n de zapatos, el registro de ingreso a establecimientos, los tapetes desinfectantes, la toma de temperatura, la aspersi\u00f3n de qu\u00edmicos sobre personas y la desinfecci\u00f3n de llantas, entre otras.<\/p>\n","protected":false},"author":1,"featured_media":4494,"comment_status":"open","ping_status":"open","sticky":false,"template":"","format":"standard","meta":{"footnotes":""},"categories":[73,23,25],"tags":[12,311,2613,2614,121,367,2615],"class_list":["post-4492","post","type-post","status-publish","format-standard","has-post-thumbnail","hentry","category-coronavirus","category-locales","category-salud","tag-alcaldia-de-barranquilla","tag-barranquilla","tag-medidas-voluntarias","tag-nuevas-medidas","tag-organizacion-mundial-de-la-salud","tag-protocolos-de-bioseguridad","tag-resolucion-01-de-2021"],"yoast_head":"<!-- This site is optimized with the Yoast SEO plugin v27.7 - https:\/\/yoast.com\/product\/yoast-seo-wordpress\/ -->\n<title>\u00a0 Barranquilla dispone nuevas medidas sobre protocolos de bioseguridad - Constrastes<\/title>\n<meta name=\"robots\" content=\"index, follow, max-snippet:-1, max-image-preview:large, max-video-preview:-1\" \/>\n<link rel=\"canonical\" href=\"https:\/\/contrastes.com.co\/web\/2021\/02\/23\/barranquilla-dispone-nuevas-medidas-sobre-protocolos-de-bioseguridad\/\" \/>\n<meta property=\"og:locale\" content=\"es_ES\" \/>\n<meta property=\"og:type\" content=\"article\" \/>\n<meta property=\"og:title\" content=\"\u00a0 Barranquilla dispone nuevas medidas sobre protocolos de bioseguridad - Constrastes\" \/>\n<meta property=\"og:description\" content=\"Desde este martes 23 de febrero ser\u00e1 voluntaria en Barranquilla la desinfecci\u00f3n de zapatos, el registro de ingreso a establecimientos, los tapetes desinfectantes, la toma de temperatura, la aspersi\u00f3n de qu\u00edmicos sobre personas y la desinfecci\u00f3n de llantas, entre otras.\" \/>\n<meta property=\"og:url\" content=\"https:\/\/contrastes.com.co\/web\/2021\/02\/23\/barranquilla-dispone-nuevas-medidas-sobre-protocolos-de-bioseguridad\/\" \/>\n<meta property=\"og:site_name\" content=\"Constrastes\" \/>\n<meta property=\"article:publisher\" content=\"https:\/\/www.facebook.com\/guillo.pantoja.1\" \/>\n<meta property=\"article:published_time\" content=\"2021-02-23T23:42:35+00:00\" \/>\n<meta name=\"author\" content=\"Editor\" \/>\n<meta name=\"twitter:card\" content=\"summary_large_image\" \/>\n<meta name=\"twitter:label1\" content=\"Escrito por\" \/>\n\t<meta name=\"twitter:data1\" content=\"Editor\" \/>\n\t<meta name=\"twitter:label2\" content=\"Tiempo de lectura\" \/>\n\t<meta name=\"twitter:data2\" content=\"2 minutos\" \/>\n<script type=\"application\/ld+json\" class=\"yoast-schema-graph\">{\"@context\":\"https:\\\/\\\/schema.org\",\"@graph\":[{\"@type\":\"Article\",\"@id\":\"https:\\\/\\\/contrastes.com.co\\\/web\\\/2021\\\/02\\\/23\\\/barranquilla-dispone-nuevas-medidas-sobre-protocolos-de-bioseguridad\\\/#article\",\"isPartOf\":{\"@id\":\"https:\\\/\\\/contrastes.com.co\\\/web\\\/2021\\\/02\\\/23\\\/barranquilla-dispone-nuevas-medidas-sobre-protocolos-de-bioseguridad\\\/\"},\"author\":{\"name\":\"Editor\",\"@id\":\"https:\\\/\\\/contrastes.com.co\\\/web\\\/#\\\/schema\\\/person\\\/62ef7a62dc4da6de450c71fc2e95ed02\"},\"headline\":\"\u00a0 Barranquilla dispone nuevas medidas sobre protocolos de bioseguridad\",\"datePublished\":\"2021-02-23T23:42:35+00:00\",\"mainEntityOfPage\":{\"@id\":\"https:\\\/\\\/contrastes.com.co\\\/web\\\/2021\\\/02\\\/23\\\/barranquilla-dispone-nuevas-medidas-sobre-protocolos-de-bioseguridad\\\/\"},\"wordCount\":458,\"commentCount\":0,\"publisher\":{\"@id\":\"https:\\\/\\\/contrastes.com.co\\\/web\\\/#organization\"},\"image\":{\"@id\":\"https:\\\/\\\/contrastes.com.co\\\/web\\\/2021\\\/02\\\/23\\\/barranquilla-dispone-nuevas-medidas-sobre-protocolos-de-bioseguridad\\\/#primaryimage\"},\"thumbnailUrl\":\"\",\"keywords\":[\"alcald\u00eda de Barranquilla\",\"Barranquilla\",\"medidas voluntarias\",\"nuevas medidas\",\"Organizaci\u00f3n Mundial de la Salud\",\"protocolos de bioseguridad\",\"Resoluci\u00f3n 01 de 2021\"],\"articleSection\":[\"Coronavirus\",\"Locales\",\"Salud\"],\"inLanguage\":\"es\",\"potentialAction\":[{\"@type\":\"CommentAction\",\"name\":\"Comment\",\"target\":[\"https:\\\/\\\/contrastes.com.co\\\/web\\\/2021\\\/02\\\/23\\\/barranquilla-dispone-nuevas-medidas-sobre-protocolos-de-bioseguridad\\\/#respond\"]}]},{\"@type\":\"WebPage\",\"@id\":\"https:\\\/\\\/contrastes.com.co\\\/web\\\/2021\\\/02\\\/23\\\/barranquilla-dispone-nuevas-medidas-sobre-protocolos-de-bioseguridad\\\/\",\"url\":\"https:\\\/\\\/contrastes.com.co\\\/web\\\/2021\\\/02\\\/23\\\/barranquilla-dispone-nuevas-medidas-sobre-protocolos-de-bioseguridad\\\/\",\"name\":\"\u00a0 Barranquilla dispone nuevas medidas sobre protocolos de bioseguridad - Constrastes\",\"isPartOf\":{\"@id\":\"https:\\\/\\\/contrastes.com.co\\\/web\\\/#website\"},\"primaryImageOfPage\":{\"@id\":\"https:\\\/\\\/contrastes.com.co\\\/web\\\/2021\\\/02\\\/23\\\/barranquilla-dispone-nuevas-medidas-sobre-protocolos-de-bioseguridad\\\/#primaryimage\"},\"image\":{\"@id\":\"https:\\\/\\\/contrastes.com.co\\\/web\\\/2021\\\/02\\\/23\\\/barranquilla-dispone-nuevas-medidas-sobre-protocolos-de-bioseguridad\\\/#primaryimage\"},\"thumbnailUrl\":\"\",\"datePublished\":\"2021-02-23T23:42:35+00:00\",\"breadcrumb\":{\"@id\":\"https:\\\/\\\/contrastes.com.co\\\/web\\\/2021\\\/02\\\/23\\\/barranquilla-dispone-nuevas-medidas-sobre-protocolos-de-bioseguridad\\\/#breadcrumb\"},\"inLanguage\":\"es\",\"potentialAction\":[{\"@type\":\"ReadAction\",\"target\":[\"https:\\\/\\\/contrastes.com.co\\\/web\\\/2021\\\/02\\\/23\\\/barranquilla-dispone-nuevas-medidas-sobre-protocolos-de-bioseguridad\\\/\"]}]},{\"@type\":\"ImageObject\",\"inLanguage\":\"es\",\"@id\":\"https:\\\/\\\/contrastes.com.co\\\/web\\\/2021\\\/02\\\/23\\\/barranquilla-dispone-nuevas-medidas-sobre-protocolos-de-bioseguridad\\\/#primaryimage\",\"url\":\"\",\"contentUrl\":\"\"},{\"@type\":\"BreadcrumbList\",\"@id\":\"https:\\\/\\\/contrastes.com.co\\\/web\\\/2021\\\/02\\\/23\\\/barranquilla-dispone-nuevas-medidas-sobre-protocolos-de-bioseguridad\\\/#breadcrumb\",\"itemListElement\":[{\"@type\":\"ListItem\",\"position\":1,\"name\":\"Portada\",\"item\":\"https:\\\/\\\/contrastes.com.co\\\/web\\\/\"},{\"@type\":\"ListItem\",\"position\":2,\"name\":\"\u00a0 Barranquilla dispone nuevas medidas sobre protocolos de bioseguridad\"}]},{\"@type\":\"WebSite\",\"@id\":\"https:\\\/\\\/contrastes.com.co\\\/web\\\/#website\",\"url\":\"https:\\\/\\\/contrastes.com.co\\\/web\\\/\",\"name\":\"Contrastes\",\"description\":\"Periodismo de Conciencia\",\"publisher\":{\"@id\":\"https:\\\/\\\/contrastes.com.co\\\/web\\\/#organization\"},\"potentialAction\":[{\"@type\":\"SearchAction\",\"target\":{\"@type\":\"EntryPoint\",\"urlTemplate\":\"https:\\\/\\\/contrastes.com.co\\\/web\\\/?s={search_term_string}\"},\"query-input\":{\"@type\":\"PropertyValueSpecification\",\"valueRequired\":true,\"valueName\":\"search_term_string\"}}],\"inLanguage\":\"es\"},{\"@type\":\"Organization\",\"@id\":\"https:\\\/\\\/contrastes.com.co\\\/web\\\/#organization\",\"name\":\"Contrastes\",\"url\":\"https:\\\/\\\/contrastes.com.co\\\/web\\\/\",\"logo\":{\"@type\":\"ImageObject\",\"inLanguage\":\"es\",\"@id\":\"https:\\\/\\\/contrastes.com.co\\\/web\\\/#\\\/schema\\\/logo\\\/image\\\/\",\"url\":\"https:\\\/\\\/contrastes.com.co\\\/web\\\/wp-content\\\/uploads\\\/2025\\\/04\\\/15CONTRASTES3.png\",\"contentUrl\":\"https:\\\/\\\/contrastes.com.co\\\/web\\\/wp-content\\\/uploads\\\/2025\\\/04\\\/15CONTRASTES3.png\",\"width\":1536,\"height\":231,\"caption\":\"Contrastes\"},\"image\":{\"@id\":\"https:\\\/\\\/contrastes.com.co\\\/web\\\/#\\\/schema\\\/logo\\\/image\\\/\"},\"sameAs\":[\"https:\\\/\\\/www.facebook.com\\\/guillo.pantoja.1\"]},{\"@type\":\"Person\",\"@id\":\"https:\\\/\\\/contrastes.com.co\\\/web\\\/#\\\/schema\\\/person\\\/62ef7a62dc4da6de450c71fc2e95ed02\",\"name\":\"Editor\",\"image\":{\"@type\":\"ImageObject\",\"inLanguage\":\"es\",\"@id\":\"https:\\\/\\\/secure.gravatar.com\\\/avatar\\\/7bbb4f718d74bbf600dc556253bb04fd7ac8593751d6e2e3b85432d98aefae80?s=96&d=mm&r=g\",\"url\":\"https:\\\/\\\/secure.gravatar.com\\\/avatar\\\/7bbb4f718d74bbf600dc556253bb04fd7ac8593751d6e2e3b85432d98aefae80?s=96&d=mm&r=g\",\"contentUrl\":\"https:\\\/\\\/secure.gravatar.com\\\/avatar\\\/7bbb4f718d74bbf600dc556253bb04fd7ac8593751d6e2e3b85432d98aefae80?s=96&d=mm&r=g\",\"caption\":\"Editor\"},\"sameAs\":[\"https:\\\/\\\/contrastes.com.co\\\/web\"],\"url\":\"https:\\\/\\\/contrastes.com.co\\\/web\\\/author\\\/jdbobadilla\\\/\"}]}<\/script>\n<!-- \/ Yoast SEO plugin. -->","yoast_head_json":{"title":"\u00a0 Barranquilla dispone nuevas medidas sobre protocolos de bioseguridad - Constrastes","robots":{"index":"index","follow":"follow","max-snippet":"max-snippet:-1","max-image-preview":"max-image-preview:large","max-video-preview":"max-video-preview:-1"},"canonical":"https:\/\/contrastes.com.co\/web\/2021\/02\/23\/barranquilla-dispone-nuevas-medidas-sobre-protocolos-de-bioseguridad\/","og_locale":"es_ES","og_type":"article","og_title":"\u00a0 Barranquilla dispone nuevas medidas sobre protocolos de bioseguridad - Constrastes","og_description":"Desde este martes 23 de febrero ser\u00e1 voluntaria en Barranquilla la desinfecci\u00f3n de zapatos, el registro de ingreso a establecimientos, los tapetes desinfectantes, la toma de temperatura, la aspersi\u00f3n de qu\u00edmicos sobre personas y la desinfecci\u00f3n de llantas, entre otras.","og_url":"https:\/\/contrastes.com.co\/web\/2021\/02\/23\/barranquilla-dispone-nuevas-medidas-sobre-protocolos-de-bioseguridad\/","og_site_name":"Constrastes","article_publisher":"https:\/\/www.facebook.com\/guillo.pantoja.1","article_published_time":"2021-02-23T23:42:35+00:00","author":"Editor","twitter_card":"summary_large_image","twitter_misc":{"Escrito por":"Editor","Tiempo de lectura":"2 minutos"},"schema":{"@context":"https:\/\/schema.org","@graph":[{"@type":"Article","@id":"https:\/\/contrastes.com.co\/web\/2021\/02\/23\/barranquilla-dispone-nuevas-medidas-sobre-protocolos-de-bioseguridad\/#article","isPartOf":{"@id":"https:\/\/contrastes.com.co\/web\/2021\/02\/23\/barranquilla-dispone-nuevas-medidas-sobre-protocolos-de-bioseguridad\/"},"author":{"name":"Editor","@id":"https:\/\/contrastes.com.co\/web\/#\/schema\/person\/62ef7a62dc4da6de450c71fc2e95ed02"},"headline":"\u00a0 Barranquilla dispone nuevas medidas sobre protocolos de bioseguridad","datePublished":"2021-02-23T23:42:35+00:00","mainEntityOfPage":{"@id":"https:\/\/contrastes.com.co\/web\/2021\/02\/23\/barranquilla-dispone-nuevas-medidas-sobre-protocolos-de-bioseguridad\/"},"wordCount":458,"commentCount":0,"publisher":{"@id":"https:\/\/contrastes.com.co\/web\/#organization"},"image":{"@id":"https:\/\/contrastes.com.co\/web\/2021\/02\/23\/barranquilla-dispone-nuevas-medidas-sobre-protocolos-de-bioseguridad\/#primaryimage"},"thumbnailUrl":"","keywords":["alcald\u00eda de Barranquilla","Barranquilla","medidas voluntarias","nuevas medidas","Organizaci\u00f3n Mundial de la Salud","protocolos de bioseguridad","Resoluci\u00f3n 01 de 2021"],"articleSection":["Coronavirus","Locales","Salud"],"inLanguage":"es","potentialAction":[{"@type":"CommentAction","name":"Comment","target":["https:\/\/contrastes.com.co\/web\/2021\/02\/23\/barranquilla-dispone-nuevas-medidas-sobre-protocolos-de-bioseguridad\/#respond"]}]},{"@type":"WebPage","@id":"https:\/\/contrastes.com.co\/web\/2021\/02\/23\/barranquilla-dispone-nuevas-medidas-sobre-protocolos-de-bioseguridad\/","url":"https:\/\/contrastes.com.co\/web\/2021\/02\/23\/barranquilla-dispone-nuevas-medidas-sobre-protocolos-de-bioseguridad\/","name":"\u00a0 Barranquilla dispone nuevas medidas sobre protocolos de bioseguridad - Constrastes","isPartOf":{"@id":"https:\/\/contrastes.com.co\/web\/#website"},"primaryImageOfPage":{"@id":"https:\/\/contrastes.com.co\/web\/2021\/02\/23\/barranquilla-dispone-nuevas-medidas-sobre-protocolos-de-bioseguridad\/#primaryimage"},"image":{"@id":"https:\/\/contrastes.com.co\/web\/2021\/02\/23\/barranquilla-dispone-nuevas-medidas-sobre-protocolos-de-bioseguridad\/#primaryimage"},"thumbnailUrl":"","datePublished":"2021-02-23T23:42:35+00:00","breadcrumb":{"@id":"https:\/\/contrastes.com.co\/web\/2021\/02\/23\/barranquilla-dispone-nuevas-medidas-sobre-protocolos-de-bioseguridad\/#breadcrumb"},"inLanguage":"es","potentialAction":[{"@type":"ReadAction","target":["https:\/\/contrastes.com.co\/web\/2021\/02\/23\/barranquilla-dispone-nuevas-medidas-sobre-protocolos-de-bioseguridad\/"]}]},{"@type":"ImageObject","inLanguage":"es","@id":"https:\/\/contrastes.com.co\/web\/2021\/02\/23\/barranquilla-dispone-nuevas-medidas-sobre-protocolos-de-bioseguridad\/#primaryimage","url":"","contentUrl":""},{"@type":"BreadcrumbList","@id":"https:\/\/contrastes.com.co\/web\/2021\/02\/23\/barranquilla-dispone-nuevas-medidas-sobre-protocolos-de-bioseguridad\/#breadcrumb","itemListElement":[{"@type":"ListItem","position":1,"name":"Portada","item":"https:\/\/contrastes.com.co\/web\/"},{"@type":"ListItem","position":2,"name":"\u00a0 Barranquilla dispone nuevas medidas sobre protocolos de bioseguridad"}]},{"@type":"WebSite","@id":"https:\/\/contrastes.com.co\/web\/#website","url":"https:\/\/contrastes.com.co\/web\/","name":"Contrastes","description":"Periodismo de Conciencia","publisher":{"@id":"https:\/\/contrastes.com.co\/web\/#organization"},"potentialAction":[{"@type":"SearchAction","target":{"@type":"EntryPoint","urlTemplate":"https:\/\/contrastes.com.co\/web\/?s={search_term_string}"},"query-input":{"@type":"PropertyValueSpecification","valueRequired":true,"valueName":"search_term_string"}}],"inLanguage":"es"},{"@type":"Organization","@id":"https:\/\/contrastes.com.co\/web\/#organization","name":"Contrastes","url":"https:\/\/contrastes.com.co\/web\/","logo":{"@type":"ImageObject","inLanguage":"es","@id":"https:\/\/contrastes.com.co\/web\/#\/schema\/logo\/image\/","url":"https:\/\/contrastes.com.co\/web\/wp-content\/uploads\/2025\/04\/15CONTRASTES3.png","contentUrl":"https:\/\/contrastes.com.co\/web\/wp-content\/uploads\/2025\/04\/15CONTRASTES3.png","width":1536,"height":231,"caption":"Contrastes"},"image":{"@id":"https:\/\/contrastes.com.co\/web\/#\/schema\/logo\/image\/"},"sameAs":["https:\/\/www.facebook.com\/guillo.pantoja.1"]},{"@type":"Person","@id":"https:\/\/contrastes.com.co\/web\/#\/schema\/person\/62ef7a62dc4da6de450c71fc2e95ed02","name":"Editor","image":{"@type":"ImageObject","inLanguage":"es","@id":"https:\/\/secure.gravatar.com\/avatar\/7bbb4f718d74bbf600dc556253bb04fd7ac8593751d6e2e3b85432d98aefae80?s=96&d=mm&r=g","url":"https:\/\/secure.gravatar.com\/avatar\/7bbb4f718d74bbf600dc556253bb04fd7ac8593751d6e2e3b85432d98aefae80?s=96&d=mm&r=g","contentUrl":"https:\/\/secure.gravatar.com\/avatar\/7bbb4f718d74bbf600dc556253bb04fd7ac8593751d6e2e3b85432d98aefae80?s=96&d=mm&r=g","caption":"Editor"},"sameAs":["https:\/\/contrastes.com.co\/web"],"url":"https:\/\/contrastes.com.co\/web\/author\/jdbobadilla\/"}]}},"blog_post_layout_featured_media_urls":{"thumbnail":"","full":""},"categories_names":{"73":{"name":"Coronavirus","link":"https:\/\/contrastes.com.co\/web\/category\/coronavirus\/"},"23":{"name":"Locales","link":"https:\/\/contrastes.com.co\/web\/category\/locales\/"},"25":{"name":"Salud","link":"https:\/\/contrastes.com.co\/web\/category\/salud\/"}},"tags_names":{"12":{"name":"alcald\u00eda de Barranquilla","link":"https:\/\/contrastes.com.co\/web\/tag\/alcaldia-de-barranquilla\/"},"311":{"name":"Barranquilla","link":"https:\/\/contrastes.com.co\/web\/tag\/barranquilla\/"},"2613":{"name":"medidas voluntarias","link":"https:\/\/contrastes.com.co\/web\/tag\/medidas-voluntarias\/"},"2614":{"name":"nuevas medidas","link":"https:\/\/contrastes.com.co\/web\/tag\/nuevas-medidas\/"},"121":{"name":"Organizaci\u00f3n Mundial de la Salud","link":"https:\/\/contrastes.com.co\/web\/tag\/organizacion-mundial-de-la-salud\/"},"367":{"name":"protocolos de bioseguridad","link":"https:\/\/contrastes.com.co\/web\/tag\/protocolos-de-bioseguridad\/"},"2615":{"name":"Resoluci\u00f3n 01 de 2021","link":"https:\/\/contrastes.com.co\/web\/tag\/resolucion-01-de-2021\/"}},"comments_number":"0","wpmagazine_modules_lite_featured_media_urls":{"thumbnail":"","cvmm-medium":"","cvmm-medium-plus":"","cvmm-portrait":"","cvmm-medium-square":"","cvmm-large":"","cvmm-small":"","full":""},"_links":{"self":[{"href":"https:\/\/contrastes.com.co\/web\/wp-json\/wp\/v2\/posts\/4492","targetHints":{"allow":["GET"]}}],"collection":[{"href":"https:\/\/contrastes.com.co\/web\/wp-json\/wp\/v2\/posts"}],"about":[{"href":"https:\/\/contrastes.com.co\/web\/wp-json\/wp\/v2\/types\/post"}],"author":[{"embeddable":true,"href":"https:\/\/contrastes.com.co\/web\/wp-json\/wp\/v2\/users\/1"}],"replies":[{"embeddable":true,"href":"https:\/\/contrastes.com.co\/web\/wp-json\/wp\/v2\/comments?post=4492"}],"version-history":[{"count":0,"href":"https:\/\/contrastes.com.co\/web\/wp-json\/wp\/v2\/posts\/4492\/revisions"}],"wp:attachment":[{"href":"https:\/\/contrastes.com.co\/web\/wp-json\/wp\/v2\/media?parent=4492"}],"wp:term":[{"taxonomy":"category","embeddable":true,"href":"https:\/\/contrastes.com.co\/web\/wp-json\/wp\/v2\/categories?post=4492"},{"taxonomy":"post_tag","embeddable":true,"href":"https:\/\/contrastes.com.co\/web\/wp-json\/wp\/v2\/tags?post=4492"}],"curies":[{"name":"wp","href":"https:\/\/api.w.org\/{rel}","templated":true}]}}