{"id":4661,"date":"2021-02-28T20:58:59","date_gmt":"2021-03-01T01:58:59","guid":{"rendered":"https:\/\/contrastes.com.co\/digital\/?p=4661"},"modified":"2021-02-28T20:58:59","modified_gmt":"2021-03-01T01:58:59","slug":"soledad-inicio-vacunacion-contra-covid-19-en-adultos-mayores-de-80-anos","status":"publish","type":"post","link":"https:\/\/contrastes.com.co\/web\/2021\/02\/28\/soledad-inicio-vacunacion-contra-covid-19-en-adultos-mayores-de-80-anos\/","title":{"rendered":"Soledad inici\u00f3 vacunaci\u00f3n contra Covid-19 en adultos mayores de 80 a\u00f1os"},"content":{"rendered":"<p style=\"text-align: center;\"><strong><em>Las vacunas se est\u00e1n aplicando en los puestos de salud 13 de junio, La Central y las empresas prestadoras de salud Sanitas y Salud Total, de acuerdo al agendamiento de las IPS y la verificaci\u00f3n en la p\u00e1gina web \u2018Mi vacuna\u2019.<\/em><\/strong><\/p>\n<p><em>Soledad.-<\/em> <strong>Mar\u00eda Rosario Ariza<\/strong>, residente en el barrio Los Robles, fue la primera persona mayor de 80 a\u00f1os en recibir, este s\u00e1bado, la aplicaci\u00f3n de la vacuna contra el Covid- 19, durante la jornada desarrollada en el Centro de Salud del barrio La Central, de Soledad.<\/p>\n<p><img fetchpriority=\"high\" decoding=\"async\" class=\"alignleft wp-image-4665\" src=\"https:\/\/contrastes.com.co\/digital\/wp-content\/uploads\/2021\/02\/vacunaci\u00f3n-80-a\u00f1os-Soledad-2.jpg\" alt=\"\" width=\"280\" height=\"498\" \/>\u201cEstoy contenta en recibir la vacuna porque me protege de este virus que est\u00e1 matando a la gente\u201d, manifest\u00f3 emocionada Mar\u00eda Rosario, quien lleg\u00f3 desde tempranas horas a aplicarse el biol\u00f3gico en el centro asistencial perteneciente a la red del <a href=\"https:\/\/maternoinfantil.gov.co\/\">Hospital Materno Infantil de Soledad<\/a> .<\/p>\n<p>El alcalde de Soledad, <strong>Rodolfo Ucr\u00f3s Rosales<\/strong>, realiz\u00f3 un recorrido por los diferentes puntos donde se inici\u00f3 la jornada de vacunaci\u00f3n. \u201cEstamos verificando que el proceso de la vacuna contra el Covid 19 avance satisfactoriamente. Un total de 201 vacunas llegaron a nuestro municipio y se est\u00e1n aplicando en los puestos de salud 13 de junio, La Central y las empresas prestadoras de salud Sanitas y Salud Total. Afortunadamente todo avanza bien y ya estamos vacunado a nuestros adultos mayores de 80 a\u00f1os en adelante\u201d, expres\u00f3 el mandatario.<\/p>\n<p>La primera l\u00ednea de trabajadores de la salud tambi\u00e9n recibi\u00f3 138 nuevos biol\u00f3gicos contra el Covid-19, los cuales comenzaron a aplicarse a m\u00e9dicos y enfermeras del Hospital Universidad del Norte.\u00a0 La semana pasada se aplicaron 238 dosis en la Fundaci\u00f3n Cl\u00ednica Materno Adela de Char a este gremio.<\/p>\n<p>Seg\u00fan las directrices del <a href=\"https:\/\/www.minsalud.gov.co\/\">Ministerio de Salud<\/a>, las personas mayores de 80 a\u00f1os ser\u00e1n agendadas por su Instituci\u00f3n Prestadora de Salud (IPS) y verificada en la p\u00e1gina web \u201cMi vacuna\u201d para posteriormente recibir el biol\u00f3gico contra el Covid-19.<\/p>\n<p><img decoding=\"async\" class=\"wp-image-4664 alignright\" src=\"https:\/\/contrastes.com.co\/digital\/wp-content\/uploads\/2021\/02\/vacunaci\u00f3n-80-a\u00f1os-Soledad-e1614579221727.jpg\" alt=\"\" width=\"282\" height=\"368\" \/><\/p>\n<p>El gerente del <a href=\"https:\/\/maternoinfantil.gov.co\/\">Hospital Materno Infantil de Soledad<\/a>, <strong>Juan Esteban S\u00e1nchez<\/strong>, se\u00f1al\u00f3 que la entidad encargada de la red p\u00fablica de salud en Soledad recibi\u00f3, de 201, 125 vacunas destinadas a la poblaci\u00f3n mayor de 80 a\u00f1os. \u201cNosotros cada hora recibimos seis pacientes para el proceso de vacunaci\u00f3n. Ha sido gratificante y satisfactorio el comienzo de esta fase porque vamos cumpliendo la meta. Las personas agendadas por sus EPS para recibir el biol\u00f3gico han acudido cumplidamente\u201d, afirm\u00f3.<\/p>\n<p>Y agreg\u00f3: \u201cLa pr\u00f3xima semana llegar\u00e1n las primeras vacunas contra el Covid-19 para aplicarlas a los m\u00e9dicos y enfermeras de la primera l\u00ednea de trabajadores de la salud del <a href=\"https:\/\/maternoinfantil.gov.co\/\">Hospital Materno Infantil de Soledad<\/a>\u201d.<\/p>\n<p><em>Prensa <a href=\"http:\/\/www.soledad-atlantico.gov.co\/\">Alcald\u00eda de Soledad<\/a><\/em><\/p>\n","protected":false},"excerpt":{"rendered":"<p>Soledad.- Mar\u00eda Rosario Ariza, residente en el barrio Los Robles, fue la primera persona mayor de 80 a\u00f1os en recibir, este s\u00e1bado, la aplicaci\u00f3n de la vacuna contra el Covid- 19, durante la jornada desarrollada en el Centro de Salud del barrio La Central, de Soledad.<\/p>\n<p>El alcalde de Soledad, Rodolfo Ucr\u00f3s Rosales, realiz\u00f3 un recorrido por los diferentes puntos donde se inici\u00f3 la jornada.<\/p>\n","protected":false},"author":1,"featured_media":4668,"comment_status":"open","ping_status":"open","sticky":false,"template":"","format":"standard","meta":{"footnotes":""},"categories":[73,23,25],"tags":[562,173,466,1892,1894,1879,260,2604],"class_list":["post-4661","post","type-post","status-publish","format-standard","has-post-thumbnail","hentry","category-coronavirus","category-locales","category-salud","tag-adultos-mayores","tag-alcalde-de-soledad","tag-hospital-materno-infantil-de-soledad","tag-juan-esteban-sanchez","tag-ministerio-de-salud-y-proteccion-social","tag-rodolfo-ucros-rosales","tag-soledad","tag-vacunacion-covid-19"],"yoast_head":"<!-- This site is optimized with the Yoast SEO plugin v27.7 - https:\/\/yoast.com\/product\/yoast-seo-wordpress\/ -->\n<title>Soledad inici\u00f3 vacunaci\u00f3n contra Covid-19 en adultos mayores de 80 a\u00f1os - Constrastes<\/title>\n<meta name=\"robots\" content=\"index, follow, max-snippet:-1, max-image-preview:large, max-video-preview:-1\" \/>\n<link rel=\"canonical\" href=\"https:\/\/contrastes.com.co\/web\/2021\/02\/28\/soledad-inicio-vacunacion-contra-covid-19-en-adultos-mayores-de-80-anos\/\" \/>\n<meta property=\"og:locale\" content=\"es_ES\" \/>\n<meta property=\"og:type\" content=\"article\" \/>\n<meta property=\"og:title\" content=\"Soledad inici\u00f3 vacunaci\u00f3n contra Covid-19 en adultos mayores de 80 a\u00f1os - Constrastes\" \/>\n<meta property=\"og:description\" content=\"Soledad.- Mar\u00eda Rosario Ariza, residente en el barrio Los Robles, fue la primera persona mayor de 80 a\u00f1os en recibir, este s\u00e1bado, la aplicaci\u00f3n de la vacuna contra el Covid- 19, durante la jornada desarrollada en el Centro de Salud del barrio La Central, de Soledad. El alcalde de Soledad, Rodolfo Ucr\u00f3s Rosales, realiz\u00f3 un recorrido por los diferentes puntos donde se inici\u00f3 la jornada.\" \/>\n<meta property=\"og:url\" content=\"https:\/\/contrastes.com.co\/web\/2021\/02\/28\/soledad-inicio-vacunacion-contra-covid-19-en-adultos-mayores-de-80-anos\/\" \/>\n<meta property=\"og:site_name\" content=\"Constrastes\" \/>\n<meta property=\"article:publisher\" content=\"https:\/\/www.facebook.com\/guillo.pantoja.1\" \/>\n<meta property=\"article:published_time\" content=\"2021-03-01T01:58:59+00:00\" \/>\n<meta name=\"author\" content=\"Editor\" \/>\n<meta name=\"twitter:card\" content=\"summary_large_image\" \/>\n<meta name=\"twitter:label1\" content=\"Escrito por\" \/>\n\t<meta name=\"twitter:data1\" content=\"Editor\" \/>\n\t<meta name=\"twitter:label2\" content=\"Tiempo de lectura\" \/>\n\t<meta name=\"twitter:data2\" content=\"2 minutos\" \/>\n<script type=\"application\/ld+json\" class=\"yoast-schema-graph\">{\"@context\":\"https:\\\/\\\/schema.org\",\"@graph\":[{\"@type\":\"Article\",\"@id\":\"https:\\\/\\\/contrastes.com.co\\\/web\\\/2021\\\/02\\\/28\\\/soledad-inicio-vacunacion-contra-covid-19-en-adultos-mayores-de-80-anos\\\/#article\",\"isPartOf\":{\"@id\":\"https:\\\/\\\/contrastes.com.co\\\/web\\\/2021\\\/02\\\/28\\\/soledad-inicio-vacunacion-contra-covid-19-en-adultos-mayores-de-80-anos\\\/\"},\"author\":{\"name\":\"Editor\",\"@id\":\"https:\\\/\\\/contrastes.com.co\\\/web\\\/#\\\/schema\\\/person\\\/62ef7a62dc4da6de450c71fc2e95ed02\"},\"headline\":\"Soledad inici\u00f3 vacunaci\u00f3n contra Covid-19 en adultos mayores de 80 a\u00f1os\",\"datePublished\":\"2021-03-01T01:58:59+00:00\",\"mainEntityOfPage\":{\"@id\":\"https:\\\/\\\/contrastes.com.co\\\/web\\\/2021\\\/02\\\/28\\\/soledad-inicio-vacunacion-contra-covid-19-en-adultos-mayores-de-80-anos\\\/\"},\"wordCount\":458,\"commentCount\":0,\"publisher\":{\"@id\":\"https:\\\/\\\/contrastes.com.co\\\/web\\\/#organization\"},\"image\":{\"@id\":\"https:\\\/\\\/contrastes.com.co\\\/web\\\/2021\\\/02\\\/28\\\/soledad-inicio-vacunacion-contra-covid-19-en-adultos-mayores-de-80-anos\\\/#primaryimage\"},\"thumbnailUrl\":\"\",\"keywords\":[\"adultos mayores\",\"alcalde de Soledad\",\"Hospital Materno Infantil de Soledad\",\"Juan Esteban S\u00e1nchez\",\"Ministerio de Salud y Protecci\u00f3n Social\",\"Rodolfo Ucr\u00f3s Rosales\",\"Soledad\",\"Vacunaci\u00f3n Covid-19\"],\"articleSection\":[\"Coronavirus\",\"Locales\",\"Salud\"],\"inLanguage\":\"es\",\"potentialAction\":[{\"@type\":\"CommentAction\",\"name\":\"Comment\",\"target\":[\"https:\\\/\\\/contrastes.com.co\\\/web\\\/2021\\\/02\\\/28\\\/soledad-inicio-vacunacion-contra-covid-19-en-adultos-mayores-de-80-anos\\\/#respond\"]}]},{\"@type\":\"WebPage\",\"@id\":\"https:\\\/\\\/contrastes.com.co\\\/web\\\/2021\\\/02\\\/28\\\/soledad-inicio-vacunacion-contra-covid-19-en-adultos-mayores-de-80-anos\\\/\",\"url\":\"https:\\\/\\\/contrastes.com.co\\\/web\\\/2021\\\/02\\\/28\\\/soledad-inicio-vacunacion-contra-covid-19-en-adultos-mayores-de-80-anos\\\/\",\"name\":\"Soledad inici\u00f3 vacunaci\u00f3n contra Covid-19 en adultos mayores de 80 a\u00f1os - Constrastes\",\"isPartOf\":{\"@id\":\"https:\\\/\\\/contrastes.com.co\\\/web\\\/#website\"},\"primaryImageOfPage\":{\"@id\":\"https:\\\/\\\/contrastes.com.co\\\/web\\\/2021\\\/02\\\/28\\\/soledad-inicio-vacunacion-contra-covid-19-en-adultos-mayores-de-80-anos\\\/#primaryimage\"},\"image\":{\"@id\":\"https:\\\/\\\/contrastes.com.co\\\/web\\\/2021\\\/02\\\/28\\\/soledad-inicio-vacunacion-contra-covid-19-en-adultos-mayores-de-80-anos\\\/#primaryimage\"},\"thumbnailUrl\":\"\",\"datePublished\":\"2021-03-01T01:58:59+00:00\",\"breadcrumb\":{\"@id\":\"https:\\\/\\\/contrastes.com.co\\\/web\\\/2021\\\/02\\\/28\\\/soledad-inicio-vacunacion-contra-covid-19-en-adultos-mayores-de-80-anos\\\/#breadcrumb\"},\"inLanguage\":\"es\",\"potentialAction\":[{\"@type\":\"ReadAction\",\"target\":[\"https:\\\/\\\/contrastes.com.co\\\/web\\\/2021\\\/02\\\/28\\\/soledad-inicio-vacunacion-contra-covid-19-en-adultos-mayores-de-80-anos\\\/\"]}]},{\"@type\":\"ImageObject\",\"inLanguage\":\"es\",\"@id\":\"https:\\\/\\\/contrastes.com.co\\\/web\\\/2021\\\/02\\\/28\\\/soledad-inicio-vacunacion-contra-covid-19-en-adultos-mayores-de-80-anos\\\/#primaryimage\",\"url\":\"\",\"contentUrl\":\"\"},{\"@type\":\"BreadcrumbList\",\"@id\":\"https:\\\/\\\/contrastes.com.co\\\/web\\\/2021\\\/02\\\/28\\\/soledad-inicio-vacunacion-contra-covid-19-en-adultos-mayores-de-80-anos\\\/#breadcrumb\",\"itemListElement\":[{\"@type\":\"ListItem\",\"position\":1,\"name\":\"Portada\",\"item\":\"https:\\\/\\\/contrastes.com.co\\\/web\\\/\"},{\"@type\":\"ListItem\",\"position\":2,\"name\":\"Soledad inici\u00f3 vacunaci\u00f3n contra Covid-19 en adultos mayores de 80 a\u00f1os\"}]},{\"@type\":\"WebSite\",\"@id\":\"https:\\\/\\\/contrastes.com.co\\\/web\\\/#website\",\"url\":\"https:\\\/\\\/contrastes.com.co\\\/web\\\/\",\"name\":\"Contrastes\",\"description\":\"Periodismo de Conciencia\",\"publisher\":{\"@id\":\"https:\\\/\\\/contrastes.com.co\\\/web\\\/#organization\"},\"potentialAction\":[{\"@type\":\"SearchAction\",\"target\":{\"@type\":\"EntryPoint\",\"urlTemplate\":\"https:\\\/\\\/contrastes.com.co\\\/web\\\/?s={search_term_string}\"},\"query-input\":{\"@type\":\"PropertyValueSpecification\",\"valueRequired\":true,\"valueName\":\"search_term_string\"}}],\"inLanguage\":\"es\"},{\"@type\":\"Organization\",\"@id\":\"https:\\\/\\\/contrastes.com.co\\\/web\\\/#organization\",\"name\":\"Contrastes\",\"url\":\"https:\\\/\\\/contrastes.com.co\\\/web\\\/\",\"logo\":{\"@type\":\"ImageObject\",\"inLanguage\":\"es\",\"@id\":\"https:\\\/\\\/contrastes.com.co\\\/web\\\/#\\\/schema\\\/logo\\\/image\\\/\",\"url\":\"https:\\\/\\\/contrastes.com.co\\\/web\\\/wp-content\\\/uploads\\\/2025\\\/04\\\/15CONTRASTES3.png\",\"contentUrl\":\"https:\\\/\\\/contrastes.com.co\\\/web\\\/wp-content\\\/uploads\\\/2025\\\/04\\\/15CONTRASTES3.png\",\"width\":1536,\"height\":231,\"caption\":\"Contrastes\"},\"image\":{\"@id\":\"https:\\\/\\\/contrastes.com.co\\\/web\\\/#\\\/schema\\\/logo\\\/image\\\/\"},\"sameAs\":[\"https:\\\/\\\/www.facebook.com\\\/guillo.pantoja.1\"]},{\"@type\":\"Person\",\"@id\":\"https:\\\/\\\/contrastes.com.co\\\/web\\\/#\\\/schema\\\/person\\\/62ef7a62dc4da6de450c71fc2e95ed02\",\"name\":\"Editor\",\"image\":{\"@type\":\"ImageObject\",\"inLanguage\":\"es\",\"@id\":\"https:\\\/\\\/secure.gravatar.com\\\/avatar\\\/7bbb4f718d74bbf600dc556253bb04fd7ac8593751d6e2e3b85432d98aefae80?s=96&d=mm&r=g\",\"url\":\"https:\\\/\\\/secure.gravatar.com\\\/avatar\\\/7bbb4f718d74bbf600dc556253bb04fd7ac8593751d6e2e3b85432d98aefae80?s=96&d=mm&r=g\",\"contentUrl\":\"https:\\\/\\\/secure.gravatar.com\\\/avatar\\\/7bbb4f718d74bbf600dc556253bb04fd7ac8593751d6e2e3b85432d98aefae80?s=96&d=mm&r=g\",\"caption\":\"Editor\"},\"sameAs\":[\"https:\\\/\\\/contrastes.com.co\\\/web\"],\"url\":\"https:\\\/\\\/contrastes.com.co\\\/web\\\/author\\\/jdbobadilla\\\/\"}]}<\/script>\n<!-- \/ Yoast SEO plugin. -->","yoast_head_json":{"title":"Soledad inici\u00f3 vacunaci\u00f3n contra Covid-19 en adultos mayores de 80 a\u00f1os - Constrastes","robots":{"index":"index","follow":"follow","max-snippet":"max-snippet:-1","max-image-preview":"max-image-preview:large","max-video-preview":"max-video-preview:-1"},"canonical":"https:\/\/contrastes.com.co\/web\/2021\/02\/28\/soledad-inicio-vacunacion-contra-covid-19-en-adultos-mayores-de-80-anos\/","og_locale":"es_ES","og_type":"article","og_title":"Soledad inici\u00f3 vacunaci\u00f3n contra Covid-19 en adultos mayores de 80 a\u00f1os - Constrastes","og_description":"Soledad.- Mar\u00eda Rosario Ariza, residente en el barrio Los Robles, fue la primera persona mayor de 80 a\u00f1os en recibir, este s\u00e1bado, la aplicaci\u00f3n de la vacuna contra el Covid- 19, durante la jornada desarrollada en el Centro de Salud del barrio La Central, de Soledad. El alcalde de Soledad, Rodolfo Ucr\u00f3s Rosales, realiz\u00f3 un recorrido por los diferentes puntos donde se inici\u00f3 la jornada.","og_url":"https:\/\/contrastes.com.co\/web\/2021\/02\/28\/soledad-inicio-vacunacion-contra-covid-19-en-adultos-mayores-de-80-anos\/","og_site_name":"Constrastes","article_publisher":"https:\/\/www.facebook.com\/guillo.pantoja.1","article_published_time":"2021-03-01T01:58:59+00:00","author":"Editor","twitter_card":"summary_large_image","twitter_misc":{"Escrito por":"Editor","Tiempo de lectura":"2 minutos"},"schema":{"@context":"https:\/\/schema.org","@graph":[{"@type":"Article","@id":"https:\/\/contrastes.com.co\/web\/2021\/02\/28\/soledad-inicio-vacunacion-contra-covid-19-en-adultos-mayores-de-80-anos\/#article","isPartOf":{"@id":"https:\/\/contrastes.com.co\/web\/2021\/02\/28\/soledad-inicio-vacunacion-contra-covid-19-en-adultos-mayores-de-80-anos\/"},"author":{"name":"Editor","@id":"https:\/\/contrastes.com.co\/web\/#\/schema\/person\/62ef7a62dc4da6de450c71fc2e95ed02"},"headline":"Soledad inici\u00f3 vacunaci\u00f3n contra Covid-19 en adultos mayores de 80 a\u00f1os","datePublished":"2021-03-01T01:58:59+00:00","mainEntityOfPage":{"@id":"https:\/\/contrastes.com.co\/web\/2021\/02\/28\/soledad-inicio-vacunacion-contra-covid-19-en-adultos-mayores-de-80-anos\/"},"wordCount":458,"commentCount":0,"publisher":{"@id":"https:\/\/contrastes.com.co\/web\/#organization"},"image":{"@id":"https:\/\/contrastes.com.co\/web\/2021\/02\/28\/soledad-inicio-vacunacion-contra-covid-19-en-adultos-mayores-de-80-anos\/#primaryimage"},"thumbnailUrl":"","keywords":["adultos mayores","alcalde de Soledad","Hospital Materno Infantil de Soledad","Juan Esteban S\u00e1nchez","Ministerio de Salud y Protecci\u00f3n Social","Rodolfo Ucr\u00f3s Rosales","Soledad","Vacunaci\u00f3n Covid-19"],"articleSection":["Coronavirus","Locales","Salud"],"inLanguage":"es","potentialAction":[{"@type":"CommentAction","name":"Comment","target":["https:\/\/contrastes.com.co\/web\/2021\/02\/28\/soledad-inicio-vacunacion-contra-covid-19-en-adultos-mayores-de-80-anos\/#respond"]}]},{"@type":"WebPage","@id":"https:\/\/contrastes.com.co\/web\/2021\/02\/28\/soledad-inicio-vacunacion-contra-covid-19-en-adultos-mayores-de-80-anos\/","url":"https:\/\/contrastes.com.co\/web\/2021\/02\/28\/soledad-inicio-vacunacion-contra-covid-19-en-adultos-mayores-de-80-anos\/","name":"Soledad inici\u00f3 vacunaci\u00f3n contra Covid-19 en adultos mayores de 80 a\u00f1os - Constrastes","isPartOf":{"@id":"https:\/\/contrastes.com.co\/web\/#website"},"primaryImageOfPage":{"@id":"https:\/\/contrastes.com.co\/web\/2021\/02\/28\/soledad-inicio-vacunacion-contra-covid-19-en-adultos-mayores-de-80-anos\/#primaryimage"},"image":{"@id":"https:\/\/contrastes.com.co\/web\/2021\/02\/28\/soledad-inicio-vacunacion-contra-covid-19-en-adultos-mayores-de-80-anos\/#primaryimage"},"thumbnailUrl":"","datePublished":"2021-03-01T01:58:59+00:00","breadcrumb":{"@id":"https:\/\/contrastes.com.co\/web\/2021\/02\/28\/soledad-inicio-vacunacion-contra-covid-19-en-adultos-mayores-de-80-anos\/#breadcrumb"},"inLanguage":"es","potentialAction":[{"@type":"ReadAction","target":["https:\/\/contrastes.com.co\/web\/2021\/02\/28\/soledad-inicio-vacunacion-contra-covid-19-en-adultos-mayores-de-80-anos\/"]}]},{"@type":"ImageObject","inLanguage":"es","@id":"https:\/\/contrastes.com.co\/web\/2021\/02\/28\/soledad-inicio-vacunacion-contra-covid-19-en-adultos-mayores-de-80-anos\/#primaryimage","url":"","contentUrl":""},{"@type":"BreadcrumbList","@id":"https:\/\/contrastes.com.co\/web\/2021\/02\/28\/soledad-inicio-vacunacion-contra-covid-19-en-adultos-mayores-de-80-anos\/#breadcrumb","itemListElement":[{"@type":"ListItem","position":1,"name":"Portada","item":"https:\/\/contrastes.com.co\/web\/"},{"@type":"ListItem","position":2,"name":"Soledad inici\u00f3 vacunaci\u00f3n contra Covid-19 en adultos mayores de 80 a\u00f1os"}]},{"@type":"WebSite","@id":"https:\/\/contrastes.com.co\/web\/#website","url":"https:\/\/contrastes.com.co\/web\/","name":"Contrastes","description":"Periodismo de Conciencia","publisher":{"@id":"https:\/\/contrastes.com.co\/web\/#organization"},"potentialAction":[{"@type":"SearchAction","target":{"@type":"EntryPoint","urlTemplate":"https:\/\/contrastes.com.co\/web\/?s={search_term_string}"},"query-input":{"@type":"PropertyValueSpecification","valueRequired":true,"valueName":"search_term_string"}}],"inLanguage":"es"},{"@type":"Organization","@id":"https:\/\/contrastes.com.co\/web\/#organization","name":"Contrastes","url":"https:\/\/contrastes.com.co\/web\/","logo":{"@type":"ImageObject","inLanguage":"es","@id":"https:\/\/contrastes.com.co\/web\/#\/schema\/logo\/image\/","url":"https:\/\/contrastes.com.co\/web\/wp-content\/uploads\/2025\/04\/15CONTRASTES3.png","contentUrl":"https:\/\/contrastes.com.co\/web\/wp-content\/uploads\/2025\/04\/15CONTRASTES3.png","width":1536,"height":231,"caption":"Contrastes"},"image":{"@id":"https:\/\/contrastes.com.co\/web\/#\/schema\/logo\/image\/"},"sameAs":["https:\/\/www.facebook.com\/guillo.pantoja.1"]},{"@type":"Person","@id":"https:\/\/contrastes.com.co\/web\/#\/schema\/person\/62ef7a62dc4da6de450c71fc2e95ed02","name":"Editor","image":{"@type":"ImageObject","inLanguage":"es","@id":"https:\/\/secure.gravatar.com\/avatar\/7bbb4f718d74bbf600dc556253bb04fd7ac8593751d6e2e3b85432d98aefae80?s=96&d=mm&r=g","url":"https:\/\/secure.gravatar.com\/avatar\/7bbb4f718d74bbf600dc556253bb04fd7ac8593751d6e2e3b85432d98aefae80?s=96&d=mm&r=g","contentUrl":"https:\/\/secure.gravatar.com\/avatar\/7bbb4f718d74bbf600dc556253bb04fd7ac8593751d6e2e3b85432d98aefae80?s=96&d=mm&r=g","caption":"Editor"},"sameAs":["https:\/\/contrastes.com.co\/web"],"url":"https:\/\/contrastes.com.co\/web\/author\/jdbobadilla\/"}]}},"blog_post_layout_featured_media_urls":{"thumbnail":"","full":""},"categories_names":{"73":{"name":"Coronavirus","link":"https:\/\/contrastes.com.co\/web\/category\/coronavirus\/"},"23":{"name":"Locales","link":"https:\/\/contrastes.com.co\/web\/category\/locales\/"},"25":{"name":"Salud","link":"https:\/\/contrastes.com.co\/web\/category\/salud\/"}},"tags_names":{"562":{"name":"adultos mayores","link":"https:\/\/contrastes.com.co\/web\/tag\/adultos-mayores\/"},"173":{"name":"alcalde de Soledad","link":"https:\/\/contrastes.com.co\/web\/tag\/alcalde-de-soledad\/"},"466":{"name":"Hospital Materno Infantil de Soledad","link":"https:\/\/contrastes.com.co\/web\/tag\/hospital-materno-infantil-de-soledad\/"},"1892":{"name":"Juan Esteban S\u00e1nchez","link":"https:\/\/contrastes.com.co\/web\/tag\/juan-esteban-sanchez\/"},"1894":{"name":"Ministerio de Salud y Protecci\u00f3n Social","link":"https:\/\/contrastes.com.co\/web\/tag\/ministerio-de-salud-y-proteccion-social\/"},"1879":{"name":"Rodolfo Ucr\u00f3s Rosales","link":"https:\/\/contrastes.com.co\/web\/tag\/rodolfo-ucros-rosales\/"},"260":{"name":"Soledad","link":"https:\/\/contrastes.com.co\/web\/tag\/soledad\/"},"2604":{"name":"Vacunaci\u00f3n Covid-19","link":"https:\/\/contrastes.com.co\/web\/tag\/vacunacion-covid-19\/"}},"comments_number":"0","wpmagazine_modules_lite_featured_media_urls":{"thumbnail":"","cvmm-medium":"","cvmm-medium-plus":"","cvmm-portrait":"","cvmm-medium-square":"","cvmm-large":"","cvmm-small":"","full":""},"_links":{"self":[{"href":"https:\/\/contrastes.com.co\/web\/wp-json\/wp\/v2\/posts\/4661","targetHints":{"allow":["GET"]}}],"collection":[{"href":"https:\/\/contrastes.com.co\/web\/wp-json\/wp\/v2\/posts"}],"about":[{"href":"https:\/\/contrastes.com.co\/web\/wp-json\/wp\/v2\/types\/post"}],"author":[{"embeddable":true,"href":"https:\/\/contrastes.com.co\/web\/wp-json\/wp\/v2\/users\/1"}],"replies":[{"embeddable":true,"href":"https:\/\/contrastes.com.co\/web\/wp-json\/wp\/v2\/comments?post=4661"}],"version-history":[{"count":0,"href":"https:\/\/contrastes.com.co\/web\/wp-json\/wp\/v2\/posts\/4661\/revisions"}],"wp:attachment":[{"href":"https:\/\/contrastes.com.co\/web\/wp-json\/wp\/v2\/media?parent=4661"}],"wp:term":[{"taxonomy":"category","embeddable":true,"href":"https:\/\/contrastes.com.co\/web\/wp-json\/wp\/v2\/categories?post=4661"},{"taxonomy":"post_tag","embeddable":true,"href":"https:\/\/contrastes.com.co\/web\/wp-json\/wp\/v2\/tags?post=4661"}],"curies":[{"name":"wp","href":"https:\/\/api.w.org\/{rel}","templated":true}]}}