{"id":4838,"date":"2021-03-09T13:28:04","date_gmt":"2021-03-09T18:28:04","guid":{"rendered":"https:\/\/contrastes.com.co\/digital\/?p=4838"},"modified":"2021-03-09T13:28:04","modified_gmt":"2021-03-09T18:28:04","slug":"poblacion-con-discapacidad-y-adultos-mayores-reciben-apoyo-y-asesoria-juridica-en-soledad","status":"publish","type":"post","link":"https:\/\/contrastes.com.co\/web\/2021\/03\/09\/poblacion-con-discapacidad-y-adultos-mayores-reciben-apoyo-y-asesoria-juridica-en-soledad\/","title":{"rendered":"Poblaci\u00f3n con discapacidad y adultos mayores reciben apoyo y asesor\u00eda jur\u00eddica, en Soledad"},"content":{"rendered":"<p style=\"text-align: center;\"><strong><em>La jornada tuvo como fin brindar asesor\u00eda en derecho civil, administrativo y penal. Tambi\u00e9n se reforzaron conocimientos en redacci\u00f3n de tutelas y peticiones de las mismas. El alcalde Rodolfo Ucr\u00f3s Rosales indic\u00f3 que cada mes se realizar\u00e1n 7 jornadas como esta en el municipio.<\/em><\/strong><\/p>\n<p><strong>Soledad.-<\/strong> La <a href=\"http:\/\/www.soledad-atlantico.gov.co\/\">Alcald\u00eda de Soledad<\/a>, a trav\u00e9s de la Secretar\u00eda de Gesti\u00f3n Social, en coordinaci\u00f3n con la <a href=\"https:\/\/www.atlantico.gov.co\">Gobernaci\u00f3n del Atl\u00e1ntico<\/a> y la <a href=\"https:\/\/www.uniatlantico.edu.co\/uatlantico\/\">Universidad del Atl\u00e1ntico<\/a>, desarroll\u00f3 la Primera Jornada de Consultorio Jur\u00eddico dirigida a la poblaci\u00f3n con discapacidad y adultos mayores.<\/p>\n<p>La jornada tuvo como fin brindar asesor\u00eda jur\u00eddica en derecho civil, administrativo y penal. De igual manera, se reforzaron los conocimientos en redacci\u00f3n de tutelas y peticiones de las mismas.<\/p>\n<p>El alcalde de Soledad, <strong>Rodolfo Ucr\u00f3s Rosales<\/strong>, indic\u00f3 que esta es la primera jornada de siete que se realizar\u00e1n mensualmente en diferentes sectores del municipio. \u201cEs importante mejorarles la calidad de vida a nuestra poblaci\u00f3n con discapacidad y adultos mayores. Es por eso que se realiz\u00f3 la primera de siete jornadas de consultorio jur\u00eddico en el barrio Los Almendros. Puedo decir con toda la satisfacci\u00f3n que los ciudadanos tienen el respaldo total de la <a href=\"http:\/\/www.soledad-atlantico.gov.co\/\">Alcald\u00eda de Soledad<\/a>\u201d, se\u00f1al\u00f3.<\/p>\n<p>El evento, que se realiz\u00f3 en el polideportivo del barrio Los Almendros, cont\u00f3 con la asistencia del secretario de Gesti\u00f3n Social, <strong>Deiber Conrado Niebles<\/strong>, quien manifest\u00f3 que: \u201cEl prop\u00f3sito es instalar el consultorio jur\u00eddico, focalizado a un segmento poblacional tan importante como es el sector con discapacidad y adulto mayor en nuestro municipio. En ese sentido, brindaremos todo el asesoramiento y el acompa\u00f1amiento en b\u00fasqueda de resolver a fondo todo tipo de problem\u00e1tica que los aqueja a diario\u201d.<\/p>\n<p>Ricardo Jos\u00e9 Rivera Gonz\u00e1lez es un joven de 18 a\u00f1os de edad con discapacidad auditiva y expres\u00f3, por medio de su int\u00e9rprete y amigo de vida, Juan David Arias: \u201cA ustedes gracias. A veces me siento agobiado por las personas sordas que no tienen apoyo para realizar este tipo tr\u00e1mites. Agradecemos a la Alcald\u00eda porque es importante para nosotros su atenci\u00f3n. Somos un grupo bastante amplio, pero s\u00e9 que est\u00e1n hoy aqu\u00ed para ayudar\u201d.<\/p>\n<p>En abril pr\u00f3ximo esta actividad se llevar\u00e1 a cabo en la plaza principal del municipio.<\/p>\n<p><em>Prensa Alcald\u00eda de Soledad<\/em><\/p>\n","protected":false},"excerpt":{"rendered":"<p>Soledad.- La Alcald\u00eda de Soledad, a trav\u00e9s de la Secretar\u00eda de Gesti\u00f3n Social, en coordinaci\u00f3n con la Gobernaci\u00f3n del Atl\u00e1ntico y la Universidad del Atl\u00e1ntico, desarroll\u00f3 la Primera Jornada de Consultorio Jur\u00eddico dirigida a la poblaci\u00f3n con discapacidad y adultos mayores.<\/p>\n<p>La jornada tuvo como fin brindar asesor\u00eda jur\u00eddica en derecho civil, administrativo y penal. De igual manera, se reforzaron los conocimientos en redacci\u00f3n de tutelas y peticiones de las mismas.<\/p>\n","protected":false},"author":1,"featured_media":4840,"comment_status":"open","ping_status":"open","sticky":false,"template":"","format":"standard","meta":{"footnotes":""},"categories":[10,571,23],"tags":[562,173,28,2839,501,15,2840,1879,1500,37],"class_list":["post-4838","post","type-post","status-publish","format-standard","has-post-thumbnail","hentry","category-comunidad","category-gestion-social","category-locales","tag-adultos-mayores","tag-alcalde-de-soledad","tag-alcaldia-de-soledad","tag-asesoria-juridica","tag-deiber-conrado-niebles","tag-gobernacion-del-atlantico","tag-poblacion-con-discapacidad","tag-rodolfo-ucros-rosales","tag-secretario-de-gestion-social","tag-universidad-del-atlantico"],"yoast_head":"<!-- This site is optimized with the Yoast SEO plugin v27.7 - https:\/\/yoast.com\/product\/yoast-seo-wordpress\/ -->\n<title>Poblaci\u00f3n con discapacidad y adultos mayores reciben apoyo y asesor\u00eda jur\u00eddica, en Soledad - Constrastes<\/title>\n<meta name=\"robots\" content=\"index, follow, max-snippet:-1, max-image-preview:large, max-video-preview:-1\" \/>\n<link rel=\"canonical\" href=\"https:\/\/contrastes.com.co\/web\/2021\/03\/09\/poblacion-con-discapacidad-y-adultos-mayores-reciben-apoyo-y-asesoria-juridica-en-soledad\/\" \/>\n<meta property=\"og:locale\" content=\"es_ES\" \/>\n<meta property=\"og:type\" content=\"article\" \/>\n<meta property=\"og:title\" content=\"Poblaci\u00f3n con discapacidad y adultos mayores reciben apoyo y asesor\u00eda jur\u00eddica, en Soledad - Constrastes\" \/>\n<meta property=\"og:description\" content=\"Soledad.- La Alcald\u00eda de Soledad, a trav\u00e9s de la Secretar\u00eda de Gesti\u00f3n Social, en coordinaci\u00f3n con la Gobernaci\u00f3n del Atl\u00e1ntico y la Universidad del Atl\u00e1ntico, desarroll\u00f3 la Primera Jornada de Consultorio Jur\u00eddico dirigida a la poblaci\u00f3n con discapacidad y adultos mayores. La jornada tuvo como fin brindar asesor\u00eda jur\u00eddica en derecho civil, administrativo y penal. De igual manera, se reforzaron los conocimientos en redacci\u00f3n de tutelas y peticiones de las mismas.\" \/>\n<meta property=\"og:url\" content=\"https:\/\/contrastes.com.co\/web\/2021\/03\/09\/poblacion-con-discapacidad-y-adultos-mayores-reciben-apoyo-y-asesoria-juridica-en-soledad\/\" \/>\n<meta property=\"og:site_name\" content=\"Constrastes\" \/>\n<meta property=\"article:publisher\" content=\"https:\/\/www.facebook.com\/guillo.pantoja.1\" \/>\n<meta property=\"article:published_time\" content=\"2021-03-09T18:28:04+00:00\" \/>\n<meta name=\"author\" content=\"Editor\" \/>\n<meta name=\"twitter:card\" content=\"summary_large_image\" \/>\n<meta name=\"twitter:label1\" content=\"Escrito por\" \/>\n\t<meta name=\"twitter:data1\" content=\"Editor\" \/>\n\t<meta name=\"twitter:label2\" content=\"Tiempo de lectura\" \/>\n\t<meta name=\"twitter:data2\" content=\"2 minutos\" \/>\n<script type=\"application\/ld+json\" class=\"yoast-schema-graph\">{\"@context\":\"https:\\\/\\\/schema.org\",\"@graph\":[{\"@type\":\"Article\",\"@id\":\"https:\\\/\\\/contrastes.com.co\\\/web\\\/2021\\\/03\\\/09\\\/poblacion-con-discapacidad-y-adultos-mayores-reciben-apoyo-y-asesoria-juridica-en-soledad\\\/#article\",\"isPartOf\":{\"@id\":\"https:\\\/\\\/contrastes.com.co\\\/web\\\/2021\\\/03\\\/09\\\/poblacion-con-discapacidad-y-adultos-mayores-reciben-apoyo-y-asesoria-juridica-en-soledad\\\/\"},\"author\":{\"name\":\"Editor\",\"@id\":\"https:\\\/\\\/contrastes.com.co\\\/web\\\/#\\\/schema\\\/person\\\/62ef7a62dc4da6de450c71fc2e95ed02\"},\"headline\":\"Poblaci\u00f3n con discapacidad y adultos mayores reciben apoyo y asesor\u00eda jur\u00eddica, en Soledad\",\"datePublished\":\"2021-03-09T18:28:04+00:00\",\"mainEntityOfPage\":{\"@id\":\"https:\\\/\\\/contrastes.com.co\\\/web\\\/2021\\\/03\\\/09\\\/poblacion-con-discapacidad-y-adultos-mayores-reciben-apoyo-y-asesoria-juridica-en-soledad\\\/\"},\"wordCount\":419,\"commentCount\":0,\"publisher\":{\"@id\":\"https:\\\/\\\/contrastes.com.co\\\/web\\\/#organization\"},\"image\":{\"@id\":\"https:\\\/\\\/contrastes.com.co\\\/web\\\/2021\\\/03\\\/09\\\/poblacion-con-discapacidad-y-adultos-mayores-reciben-apoyo-y-asesoria-juridica-en-soledad\\\/#primaryimage\"},\"thumbnailUrl\":\"\",\"keywords\":[\"adultos mayores\",\"alcalde de Soledad\",\"alcaldia de Soledad\",\"asesor\u00eda jur\u00eddica\",\"Deiber Conrado Niebles\",\"gobernaci\u00f3n del Atl\u00e1ntico\",\"poblaci\u00f3n con discapacidad\",\"Rodolfo Ucr\u00f3s Rosales\",\"secretario de Gesti\u00f3n Social\",\"Universidad del Atl\u00e1ntico\"],\"articleSection\":[\"Comunidad\",\"Gesti\u00f3n Social\",\"Locales\"],\"inLanguage\":\"es\",\"potentialAction\":[{\"@type\":\"CommentAction\",\"name\":\"Comment\",\"target\":[\"https:\\\/\\\/contrastes.com.co\\\/web\\\/2021\\\/03\\\/09\\\/poblacion-con-discapacidad-y-adultos-mayores-reciben-apoyo-y-asesoria-juridica-en-soledad\\\/#respond\"]}]},{\"@type\":\"WebPage\",\"@id\":\"https:\\\/\\\/contrastes.com.co\\\/web\\\/2021\\\/03\\\/09\\\/poblacion-con-discapacidad-y-adultos-mayores-reciben-apoyo-y-asesoria-juridica-en-soledad\\\/\",\"url\":\"https:\\\/\\\/contrastes.com.co\\\/web\\\/2021\\\/03\\\/09\\\/poblacion-con-discapacidad-y-adultos-mayores-reciben-apoyo-y-asesoria-juridica-en-soledad\\\/\",\"name\":\"Poblaci\u00f3n con discapacidad y adultos mayores reciben apoyo y asesor\u00eda jur\u00eddica, en Soledad - Constrastes\",\"isPartOf\":{\"@id\":\"https:\\\/\\\/contrastes.com.co\\\/web\\\/#website\"},\"primaryImageOfPage\":{\"@id\":\"https:\\\/\\\/contrastes.com.co\\\/web\\\/2021\\\/03\\\/09\\\/poblacion-con-discapacidad-y-adultos-mayores-reciben-apoyo-y-asesoria-juridica-en-soledad\\\/#primaryimage\"},\"image\":{\"@id\":\"https:\\\/\\\/contrastes.com.co\\\/web\\\/2021\\\/03\\\/09\\\/poblacion-con-discapacidad-y-adultos-mayores-reciben-apoyo-y-asesoria-juridica-en-soledad\\\/#primaryimage\"},\"thumbnailUrl\":\"\",\"datePublished\":\"2021-03-09T18:28:04+00:00\",\"breadcrumb\":{\"@id\":\"https:\\\/\\\/contrastes.com.co\\\/web\\\/2021\\\/03\\\/09\\\/poblacion-con-discapacidad-y-adultos-mayores-reciben-apoyo-y-asesoria-juridica-en-soledad\\\/#breadcrumb\"},\"inLanguage\":\"es\",\"potentialAction\":[{\"@type\":\"ReadAction\",\"target\":[\"https:\\\/\\\/contrastes.com.co\\\/web\\\/2021\\\/03\\\/09\\\/poblacion-con-discapacidad-y-adultos-mayores-reciben-apoyo-y-asesoria-juridica-en-soledad\\\/\"]}]},{\"@type\":\"ImageObject\",\"inLanguage\":\"es\",\"@id\":\"https:\\\/\\\/contrastes.com.co\\\/web\\\/2021\\\/03\\\/09\\\/poblacion-con-discapacidad-y-adultos-mayores-reciben-apoyo-y-asesoria-juridica-en-soledad\\\/#primaryimage\",\"url\":\"\",\"contentUrl\":\"\"},{\"@type\":\"BreadcrumbList\",\"@id\":\"https:\\\/\\\/contrastes.com.co\\\/web\\\/2021\\\/03\\\/09\\\/poblacion-con-discapacidad-y-adultos-mayores-reciben-apoyo-y-asesoria-juridica-en-soledad\\\/#breadcrumb\",\"itemListElement\":[{\"@type\":\"ListItem\",\"position\":1,\"name\":\"Portada\",\"item\":\"https:\\\/\\\/contrastes.com.co\\\/web\\\/\"},{\"@type\":\"ListItem\",\"position\":2,\"name\":\"Poblaci\u00f3n con discapacidad y adultos mayores reciben apoyo y asesor\u00eda jur\u00eddica, en Soledad\"}]},{\"@type\":\"WebSite\",\"@id\":\"https:\\\/\\\/contrastes.com.co\\\/web\\\/#website\",\"url\":\"https:\\\/\\\/contrastes.com.co\\\/web\\\/\",\"name\":\"Contrastes\",\"description\":\"Periodismo de Conciencia\",\"publisher\":{\"@id\":\"https:\\\/\\\/contrastes.com.co\\\/web\\\/#organization\"},\"potentialAction\":[{\"@type\":\"SearchAction\",\"target\":{\"@type\":\"EntryPoint\",\"urlTemplate\":\"https:\\\/\\\/contrastes.com.co\\\/web\\\/?s={search_term_string}\"},\"query-input\":{\"@type\":\"PropertyValueSpecification\",\"valueRequired\":true,\"valueName\":\"search_term_string\"}}],\"inLanguage\":\"es\"},{\"@type\":\"Organization\",\"@id\":\"https:\\\/\\\/contrastes.com.co\\\/web\\\/#organization\",\"name\":\"Contrastes\",\"url\":\"https:\\\/\\\/contrastes.com.co\\\/web\\\/\",\"logo\":{\"@type\":\"ImageObject\",\"inLanguage\":\"es\",\"@id\":\"https:\\\/\\\/contrastes.com.co\\\/web\\\/#\\\/schema\\\/logo\\\/image\\\/\",\"url\":\"https:\\\/\\\/contrastes.com.co\\\/web\\\/wp-content\\\/uploads\\\/2025\\\/04\\\/15CONTRASTES3.png\",\"contentUrl\":\"https:\\\/\\\/contrastes.com.co\\\/web\\\/wp-content\\\/uploads\\\/2025\\\/04\\\/15CONTRASTES3.png\",\"width\":1536,\"height\":231,\"caption\":\"Contrastes\"},\"image\":{\"@id\":\"https:\\\/\\\/contrastes.com.co\\\/web\\\/#\\\/schema\\\/logo\\\/image\\\/\"},\"sameAs\":[\"https:\\\/\\\/www.facebook.com\\\/guillo.pantoja.1\"]},{\"@type\":\"Person\",\"@id\":\"https:\\\/\\\/contrastes.com.co\\\/web\\\/#\\\/schema\\\/person\\\/62ef7a62dc4da6de450c71fc2e95ed02\",\"name\":\"Editor\",\"image\":{\"@type\":\"ImageObject\",\"inLanguage\":\"es\",\"@id\":\"https:\\\/\\\/secure.gravatar.com\\\/avatar\\\/7bbb4f718d74bbf600dc556253bb04fd7ac8593751d6e2e3b85432d98aefae80?s=96&d=mm&r=g\",\"url\":\"https:\\\/\\\/secure.gravatar.com\\\/avatar\\\/7bbb4f718d74bbf600dc556253bb04fd7ac8593751d6e2e3b85432d98aefae80?s=96&d=mm&r=g\",\"contentUrl\":\"https:\\\/\\\/secure.gravatar.com\\\/avatar\\\/7bbb4f718d74bbf600dc556253bb04fd7ac8593751d6e2e3b85432d98aefae80?s=96&d=mm&r=g\",\"caption\":\"Editor\"},\"sameAs\":[\"https:\\\/\\\/contrastes.com.co\\\/web\"],\"url\":\"https:\\\/\\\/contrastes.com.co\\\/web\\\/author\\\/jdbobadilla\\\/\"}]}<\/script>\n<!-- \/ Yoast SEO plugin. -->","yoast_head_json":{"title":"Poblaci\u00f3n con discapacidad y adultos mayores reciben apoyo y asesor\u00eda jur\u00eddica, en Soledad - Constrastes","robots":{"index":"index","follow":"follow","max-snippet":"max-snippet:-1","max-image-preview":"max-image-preview:large","max-video-preview":"max-video-preview:-1"},"canonical":"https:\/\/contrastes.com.co\/web\/2021\/03\/09\/poblacion-con-discapacidad-y-adultos-mayores-reciben-apoyo-y-asesoria-juridica-en-soledad\/","og_locale":"es_ES","og_type":"article","og_title":"Poblaci\u00f3n con discapacidad y adultos mayores reciben apoyo y asesor\u00eda jur\u00eddica, en Soledad - Constrastes","og_description":"Soledad.- La Alcald\u00eda de Soledad, a trav\u00e9s de la Secretar\u00eda de Gesti\u00f3n Social, en coordinaci\u00f3n con la Gobernaci\u00f3n del Atl\u00e1ntico y la Universidad del Atl\u00e1ntico, desarroll\u00f3 la Primera Jornada de Consultorio Jur\u00eddico dirigida a la poblaci\u00f3n con discapacidad y adultos mayores. La jornada tuvo como fin brindar asesor\u00eda jur\u00eddica en derecho civil, administrativo y penal. De igual manera, se reforzaron los conocimientos en redacci\u00f3n de tutelas y peticiones de las mismas.","og_url":"https:\/\/contrastes.com.co\/web\/2021\/03\/09\/poblacion-con-discapacidad-y-adultos-mayores-reciben-apoyo-y-asesoria-juridica-en-soledad\/","og_site_name":"Constrastes","article_publisher":"https:\/\/www.facebook.com\/guillo.pantoja.1","article_published_time":"2021-03-09T18:28:04+00:00","author":"Editor","twitter_card":"summary_large_image","twitter_misc":{"Escrito por":"Editor","Tiempo de lectura":"2 minutos"},"schema":{"@context":"https:\/\/schema.org","@graph":[{"@type":"Article","@id":"https:\/\/contrastes.com.co\/web\/2021\/03\/09\/poblacion-con-discapacidad-y-adultos-mayores-reciben-apoyo-y-asesoria-juridica-en-soledad\/#article","isPartOf":{"@id":"https:\/\/contrastes.com.co\/web\/2021\/03\/09\/poblacion-con-discapacidad-y-adultos-mayores-reciben-apoyo-y-asesoria-juridica-en-soledad\/"},"author":{"name":"Editor","@id":"https:\/\/contrastes.com.co\/web\/#\/schema\/person\/62ef7a62dc4da6de450c71fc2e95ed02"},"headline":"Poblaci\u00f3n con discapacidad y adultos mayores reciben apoyo y asesor\u00eda jur\u00eddica, en Soledad","datePublished":"2021-03-09T18:28:04+00:00","mainEntityOfPage":{"@id":"https:\/\/contrastes.com.co\/web\/2021\/03\/09\/poblacion-con-discapacidad-y-adultos-mayores-reciben-apoyo-y-asesoria-juridica-en-soledad\/"},"wordCount":419,"commentCount":0,"publisher":{"@id":"https:\/\/contrastes.com.co\/web\/#organization"},"image":{"@id":"https:\/\/contrastes.com.co\/web\/2021\/03\/09\/poblacion-con-discapacidad-y-adultos-mayores-reciben-apoyo-y-asesoria-juridica-en-soledad\/#primaryimage"},"thumbnailUrl":"","keywords":["adultos mayores","alcalde de Soledad","alcaldia de Soledad","asesor\u00eda jur\u00eddica","Deiber Conrado Niebles","gobernaci\u00f3n del Atl\u00e1ntico","poblaci\u00f3n con discapacidad","Rodolfo Ucr\u00f3s Rosales","secretario de Gesti\u00f3n Social","Universidad del Atl\u00e1ntico"],"articleSection":["Comunidad","Gesti\u00f3n Social","Locales"],"inLanguage":"es","potentialAction":[{"@type":"CommentAction","name":"Comment","target":["https:\/\/contrastes.com.co\/web\/2021\/03\/09\/poblacion-con-discapacidad-y-adultos-mayores-reciben-apoyo-y-asesoria-juridica-en-soledad\/#respond"]}]},{"@type":"WebPage","@id":"https:\/\/contrastes.com.co\/web\/2021\/03\/09\/poblacion-con-discapacidad-y-adultos-mayores-reciben-apoyo-y-asesoria-juridica-en-soledad\/","url":"https:\/\/contrastes.com.co\/web\/2021\/03\/09\/poblacion-con-discapacidad-y-adultos-mayores-reciben-apoyo-y-asesoria-juridica-en-soledad\/","name":"Poblaci\u00f3n con discapacidad y adultos mayores reciben apoyo y asesor\u00eda jur\u00eddica, en Soledad - Constrastes","isPartOf":{"@id":"https:\/\/contrastes.com.co\/web\/#website"},"primaryImageOfPage":{"@id":"https:\/\/contrastes.com.co\/web\/2021\/03\/09\/poblacion-con-discapacidad-y-adultos-mayores-reciben-apoyo-y-asesoria-juridica-en-soledad\/#primaryimage"},"image":{"@id":"https:\/\/contrastes.com.co\/web\/2021\/03\/09\/poblacion-con-discapacidad-y-adultos-mayores-reciben-apoyo-y-asesoria-juridica-en-soledad\/#primaryimage"},"thumbnailUrl":"","datePublished":"2021-03-09T18:28:04+00:00","breadcrumb":{"@id":"https:\/\/contrastes.com.co\/web\/2021\/03\/09\/poblacion-con-discapacidad-y-adultos-mayores-reciben-apoyo-y-asesoria-juridica-en-soledad\/#breadcrumb"},"inLanguage":"es","potentialAction":[{"@type":"ReadAction","target":["https:\/\/contrastes.com.co\/web\/2021\/03\/09\/poblacion-con-discapacidad-y-adultos-mayores-reciben-apoyo-y-asesoria-juridica-en-soledad\/"]}]},{"@type":"ImageObject","inLanguage":"es","@id":"https:\/\/contrastes.com.co\/web\/2021\/03\/09\/poblacion-con-discapacidad-y-adultos-mayores-reciben-apoyo-y-asesoria-juridica-en-soledad\/#primaryimage","url":"","contentUrl":""},{"@type":"BreadcrumbList","@id":"https:\/\/contrastes.com.co\/web\/2021\/03\/09\/poblacion-con-discapacidad-y-adultos-mayores-reciben-apoyo-y-asesoria-juridica-en-soledad\/#breadcrumb","itemListElement":[{"@type":"ListItem","position":1,"name":"Portada","item":"https:\/\/contrastes.com.co\/web\/"},{"@type":"ListItem","position":2,"name":"Poblaci\u00f3n con discapacidad y adultos mayores reciben apoyo y asesor\u00eda jur\u00eddica, en Soledad"}]},{"@type":"WebSite","@id":"https:\/\/contrastes.com.co\/web\/#website","url":"https:\/\/contrastes.com.co\/web\/","name":"Contrastes","description":"Periodismo de Conciencia","publisher":{"@id":"https:\/\/contrastes.com.co\/web\/#organization"},"potentialAction":[{"@type":"SearchAction","target":{"@type":"EntryPoint","urlTemplate":"https:\/\/contrastes.com.co\/web\/?s={search_term_string}"},"query-input":{"@type":"PropertyValueSpecification","valueRequired":true,"valueName":"search_term_string"}}],"inLanguage":"es"},{"@type":"Organization","@id":"https:\/\/contrastes.com.co\/web\/#organization","name":"Contrastes","url":"https:\/\/contrastes.com.co\/web\/","logo":{"@type":"ImageObject","inLanguage":"es","@id":"https:\/\/contrastes.com.co\/web\/#\/schema\/logo\/image\/","url":"https:\/\/contrastes.com.co\/web\/wp-content\/uploads\/2025\/04\/15CONTRASTES3.png","contentUrl":"https:\/\/contrastes.com.co\/web\/wp-content\/uploads\/2025\/04\/15CONTRASTES3.png","width":1536,"height":231,"caption":"Contrastes"},"image":{"@id":"https:\/\/contrastes.com.co\/web\/#\/schema\/logo\/image\/"},"sameAs":["https:\/\/www.facebook.com\/guillo.pantoja.1"]},{"@type":"Person","@id":"https:\/\/contrastes.com.co\/web\/#\/schema\/person\/62ef7a62dc4da6de450c71fc2e95ed02","name":"Editor","image":{"@type":"ImageObject","inLanguage":"es","@id":"https:\/\/secure.gravatar.com\/avatar\/7bbb4f718d74bbf600dc556253bb04fd7ac8593751d6e2e3b85432d98aefae80?s=96&d=mm&r=g","url":"https:\/\/secure.gravatar.com\/avatar\/7bbb4f718d74bbf600dc556253bb04fd7ac8593751d6e2e3b85432d98aefae80?s=96&d=mm&r=g","contentUrl":"https:\/\/secure.gravatar.com\/avatar\/7bbb4f718d74bbf600dc556253bb04fd7ac8593751d6e2e3b85432d98aefae80?s=96&d=mm&r=g","caption":"Editor"},"sameAs":["https:\/\/contrastes.com.co\/web"],"url":"https:\/\/contrastes.com.co\/web\/author\/jdbobadilla\/"}]}},"blog_post_layout_featured_media_urls":{"thumbnail":"","full":""},"categories_names":{"10":{"name":"Comunidad","link":"https:\/\/contrastes.com.co\/web\/category\/comunidad\/"},"571":{"name":"Gesti\u00f3n Social","link":"https:\/\/contrastes.com.co\/web\/category\/gestion-social\/"},"23":{"name":"Locales","link":"https:\/\/contrastes.com.co\/web\/category\/locales\/"}},"tags_names":{"562":{"name":"adultos mayores","link":"https:\/\/contrastes.com.co\/web\/tag\/adultos-mayores\/"},"173":{"name":"alcalde de Soledad","link":"https:\/\/contrastes.com.co\/web\/tag\/alcalde-de-soledad\/"},"28":{"name":"alcaldia de Soledad","link":"https:\/\/contrastes.com.co\/web\/tag\/alcaldia-de-soledad\/"},"2839":{"name":"asesor\u00eda jur\u00eddica","link":"https:\/\/contrastes.com.co\/web\/tag\/asesoria-juridica\/"},"501":{"name":"Deiber Conrado Niebles","link":"https:\/\/contrastes.com.co\/web\/tag\/deiber-conrado-niebles\/"},"15":{"name":"gobernaci\u00f3n del Atl\u00e1ntico","link":"https:\/\/contrastes.com.co\/web\/tag\/gobernacion-del-atlantico\/"},"2840":{"name":"poblaci\u00f3n con discapacidad","link":"https:\/\/contrastes.com.co\/web\/tag\/poblacion-con-discapacidad\/"},"1879":{"name":"Rodolfo Ucr\u00f3s Rosales","link":"https:\/\/contrastes.com.co\/web\/tag\/rodolfo-ucros-rosales\/"},"1500":{"name":"secretario de Gesti\u00f3n Social","link":"https:\/\/contrastes.com.co\/web\/tag\/secretario-de-gestion-social\/"},"37":{"name":"Universidad del Atl\u00e1ntico","link":"https:\/\/contrastes.com.co\/web\/tag\/universidad-del-atlantico\/"}},"comments_number":"0","wpmagazine_modules_lite_featured_media_urls":{"thumbnail":"","cvmm-medium":"","cvmm-medium-plus":"","cvmm-portrait":"","cvmm-medium-square":"","cvmm-large":"","cvmm-small":"","full":""},"_links":{"self":[{"href":"https:\/\/contrastes.com.co\/web\/wp-json\/wp\/v2\/posts\/4838","targetHints":{"allow":["GET"]}}],"collection":[{"href":"https:\/\/contrastes.com.co\/web\/wp-json\/wp\/v2\/posts"}],"about":[{"href":"https:\/\/contrastes.com.co\/web\/wp-json\/wp\/v2\/types\/post"}],"author":[{"embeddable":true,"href":"https:\/\/contrastes.com.co\/web\/wp-json\/wp\/v2\/users\/1"}],"replies":[{"embeddable":true,"href":"https:\/\/contrastes.com.co\/web\/wp-json\/wp\/v2\/comments?post=4838"}],"version-history":[{"count":0,"href":"https:\/\/contrastes.com.co\/web\/wp-json\/wp\/v2\/posts\/4838\/revisions"}],"wp:attachment":[{"href":"https:\/\/contrastes.com.co\/web\/wp-json\/wp\/v2\/media?parent=4838"}],"wp:term":[{"taxonomy":"category","embeddable":true,"href":"https:\/\/contrastes.com.co\/web\/wp-json\/wp\/v2\/categories?post=4838"},{"taxonomy":"post_tag","embeddable":true,"href":"https:\/\/contrastes.com.co\/web\/wp-json\/wp\/v2\/tags?post=4838"}],"curies":[{"name":"wp","href":"https:\/\/api.w.org\/{rel}","templated":true}]}}