{"id":5107,"date":"2021-03-30T14:35:55","date_gmt":"2021-03-30T19:35:55","guid":{"rendered":"https:\/\/contrastes.com.co\/digital\/?p=5107"},"modified":"2021-03-30T14:35:55","modified_gmt":"2021-03-30T19:35:55","slug":"soledad-aplica-segunda-dosis-de-vacuna-contra-covid-19-a-mayores-de-80-anos","status":"publish","type":"post","link":"https:\/\/contrastes.com.co\/web\/2021\/03\/30\/soledad-aplica-segunda-dosis-de-vacuna-contra-covid-19-a-mayores-de-80-anos\/","title":{"rendered":"Soledad aplica segunda dosis de vacuna contra Covid-19 a mayores de 80 a\u00f1os"},"content":{"rendered":"<p style=\"text-align: center;\"><strong><em>La Alcald\u00eda de Soledad invita a la poblaci\u00f3n que ya se aplic\u00f3 la primera dosis, a acudir a los diferentes puntos de vacunaci\u00f3n habilitados en el municipio, para recibir la segunda dosis del biol\u00f3gico. <\/em><\/strong><\/p>\n<p><strong>Soledad.-<\/strong> La Alcald\u00eda de Soledad, a trav\u00e9s de la Secretar\u00eda de Salud y el <a href=\"https:\/\/maternoinfantil.gov.co\/\">Hospital Materno Infantil<\/a>, invita a los adultos mayores de 80 a\u00f1os -que ya se aplicaron la primera dosis de la vacuna contra el Covid-19- a acudir a los diferentes puntos de vacunaci\u00f3n habilitados en el municipio, para que reciban la segunda dosis de este biol\u00f3gico.<\/p>\n<p>Es importante tener en cuenta que, la segunda dosis de la vacuna Sinovac se aplica 28 d\u00edas despu\u00e9s de la primera, tal como se especifica en el carnet de esquema de vacunaci\u00f3n que le entregan al adulto una vez recibe la inyecci\u00f3n.<\/p>\n<p>Las autoridades de salud del municipio reiteran el llamado a la poblaci\u00f3n mayor de 80 y a la de 75 a 79 a\u00f1os que a\u00fan no se han aplicado la vacuna, para que se acerquen a los puntos de vacunaci\u00f3n disponibles en el ente territorial y se d\u00e9 cumplimiento a la cobertura dispuesta en esta fase.<\/p>\n<p>Al respecto, el alcalde de Soledad, <strong>Rodolfo Ucr\u00f3s Rosales<\/strong>, enfatiz\u00f3: \u201cAhora m\u00e1s que nunca los adultos mayores de 75 a\u00f1os deben aplicarse la vacuna contra el Covid-19. Vivimos momentos muy dif\u00edciles ante un nuevo pico de contagio y el prop\u00f3sito es mitigar el virus\u201d.<\/p>\n<p>El gerente del <a href=\"https:\/\/maternoinfantil.gov.co\/\">Hospital Materno Infantil de Soledad<\/a>, <strong>Juan S\u00e1nchez P\u00e1ez<\/strong>, record\u00f3 los puntos de vacunaci\u00f3n que se encuentran disponibles en Soledad para la aplicaci\u00f3n de la vacuna contra el Covid-19. \u201cHoy contamos con puestos de vacunaci\u00f3n en los centros de salud La Central, 13 de junio, Salamanca, Costa Hermosa, Villa Estadio y Ciudadela Metropolitana, adscritos a la E.S.E., y los centros comerciales Gran Plaza del Sol, Nuestro Atl\u00e1ntico y Carnaval.<\/p>\n<p style=\"text-align: center;\"><img fetchpriority=\"high\" decoding=\"async\" class=\"alignleft size-full wp-image-5113\" src=\"https:\/\/contrastes.com.co\/digital\/wp-content\/uploads\/2021\/03\/vacuna-Soledad-segunda-dosis.jpg\" alt=\"\" width=\"1278\" height=\"1280\" \/><\/p>\n<p>&nbsp;<\/p>\n<p><em>Prensa <a href=\"http:\/\/www.soledad-atlantico.gov.co\/\">Alcald\u00eda de Soledad<\/a><\/em><\/p>\n","protected":false},"excerpt":{"rendered":"<p>Soledad.- La Alcald\u00eda de Soledad, a trav\u00e9s de la Secretar\u00eda de Salud y el Hospital Materno Infantil, invita a los adultos mayores de 80 a\u00f1os -que ya se aplicaron la primera dosis de la vacuna contra el Covid-19- a acudir a los diferentes puntos de vacunaci\u00f3n habilitados en el municipio, para que reciban la segunda dosis de este biol\u00f3gico.<\/p>\n","protected":false},"author":1,"featured_media":5108,"comment_status":"open","ping_status":"open","sticky":false,"template":"","format":"standard","meta":{"footnotes":""},"categories":[73,23,583,2872],"tags":[562,28,466,2041,1879,3046,3047,1896],"class_list":["post-5107","post","type-post","status-publish","format-standard","has-post-thumbnail","hentry","category-coronavirus","category-locales","category-principal","category-vacunacion","tag-adultos-mayores","tag-alcaldia-de-soledad","tag-hospital-materno-infantil-de-soledad","tag-juan-sanchez-paez","tag-rodolfo-ucros-rosales","tag-segunda-dosis","tag-vacuna-covid-19","tag-vacunacion"],"yoast_head":"<!-- This site is optimized with the Yoast SEO plugin v27.7 - https:\/\/yoast.com\/product\/yoast-seo-wordpress\/ -->\n<title>Soledad aplica segunda dosis de vacuna contra Covid-19 a mayores de 80 a\u00f1os - Constrastes<\/title>\n<meta name=\"robots\" content=\"index, follow, max-snippet:-1, max-image-preview:large, max-video-preview:-1\" \/>\n<link rel=\"canonical\" href=\"https:\/\/contrastes.com.co\/web\/2021\/03\/30\/soledad-aplica-segunda-dosis-de-vacuna-contra-covid-19-a-mayores-de-80-anos\/\" \/>\n<meta property=\"og:locale\" content=\"es_ES\" \/>\n<meta property=\"og:type\" content=\"article\" \/>\n<meta property=\"og:title\" content=\"Soledad aplica segunda dosis de vacuna contra Covid-19 a mayores de 80 a\u00f1os - Constrastes\" \/>\n<meta property=\"og:description\" content=\"Soledad.- La Alcald\u00eda de Soledad, a trav\u00e9s de la Secretar\u00eda de Salud y el Hospital Materno Infantil, invita a los adultos mayores de 80 a\u00f1os -que ya se aplicaron la primera dosis de la vacuna contra el Covid-19- a acudir a los diferentes puntos de vacunaci\u00f3n habilitados en el municipio, para que reciban la segunda dosis de este biol\u00f3gico.\" \/>\n<meta property=\"og:url\" content=\"https:\/\/contrastes.com.co\/web\/2021\/03\/30\/soledad-aplica-segunda-dosis-de-vacuna-contra-covid-19-a-mayores-de-80-anos\/\" \/>\n<meta property=\"og:site_name\" content=\"Constrastes\" \/>\n<meta property=\"article:publisher\" content=\"https:\/\/www.facebook.com\/guillo.pantoja.1\" \/>\n<meta property=\"article:published_time\" content=\"2021-03-30T19:35:55+00:00\" \/>\n<meta name=\"author\" content=\"Editor\" \/>\n<meta name=\"twitter:card\" content=\"summary_large_image\" \/>\n<meta name=\"twitter:label1\" content=\"Escrito por\" \/>\n\t<meta name=\"twitter:data1\" content=\"Editor\" \/>\n\t<meta name=\"twitter:label2\" content=\"Tiempo de lectura\" \/>\n\t<meta name=\"twitter:data2\" content=\"2 minutos\" \/>\n<script type=\"application\/ld+json\" class=\"yoast-schema-graph\">{\"@context\":\"https:\\\/\\\/schema.org\",\"@graph\":[{\"@type\":\"Article\",\"@id\":\"https:\\\/\\\/contrastes.com.co\\\/web\\\/2021\\\/03\\\/30\\\/soledad-aplica-segunda-dosis-de-vacuna-contra-covid-19-a-mayores-de-80-anos\\\/#article\",\"isPartOf\":{\"@id\":\"https:\\\/\\\/contrastes.com.co\\\/web\\\/2021\\\/03\\\/30\\\/soledad-aplica-segunda-dosis-de-vacuna-contra-covid-19-a-mayores-de-80-anos\\\/\"},\"author\":{\"name\":\"Editor\",\"@id\":\"https:\\\/\\\/contrastes.com.co\\\/web\\\/#\\\/schema\\\/person\\\/62ef7a62dc4da6de450c71fc2e95ed02\"},\"headline\":\"Soledad aplica segunda dosis de vacuna contra Covid-19 a mayores de 80 a\u00f1os\",\"datePublished\":\"2021-03-30T19:35:55+00:00\",\"mainEntityOfPage\":{\"@id\":\"https:\\\/\\\/contrastes.com.co\\\/web\\\/2021\\\/03\\\/30\\\/soledad-aplica-segunda-dosis-de-vacuna-contra-covid-19-a-mayores-de-80-anos\\\/\"},\"wordCount\":351,\"commentCount\":0,\"publisher\":{\"@id\":\"https:\\\/\\\/contrastes.com.co\\\/web\\\/#organization\"},\"image\":{\"@id\":\"https:\\\/\\\/contrastes.com.co\\\/web\\\/2021\\\/03\\\/30\\\/soledad-aplica-segunda-dosis-de-vacuna-contra-covid-19-a-mayores-de-80-anos\\\/#primaryimage\"},\"thumbnailUrl\":\"\",\"keywords\":[\"adultos mayores\",\"alcaldia de Soledad\",\"Hospital Materno Infantil de Soledad\",\"Juan S\u00e1nchez P\u00e1ez\",\"Rodolfo Ucr\u00f3s Rosales\",\"segunda dosis\",\"Vacuna Covid-19\",\"Vacunaci\u00f3n\"],\"articleSection\":[\"Coronavirus\",\"Locales\",\"Principal\",\"Vacunaci\u00f3n\"],\"inLanguage\":\"es\",\"potentialAction\":[{\"@type\":\"CommentAction\",\"name\":\"Comment\",\"target\":[\"https:\\\/\\\/contrastes.com.co\\\/web\\\/2021\\\/03\\\/30\\\/soledad-aplica-segunda-dosis-de-vacuna-contra-covid-19-a-mayores-de-80-anos\\\/#respond\"]}]},{\"@type\":\"WebPage\",\"@id\":\"https:\\\/\\\/contrastes.com.co\\\/web\\\/2021\\\/03\\\/30\\\/soledad-aplica-segunda-dosis-de-vacuna-contra-covid-19-a-mayores-de-80-anos\\\/\",\"url\":\"https:\\\/\\\/contrastes.com.co\\\/web\\\/2021\\\/03\\\/30\\\/soledad-aplica-segunda-dosis-de-vacuna-contra-covid-19-a-mayores-de-80-anos\\\/\",\"name\":\"Soledad aplica segunda dosis de vacuna contra Covid-19 a mayores de 80 a\u00f1os - Constrastes\",\"isPartOf\":{\"@id\":\"https:\\\/\\\/contrastes.com.co\\\/web\\\/#website\"},\"primaryImageOfPage\":{\"@id\":\"https:\\\/\\\/contrastes.com.co\\\/web\\\/2021\\\/03\\\/30\\\/soledad-aplica-segunda-dosis-de-vacuna-contra-covid-19-a-mayores-de-80-anos\\\/#primaryimage\"},\"image\":{\"@id\":\"https:\\\/\\\/contrastes.com.co\\\/web\\\/2021\\\/03\\\/30\\\/soledad-aplica-segunda-dosis-de-vacuna-contra-covid-19-a-mayores-de-80-anos\\\/#primaryimage\"},\"thumbnailUrl\":\"\",\"datePublished\":\"2021-03-30T19:35:55+00:00\",\"breadcrumb\":{\"@id\":\"https:\\\/\\\/contrastes.com.co\\\/web\\\/2021\\\/03\\\/30\\\/soledad-aplica-segunda-dosis-de-vacuna-contra-covid-19-a-mayores-de-80-anos\\\/#breadcrumb\"},\"inLanguage\":\"es\",\"potentialAction\":[{\"@type\":\"ReadAction\",\"target\":[\"https:\\\/\\\/contrastes.com.co\\\/web\\\/2021\\\/03\\\/30\\\/soledad-aplica-segunda-dosis-de-vacuna-contra-covid-19-a-mayores-de-80-anos\\\/\"]}]},{\"@type\":\"ImageObject\",\"inLanguage\":\"es\",\"@id\":\"https:\\\/\\\/contrastes.com.co\\\/web\\\/2021\\\/03\\\/30\\\/soledad-aplica-segunda-dosis-de-vacuna-contra-covid-19-a-mayores-de-80-anos\\\/#primaryimage\",\"url\":\"\",\"contentUrl\":\"\"},{\"@type\":\"BreadcrumbList\",\"@id\":\"https:\\\/\\\/contrastes.com.co\\\/web\\\/2021\\\/03\\\/30\\\/soledad-aplica-segunda-dosis-de-vacuna-contra-covid-19-a-mayores-de-80-anos\\\/#breadcrumb\",\"itemListElement\":[{\"@type\":\"ListItem\",\"position\":1,\"name\":\"Portada\",\"item\":\"https:\\\/\\\/contrastes.com.co\\\/web\\\/\"},{\"@type\":\"ListItem\",\"position\":2,\"name\":\"Soledad aplica segunda dosis de vacuna contra Covid-19 a mayores de 80 a\u00f1os\"}]},{\"@type\":\"WebSite\",\"@id\":\"https:\\\/\\\/contrastes.com.co\\\/web\\\/#website\",\"url\":\"https:\\\/\\\/contrastes.com.co\\\/web\\\/\",\"name\":\"Contrastes\",\"description\":\"Periodismo de Conciencia\",\"publisher\":{\"@id\":\"https:\\\/\\\/contrastes.com.co\\\/web\\\/#organization\"},\"potentialAction\":[{\"@type\":\"SearchAction\",\"target\":{\"@type\":\"EntryPoint\",\"urlTemplate\":\"https:\\\/\\\/contrastes.com.co\\\/web\\\/?s={search_term_string}\"},\"query-input\":{\"@type\":\"PropertyValueSpecification\",\"valueRequired\":true,\"valueName\":\"search_term_string\"}}],\"inLanguage\":\"es\"},{\"@type\":\"Organization\",\"@id\":\"https:\\\/\\\/contrastes.com.co\\\/web\\\/#organization\",\"name\":\"Contrastes\",\"url\":\"https:\\\/\\\/contrastes.com.co\\\/web\\\/\",\"logo\":{\"@type\":\"ImageObject\",\"inLanguage\":\"es\",\"@id\":\"https:\\\/\\\/contrastes.com.co\\\/web\\\/#\\\/schema\\\/logo\\\/image\\\/\",\"url\":\"https:\\\/\\\/contrastes.com.co\\\/web\\\/wp-content\\\/uploads\\\/2025\\\/04\\\/15CONTRASTES3.png\",\"contentUrl\":\"https:\\\/\\\/contrastes.com.co\\\/web\\\/wp-content\\\/uploads\\\/2025\\\/04\\\/15CONTRASTES3.png\",\"width\":1536,\"height\":231,\"caption\":\"Contrastes\"},\"image\":{\"@id\":\"https:\\\/\\\/contrastes.com.co\\\/web\\\/#\\\/schema\\\/logo\\\/image\\\/\"},\"sameAs\":[\"https:\\\/\\\/www.facebook.com\\\/guillo.pantoja.1\"]},{\"@type\":\"Person\",\"@id\":\"https:\\\/\\\/contrastes.com.co\\\/web\\\/#\\\/schema\\\/person\\\/62ef7a62dc4da6de450c71fc2e95ed02\",\"name\":\"Editor\",\"image\":{\"@type\":\"ImageObject\",\"inLanguage\":\"es\",\"@id\":\"https:\\\/\\\/secure.gravatar.com\\\/avatar\\\/7bbb4f718d74bbf600dc556253bb04fd7ac8593751d6e2e3b85432d98aefae80?s=96&d=mm&r=g\",\"url\":\"https:\\\/\\\/secure.gravatar.com\\\/avatar\\\/7bbb4f718d74bbf600dc556253bb04fd7ac8593751d6e2e3b85432d98aefae80?s=96&d=mm&r=g\",\"contentUrl\":\"https:\\\/\\\/secure.gravatar.com\\\/avatar\\\/7bbb4f718d74bbf600dc556253bb04fd7ac8593751d6e2e3b85432d98aefae80?s=96&d=mm&r=g\",\"caption\":\"Editor\"},\"sameAs\":[\"https:\\\/\\\/contrastes.com.co\\\/web\"],\"url\":\"https:\\\/\\\/contrastes.com.co\\\/web\\\/author\\\/jdbobadilla\\\/\"}]}<\/script>\n<!-- \/ Yoast SEO plugin. -->","yoast_head_json":{"title":"Soledad aplica segunda dosis de vacuna contra Covid-19 a mayores de 80 a\u00f1os - Constrastes","robots":{"index":"index","follow":"follow","max-snippet":"max-snippet:-1","max-image-preview":"max-image-preview:large","max-video-preview":"max-video-preview:-1"},"canonical":"https:\/\/contrastes.com.co\/web\/2021\/03\/30\/soledad-aplica-segunda-dosis-de-vacuna-contra-covid-19-a-mayores-de-80-anos\/","og_locale":"es_ES","og_type":"article","og_title":"Soledad aplica segunda dosis de vacuna contra Covid-19 a mayores de 80 a\u00f1os - Constrastes","og_description":"Soledad.- La Alcald\u00eda de Soledad, a trav\u00e9s de la Secretar\u00eda de Salud y el Hospital Materno Infantil, invita a los adultos mayores de 80 a\u00f1os -que ya se aplicaron la primera dosis de la vacuna contra el Covid-19- a acudir a los diferentes puntos de vacunaci\u00f3n habilitados en el municipio, para que reciban la segunda dosis de este biol\u00f3gico.","og_url":"https:\/\/contrastes.com.co\/web\/2021\/03\/30\/soledad-aplica-segunda-dosis-de-vacuna-contra-covid-19-a-mayores-de-80-anos\/","og_site_name":"Constrastes","article_publisher":"https:\/\/www.facebook.com\/guillo.pantoja.1","article_published_time":"2021-03-30T19:35:55+00:00","author":"Editor","twitter_card":"summary_large_image","twitter_misc":{"Escrito por":"Editor","Tiempo de lectura":"2 minutos"},"schema":{"@context":"https:\/\/schema.org","@graph":[{"@type":"Article","@id":"https:\/\/contrastes.com.co\/web\/2021\/03\/30\/soledad-aplica-segunda-dosis-de-vacuna-contra-covid-19-a-mayores-de-80-anos\/#article","isPartOf":{"@id":"https:\/\/contrastes.com.co\/web\/2021\/03\/30\/soledad-aplica-segunda-dosis-de-vacuna-contra-covid-19-a-mayores-de-80-anos\/"},"author":{"name":"Editor","@id":"https:\/\/contrastes.com.co\/web\/#\/schema\/person\/62ef7a62dc4da6de450c71fc2e95ed02"},"headline":"Soledad aplica segunda dosis de vacuna contra Covid-19 a mayores de 80 a\u00f1os","datePublished":"2021-03-30T19:35:55+00:00","mainEntityOfPage":{"@id":"https:\/\/contrastes.com.co\/web\/2021\/03\/30\/soledad-aplica-segunda-dosis-de-vacuna-contra-covid-19-a-mayores-de-80-anos\/"},"wordCount":351,"commentCount":0,"publisher":{"@id":"https:\/\/contrastes.com.co\/web\/#organization"},"image":{"@id":"https:\/\/contrastes.com.co\/web\/2021\/03\/30\/soledad-aplica-segunda-dosis-de-vacuna-contra-covid-19-a-mayores-de-80-anos\/#primaryimage"},"thumbnailUrl":"","keywords":["adultos mayores","alcaldia de Soledad","Hospital Materno Infantil de Soledad","Juan S\u00e1nchez P\u00e1ez","Rodolfo Ucr\u00f3s Rosales","segunda dosis","Vacuna Covid-19","Vacunaci\u00f3n"],"articleSection":["Coronavirus","Locales","Principal","Vacunaci\u00f3n"],"inLanguage":"es","potentialAction":[{"@type":"CommentAction","name":"Comment","target":["https:\/\/contrastes.com.co\/web\/2021\/03\/30\/soledad-aplica-segunda-dosis-de-vacuna-contra-covid-19-a-mayores-de-80-anos\/#respond"]}]},{"@type":"WebPage","@id":"https:\/\/contrastes.com.co\/web\/2021\/03\/30\/soledad-aplica-segunda-dosis-de-vacuna-contra-covid-19-a-mayores-de-80-anos\/","url":"https:\/\/contrastes.com.co\/web\/2021\/03\/30\/soledad-aplica-segunda-dosis-de-vacuna-contra-covid-19-a-mayores-de-80-anos\/","name":"Soledad aplica segunda dosis de vacuna contra Covid-19 a mayores de 80 a\u00f1os - Constrastes","isPartOf":{"@id":"https:\/\/contrastes.com.co\/web\/#website"},"primaryImageOfPage":{"@id":"https:\/\/contrastes.com.co\/web\/2021\/03\/30\/soledad-aplica-segunda-dosis-de-vacuna-contra-covid-19-a-mayores-de-80-anos\/#primaryimage"},"image":{"@id":"https:\/\/contrastes.com.co\/web\/2021\/03\/30\/soledad-aplica-segunda-dosis-de-vacuna-contra-covid-19-a-mayores-de-80-anos\/#primaryimage"},"thumbnailUrl":"","datePublished":"2021-03-30T19:35:55+00:00","breadcrumb":{"@id":"https:\/\/contrastes.com.co\/web\/2021\/03\/30\/soledad-aplica-segunda-dosis-de-vacuna-contra-covid-19-a-mayores-de-80-anos\/#breadcrumb"},"inLanguage":"es","potentialAction":[{"@type":"ReadAction","target":["https:\/\/contrastes.com.co\/web\/2021\/03\/30\/soledad-aplica-segunda-dosis-de-vacuna-contra-covid-19-a-mayores-de-80-anos\/"]}]},{"@type":"ImageObject","inLanguage":"es","@id":"https:\/\/contrastes.com.co\/web\/2021\/03\/30\/soledad-aplica-segunda-dosis-de-vacuna-contra-covid-19-a-mayores-de-80-anos\/#primaryimage","url":"","contentUrl":""},{"@type":"BreadcrumbList","@id":"https:\/\/contrastes.com.co\/web\/2021\/03\/30\/soledad-aplica-segunda-dosis-de-vacuna-contra-covid-19-a-mayores-de-80-anos\/#breadcrumb","itemListElement":[{"@type":"ListItem","position":1,"name":"Portada","item":"https:\/\/contrastes.com.co\/web\/"},{"@type":"ListItem","position":2,"name":"Soledad aplica segunda dosis de vacuna contra Covid-19 a mayores de 80 a\u00f1os"}]},{"@type":"WebSite","@id":"https:\/\/contrastes.com.co\/web\/#website","url":"https:\/\/contrastes.com.co\/web\/","name":"Contrastes","description":"Periodismo de Conciencia","publisher":{"@id":"https:\/\/contrastes.com.co\/web\/#organization"},"potentialAction":[{"@type":"SearchAction","target":{"@type":"EntryPoint","urlTemplate":"https:\/\/contrastes.com.co\/web\/?s={search_term_string}"},"query-input":{"@type":"PropertyValueSpecification","valueRequired":true,"valueName":"search_term_string"}}],"inLanguage":"es"},{"@type":"Organization","@id":"https:\/\/contrastes.com.co\/web\/#organization","name":"Contrastes","url":"https:\/\/contrastes.com.co\/web\/","logo":{"@type":"ImageObject","inLanguage":"es","@id":"https:\/\/contrastes.com.co\/web\/#\/schema\/logo\/image\/","url":"https:\/\/contrastes.com.co\/web\/wp-content\/uploads\/2025\/04\/15CONTRASTES3.png","contentUrl":"https:\/\/contrastes.com.co\/web\/wp-content\/uploads\/2025\/04\/15CONTRASTES3.png","width":1536,"height":231,"caption":"Contrastes"},"image":{"@id":"https:\/\/contrastes.com.co\/web\/#\/schema\/logo\/image\/"},"sameAs":["https:\/\/www.facebook.com\/guillo.pantoja.1"]},{"@type":"Person","@id":"https:\/\/contrastes.com.co\/web\/#\/schema\/person\/62ef7a62dc4da6de450c71fc2e95ed02","name":"Editor","image":{"@type":"ImageObject","inLanguage":"es","@id":"https:\/\/secure.gravatar.com\/avatar\/7bbb4f718d74bbf600dc556253bb04fd7ac8593751d6e2e3b85432d98aefae80?s=96&d=mm&r=g","url":"https:\/\/secure.gravatar.com\/avatar\/7bbb4f718d74bbf600dc556253bb04fd7ac8593751d6e2e3b85432d98aefae80?s=96&d=mm&r=g","contentUrl":"https:\/\/secure.gravatar.com\/avatar\/7bbb4f718d74bbf600dc556253bb04fd7ac8593751d6e2e3b85432d98aefae80?s=96&d=mm&r=g","caption":"Editor"},"sameAs":["https:\/\/contrastes.com.co\/web"],"url":"https:\/\/contrastes.com.co\/web\/author\/jdbobadilla\/"}]}},"blog_post_layout_featured_media_urls":{"thumbnail":"","full":""},"categories_names":{"73":{"name":"Coronavirus","link":"https:\/\/contrastes.com.co\/web\/category\/coronavirus\/"},"23":{"name":"Locales","link":"https:\/\/contrastes.com.co\/web\/category\/locales\/"},"583":{"name":"Principal","link":"https:\/\/contrastes.com.co\/web\/category\/principal\/"},"2872":{"name":"Vacunaci\u00f3n","link":"https:\/\/contrastes.com.co\/web\/category\/vacunacion\/"}},"tags_names":{"562":{"name":"adultos mayores","link":"https:\/\/contrastes.com.co\/web\/tag\/adultos-mayores\/"},"28":{"name":"alcaldia de Soledad","link":"https:\/\/contrastes.com.co\/web\/tag\/alcaldia-de-soledad\/"},"466":{"name":"Hospital Materno Infantil de Soledad","link":"https:\/\/contrastes.com.co\/web\/tag\/hospital-materno-infantil-de-soledad\/"},"2041":{"name":"Juan S\u00e1nchez P\u00e1ez","link":"https:\/\/contrastes.com.co\/web\/tag\/juan-sanchez-paez\/"},"1879":{"name":"Rodolfo Ucr\u00f3s Rosales","link":"https:\/\/contrastes.com.co\/web\/tag\/rodolfo-ucros-rosales\/"},"3046":{"name":"segunda dosis","link":"https:\/\/contrastes.com.co\/web\/tag\/segunda-dosis\/"},"3047":{"name":"Vacuna Covid-19","link":"https:\/\/contrastes.com.co\/web\/tag\/vacuna-covid-19\/"},"1896":{"name":"Vacunaci\u00f3n","link":"https:\/\/contrastes.com.co\/web\/tag\/vacunacion\/"}},"comments_number":"0","wpmagazine_modules_lite_featured_media_urls":{"thumbnail":"","cvmm-medium":"","cvmm-medium-plus":"","cvmm-portrait":"","cvmm-medium-square":"","cvmm-large":"","cvmm-small":"","full":""},"_links":{"self":[{"href":"https:\/\/contrastes.com.co\/web\/wp-json\/wp\/v2\/posts\/5107","targetHints":{"allow":["GET"]}}],"collection":[{"href":"https:\/\/contrastes.com.co\/web\/wp-json\/wp\/v2\/posts"}],"about":[{"href":"https:\/\/contrastes.com.co\/web\/wp-json\/wp\/v2\/types\/post"}],"author":[{"embeddable":true,"href":"https:\/\/contrastes.com.co\/web\/wp-json\/wp\/v2\/users\/1"}],"replies":[{"embeddable":true,"href":"https:\/\/contrastes.com.co\/web\/wp-json\/wp\/v2\/comments?post=5107"}],"version-history":[{"count":0,"href":"https:\/\/contrastes.com.co\/web\/wp-json\/wp\/v2\/posts\/5107\/revisions"}],"wp:attachment":[{"href":"https:\/\/contrastes.com.co\/web\/wp-json\/wp\/v2\/media?parent=5107"}],"wp:term":[{"taxonomy":"category","embeddable":true,"href":"https:\/\/contrastes.com.co\/web\/wp-json\/wp\/v2\/categories?post=5107"},{"taxonomy":"post_tag","embeddable":true,"href":"https:\/\/contrastes.com.co\/web\/wp-json\/wp\/v2\/tags?post=5107"}],"curies":[{"name":"wp","href":"https:\/\/api.w.org\/{rel}","templated":true}]}}