{"id":514,"date":"2020-04-15T16:38:10","date_gmt":"2020-04-15T16:38:10","guid":{"rendered":"https:\/\/contrastes.com.co\/digital\/?p=514"},"modified":"2020-04-15T16:38:10","modified_gmt":"2020-04-15T16:38:10","slug":"con-las-donaciones-hemos-podido-sobrellevar-estos-dias-dificiles-por-el-covid-19-primera-gestora","status":"publish","type":"post","link":"https:\/\/contrastes.com.co\/web\/2020\/04\/15\/con-las-donaciones-hemos-podido-sobrellevar-estos-dias-dificiles-por-el-covid-19-primera-gestora\/","title":{"rendered":"\u201cCon las donaciones, hemos podido sobrellevar estos d\u00edas dif\u00edciles\u201d: primera gestora"},"content":{"rendered":"<blockquote><p><strong>El balance de las donaciones entregadas por la empresa privada y personas solidarias para ser distribuidas en la poblaci\u00f3n vulnerable y de esa manera ayudar a los solede\u00f1os en su lucha contra la contingencia ocasionada por el avance de la Covid-1<\/strong>9<\/p><\/blockquote>\n<p><!--more--><\/p>\n<p><em>Prensa Alcald\u00eda de Soledad<\/em><\/p>\n<p>La primera gestora social, Darley Santos Moreno, agradeci\u00f3 las donaciones que ha recibido provenientes de empresas y personas solidarias, las cuales han sido destinadas a los habitantes de estratos uno y dos de Soledad, quienes no han podido salir de sus casas a laborar, debido a las medidas impuestas por el Gobierno Nacional para evitar la propagaci\u00f3n del virus Covid-19.<\/p>\n<p>Supertiendas, centros comerciales, empresas y personas naturales han donado v\u00edveres o dinero para las familias solede\u00f1as en estos momentos de cuarentena.<\/p>\n<p>La relaci\u00f3n de los donantes es la siguiente: Constructora Marval, 15 millones de pesos; Dolmen, 1.000 mercados; empresa Bimbo, 200 panes; Centro Comercial Nuestro Atl\u00e1ntico, 70 mercados; y Euromarket, 21 paquete de gaseosas, 6 cajas de pasta Barilla, 2 sacos de az\u00facar, 1 caja de az\u00facar, 1 caja de caf\u00e9, 1 caja de t\u00e9, 2 cajas de galletas, 2 cajas de at\u00fan, salchichas, 1 caja de leche en polvo, 2 sacos de arroz, 1 caja de avena y 2 cajas de caldos.<\/p>\n<p>Adem\u00e1s, las supertiendas Ol\u00edmpica de los barrios La Central, Las Torres, Los Robles, Manuela Beltr\u00e1n, Salamanca, Sol Real y Villa Adela, entregaron 400 bonos por 50 mil pesos cada uno; la Gran Central de Abastos del Caribe, Granabastos, don\u00f3 100 mercados; Vilo, 400 mercados; y la Fundaci\u00f3n Social Alianza Estrat\u00e9gica de Colombia don\u00f3: 2 pacas de arroz, 2 pacas de lenteja, 2 paquetes de crema dental, 6 paquetes de jab\u00f3n, 1 caja de galleta, 2 pacas de papel higi\u00e9nico, 3 cajas de panela, 24 libras de harina y 3 bolsas de caf\u00e9 por 25 unidades cada una.<\/p>\n<p>De igual forma, se han solidarizado las siguientes personas naturales y jur\u00eddicas: Vilo, con 400 mercados, Cristian Daes, mil mercados; Wilson Orlando Pe\u00f1a, 29 mercados; Panader\u00eda Zulma, 5 mercados; Puropollo, 15 bonos de 20 mil pesos; Unibol, 34 paquetes de papel higi\u00e9nico y 134 toallas sanitarias; Sergio Barraza, 5 millones de pesos; Federico Ucr\u00f3s, 2 millones de pesos; Tebsa Termobarranquilla, 20 millones de pesos; Yisel Peralta, 30 mil pesos y el matadero de Soledad, 3 millones de pesos.<\/p>\n<p>\u201cAgradecemos estas donaciones que nacen de corazones solidarios, y hago un llamado especial a las empresas con sede en Soledad para que se animen a donar. Ya cumplimos con una primera etapa de entrega de 60 mil mercados y queremos iniciar una segunda lo m\u00e1s pronto posible. Con ustedes somos m\u00e1s\u201d, dijo la primera gestora social.<\/p>\n","protected":false},"excerpt":{"rendered":"<p>El balance de las donaciones entregadas por la empresa privada y personas solidarias para ser distribuidas en la poblaci\u00f3n vulnerable y de esa manera ayudar a los solede\u00f1os en su lucha contra la contingencia ocasionada por el avance de la Covid-19<\/p>\n","protected":false},"author":1,"featured_media":515,"comment_status":"open","ping_status":"open","sticky":false,"template":"","format":"standard","meta":{"footnotes":""},"categories":[73,23],"tags":[114,86,74,80,51,82],"class_list":["post-514","post","type-post","status-publish","format-standard","has-post-thumbnail","hentry","category-coronavirus","category-locales","tag-ayudas-alimentos","tag-coronavirus","tag-covid19","tag-darley-santos","tag-municipio-de-soledad","tag-primera-gestora-de-soledad"],"yoast_head":"<!-- This site is optimized with the Yoast SEO plugin v27.7 - https:\/\/yoast.com\/product\/yoast-seo-wordpress\/ -->\n<title>\u201cCon las donaciones, hemos podido sobrellevar estos d\u00edas dif\u00edciles\u201d: primera gestora - Constrastes<\/title>\n<meta name=\"robots\" content=\"index, follow, max-snippet:-1, max-image-preview:large, max-video-preview:-1\" \/>\n<link rel=\"canonical\" href=\"https:\/\/contrastes.com.co\/web\/2020\/04\/15\/con-las-donaciones-hemos-podido-sobrellevar-estos-dias-dificiles-por-el-covid-19-primera-gestora\/\" \/>\n<meta property=\"og:locale\" content=\"es_ES\" \/>\n<meta property=\"og:type\" content=\"article\" \/>\n<meta property=\"og:title\" content=\"\u201cCon las donaciones, hemos podido sobrellevar estos d\u00edas dif\u00edciles\u201d: primera gestora - Constrastes\" \/>\n<meta property=\"og:description\" content=\"El balance de las donaciones entregadas por la empresa privada y personas solidarias para ser distribuidas en la poblaci\u00f3n vulnerable y de esa manera ayudar a los solede\u00f1os en su lucha contra la contingencia ocasionada por el avance de la Covid-19\" \/>\n<meta property=\"og:url\" content=\"https:\/\/contrastes.com.co\/web\/2020\/04\/15\/con-las-donaciones-hemos-podido-sobrellevar-estos-dias-dificiles-por-el-covid-19-primera-gestora\/\" \/>\n<meta property=\"og:site_name\" content=\"Constrastes\" \/>\n<meta property=\"article:publisher\" content=\"https:\/\/www.facebook.com\/guillo.pantoja.1\" \/>\n<meta property=\"article:published_time\" content=\"2020-04-15T16:38:10+00:00\" \/>\n<meta name=\"author\" content=\"Editor\" \/>\n<meta name=\"twitter:card\" content=\"summary_large_image\" \/>\n<meta name=\"twitter:label1\" content=\"Escrito por\" \/>\n\t<meta name=\"twitter:data1\" content=\"Editor\" \/>\n\t<meta name=\"twitter:label2\" content=\"Tiempo de lectura\" \/>\n\t<meta name=\"twitter:data2\" content=\"2 minutos\" \/>\n<script type=\"application\/ld+json\" class=\"yoast-schema-graph\">{\"@context\":\"https:\\\/\\\/schema.org\",\"@graph\":[{\"@type\":\"Article\",\"@id\":\"https:\\\/\\\/contrastes.com.co\\\/web\\\/2020\\\/04\\\/15\\\/con-las-donaciones-hemos-podido-sobrellevar-estos-dias-dificiles-por-el-covid-19-primera-gestora\\\/#article\",\"isPartOf\":{\"@id\":\"https:\\\/\\\/contrastes.com.co\\\/web\\\/2020\\\/04\\\/15\\\/con-las-donaciones-hemos-podido-sobrellevar-estos-dias-dificiles-por-el-covid-19-primera-gestora\\\/\"},\"author\":{\"name\":\"Editor\",\"@id\":\"https:\\\/\\\/contrastes.com.co\\\/web\\\/#\\\/schema\\\/person\\\/62ef7a62dc4da6de450c71fc2e95ed02\"},\"headline\":\"\u201cCon las donaciones, hemos podido sobrellevar estos d\u00edas dif\u00edciles\u201d: primera gestora\",\"datePublished\":\"2020-04-15T16:38:10+00:00\",\"mainEntityOfPage\":{\"@id\":\"https:\\\/\\\/contrastes.com.co\\\/web\\\/2020\\\/04\\\/15\\\/con-las-donaciones-hemos-podido-sobrellevar-estos-dias-dificiles-por-el-covid-19-primera-gestora\\\/\"},\"wordCount\":434,\"commentCount\":0,\"publisher\":{\"@id\":\"https:\\\/\\\/contrastes.com.co\\\/web\\\/#organization\"},\"image\":{\"@id\":\"https:\\\/\\\/contrastes.com.co\\\/web\\\/2020\\\/04\\\/15\\\/con-las-donaciones-hemos-podido-sobrellevar-estos-dias-dificiles-por-el-covid-19-primera-gestora\\\/#primaryimage\"},\"thumbnailUrl\":\"\",\"keywords\":[\"ayudas alimentos\",\"coronavirus\",\"Covid19\",\"Darley Santos\",\"municipio de soledad\",\"primera gestora de Soledad\"],\"articleSection\":[\"Coronavirus\",\"Locales\"],\"inLanguage\":\"es\",\"potentialAction\":[{\"@type\":\"CommentAction\",\"name\":\"Comment\",\"target\":[\"https:\\\/\\\/contrastes.com.co\\\/web\\\/2020\\\/04\\\/15\\\/con-las-donaciones-hemos-podido-sobrellevar-estos-dias-dificiles-por-el-covid-19-primera-gestora\\\/#respond\"]}]},{\"@type\":\"WebPage\",\"@id\":\"https:\\\/\\\/contrastes.com.co\\\/web\\\/2020\\\/04\\\/15\\\/con-las-donaciones-hemos-podido-sobrellevar-estos-dias-dificiles-por-el-covid-19-primera-gestora\\\/\",\"url\":\"https:\\\/\\\/contrastes.com.co\\\/web\\\/2020\\\/04\\\/15\\\/con-las-donaciones-hemos-podido-sobrellevar-estos-dias-dificiles-por-el-covid-19-primera-gestora\\\/\",\"name\":\"\u201cCon las donaciones, hemos podido sobrellevar estos d\u00edas dif\u00edciles\u201d: primera gestora - Constrastes\",\"isPartOf\":{\"@id\":\"https:\\\/\\\/contrastes.com.co\\\/web\\\/#website\"},\"primaryImageOfPage\":{\"@id\":\"https:\\\/\\\/contrastes.com.co\\\/web\\\/2020\\\/04\\\/15\\\/con-las-donaciones-hemos-podido-sobrellevar-estos-dias-dificiles-por-el-covid-19-primera-gestora\\\/#primaryimage\"},\"image\":{\"@id\":\"https:\\\/\\\/contrastes.com.co\\\/web\\\/2020\\\/04\\\/15\\\/con-las-donaciones-hemos-podido-sobrellevar-estos-dias-dificiles-por-el-covid-19-primera-gestora\\\/#primaryimage\"},\"thumbnailUrl\":\"\",\"datePublished\":\"2020-04-15T16:38:10+00:00\",\"breadcrumb\":{\"@id\":\"https:\\\/\\\/contrastes.com.co\\\/web\\\/2020\\\/04\\\/15\\\/con-las-donaciones-hemos-podido-sobrellevar-estos-dias-dificiles-por-el-covid-19-primera-gestora\\\/#breadcrumb\"},\"inLanguage\":\"es\",\"potentialAction\":[{\"@type\":\"ReadAction\",\"target\":[\"https:\\\/\\\/contrastes.com.co\\\/web\\\/2020\\\/04\\\/15\\\/con-las-donaciones-hemos-podido-sobrellevar-estos-dias-dificiles-por-el-covid-19-primera-gestora\\\/\"]}]},{\"@type\":\"ImageObject\",\"inLanguage\":\"es\",\"@id\":\"https:\\\/\\\/contrastes.com.co\\\/web\\\/2020\\\/04\\\/15\\\/con-las-donaciones-hemos-podido-sobrellevar-estos-dias-dificiles-por-el-covid-19-primera-gestora\\\/#primaryimage\",\"url\":\"\",\"contentUrl\":\"\"},{\"@type\":\"BreadcrumbList\",\"@id\":\"https:\\\/\\\/contrastes.com.co\\\/web\\\/2020\\\/04\\\/15\\\/con-las-donaciones-hemos-podido-sobrellevar-estos-dias-dificiles-por-el-covid-19-primera-gestora\\\/#breadcrumb\",\"itemListElement\":[{\"@type\":\"ListItem\",\"position\":1,\"name\":\"Portada\",\"item\":\"https:\\\/\\\/contrastes.com.co\\\/web\\\/\"},{\"@type\":\"ListItem\",\"position\":2,\"name\":\"\u201cCon las donaciones, hemos podido sobrellevar estos d\u00edas dif\u00edciles\u201d: primera gestora\"}]},{\"@type\":\"WebSite\",\"@id\":\"https:\\\/\\\/contrastes.com.co\\\/web\\\/#website\",\"url\":\"https:\\\/\\\/contrastes.com.co\\\/web\\\/\",\"name\":\"Contrastes\",\"description\":\"Periodismo de Conciencia\",\"publisher\":{\"@id\":\"https:\\\/\\\/contrastes.com.co\\\/web\\\/#organization\"},\"potentialAction\":[{\"@type\":\"SearchAction\",\"target\":{\"@type\":\"EntryPoint\",\"urlTemplate\":\"https:\\\/\\\/contrastes.com.co\\\/web\\\/?s={search_term_string}\"},\"query-input\":{\"@type\":\"PropertyValueSpecification\",\"valueRequired\":true,\"valueName\":\"search_term_string\"}}],\"inLanguage\":\"es\"},{\"@type\":\"Organization\",\"@id\":\"https:\\\/\\\/contrastes.com.co\\\/web\\\/#organization\",\"name\":\"Contrastes\",\"url\":\"https:\\\/\\\/contrastes.com.co\\\/web\\\/\",\"logo\":{\"@type\":\"ImageObject\",\"inLanguage\":\"es\",\"@id\":\"https:\\\/\\\/contrastes.com.co\\\/web\\\/#\\\/schema\\\/logo\\\/image\\\/\",\"url\":\"https:\\\/\\\/contrastes.com.co\\\/web\\\/wp-content\\\/uploads\\\/2025\\\/04\\\/15CONTRASTES3.png\",\"contentUrl\":\"https:\\\/\\\/contrastes.com.co\\\/web\\\/wp-content\\\/uploads\\\/2025\\\/04\\\/15CONTRASTES3.png\",\"width\":1536,\"height\":231,\"caption\":\"Contrastes\"},\"image\":{\"@id\":\"https:\\\/\\\/contrastes.com.co\\\/web\\\/#\\\/schema\\\/logo\\\/image\\\/\"},\"sameAs\":[\"https:\\\/\\\/www.facebook.com\\\/guillo.pantoja.1\"]},{\"@type\":\"Person\",\"@id\":\"https:\\\/\\\/contrastes.com.co\\\/web\\\/#\\\/schema\\\/person\\\/62ef7a62dc4da6de450c71fc2e95ed02\",\"name\":\"Editor\",\"image\":{\"@type\":\"ImageObject\",\"inLanguage\":\"es\",\"@id\":\"https:\\\/\\\/secure.gravatar.com\\\/avatar\\\/7bbb4f718d74bbf600dc556253bb04fd7ac8593751d6e2e3b85432d98aefae80?s=96&d=mm&r=g\",\"url\":\"https:\\\/\\\/secure.gravatar.com\\\/avatar\\\/7bbb4f718d74bbf600dc556253bb04fd7ac8593751d6e2e3b85432d98aefae80?s=96&d=mm&r=g\",\"contentUrl\":\"https:\\\/\\\/secure.gravatar.com\\\/avatar\\\/7bbb4f718d74bbf600dc556253bb04fd7ac8593751d6e2e3b85432d98aefae80?s=96&d=mm&r=g\",\"caption\":\"Editor\"},\"sameAs\":[\"https:\\\/\\\/contrastes.com.co\\\/web\"],\"url\":\"https:\\\/\\\/contrastes.com.co\\\/web\\\/author\\\/jdbobadilla\\\/\"}]}<\/script>\n<!-- \/ Yoast SEO plugin. -->","yoast_head_json":{"title":"\u201cCon las donaciones, hemos podido sobrellevar estos d\u00edas dif\u00edciles\u201d: primera gestora - Constrastes","robots":{"index":"index","follow":"follow","max-snippet":"max-snippet:-1","max-image-preview":"max-image-preview:large","max-video-preview":"max-video-preview:-1"},"canonical":"https:\/\/contrastes.com.co\/web\/2020\/04\/15\/con-las-donaciones-hemos-podido-sobrellevar-estos-dias-dificiles-por-el-covid-19-primera-gestora\/","og_locale":"es_ES","og_type":"article","og_title":"\u201cCon las donaciones, hemos podido sobrellevar estos d\u00edas dif\u00edciles\u201d: primera gestora - Constrastes","og_description":"El balance de las donaciones entregadas por la empresa privada y personas solidarias para ser distribuidas en la poblaci\u00f3n vulnerable y de esa manera ayudar a los solede\u00f1os en su lucha contra la contingencia ocasionada por el avance de la Covid-19","og_url":"https:\/\/contrastes.com.co\/web\/2020\/04\/15\/con-las-donaciones-hemos-podido-sobrellevar-estos-dias-dificiles-por-el-covid-19-primera-gestora\/","og_site_name":"Constrastes","article_publisher":"https:\/\/www.facebook.com\/guillo.pantoja.1","article_published_time":"2020-04-15T16:38:10+00:00","author":"Editor","twitter_card":"summary_large_image","twitter_misc":{"Escrito por":"Editor","Tiempo de lectura":"2 minutos"},"schema":{"@context":"https:\/\/schema.org","@graph":[{"@type":"Article","@id":"https:\/\/contrastes.com.co\/web\/2020\/04\/15\/con-las-donaciones-hemos-podido-sobrellevar-estos-dias-dificiles-por-el-covid-19-primera-gestora\/#article","isPartOf":{"@id":"https:\/\/contrastes.com.co\/web\/2020\/04\/15\/con-las-donaciones-hemos-podido-sobrellevar-estos-dias-dificiles-por-el-covid-19-primera-gestora\/"},"author":{"name":"Editor","@id":"https:\/\/contrastes.com.co\/web\/#\/schema\/person\/62ef7a62dc4da6de450c71fc2e95ed02"},"headline":"\u201cCon las donaciones, hemos podido sobrellevar estos d\u00edas dif\u00edciles\u201d: primera gestora","datePublished":"2020-04-15T16:38:10+00:00","mainEntityOfPage":{"@id":"https:\/\/contrastes.com.co\/web\/2020\/04\/15\/con-las-donaciones-hemos-podido-sobrellevar-estos-dias-dificiles-por-el-covid-19-primera-gestora\/"},"wordCount":434,"commentCount":0,"publisher":{"@id":"https:\/\/contrastes.com.co\/web\/#organization"},"image":{"@id":"https:\/\/contrastes.com.co\/web\/2020\/04\/15\/con-las-donaciones-hemos-podido-sobrellevar-estos-dias-dificiles-por-el-covid-19-primera-gestora\/#primaryimage"},"thumbnailUrl":"","keywords":["ayudas alimentos","coronavirus","Covid19","Darley Santos","municipio de soledad","primera gestora de Soledad"],"articleSection":["Coronavirus","Locales"],"inLanguage":"es","potentialAction":[{"@type":"CommentAction","name":"Comment","target":["https:\/\/contrastes.com.co\/web\/2020\/04\/15\/con-las-donaciones-hemos-podido-sobrellevar-estos-dias-dificiles-por-el-covid-19-primera-gestora\/#respond"]}]},{"@type":"WebPage","@id":"https:\/\/contrastes.com.co\/web\/2020\/04\/15\/con-las-donaciones-hemos-podido-sobrellevar-estos-dias-dificiles-por-el-covid-19-primera-gestora\/","url":"https:\/\/contrastes.com.co\/web\/2020\/04\/15\/con-las-donaciones-hemos-podido-sobrellevar-estos-dias-dificiles-por-el-covid-19-primera-gestora\/","name":"\u201cCon las donaciones, hemos podido sobrellevar estos d\u00edas dif\u00edciles\u201d: primera gestora - Constrastes","isPartOf":{"@id":"https:\/\/contrastes.com.co\/web\/#website"},"primaryImageOfPage":{"@id":"https:\/\/contrastes.com.co\/web\/2020\/04\/15\/con-las-donaciones-hemos-podido-sobrellevar-estos-dias-dificiles-por-el-covid-19-primera-gestora\/#primaryimage"},"image":{"@id":"https:\/\/contrastes.com.co\/web\/2020\/04\/15\/con-las-donaciones-hemos-podido-sobrellevar-estos-dias-dificiles-por-el-covid-19-primera-gestora\/#primaryimage"},"thumbnailUrl":"","datePublished":"2020-04-15T16:38:10+00:00","breadcrumb":{"@id":"https:\/\/contrastes.com.co\/web\/2020\/04\/15\/con-las-donaciones-hemos-podido-sobrellevar-estos-dias-dificiles-por-el-covid-19-primera-gestora\/#breadcrumb"},"inLanguage":"es","potentialAction":[{"@type":"ReadAction","target":["https:\/\/contrastes.com.co\/web\/2020\/04\/15\/con-las-donaciones-hemos-podido-sobrellevar-estos-dias-dificiles-por-el-covid-19-primera-gestora\/"]}]},{"@type":"ImageObject","inLanguage":"es","@id":"https:\/\/contrastes.com.co\/web\/2020\/04\/15\/con-las-donaciones-hemos-podido-sobrellevar-estos-dias-dificiles-por-el-covid-19-primera-gestora\/#primaryimage","url":"","contentUrl":""},{"@type":"BreadcrumbList","@id":"https:\/\/contrastes.com.co\/web\/2020\/04\/15\/con-las-donaciones-hemos-podido-sobrellevar-estos-dias-dificiles-por-el-covid-19-primera-gestora\/#breadcrumb","itemListElement":[{"@type":"ListItem","position":1,"name":"Portada","item":"https:\/\/contrastes.com.co\/web\/"},{"@type":"ListItem","position":2,"name":"\u201cCon las donaciones, hemos podido sobrellevar estos d\u00edas dif\u00edciles\u201d: primera gestora"}]},{"@type":"WebSite","@id":"https:\/\/contrastes.com.co\/web\/#website","url":"https:\/\/contrastes.com.co\/web\/","name":"Contrastes","description":"Periodismo de Conciencia","publisher":{"@id":"https:\/\/contrastes.com.co\/web\/#organization"},"potentialAction":[{"@type":"SearchAction","target":{"@type":"EntryPoint","urlTemplate":"https:\/\/contrastes.com.co\/web\/?s={search_term_string}"},"query-input":{"@type":"PropertyValueSpecification","valueRequired":true,"valueName":"search_term_string"}}],"inLanguage":"es"},{"@type":"Organization","@id":"https:\/\/contrastes.com.co\/web\/#organization","name":"Contrastes","url":"https:\/\/contrastes.com.co\/web\/","logo":{"@type":"ImageObject","inLanguage":"es","@id":"https:\/\/contrastes.com.co\/web\/#\/schema\/logo\/image\/","url":"https:\/\/contrastes.com.co\/web\/wp-content\/uploads\/2025\/04\/15CONTRASTES3.png","contentUrl":"https:\/\/contrastes.com.co\/web\/wp-content\/uploads\/2025\/04\/15CONTRASTES3.png","width":1536,"height":231,"caption":"Contrastes"},"image":{"@id":"https:\/\/contrastes.com.co\/web\/#\/schema\/logo\/image\/"},"sameAs":["https:\/\/www.facebook.com\/guillo.pantoja.1"]},{"@type":"Person","@id":"https:\/\/contrastes.com.co\/web\/#\/schema\/person\/62ef7a62dc4da6de450c71fc2e95ed02","name":"Editor","image":{"@type":"ImageObject","inLanguage":"es","@id":"https:\/\/secure.gravatar.com\/avatar\/7bbb4f718d74bbf600dc556253bb04fd7ac8593751d6e2e3b85432d98aefae80?s=96&d=mm&r=g","url":"https:\/\/secure.gravatar.com\/avatar\/7bbb4f718d74bbf600dc556253bb04fd7ac8593751d6e2e3b85432d98aefae80?s=96&d=mm&r=g","contentUrl":"https:\/\/secure.gravatar.com\/avatar\/7bbb4f718d74bbf600dc556253bb04fd7ac8593751d6e2e3b85432d98aefae80?s=96&d=mm&r=g","caption":"Editor"},"sameAs":["https:\/\/contrastes.com.co\/web"],"url":"https:\/\/contrastes.com.co\/web\/author\/jdbobadilla\/"}]}},"blog_post_layout_featured_media_urls":{"thumbnail":"","full":""},"categories_names":{"73":{"name":"Coronavirus","link":"https:\/\/contrastes.com.co\/web\/category\/coronavirus\/"},"23":{"name":"Locales","link":"https:\/\/contrastes.com.co\/web\/category\/locales\/"}},"tags_names":{"114":{"name":"ayudas alimentos","link":"https:\/\/contrastes.com.co\/web\/tag\/ayudas-alimentos\/"},"86":{"name":"coronavirus","link":"https:\/\/contrastes.com.co\/web\/tag\/coronavirus\/"},"74":{"name":"Covid19","link":"https:\/\/contrastes.com.co\/web\/tag\/covid19\/"},"80":{"name":"Darley Santos","link":"https:\/\/contrastes.com.co\/web\/tag\/darley-santos\/"},"51":{"name":"municipio de soledad","link":"https:\/\/contrastes.com.co\/web\/tag\/municipio-de-soledad\/"},"82":{"name":"primera gestora de Soledad","link":"https:\/\/contrastes.com.co\/web\/tag\/primera-gestora-de-soledad\/"}},"comments_number":"0","wpmagazine_modules_lite_featured_media_urls":{"thumbnail":"","cvmm-medium":"","cvmm-medium-plus":"","cvmm-portrait":"","cvmm-medium-square":"","cvmm-large":"","cvmm-small":"","full":""},"_links":{"self":[{"href":"https:\/\/contrastes.com.co\/web\/wp-json\/wp\/v2\/posts\/514","targetHints":{"allow":["GET"]}}],"collection":[{"href":"https:\/\/contrastes.com.co\/web\/wp-json\/wp\/v2\/posts"}],"about":[{"href":"https:\/\/contrastes.com.co\/web\/wp-json\/wp\/v2\/types\/post"}],"author":[{"embeddable":true,"href":"https:\/\/contrastes.com.co\/web\/wp-json\/wp\/v2\/users\/1"}],"replies":[{"embeddable":true,"href":"https:\/\/contrastes.com.co\/web\/wp-json\/wp\/v2\/comments?post=514"}],"version-history":[{"count":0,"href":"https:\/\/contrastes.com.co\/web\/wp-json\/wp\/v2\/posts\/514\/revisions"}],"wp:attachment":[{"href":"https:\/\/contrastes.com.co\/web\/wp-json\/wp\/v2\/media?parent=514"}],"wp:term":[{"taxonomy":"category","embeddable":true,"href":"https:\/\/contrastes.com.co\/web\/wp-json\/wp\/v2\/categories?post=514"},{"taxonomy":"post_tag","embeddable":true,"href":"https:\/\/contrastes.com.co\/web\/wp-json\/wp\/v2\/tags?post=514"}],"curies":[{"name":"wp","href":"https:\/\/api.w.org\/{rel}","templated":true}]}}