{"id":5158,"date":"2021-04-05T18:41:38","date_gmt":"2021-04-05T23:41:38","guid":{"rendered":"https:\/\/contrastes.com.co\/digital\/?p=5158"},"modified":"2021-04-05T18:41:38","modified_gmt":"2021-04-05T23:41:38","slug":"hasta-el-19-de-abril-medidas-restrictivas-en-el-atlantico-contra-el-covid-19","status":"publish","type":"post","link":"https:\/\/contrastes.com.co\/web\/2021\/04\/05\/hasta-el-19-de-abril-medidas-restrictivas-en-el-atlantico-contra-el-covid-19\/","title":{"rendered":"Hasta el 19 de abril, medidas restrictivas en el Atl\u00e1ntico contra el Covid-19"},"content":{"rendered":"<p style=\"text-align: center;\"><strong><em>La gobernadora Elsa Noguera y los alcaldes municipales acordaron ampliar las medidas desde este lunes 5 de abril. Se mantienen el toque de queda, ley seca, pico y c\u00e9dula y cierre de playas. Se suspenden los pilotos de alternancia en colegios, bares y billares, entre otras medidas.<\/em><\/strong><!--more--><\/p>\n<p><strong>Barranquilla.-<\/strong> Ante el incremento de casos de Covid-19 en el Atl\u00e1ntico, en reuni\u00f3n liderada por la gobernadora, <strong>Elsa Noguera<\/strong>, y en consenso con los 22 alcaldes municipales, se extendieron las medidas restrictivas en el departamento hasta el pr\u00f3ximo 19 de abril.<\/p>\n<p>\u00abDebido al acelerado aumento en la velocidad de contagio del Covid-19 en los municipios del Atl\u00e1ntico, sumado a la creciente ocupaci\u00f3n de camas UCI en la red hospitalaria del departamento, determinamos extender y mantener hasta el pr\u00f3ximo 19 de abril las medidas para salvaguardar la vida de nuestra gente\u00bb, sostuvo la mandataria departamental.<\/p>\n<p>La gobernadora insisti\u00f3 en la necesidad de aplazar la vida social para detener el virus. Por ello, se determin\u00f3 mantener el cierre de las playas del departamento por dos semanas m\u00e1s y las medidas de pico y cedula, toque de queda, ley seca, as\u00ed como la<strong> suspensi\u00f3n de los planes pilotos en modelos de alternancia en instituciones educativas y en establecimientos comerciales como bares, billares y discotecas.<\/strong><\/p>\n<p>\u00abEl departamento sigue en alerta roja, por eso el insistente llamado a la ciudadan\u00eda para que aplique las medidas de bioseguridad. Tenemos que doblar los esfuerzos y obsesionarnos con la vacunaci\u00f3n, que es lo que va a salvar a nuestros adultos mayores\u00bb, agreg\u00f3 la mandataria.<\/p>\n<h5><strong>Toque de queda y ley seca<\/strong><\/h5>\n<p>El horario de toque de queda y ley seca que entra a regir a partir de esta noche, en los 22 municipios del Atl\u00e1ntico, es el siguiente:<\/p>\n<p>Desde el <strong>lunes 5 de abril hasta el viernes 9 de abril<\/strong> &#8211; 6:00 p.m. a 5:00 a.m.<\/p>\n<p><strong>S\u00e1bado 10 de abril y domingo 11 de abril<\/strong> &#8211; 2:00 p.m. a 5:00 a.m.<\/p>\n<p>La semana <strong>del 12 al 19 de abril<\/strong> se repiten los mismos horarios para toque de queda y ley seca.<\/p>\n<h5><strong>Pico y c\u00e9dula<\/strong><\/h5>\n<p>Esta medida que estaba rigiendo para el acceso a lugares privados abiertos al p\u00fablico, bancos, notar\u00edas, establecimientos y locales comerciales, se extendi\u00f3 tambi\u00e9n al transporte p\u00fablico de pasajeros. Solo se exceptuar\u00e1n de las medidas hoteles, restaurantes y parques.<\/p>\n<p>Podr\u00e1n ingresar a los establecimientos seg\u00fan la siguiente relaci\u00f3n:<\/p>\n<p>Lunes 5 de abril &#8211; 0-2-4-6-8<\/p>\n<p>Martes 6 de abril &#8211; 1-3-5-7-9<\/p>\n<p>Mi\u00e9rcoles 7 de abril &#8211; 0-2-4-6-8<\/p>\n<p>Jueves 8 de abril &#8211; 1-3-5-7-9<\/p>\n<p>Viernes 9 de abril &#8211; 0-2-4-6-8<\/p>\n<p>S\u00e1bado 10 de abril &#8211; 1-3-5-7-9<\/p>\n<p>Domingo 11 de abril &#8211; 0-2-4-6-8<\/p>\n<p>Lunes 12 de abril &#8211; 1-3-5-7-9<\/p>\n<p>Martes 13 de abril &#8211; 0-2-4-6-8<\/p>\n<p>Mi\u00e9rcoles 14 de abril &#8211; 1-3-5-7-9<\/p>\n<p>Jueves 15 de abril &#8211; 0-2-4-6-8<\/p>\n<p>Viernes 16 de abril &#8211; 1-3-5-7-9<\/p>\n<p>S\u00e1bado 17 de abril &#8211; 0-2-4-6-8<\/p>\n<p>Domingo 18 de abril &#8211; 1-3-5-7-9<\/p>\n<p>Lunes 19 de abril &#8211; 0-2-4-6-8<\/p>\n<p>Durante la reuni\u00f3n, la secretaria de Salud departamental, <strong>Alma Solano<\/strong>, present\u00f3 un balance de la situaci\u00f3n actual del Covid-19 en el Atl\u00e1ntico y expres\u00f3 su preocupaci\u00f3n frente al aumento de casos de contagios en los municipios, durante el \u00faltimo mes.<\/p>\n<p>\u00abDe acuerdo con el \u00faltimo informe del Instituto Nacional de Salud, Atl\u00e1ntico report\u00f3 792 nuevos casos de Covid-19 y 12 fallecidos por esta enfermedad. <strong>En la actualidad, el departamento tiene 3.119 casos activos y acumula 2.074 muertes<\/strong> a causa del Coronavirus. De la cifra de positivos, 2.901 est\u00e1n en casa, 157 hospitalizados, 61 en UCI y 55.713 recuperados, que equivale al 91.11 por ciento del total de casos confirmados en el Atl\u00e1ntico\u00bb, afirm\u00f3 la funcionaria.<\/p>\n<p><em>Prensa Gobernaci\u00f3n del Atl\u00e1ntico \/\u00a0 <\/em><em>Foto de jcomp en Freepik <\/em><\/p>\n","protected":false},"excerpt":{"rendered":"<p>La gobernadora Elsa Noguera y los alcaldes municipales acordaron ampliar las medidas desde este lunes 5 de abril. Se mantienen el toque de queda, ley seca, pico y c\u00e9dula y cierre de playas. Se suspenden los pilotos de alternancia en colegios, bares y billares, entre otras medidas.<\/p>\n","protected":false},"author":2,"featured_media":5161,"comment_status":"open","ping_status":"open","sticky":false,"template":"","format":"standard","meta":{"footnotes":""},"categories":[73,207,23,25],"tags":[3066,1002,2100,503,77,15,3065,285,3067],"class_list":["post-5158","post","type-post","status-publish","format-standard","has-post-thumbnail","hentry","category-coronavirus","category-educacion","category-locales","category-salud","tag-alcaldes-municipales","tag-alma-solano","tag-alternancia-educativa","tag-covid-19","tag-elsa-noguera","tag-gobernacion-del-atlantico","tag-medidas-restrictivas","tag-pico-y-cedula","tag-toque-de-queda-y-ley-seca"],"yoast_head":"<!-- This site is optimized with the Yoast SEO plugin v27.7 - https:\/\/yoast.com\/product\/yoast-seo-wordpress\/ -->\n<title>Hasta el 19 de abril, medidas restrictivas en el Atl\u00e1ntico contra el Covid-19 - Constrastes<\/title>\n<meta name=\"robots\" content=\"index, follow, max-snippet:-1, max-image-preview:large, max-video-preview:-1\" \/>\n<link rel=\"canonical\" href=\"https:\/\/contrastes.com.co\/web\/2021\/04\/05\/hasta-el-19-de-abril-medidas-restrictivas-en-el-atlantico-contra-el-covid-19\/\" \/>\n<meta property=\"og:locale\" content=\"es_ES\" \/>\n<meta property=\"og:type\" content=\"article\" \/>\n<meta property=\"og:title\" content=\"Hasta el 19 de abril, medidas restrictivas en el Atl\u00e1ntico contra el Covid-19 - Constrastes\" \/>\n<meta property=\"og:description\" content=\"La gobernadora Elsa Noguera y los alcaldes municipales acordaron ampliar las medidas desde este lunes 5 de abril. Se mantienen el toque de queda, ley seca, pico y c\u00e9dula y cierre de playas. Se suspenden los pilotos de alternancia en colegios, bares y billares, entre otras medidas.\" \/>\n<meta property=\"og:url\" content=\"https:\/\/contrastes.com.co\/web\/2021\/04\/05\/hasta-el-19-de-abril-medidas-restrictivas-en-el-atlantico-contra-el-covid-19\/\" \/>\n<meta property=\"og:site_name\" content=\"Constrastes\" \/>\n<meta property=\"article:publisher\" content=\"https:\/\/www.facebook.com\/guillo.pantoja.1\" \/>\n<meta property=\"article:published_time\" content=\"2021-04-05T23:41:38+00:00\" \/>\n<meta name=\"author\" content=\"Nayor Barrios\" \/>\n<meta name=\"twitter:card\" content=\"summary_large_image\" \/>\n<meta name=\"twitter:label1\" content=\"Escrito por\" \/>\n\t<meta name=\"twitter:data1\" content=\"Nayor Barrios\" \/>\n\t<meta name=\"twitter:label2\" content=\"Tiempo de lectura\" \/>\n\t<meta name=\"twitter:data2\" content=\"3 minutos\" \/>\n<script type=\"application\/ld+json\" class=\"yoast-schema-graph\">{\"@context\":\"https:\\\/\\\/schema.org\",\"@graph\":[{\"@type\":\"Article\",\"@id\":\"https:\\\/\\\/contrastes.com.co\\\/web\\\/2021\\\/04\\\/05\\\/hasta-el-19-de-abril-medidas-restrictivas-en-el-atlantico-contra-el-covid-19\\\/#article\",\"isPartOf\":{\"@id\":\"https:\\\/\\\/contrastes.com.co\\\/web\\\/2021\\\/04\\\/05\\\/hasta-el-19-de-abril-medidas-restrictivas-en-el-atlantico-contra-el-covid-19\\\/\"},\"author\":{\"name\":\"Nayor Barrios\",\"@id\":\"https:\\\/\\\/contrastes.com.co\\\/web\\\/#\\\/schema\\\/person\\\/fffda510cd69e2eb99b1900dd3826701\"},\"headline\":\"Hasta el 19 de abril, medidas restrictivas en el Atl\u00e1ntico contra el Covid-19\",\"datePublished\":\"2021-04-05T23:41:38+00:00\",\"mainEntityOfPage\":{\"@id\":\"https:\\\/\\\/contrastes.com.co\\\/web\\\/2021\\\/04\\\/05\\\/hasta-el-19-de-abril-medidas-restrictivas-en-el-atlantico-contra-el-covid-19\\\/\"},\"wordCount\":662,\"commentCount\":0,\"publisher\":{\"@id\":\"https:\\\/\\\/contrastes.com.co\\\/web\\\/#organization\"},\"image\":{\"@id\":\"https:\\\/\\\/contrastes.com.co\\\/web\\\/2021\\\/04\\\/05\\\/hasta-el-19-de-abril-medidas-restrictivas-en-el-atlantico-contra-el-covid-19\\\/#primaryimage\"},\"thumbnailUrl\":\"\",\"keywords\":[\"alcaldes municipales\",\"Alma Solano\",\"alternancia educativa\",\"Covid-19\",\"elsa noguera\",\"gobernaci\u00f3n del Atl\u00e1ntico\",\"medidas restrictivas\",\"pico y c\u00e9dula\",\"toque de queda y ley seca\"],\"articleSection\":[\"Coronavirus\",\"Educaci\u00f3n\",\"Locales\",\"Salud\"],\"inLanguage\":\"es\",\"potentialAction\":[{\"@type\":\"CommentAction\",\"name\":\"Comment\",\"target\":[\"https:\\\/\\\/contrastes.com.co\\\/web\\\/2021\\\/04\\\/05\\\/hasta-el-19-de-abril-medidas-restrictivas-en-el-atlantico-contra-el-covid-19\\\/#respond\"]}]},{\"@type\":\"WebPage\",\"@id\":\"https:\\\/\\\/contrastes.com.co\\\/web\\\/2021\\\/04\\\/05\\\/hasta-el-19-de-abril-medidas-restrictivas-en-el-atlantico-contra-el-covid-19\\\/\",\"url\":\"https:\\\/\\\/contrastes.com.co\\\/web\\\/2021\\\/04\\\/05\\\/hasta-el-19-de-abril-medidas-restrictivas-en-el-atlantico-contra-el-covid-19\\\/\",\"name\":\"Hasta el 19 de abril, medidas restrictivas en el Atl\u00e1ntico contra el Covid-19 - Constrastes\",\"isPartOf\":{\"@id\":\"https:\\\/\\\/contrastes.com.co\\\/web\\\/#website\"},\"primaryImageOfPage\":{\"@id\":\"https:\\\/\\\/contrastes.com.co\\\/web\\\/2021\\\/04\\\/05\\\/hasta-el-19-de-abril-medidas-restrictivas-en-el-atlantico-contra-el-covid-19\\\/#primaryimage\"},\"image\":{\"@id\":\"https:\\\/\\\/contrastes.com.co\\\/web\\\/2021\\\/04\\\/05\\\/hasta-el-19-de-abril-medidas-restrictivas-en-el-atlantico-contra-el-covid-19\\\/#primaryimage\"},\"thumbnailUrl\":\"\",\"datePublished\":\"2021-04-05T23:41:38+00:00\",\"breadcrumb\":{\"@id\":\"https:\\\/\\\/contrastes.com.co\\\/web\\\/2021\\\/04\\\/05\\\/hasta-el-19-de-abril-medidas-restrictivas-en-el-atlantico-contra-el-covid-19\\\/#breadcrumb\"},\"inLanguage\":\"es\",\"potentialAction\":[{\"@type\":\"ReadAction\",\"target\":[\"https:\\\/\\\/contrastes.com.co\\\/web\\\/2021\\\/04\\\/05\\\/hasta-el-19-de-abril-medidas-restrictivas-en-el-atlantico-contra-el-covid-19\\\/\"]}]},{\"@type\":\"ImageObject\",\"inLanguage\":\"es\",\"@id\":\"https:\\\/\\\/contrastes.com.co\\\/web\\\/2021\\\/04\\\/05\\\/hasta-el-19-de-abril-medidas-restrictivas-en-el-atlantico-contra-el-covid-19\\\/#primaryimage\",\"url\":\"\",\"contentUrl\":\"\"},{\"@type\":\"BreadcrumbList\",\"@id\":\"https:\\\/\\\/contrastes.com.co\\\/web\\\/2021\\\/04\\\/05\\\/hasta-el-19-de-abril-medidas-restrictivas-en-el-atlantico-contra-el-covid-19\\\/#breadcrumb\",\"itemListElement\":[{\"@type\":\"ListItem\",\"position\":1,\"name\":\"Portada\",\"item\":\"https:\\\/\\\/contrastes.com.co\\\/web\\\/\"},{\"@type\":\"ListItem\",\"position\":2,\"name\":\"Hasta el 19 de abril, medidas restrictivas en el Atl\u00e1ntico contra el Covid-19\"}]},{\"@type\":\"WebSite\",\"@id\":\"https:\\\/\\\/contrastes.com.co\\\/web\\\/#website\",\"url\":\"https:\\\/\\\/contrastes.com.co\\\/web\\\/\",\"name\":\"Contrastes\",\"description\":\"Periodismo de Conciencia\",\"publisher\":{\"@id\":\"https:\\\/\\\/contrastes.com.co\\\/web\\\/#organization\"},\"potentialAction\":[{\"@type\":\"SearchAction\",\"target\":{\"@type\":\"EntryPoint\",\"urlTemplate\":\"https:\\\/\\\/contrastes.com.co\\\/web\\\/?s={search_term_string}\"},\"query-input\":{\"@type\":\"PropertyValueSpecification\",\"valueRequired\":true,\"valueName\":\"search_term_string\"}}],\"inLanguage\":\"es\"},{\"@type\":\"Organization\",\"@id\":\"https:\\\/\\\/contrastes.com.co\\\/web\\\/#organization\",\"name\":\"Contrastes\",\"url\":\"https:\\\/\\\/contrastes.com.co\\\/web\\\/\",\"logo\":{\"@type\":\"ImageObject\",\"inLanguage\":\"es\",\"@id\":\"https:\\\/\\\/contrastes.com.co\\\/web\\\/#\\\/schema\\\/logo\\\/image\\\/\",\"url\":\"https:\\\/\\\/contrastes.com.co\\\/web\\\/wp-content\\\/uploads\\\/2025\\\/04\\\/15CONTRASTES3.png\",\"contentUrl\":\"https:\\\/\\\/contrastes.com.co\\\/web\\\/wp-content\\\/uploads\\\/2025\\\/04\\\/15CONTRASTES3.png\",\"width\":1536,\"height\":231,\"caption\":\"Contrastes\"},\"image\":{\"@id\":\"https:\\\/\\\/contrastes.com.co\\\/web\\\/#\\\/schema\\\/logo\\\/image\\\/\"},\"sameAs\":[\"https:\\\/\\\/www.facebook.com\\\/guillo.pantoja.1\"]},{\"@type\":\"Person\",\"@id\":\"https:\\\/\\\/contrastes.com.co\\\/web\\\/#\\\/schema\\\/person\\\/fffda510cd69e2eb99b1900dd3826701\",\"name\":\"Nayor Barrios\",\"image\":{\"@type\":\"ImageObject\",\"inLanguage\":\"es\",\"@id\":\"https:\\\/\\\/secure.gravatar.com\\\/avatar\\\/4cf842f7c9a38130ae4e66fa8cd6791f89f728340d48f1061ba1a5cbb0d1caf8?s=96&d=mm&r=g\",\"url\":\"https:\\\/\\\/secure.gravatar.com\\\/avatar\\\/4cf842f7c9a38130ae4e66fa8cd6791f89f728340d48f1061ba1a5cbb0d1caf8?s=96&d=mm&r=g\",\"contentUrl\":\"https:\\\/\\\/secure.gravatar.com\\\/avatar\\\/4cf842f7c9a38130ae4e66fa8cd6791f89f728340d48f1061ba1a5cbb0d1caf8?s=96&d=mm&r=g\",\"caption\":\"Nayor Barrios\"},\"url\":\"https:\\\/\\\/contrastes.com.co\\\/web\\\/author\\\/editora\\\/\"}]}<\/script>\n<!-- \/ Yoast SEO plugin. -->","yoast_head_json":{"title":"Hasta el 19 de abril, medidas restrictivas en el Atl\u00e1ntico contra el Covid-19 - Constrastes","robots":{"index":"index","follow":"follow","max-snippet":"max-snippet:-1","max-image-preview":"max-image-preview:large","max-video-preview":"max-video-preview:-1"},"canonical":"https:\/\/contrastes.com.co\/web\/2021\/04\/05\/hasta-el-19-de-abril-medidas-restrictivas-en-el-atlantico-contra-el-covid-19\/","og_locale":"es_ES","og_type":"article","og_title":"Hasta el 19 de abril, medidas restrictivas en el Atl\u00e1ntico contra el Covid-19 - Constrastes","og_description":"La gobernadora Elsa Noguera y los alcaldes municipales acordaron ampliar las medidas desde este lunes 5 de abril. Se mantienen el toque de queda, ley seca, pico y c\u00e9dula y cierre de playas. Se suspenden los pilotos de alternancia en colegios, bares y billares, entre otras medidas.","og_url":"https:\/\/contrastes.com.co\/web\/2021\/04\/05\/hasta-el-19-de-abril-medidas-restrictivas-en-el-atlantico-contra-el-covid-19\/","og_site_name":"Constrastes","article_publisher":"https:\/\/www.facebook.com\/guillo.pantoja.1","article_published_time":"2021-04-05T23:41:38+00:00","author":"Nayor Barrios","twitter_card":"summary_large_image","twitter_misc":{"Escrito por":"Nayor Barrios","Tiempo de lectura":"3 minutos"},"schema":{"@context":"https:\/\/schema.org","@graph":[{"@type":"Article","@id":"https:\/\/contrastes.com.co\/web\/2021\/04\/05\/hasta-el-19-de-abril-medidas-restrictivas-en-el-atlantico-contra-el-covid-19\/#article","isPartOf":{"@id":"https:\/\/contrastes.com.co\/web\/2021\/04\/05\/hasta-el-19-de-abril-medidas-restrictivas-en-el-atlantico-contra-el-covid-19\/"},"author":{"name":"Nayor Barrios","@id":"https:\/\/contrastes.com.co\/web\/#\/schema\/person\/fffda510cd69e2eb99b1900dd3826701"},"headline":"Hasta el 19 de abril, medidas restrictivas en el Atl\u00e1ntico contra el Covid-19","datePublished":"2021-04-05T23:41:38+00:00","mainEntityOfPage":{"@id":"https:\/\/contrastes.com.co\/web\/2021\/04\/05\/hasta-el-19-de-abril-medidas-restrictivas-en-el-atlantico-contra-el-covid-19\/"},"wordCount":662,"commentCount":0,"publisher":{"@id":"https:\/\/contrastes.com.co\/web\/#organization"},"image":{"@id":"https:\/\/contrastes.com.co\/web\/2021\/04\/05\/hasta-el-19-de-abril-medidas-restrictivas-en-el-atlantico-contra-el-covid-19\/#primaryimage"},"thumbnailUrl":"","keywords":["alcaldes municipales","Alma Solano","alternancia educativa","Covid-19","elsa noguera","gobernaci\u00f3n del Atl\u00e1ntico","medidas restrictivas","pico y c\u00e9dula","toque de queda y ley seca"],"articleSection":["Coronavirus","Educaci\u00f3n","Locales","Salud"],"inLanguage":"es","potentialAction":[{"@type":"CommentAction","name":"Comment","target":["https:\/\/contrastes.com.co\/web\/2021\/04\/05\/hasta-el-19-de-abril-medidas-restrictivas-en-el-atlantico-contra-el-covid-19\/#respond"]}]},{"@type":"WebPage","@id":"https:\/\/contrastes.com.co\/web\/2021\/04\/05\/hasta-el-19-de-abril-medidas-restrictivas-en-el-atlantico-contra-el-covid-19\/","url":"https:\/\/contrastes.com.co\/web\/2021\/04\/05\/hasta-el-19-de-abril-medidas-restrictivas-en-el-atlantico-contra-el-covid-19\/","name":"Hasta el 19 de abril, medidas restrictivas en el Atl\u00e1ntico contra el Covid-19 - Constrastes","isPartOf":{"@id":"https:\/\/contrastes.com.co\/web\/#website"},"primaryImageOfPage":{"@id":"https:\/\/contrastes.com.co\/web\/2021\/04\/05\/hasta-el-19-de-abril-medidas-restrictivas-en-el-atlantico-contra-el-covid-19\/#primaryimage"},"image":{"@id":"https:\/\/contrastes.com.co\/web\/2021\/04\/05\/hasta-el-19-de-abril-medidas-restrictivas-en-el-atlantico-contra-el-covid-19\/#primaryimage"},"thumbnailUrl":"","datePublished":"2021-04-05T23:41:38+00:00","breadcrumb":{"@id":"https:\/\/contrastes.com.co\/web\/2021\/04\/05\/hasta-el-19-de-abril-medidas-restrictivas-en-el-atlantico-contra-el-covid-19\/#breadcrumb"},"inLanguage":"es","potentialAction":[{"@type":"ReadAction","target":["https:\/\/contrastes.com.co\/web\/2021\/04\/05\/hasta-el-19-de-abril-medidas-restrictivas-en-el-atlantico-contra-el-covid-19\/"]}]},{"@type":"ImageObject","inLanguage":"es","@id":"https:\/\/contrastes.com.co\/web\/2021\/04\/05\/hasta-el-19-de-abril-medidas-restrictivas-en-el-atlantico-contra-el-covid-19\/#primaryimage","url":"","contentUrl":""},{"@type":"BreadcrumbList","@id":"https:\/\/contrastes.com.co\/web\/2021\/04\/05\/hasta-el-19-de-abril-medidas-restrictivas-en-el-atlantico-contra-el-covid-19\/#breadcrumb","itemListElement":[{"@type":"ListItem","position":1,"name":"Portada","item":"https:\/\/contrastes.com.co\/web\/"},{"@type":"ListItem","position":2,"name":"Hasta el 19 de abril, medidas restrictivas en el Atl\u00e1ntico contra el Covid-19"}]},{"@type":"WebSite","@id":"https:\/\/contrastes.com.co\/web\/#website","url":"https:\/\/contrastes.com.co\/web\/","name":"Contrastes","description":"Periodismo de Conciencia","publisher":{"@id":"https:\/\/contrastes.com.co\/web\/#organization"},"potentialAction":[{"@type":"SearchAction","target":{"@type":"EntryPoint","urlTemplate":"https:\/\/contrastes.com.co\/web\/?s={search_term_string}"},"query-input":{"@type":"PropertyValueSpecification","valueRequired":true,"valueName":"search_term_string"}}],"inLanguage":"es"},{"@type":"Organization","@id":"https:\/\/contrastes.com.co\/web\/#organization","name":"Contrastes","url":"https:\/\/contrastes.com.co\/web\/","logo":{"@type":"ImageObject","inLanguage":"es","@id":"https:\/\/contrastes.com.co\/web\/#\/schema\/logo\/image\/","url":"https:\/\/contrastes.com.co\/web\/wp-content\/uploads\/2025\/04\/15CONTRASTES3.png","contentUrl":"https:\/\/contrastes.com.co\/web\/wp-content\/uploads\/2025\/04\/15CONTRASTES3.png","width":1536,"height":231,"caption":"Contrastes"},"image":{"@id":"https:\/\/contrastes.com.co\/web\/#\/schema\/logo\/image\/"},"sameAs":["https:\/\/www.facebook.com\/guillo.pantoja.1"]},{"@type":"Person","@id":"https:\/\/contrastes.com.co\/web\/#\/schema\/person\/fffda510cd69e2eb99b1900dd3826701","name":"Nayor Barrios","image":{"@type":"ImageObject","inLanguage":"es","@id":"https:\/\/secure.gravatar.com\/avatar\/4cf842f7c9a38130ae4e66fa8cd6791f89f728340d48f1061ba1a5cbb0d1caf8?s=96&d=mm&r=g","url":"https:\/\/secure.gravatar.com\/avatar\/4cf842f7c9a38130ae4e66fa8cd6791f89f728340d48f1061ba1a5cbb0d1caf8?s=96&d=mm&r=g","contentUrl":"https:\/\/secure.gravatar.com\/avatar\/4cf842f7c9a38130ae4e66fa8cd6791f89f728340d48f1061ba1a5cbb0d1caf8?s=96&d=mm&r=g","caption":"Nayor Barrios"},"url":"https:\/\/contrastes.com.co\/web\/author\/editora\/"}]}},"blog_post_layout_featured_media_urls":{"thumbnail":"","full":""},"categories_names":{"73":{"name":"Coronavirus","link":"https:\/\/contrastes.com.co\/web\/category\/coronavirus\/"},"207":{"name":"Educaci\u00f3n","link":"https:\/\/contrastes.com.co\/web\/category\/educacion\/"},"23":{"name":"Locales","link":"https:\/\/contrastes.com.co\/web\/category\/locales\/"},"25":{"name":"Salud","link":"https:\/\/contrastes.com.co\/web\/category\/salud\/"}},"tags_names":{"3066":{"name":"alcaldes municipales","link":"https:\/\/contrastes.com.co\/web\/tag\/alcaldes-municipales\/"},"1002":{"name":"Alma Solano","link":"https:\/\/contrastes.com.co\/web\/tag\/alma-solano\/"},"2100":{"name":"alternancia educativa","link":"https:\/\/contrastes.com.co\/web\/tag\/alternancia-educativa\/"},"503":{"name":"Covid-19","link":"https:\/\/contrastes.com.co\/web\/tag\/covid-19\/"},"77":{"name":"elsa noguera","link":"https:\/\/contrastes.com.co\/web\/tag\/elsa-noguera\/"},"15":{"name":"gobernaci\u00f3n del Atl\u00e1ntico","link":"https:\/\/contrastes.com.co\/web\/tag\/gobernacion-del-atlantico\/"},"3065":{"name":"medidas restrictivas","link":"https:\/\/contrastes.com.co\/web\/tag\/medidas-restrictivas\/"},"285":{"name":"pico y c\u00e9dula","link":"https:\/\/contrastes.com.co\/web\/tag\/pico-y-cedula\/"},"3067":{"name":"toque de queda y ley seca","link":"https:\/\/contrastes.com.co\/web\/tag\/toque-de-queda-y-ley-seca\/"}},"comments_number":"0","wpmagazine_modules_lite_featured_media_urls":{"thumbnail":"","cvmm-medium":"","cvmm-medium-plus":"","cvmm-portrait":"","cvmm-medium-square":"","cvmm-large":"","cvmm-small":"","full":""},"_links":{"self":[{"href":"https:\/\/contrastes.com.co\/web\/wp-json\/wp\/v2\/posts\/5158","targetHints":{"allow":["GET"]}}],"collection":[{"href":"https:\/\/contrastes.com.co\/web\/wp-json\/wp\/v2\/posts"}],"about":[{"href":"https:\/\/contrastes.com.co\/web\/wp-json\/wp\/v2\/types\/post"}],"author":[{"embeddable":true,"href":"https:\/\/contrastes.com.co\/web\/wp-json\/wp\/v2\/users\/2"}],"replies":[{"embeddable":true,"href":"https:\/\/contrastes.com.co\/web\/wp-json\/wp\/v2\/comments?post=5158"}],"version-history":[{"count":0,"href":"https:\/\/contrastes.com.co\/web\/wp-json\/wp\/v2\/posts\/5158\/revisions"}],"wp:attachment":[{"href":"https:\/\/contrastes.com.co\/web\/wp-json\/wp\/v2\/media?parent=5158"}],"wp:term":[{"taxonomy":"category","embeddable":true,"href":"https:\/\/contrastes.com.co\/web\/wp-json\/wp\/v2\/categories?post=5158"},{"taxonomy":"post_tag","embeddable":true,"href":"https:\/\/contrastes.com.co\/web\/wp-json\/wp\/v2\/tags?post=5158"}],"curies":[{"name":"wp","href":"https:\/\/api.w.org\/{rel}","templated":true}]}}