{"id":5385,"date":"2021-05-02T22:06:20","date_gmt":"2021-05-03T03:06:20","guid":{"rendered":"https:\/\/contrastes.com.co\/digital\/?p=5385"},"modified":"2021-05-02T22:06:20","modified_gmt":"2021-05-03T03:06:20","slug":"la-importancia-del-auto-cuidado-el-mensaje-del-mes-de-la-ninez-2021","status":"publish","type":"post","link":"https:\/\/contrastes.com.co\/web\/2021\/05\/02\/la-importancia-del-auto-cuidado-el-mensaje-del-mes-de-la-ninez-2021\/","title":{"rendered":"\u00abLa importancia del auto cuidado\u00bb, el mensaje del Mes de la Ni\u00f1ez 2021"},"content":{"rendered":"<p><strong>Gobernaci\u00f3n del Atl\u00e1ntico clausur\u00f3 Mes de la Ni\u00f1ez reafirmando el mensaje de la importancia del auto cuidado<\/strong><\/p>\n<p><strong>\u2022 La Gobernaci\u00f3n del Atlantico entreg\u00f3 herramientas tecnolog\u00edas a ni\u00f1os del departamento. Los beneficiarios son integrantes de la Mesa Departamental de Ni\u00f1os, Ni\u00f1as y Adolescentes.<\/strong><\/p>\n<p><strong>\u2022 La gobernadora del Atl\u00e1ntico, Elsa Noguera, particip\u00f3 en la clausura virtual e invit\u00f3 a los integrantes a continuar liderando soluciones e iniciativas para sus comunidades.<\/strong><\/p>\n<p><strong>\u2022 Representantes afro, ind\u00edgenas, Rrom, discapacidad y migrantes tambi\u00e9n recibieron los equipos tecnol\u00f3gicos.<\/strong><\/p>\n<p><strong>Barranquilla.-<\/strong> Con la entrega de tablets a integrantes de la Mesa Departamental de Ni\u00f1os, Ni\u00f1as y Adolescentes, la Gobernaci\u00f3n del Atl\u00e1ntico clausur\u00f3 mes de la ni\u00f1ez en el departamento.<\/p>\n<p>La ceremonia virtual, organizada por la Gerencia de Capital Social, estuvo enmarcada por la alegr\u00eda de los protagonistas del evento.<\/p>\n<p>A trav\u00e9s de un video, la Gobernadora del Atl\u00e1ntico, Elsa Noguera, envi\u00f3 un mensaje de agradecimiento a los integrantes de esta Mesa por liderar con propuestas e iniciativas el homenaje en su honor.<\/p>\n<p>\u00abDesde la Gobernaci\u00f3n nos tomamos muy en serio las recomendaciones que nos dan ustedes y la hemos aplicado a nuestro plan de trabajo. Por eso, en el marco de D\u00eda de la Ni\u00f1ez y la Recreaci\u00f3n, trabajamos en diferentes espacios virtuales que fomentaron el juego para fortalecer los lazos familiares\u201d, dijo la mandataria.<\/p>\n<p>Asimismo, Noguera los exhort\u00f3 a continuar con el liderazgo que los caracteriza, con soluciones e iniciativas para sus comunidades, porque son ellos quienes pueden lograr todo lo que se propongan.<\/p>\n<p>\u00abEs la oportunidad para que ustedes nos ayuden en estos momentos dif\u00edciles que vivimos y repliquen el mensaje en sus barrios sobre el autocuidado, evitar el contagio y as\u00ed poder ganarle la guerra a este virus\u00bb, expres\u00f3.<\/p>\n<p>Como reconocimiento al desempe\u00f1o que tuvieron los miembros de la Mesa de NNA, durante la organizaci\u00f3n del homenaje a la ni\u00f1ez, la Gobernaci\u00f3n del Atl\u00e1ntico, a trav\u00e9s de la Gerencia de Capital Social, entreg\u00f3 22 tablets a sus integrantes.<\/p>\n<p>De igual manera, entregaron cinco herramientas adicionales a los ni\u00f1os representantes de la poblaci\u00f3n afro, ind\u00edgena, Rrom o gitanos, discapacidad y poblaci\u00f3n migrante.<\/p>\n<p>Un kit completo fue enviado a cada casa de los ni\u00f1os, el cual solo pudieron abrir durante la ceremonia de clausura. La alegr\u00eda no se hizo esperar y en plena transmisi\u00f3n virtual gritaron alborozados.<\/p>\n<p>\u00abEstas tablets para nuestros ni\u00f1os y adolescente es de gran ayuda para sus estudios. Estamos seguros de que ser\u00e1 de gran provecho\u2019, dijo el gerente de Capital Social, \u00d3scar Pantoja.<\/p>\n<p>Los kits conten\u00edan, adem\u00e1s, camiseta, gorra y marcadores, entre otros detalles.<\/p>\n<p>\u00abEl trabajo realizado para celebrar el mes de la ni\u00f1ez ha sido impresionante. Los ni\u00f1os y adolescentes realizamos un papel esencial en la sociedad porque vemos todo desde una perspectiva diferente\u00bb, expres\u00f3 Mar\u00eda Echeverry, de 12 a\u00f1os, y estudiante de 8\u00ba grado de la Unidad Pedag\u00f3gica de Malambo.<\/p>\n<p><strong>Participaci\u00f3n al 100 por ciento<\/strong><\/p>\n<p>Visibilizar, fortalecer e impulsar la participaci\u00f3n de la Mesa de NNA es uno de los logros alcanzados durante el homenaje a la ni\u00f1ez.<\/p>\n<p>Hoy la cobertura participativa es del 100 por ciento, y cada municipio del departamento cuenta con un representante.<\/p>\n<p>El dise\u00f1o final de logo de la Mesa de NNA y la camiseta que los identificar\u00e1 en los espacios participativos es otra de las contribuciones de sus integrantes.<\/p>\n","protected":false},"excerpt":{"rendered":"<p>Con la entrega de tablets a integrantes de la Mesa Departamental de Ni\u00f1os, Ni\u00f1as y Adolescentes, la Gobernaci\u00f3n del Atl\u00e1ntico clausur\u00f3 mes de la ni\u00f1ez en el departamento.<\/p>\n","protected":false},"author":1,"featured_media":5388,"comment_status":"open","ping_status":"open","sticky":false,"template":"","format":"standard","meta":{"footnotes":""},"categories":[3143,24],"tags":[86,3224,77,15,3225],"class_list":["post-5385","post","type-post","status-publish","format-standard","has-post-thumbnail","hentry","category-ninos-y-adolescentes","category-region","tag-coronavirus","tag-cuidado-en-casa","tag-elsa-noguera","tag-gobernacion-del-atlantico","tag-mes-de-la-ninez-2021"],"yoast_head":"<!-- This site is optimized with the Yoast SEO plugin v27.7 - https:\/\/yoast.com\/product\/yoast-seo-wordpress\/ -->\n<title>&quot;La importancia del auto cuidado&quot;, el mensaje del Mes de la Ni\u00f1ez 2021 - Constrastes<\/title>\n<meta name=\"description\" content=\"Con la entrega de tablets a integrantes de la Mesa Departamental de Ni\u00f1os, Ni\u00f1as y Adolescentes, la Gobernaci\u00f3n del Atl\u00e1ntico clausur\u00f3 mes de la ni\u00f1ez en el departamento.\" \/>\n<meta name=\"robots\" content=\"index, follow, max-snippet:-1, max-image-preview:large, max-video-preview:-1\" \/>\n<link rel=\"canonical\" href=\"https:\/\/contrastes.com.co\/web\/2021\/05\/02\/la-importancia-del-auto-cuidado-el-mensaje-del-mes-de-la-ninez-2021\/\" \/>\n<meta property=\"og:locale\" content=\"es_ES\" \/>\n<meta property=\"og:type\" content=\"article\" \/>\n<meta property=\"og:title\" content=\"&quot;La importancia del auto cuidado&quot;, el mensaje del Mes de la Ni\u00f1ez 2021 - Constrastes\" \/>\n<meta property=\"og:description\" content=\"Con la entrega de tablets a integrantes de la Mesa Departamental de Ni\u00f1os, Ni\u00f1as y Adolescentes, la Gobernaci\u00f3n del Atl\u00e1ntico clausur\u00f3 mes de la ni\u00f1ez en el departamento.\" \/>\n<meta property=\"og:url\" content=\"https:\/\/contrastes.com.co\/web\/2021\/05\/02\/la-importancia-del-auto-cuidado-el-mensaje-del-mes-de-la-ninez-2021\/\" \/>\n<meta property=\"og:site_name\" content=\"Constrastes\" \/>\n<meta property=\"article:publisher\" content=\"https:\/\/www.facebook.com\/guillo.pantoja.1\" \/>\n<meta property=\"article:published_time\" content=\"2021-05-03T03:06:20+00:00\" \/>\n<meta name=\"author\" content=\"Editor\" \/>\n<meta name=\"twitter:card\" content=\"summary_large_image\" \/>\n<meta name=\"twitter:label1\" content=\"Escrito por\" \/>\n\t<meta name=\"twitter:data1\" content=\"Editor\" \/>\n\t<meta name=\"twitter:label2\" content=\"Tiempo de lectura\" \/>\n\t<meta name=\"twitter:data2\" content=\"3 minutos\" \/>\n<script type=\"application\/ld+json\" class=\"yoast-schema-graph\">{\"@context\":\"https:\\\/\\\/schema.org\",\"@graph\":[{\"@type\":\"Article\",\"@id\":\"https:\\\/\\\/contrastes.com.co\\\/web\\\/2021\\\/05\\\/02\\\/la-importancia-del-auto-cuidado-el-mensaje-del-mes-de-la-ninez-2021\\\/#article\",\"isPartOf\":{\"@id\":\"https:\\\/\\\/contrastes.com.co\\\/web\\\/2021\\\/05\\\/02\\\/la-importancia-del-auto-cuidado-el-mensaje-del-mes-de-la-ninez-2021\\\/\"},\"author\":{\"name\":\"Editor\",\"@id\":\"https:\\\/\\\/contrastes.com.co\\\/web\\\/#\\\/schema\\\/person\\\/62ef7a62dc4da6de450c71fc2e95ed02\"},\"headline\":\"\u00abLa importancia del auto cuidado\u00bb, el mensaje del Mes de la Ni\u00f1ez 2021\",\"datePublished\":\"2021-05-03T03:06:20+00:00\",\"mainEntityOfPage\":{\"@id\":\"https:\\\/\\\/contrastes.com.co\\\/web\\\/2021\\\/05\\\/02\\\/la-importancia-del-auto-cuidado-el-mensaje-del-mes-de-la-ninez-2021\\\/\"},\"wordCount\":598,\"commentCount\":0,\"publisher\":{\"@id\":\"https:\\\/\\\/contrastes.com.co\\\/web\\\/#organization\"},\"image\":{\"@id\":\"https:\\\/\\\/contrastes.com.co\\\/web\\\/2021\\\/05\\\/02\\\/la-importancia-del-auto-cuidado-el-mensaje-del-mes-de-la-ninez-2021\\\/#primaryimage\"},\"thumbnailUrl\":\"\",\"keywords\":[\"coronavirus\",\"cuidado en casa\",\"elsa noguera\",\"gobernaci\u00f3n del Atl\u00e1ntico\",\"Mes de la Ni\u00f1ez 2021\"],\"articleSection\":[\"Ni\u00f1os y adolescentes\",\"Regi\u00f3n\"],\"inLanguage\":\"es\",\"potentialAction\":[{\"@type\":\"CommentAction\",\"name\":\"Comment\",\"target\":[\"https:\\\/\\\/contrastes.com.co\\\/web\\\/2021\\\/05\\\/02\\\/la-importancia-del-auto-cuidado-el-mensaje-del-mes-de-la-ninez-2021\\\/#respond\"]}]},{\"@type\":\"WebPage\",\"@id\":\"https:\\\/\\\/contrastes.com.co\\\/web\\\/2021\\\/05\\\/02\\\/la-importancia-del-auto-cuidado-el-mensaje-del-mes-de-la-ninez-2021\\\/\",\"url\":\"https:\\\/\\\/contrastes.com.co\\\/web\\\/2021\\\/05\\\/02\\\/la-importancia-del-auto-cuidado-el-mensaje-del-mes-de-la-ninez-2021\\\/\",\"name\":\"\\\"La importancia del auto cuidado\\\", el mensaje del Mes de la Ni\u00f1ez 2021 - Constrastes\",\"isPartOf\":{\"@id\":\"https:\\\/\\\/contrastes.com.co\\\/web\\\/#website\"},\"primaryImageOfPage\":{\"@id\":\"https:\\\/\\\/contrastes.com.co\\\/web\\\/2021\\\/05\\\/02\\\/la-importancia-del-auto-cuidado-el-mensaje-del-mes-de-la-ninez-2021\\\/#primaryimage\"},\"image\":{\"@id\":\"https:\\\/\\\/contrastes.com.co\\\/web\\\/2021\\\/05\\\/02\\\/la-importancia-del-auto-cuidado-el-mensaje-del-mes-de-la-ninez-2021\\\/#primaryimage\"},\"thumbnailUrl\":\"\",\"datePublished\":\"2021-05-03T03:06:20+00:00\",\"description\":\"Con la entrega de tablets a integrantes de la Mesa Departamental de Ni\u00f1os, Ni\u00f1as y Adolescentes, la Gobernaci\u00f3n del Atl\u00e1ntico clausur\u00f3 mes de la ni\u00f1ez en el departamento.\",\"breadcrumb\":{\"@id\":\"https:\\\/\\\/contrastes.com.co\\\/web\\\/2021\\\/05\\\/02\\\/la-importancia-del-auto-cuidado-el-mensaje-del-mes-de-la-ninez-2021\\\/#breadcrumb\"},\"inLanguage\":\"es\",\"potentialAction\":[{\"@type\":\"ReadAction\",\"target\":[\"https:\\\/\\\/contrastes.com.co\\\/web\\\/2021\\\/05\\\/02\\\/la-importancia-del-auto-cuidado-el-mensaje-del-mes-de-la-ninez-2021\\\/\"]}]},{\"@type\":\"ImageObject\",\"inLanguage\":\"es\",\"@id\":\"https:\\\/\\\/contrastes.com.co\\\/web\\\/2021\\\/05\\\/02\\\/la-importancia-del-auto-cuidado-el-mensaje-del-mes-de-la-ninez-2021\\\/#primaryimage\",\"url\":\"\",\"contentUrl\":\"\"},{\"@type\":\"BreadcrumbList\",\"@id\":\"https:\\\/\\\/contrastes.com.co\\\/web\\\/2021\\\/05\\\/02\\\/la-importancia-del-auto-cuidado-el-mensaje-del-mes-de-la-ninez-2021\\\/#breadcrumb\",\"itemListElement\":[{\"@type\":\"ListItem\",\"position\":1,\"name\":\"Portada\",\"item\":\"https:\\\/\\\/contrastes.com.co\\\/web\\\/\"},{\"@type\":\"ListItem\",\"position\":2,\"name\":\"\u00abLa importancia del auto cuidado\u00bb, el mensaje del Mes de la Ni\u00f1ez 2021\"}]},{\"@type\":\"WebSite\",\"@id\":\"https:\\\/\\\/contrastes.com.co\\\/web\\\/#website\",\"url\":\"https:\\\/\\\/contrastes.com.co\\\/web\\\/\",\"name\":\"Contrastes\",\"description\":\"Periodismo de Conciencia\",\"publisher\":{\"@id\":\"https:\\\/\\\/contrastes.com.co\\\/web\\\/#organization\"},\"potentialAction\":[{\"@type\":\"SearchAction\",\"target\":{\"@type\":\"EntryPoint\",\"urlTemplate\":\"https:\\\/\\\/contrastes.com.co\\\/web\\\/?s={search_term_string}\"},\"query-input\":{\"@type\":\"PropertyValueSpecification\",\"valueRequired\":true,\"valueName\":\"search_term_string\"}}],\"inLanguage\":\"es\"},{\"@type\":\"Organization\",\"@id\":\"https:\\\/\\\/contrastes.com.co\\\/web\\\/#organization\",\"name\":\"Contrastes\",\"url\":\"https:\\\/\\\/contrastes.com.co\\\/web\\\/\",\"logo\":{\"@type\":\"ImageObject\",\"inLanguage\":\"es\",\"@id\":\"https:\\\/\\\/contrastes.com.co\\\/web\\\/#\\\/schema\\\/logo\\\/image\\\/\",\"url\":\"https:\\\/\\\/contrastes.com.co\\\/web\\\/wp-content\\\/uploads\\\/2025\\\/04\\\/15CONTRASTES3.png\",\"contentUrl\":\"https:\\\/\\\/contrastes.com.co\\\/web\\\/wp-content\\\/uploads\\\/2025\\\/04\\\/15CONTRASTES3.png\",\"width\":1536,\"height\":231,\"caption\":\"Contrastes\"},\"image\":{\"@id\":\"https:\\\/\\\/contrastes.com.co\\\/web\\\/#\\\/schema\\\/logo\\\/image\\\/\"},\"sameAs\":[\"https:\\\/\\\/www.facebook.com\\\/guillo.pantoja.1\"]},{\"@type\":\"Person\",\"@id\":\"https:\\\/\\\/contrastes.com.co\\\/web\\\/#\\\/schema\\\/person\\\/62ef7a62dc4da6de450c71fc2e95ed02\",\"name\":\"Editor\",\"image\":{\"@type\":\"ImageObject\",\"inLanguage\":\"es\",\"@id\":\"https:\\\/\\\/secure.gravatar.com\\\/avatar\\\/7bbb4f718d74bbf600dc556253bb04fd7ac8593751d6e2e3b85432d98aefae80?s=96&d=mm&r=g\",\"url\":\"https:\\\/\\\/secure.gravatar.com\\\/avatar\\\/7bbb4f718d74bbf600dc556253bb04fd7ac8593751d6e2e3b85432d98aefae80?s=96&d=mm&r=g\",\"contentUrl\":\"https:\\\/\\\/secure.gravatar.com\\\/avatar\\\/7bbb4f718d74bbf600dc556253bb04fd7ac8593751d6e2e3b85432d98aefae80?s=96&d=mm&r=g\",\"caption\":\"Editor\"},\"sameAs\":[\"https:\\\/\\\/contrastes.com.co\\\/web\"],\"url\":\"https:\\\/\\\/contrastes.com.co\\\/web\\\/author\\\/jdbobadilla\\\/\"}]}<\/script>\n<!-- \/ Yoast SEO plugin. -->","yoast_head_json":{"title":"\"La importancia del auto cuidado\", el mensaje del Mes de la Ni\u00f1ez 2021 - Constrastes","description":"Con la entrega de tablets a integrantes de la Mesa Departamental de Ni\u00f1os, Ni\u00f1as y Adolescentes, la Gobernaci\u00f3n del Atl\u00e1ntico clausur\u00f3 mes de la ni\u00f1ez en el departamento.","robots":{"index":"index","follow":"follow","max-snippet":"max-snippet:-1","max-image-preview":"max-image-preview:large","max-video-preview":"max-video-preview:-1"},"canonical":"https:\/\/contrastes.com.co\/web\/2021\/05\/02\/la-importancia-del-auto-cuidado-el-mensaje-del-mes-de-la-ninez-2021\/","og_locale":"es_ES","og_type":"article","og_title":"\"La importancia del auto cuidado\", el mensaje del Mes de la Ni\u00f1ez 2021 - Constrastes","og_description":"Con la entrega de tablets a integrantes de la Mesa Departamental de Ni\u00f1os, Ni\u00f1as y Adolescentes, la Gobernaci\u00f3n del Atl\u00e1ntico clausur\u00f3 mes de la ni\u00f1ez en el departamento.","og_url":"https:\/\/contrastes.com.co\/web\/2021\/05\/02\/la-importancia-del-auto-cuidado-el-mensaje-del-mes-de-la-ninez-2021\/","og_site_name":"Constrastes","article_publisher":"https:\/\/www.facebook.com\/guillo.pantoja.1","article_published_time":"2021-05-03T03:06:20+00:00","author":"Editor","twitter_card":"summary_large_image","twitter_misc":{"Escrito por":"Editor","Tiempo de lectura":"3 minutos"},"schema":{"@context":"https:\/\/schema.org","@graph":[{"@type":"Article","@id":"https:\/\/contrastes.com.co\/web\/2021\/05\/02\/la-importancia-del-auto-cuidado-el-mensaje-del-mes-de-la-ninez-2021\/#article","isPartOf":{"@id":"https:\/\/contrastes.com.co\/web\/2021\/05\/02\/la-importancia-del-auto-cuidado-el-mensaje-del-mes-de-la-ninez-2021\/"},"author":{"name":"Editor","@id":"https:\/\/contrastes.com.co\/web\/#\/schema\/person\/62ef7a62dc4da6de450c71fc2e95ed02"},"headline":"\u00abLa importancia del auto cuidado\u00bb, el mensaje del Mes de la Ni\u00f1ez 2021","datePublished":"2021-05-03T03:06:20+00:00","mainEntityOfPage":{"@id":"https:\/\/contrastes.com.co\/web\/2021\/05\/02\/la-importancia-del-auto-cuidado-el-mensaje-del-mes-de-la-ninez-2021\/"},"wordCount":598,"commentCount":0,"publisher":{"@id":"https:\/\/contrastes.com.co\/web\/#organization"},"image":{"@id":"https:\/\/contrastes.com.co\/web\/2021\/05\/02\/la-importancia-del-auto-cuidado-el-mensaje-del-mes-de-la-ninez-2021\/#primaryimage"},"thumbnailUrl":"","keywords":["coronavirus","cuidado en casa","elsa noguera","gobernaci\u00f3n del Atl\u00e1ntico","Mes de la Ni\u00f1ez 2021"],"articleSection":["Ni\u00f1os y adolescentes","Regi\u00f3n"],"inLanguage":"es","potentialAction":[{"@type":"CommentAction","name":"Comment","target":["https:\/\/contrastes.com.co\/web\/2021\/05\/02\/la-importancia-del-auto-cuidado-el-mensaje-del-mes-de-la-ninez-2021\/#respond"]}]},{"@type":"WebPage","@id":"https:\/\/contrastes.com.co\/web\/2021\/05\/02\/la-importancia-del-auto-cuidado-el-mensaje-del-mes-de-la-ninez-2021\/","url":"https:\/\/contrastes.com.co\/web\/2021\/05\/02\/la-importancia-del-auto-cuidado-el-mensaje-del-mes-de-la-ninez-2021\/","name":"\"La importancia del auto cuidado\", el mensaje del Mes de la Ni\u00f1ez 2021 - Constrastes","isPartOf":{"@id":"https:\/\/contrastes.com.co\/web\/#website"},"primaryImageOfPage":{"@id":"https:\/\/contrastes.com.co\/web\/2021\/05\/02\/la-importancia-del-auto-cuidado-el-mensaje-del-mes-de-la-ninez-2021\/#primaryimage"},"image":{"@id":"https:\/\/contrastes.com.co\/web\/2021\/05\/02\/la-importancia-del-auto-cuidado-el-mensaje-del-mes-de-la-ninez-2021\/#primaryimage"},"thumbnailUrl":"","datePublished":"2021-05-03T03:06:20+00:00","description":"Con la entrega de tablets a integrantes de la Mesa Departamental de Ni\u00f1os, Ni\u00f1as y Adolescentes, la Gobernaci\u00f3n del Atl\u00e1ntico clausur\u00f3 mes de la ni\u00f1ez en el departamento.","breadcrumb":{"@id":"https:\/\/contrastes.com.co\/web\/2021\/05\/02\/la-importancia-del-auto-cuidado-el-mensaje-del-mes-de-la-ninez-2021\/#breadcrumb"},"inLanguage":"es","potentialAction":[{"@type":"ReadAction","target":["https:\/\/contrastes.com.co\/web\/2021\/05\/02\/la-importancia-del-auto-cuidado-el-mensaje-del-mes-de-la-ninez-2021\/"]}]},{"@type":"ImageObject","inLanguage":"es","@id":"https:\/\/contrastes.com.co\/web\/2021\/05\/02\/la-importancia-del-auto-cuidado-el-mensaje-del-mes-de-la-ninez-2021\/#primaryimage","url":"","contentUrl":""},{"@type":"BreadcrumbList","@id":"https:\/\/contrastes.com.co\/web\/2021\/05\/02\/la-importancia-del-auto-cuidado-el-mensaje-del-mes-de-la-ninez-2021\/#breadcrumb","itemListElement":[{"@type":"ListItem","position":1,"name":"Portada","item":"https:\/\/contrastes.com.co\/web\/"},{"@type":"ListItem","position":2,"name":"\u00abLa importancia del auto cuidado\u00bb, el mensaje del Mes de la Ni\u00f1ez 2021"}]},{"@type":"WebSite","@id":"https:\/\/contrastes.com.co\/web\/#website","url":"https:\/\/contrastes.com.co\/web\/","name":"Contrastes","description":"Periodismo de Conciencia","publisher":{"@id":"https:\/\/contrastes.com.co\/web\/#organization"},"potentialAction":[{"@type":"SearchAction","target":{"@type":"EntryPoint","urlTemplate":"https:\/\/contrastes.com.co\/web\/?s={search_term_string}"},"query-input":{"@type":"PropertyValueSpecification","valueRequired":true,"valueName":"search_term_string"}}],"inLanguage":"es"},{"@type":"Organization","@id":"https:\/\/contrastes.com.co\/web\/#organization","name":"Contrastes","url":"https:\/\/contrastes.com.co\/web\/","logo":{"@type":"ImageObject","inLanguage":"es","@id":"https:\/\/contrastes.com.co\/web\/#\/schema\/logo\/image\/","url":"https:\/\/contrastes.com.co\/web\/wp-content\/uploads\/2025\/04\/15CONTRASTES3.png","contentUrl":"https:\/\/contrastes.com.co\/web\/wp-content\/uploads\/2025\/04\/15CONTRASTES3.png","width":1536,"height":231,"caption":"Contrastes"},"image":{"@id":"https:\/\/contrastes.com.co\/web\/#\/schema\/logo\/image\/"},"sameAs":["https:\/\/www.facebook.com\/guillo.pantoja.1"]},{"@type":"Person","@id":"https:\/\/contrastes.com.co\/web\/#\/schema\/person\/62ef7a62dc4da6de450c71fc2e95ed02","name":"Editor","image":{"@type":"ImageObject","inLanguage":"es","@id":"https:\/\/secure.gravatar.com\/avatar\/7bbb4f718d74bbf600dc556253bb04fd7ac8593751d6e2e3b85432d98aefae80?s=96&d=mm&r=g","url":"https:\/\/secure.gravatar.com\/avatar\/7bbb4f718d74bbf600dc556253bb04fd7ac8593751d6e2e3b85432d98aefae80?s=96&d=mm&r=g","contentUrl":"https:\/\/secure.gravatar.com\/avatar\/7bbb4f718d74bbf600dc556253bb04fd7ac8593751d6e2e3b85432d98aefae80?s=96&d=mm&r=g","caption":"Editor"},"sameAs":["https:\/\/contrastes.com.co\/web"],"url":"https:\/\/contrastes.com.co\/web\/author\/jdbobadilla\/"}]}},"blog_post_layout_featured_media_urls":{"thumbnail":"","full":""},"categories_names":{"3143":{"name":"Ni\u00f1os y adolescentes","link":"https:\/\/contrastes.com.co\/web\/category\/ninos-y-adolescentes\/"},"24":{"name":"Regi\u00f3n","link":"https:\/\/contrastes.com.co\/web\/category\/region\/"}},"tags_names":{"86":{"name":"coronavirus","link":"https:\/\/contrastes.com.co\/web\/tag\/coronavirus\/"},"3224":{"name":"cuidado en casa","link":"https:\/\/contrastes.com.co\/web\/tag\/cuidado-en-casa\/"},"77":{"name":"elsa noguera","link":"https:\/\/contrastes.com.co\/web\/tag\/elsa-noguera\/"},"15":{"name":"gobernaci\u00f3n del Atl\u00e1ntico","link":"https:\/\/contrastes.com.co\/web\/tag\/gobernacion-del-atlantico\/"},"3225":{"name":"Mes de la Ni\u00f1ez 2021","link":"https:\/\/contrastes.com.co\/web\/tag\/mes-de-la-ninez-2021\/"}},"comments_number":"0","wpmagazine_modules_lite_featured_media_urls":{"thumbnail":"","cvmm-medium":"","cvmm-medium-plus":"","cvmm-portrait":"","cvmm-medium-square":"","cvmm-large":"","cvmm-small":"","full":""},"_links":{"self":[{"href":"https:\/\/contrastes.com.co\/web\/wp-json\/wp\/v2\/posts\/5385","targetHints":{"allow":["GET"]}}],"collection":[{"href":"https:\/\/contrastes.com.co\/web\/wp-json\/wp\/v2\/posts"}],"about":[{"href":"https:\/\/contrastes.com.co\/web\/wp-json\/wp\/v2\/types\/post"}],"author":[{"embeddable":true,"href":"https:\/\/contrastes.com.co\/web\/wp-json\/wp\/v2\/users\/1"}],"replies":[{"embeddable":true,"href":"https:\/\/contrastes.com.co\/web\/wp-json\/wp\/v2\/comments?post=5385"}],"version-history":[{"count":0,"href":"https:\/\/contrastes.com.co\/web\/wp-json\/wp\/v2\/posts\/5385\/revisions"}],"wp:attachment":[{"href":"https:\/\/contrastes.com.co\/web\/wp-json\/wp\/v2\/media?parent=5385"}],"wp:term":[{"taxonomy":"category","embeddable":true,"href":"https:\/\/contrastes.com.co\/web\/wp-json\/wp\/v2\/categories?post=5385"},{"taxonomy":"post_tag","embeddable":true,"href":"https:\/\/contrastes.com.co\/web\/wp-json\/wp\/v2\/tags?post=5385"}],"curies":[{"name":"wp","href":"https:\/\/api.w.org\/{rel}","templated":true}]}}