{"id":5999,"date":"2021-05-25T14:22:13","date_gmt":"2021-05-25T19:22:13","guid":{"rendered":"https:\/\/contrastes.com.co\/digital\/?p=5999"},"modified":"2021-05-25T14:22:13","modified_gmt":"2021-05-25T19:22:13","slug":"no-son-buenas-las-noticias-que-llegan-desde-el-seno-de-la-seleccion-colombia-por-medio-de-un-comunicado-se-pudo-conocer-que-juan-fernando-quintero-no-podra-estar-para-los-partidos-ante-peru-y-argent","status":"publish","type":"post","link":"https:\/\/contrastes.com.co\/web\/2021\/05\/25\/no-son-buenas-las-noticias-que-llegan-desde-el-seno-de-la-seleccion-colombia-por-medio-de-un-comunicado-se-pudo-conocer-que-juan-fernando-quintero-no-podra-estar-para-los-partidos-ante-peru-y-argent\/","title":{"rendered":"Juan Fernando Quintero, fuera de los partidos ante Per\u00fa y Argentina"},"content":{"rendered":"<p><strong>DIARIO MARCA<\/strong><\/p>\n<p>No son buenas las noticias que llegan desde el seno de la Selecci\u00f3n Colombia. por medio de un comunicado, se pudo conocer que Juan Fernando Quintero no podr\u00e1 estar para los partidos ante Per\u00fa y Argentina por la Elliminatoria rumbo a Qatar 2022.El mismo cuerpo t\u00e9cnico no se ha pronunciado sobre si el volante ex River Plate va a ser reemplazado por otro jugador.<\/p>\n<p>A una semana del encuentro en Lima, es la primera baja para Reinaldo Rueda que ya trabaja en Barranquilla con un grupo grande de convocados.<\/p>\n<p><strong>As\u00ed dice el comunicado<\/strong><\/p>\n<p>\u00abEl cuerpo t\u00e9cnico de la Selecci\u00f3n Colombia Masculina de Mayores informa que el jugador Juan Fernando Quintero ha sido desconvocado por motivos de fuerza mayor.<\/p>\n<p>El mediocampista no podr\u00e1 unirse al grupo de convocados por el director t\u00e9cnico, Reinaldo Rueda, debido a los estrictos protocolos y normas establecidas por China, pa\u00eds en el que juega actualmente, para poder salir y regresar luego de estar en nuestro pa\u00eds, los cuales pueden afectar su continuidad deportiva en el club y el cumplimiento de sus obligaciones laborales.<\/p>\n<p>El cuerpo t\u00e9cnico lamenta no poder contar con Juan Fernando Quintero, y espera que en una pr\u00f3xima oportunidad el mediocampista pueda hacer parte de una convocatoria, representando a nuestro pa\u00eds con la altura y profesionalismo que lo caracteriza\u00bb<\/p>\n","protected":false},"excerpt":{"rendered":"<p>DIARIO MARCA No son buenas las noticias que llegan desde el seno de la Selecci\u00f3n Colombia. por medio de un comunicado, se pudo conocer que Juan Fernando Quintero no podr\u00e1 estar para los partidos ante Per\u00fa y Argentina por la Elliminatoria rumbo a Qatar 2022.El mismo cuerpo t\u00e9cnico no se ha pronunciado sobre si el [&hellip;]<\/p>\n","protected":false},"author":1,"featured_media":6000,"comment_status":"open","ping_status":"open","sticky":false,"template":"","format":"standard","meta":{"footnotes":""},"categories":[101],"tags":[3442,3443,1533],"class_list":["post-5999","post","type-post","status-publish","format-standard","has-post-thumbnail","hentry","category-pais","tag-quintero","tag-reinaldo-rueda","tag-seleccion-colombia"],"yoast_head":"<!-- This site is optimized with the Yoast SEO plugin v27.7 - https:\/\/yoast.com\/product\/yoast-seo-wordpress\/ -->\n<title>Juan Fernando Quintero, fuera de los partidos ante Per\u00fa y Argentina - Constrastes<\/title>\n<meta name=\"robots\" content=\"index, follow, max-snippet:-1, max-image-preview:large, max-video-preview:-1\" \/>\n<link rel=\"canonical\" href=\"https:\/\/contrastes.com.co\/web\/2021\/05\/25\/no-son-buenas-las-noticias-que-llegan-desde-el-seno-de-la-seleccion-colombia-por-medio-de-un-comunicado-se-pudo-conocer-que-juan-fernando-quintero-no-podra-estar-para-los-partidos-ante-peru-y-argent\/\" \/>\n<meta property=\"og:locale\" content=\"es_ES\" \/>\n<meta property=\"og:type\" content=\"article\" \/>\n<meta property=\"og:title\" content=\"Juan Fernando Quintero, fuera de los partidos ante Per\u00fa y Argentina - Constrastes\" \/>\n<meta property=\"og:description\" content=\"DIARIO MARCA No son buenas las noticias que llegan desde el seno de la Selecci\u00f3n Colombia. por medio de un comunicado, se pudo conocer que Juan Fernando Quintero no podr\u00e1 estar para los partidos ante Per\u00fa y Argentina por la Elliminatoria rumbo a Qatar 2022.El mismo cuerpo t\u00e9cnico no se ha pronunciado sobre si el [&hellip;]\" \/>\n<meta property=\"og:url\" content=\"https:\/\/contrastes.com.co\/web\/2021\/05\/25\/no-son-buenas-las-noticias-que-llegan-desde-el-seno-de-la-seleccion-colombia-por-medio-de-un-comunicado-se-pudo-conocer-que-juan-fernando-quintero-no-podra-estar-para-los-partidos-ante-peru-y-argent\/\" \/>\n<meta property=\"og:site_name\" content=\"Constrastes\" \/>\n<meta property=\"article:publisher\" content=\"https:\/\/www.facebook.com\/guillo.pantoja.1\" \/>\n<meta property=\"article:published_time\" content=\"2021-05-25T19:22:13+00:00\" \/>\n<meta name=\"author\" content=\"Editor\" \/>\n<meta name=\"twitter:card\" content=\"summary_large_image\" \/>\n<meta name=\"twitter:label1\" content=\"Escrito por\" \/>\n\t<meta name=\"twitter:data1\" content=\"Editor\" \/>\n\t<meta name=\"twitter:label2\" content=\"Tiempo de lectura\" \/>\n\t<meta name=\"twitter:data2\" content=\"1 minuto\" \/>\n<script type=\"application\/ld+json\" class=\"yoast-schema-graph\">{\"@context\":\"https:\\\/\\\/schema.org\",\"@graph\":[{\"@type\":\"Article\",\"@id\":\"https:\\\/\\\/contrastes.com.co\\\/web\\\/2021\\\/05\\\/25\\\/no-son-buenas-las-noticias-que-llegan-desde-el-seno-de-la-seleccion-colombia-por-medio-de-un-comunicado-se-pudo-conocer-que-juan-fernando-quintero-no-podra-estar-para-los-partidos-ante-peru-y-argent\\\/#article\",\"isPartOf\":{\"@id\":\"https:\\\/\\\/contrastes.com.co\\\/web\\\/2021\\\/05\\\/25\\\/no-son-buenas-las-noticias-que-llegan-desde-el-seno-de-la-seleccion-colombia-por-medio-de-un-comunicado-se-pudo-conocer-que-juan-fernando-quintero-no-podra-estar-para-los-partidos-ante-peru-y-argent\\\/\"},\"author\":{\"name\":\"Editor\",\"@id\":\"https:\\\/\\\/contrastes.com.co\\\/web\\\/#\\\/schema\\\/person\\\/62ef7a62dc4da6de450c71fc2e95ed02\"},\"headline\":\"Juan Fernando Quintero, fuera de los partidos ante Per\u00fa y Argentina\",\"datePublished\":\"2021-05-25T19:22:13+00:00\",\"mainEntityOfPage\":{\"@id\":\"https:\\\/\\\/contrastes.com.co\\\/web\\\/2021\\\/05\\\/25\\\/no-son-buenas-las-noticias-que-llegan-desde-el-seno-de-la-seleccion-colombia-por-medio-de-un-comunicado-se-pudo-conocer-que-juan-fernando-quintero-no-podra-estar-para-los-partidos-ante-peru-y-argent\\\/\"},\"wordCount\":238,\"commentCount\":0,\"publisher\":{\"@id\":\"https:\\\/\\\/contrastes.com.co\\\/web\\\/#organization\"},\"image\":{\"@id\":\"https:\\\/\\\/contrastes.com.co\\\/web\\\/2021\\\/05\\\/25\\\/no-son-buenas-las-noticias-que-llegan-desde-el-seno-de-la-seleccion-colombia-por-medio-de-un-comunicado-se-pudo-conocer-que-juan-fernando-quintero-no-podra-estar-para-los-partidos-ante-peru-y-argent\\\/#primaryimage\"},\"thumbnailUrl\":\"\",\"keywords\":[\"QUINTERO\",\"REINALDO RUEDA\",\"selecci\u00f3n colombia\"],\"articleSection\":[\"Pa\u00eds\"],\"inLanguage\":\"es\",\"potentialAction\":[{\"@type\":\"CommentAction\",\"name\":\"Comment\",\"target\":[\"https:\\\/\\\/contrastes.com.co\\\/web\\\/2021\\\/05\\\/25\\\/no-son-buenas-las-noticias-que-llegan-desde-el-seno-de-la-seleccion-colombia-por-medio-de-un-comunicado-se-pudo-conocer-que-juan-fernando-quintero-no-podra-estar-para-los-partidos-ante-peru-y-argent\\\/#respond\"]}]},{\"@type\":\"WebPage\",\"@id\":\"https:\\\/\\\/contrastes.com.co\\\/web\\\/2021\\\/05\\\/25\\\/no-son-buenas-las-noticias-que-llegan-desde-el-seno-de-la-seleccion-colombia-por-medio-de-un-comunicado-se-pudo-conocer-que-juan-fernando-quintero-no-podra-estar-para-los-partidos-ante-peru-y-argent\\\/\",\"url\":\"https:\\\/\\\/contrastes.com.co\\\/web\\\/2021\\\/05\\\/25\\\/no-son-buenas-las-noticias-que-llegan-desde-el-seno-de-la-seleccion-colombia-por-medio-de-un-comunicado-se-pudo-conocer-que-juan-fernando-quintero-no-podra-estar-para-los-partidos-ante-peru-y-argent\\\/\",\"name\":\"Juan Fernando Quintero, fuera de los partidos ante Per\u00fa y Argentina - Constrastes\",\"isPartOf\":{\"@id\":\"https:\\\/\\\/contrastes.com.co\\\/web\\\/#website\"},\"primaryImageOfPage\":{\"@id\":\"https:\\\/\\\/contrastes.com.co\\\/web\\\/2021\\\/05\\\/25\\\/no-son-buenas-las-noticias-que-llegan-desde-el-seno-de-la-seleccion-colombia-por-medio-de-un-comunicado-se-pudo-conocer-que-juan-fernando-quintero-no-podra-estar-para-los-partidos-ante-peru-y-argent\\\/#primaryimage\"},\"image\":{\"@id\":\"https:\\\/\\\/contrastes.com.co\\\/web\\\/2021\\\/05\\\/25\\\/no-son-buenas-las-noticias-que-llegan-desde-el-seno-de-la-seleccion-colombia-por-medio-de-un-comunicado-se-pudo-conocer-que-juan-fernando-quintero-no-podra-estar-para-los-partidos-ante-peru-y-argent\\\/#primaryimage\"},\"thumbnailUrl\":\"\",\"datePublished\":\"2021-05-25T19:22:13+00:00\",\"breadcrumb\":{\"@id\":\"https:\\\/\\\/contrastes.com.co\\\/web\\\/2021\\\/05\\\/25\\\/no-son-buenas-las-noticias-que-llegan-desde-el-seno-de-la-seleccion-colombia-por-medio-de-un-comunicado-se-pudo-conocer-que-juan-fernando-quintero-no-podra-estar-para-los-partidos-ante-peru-y-argent\\\/#breadcrumb\"},\"inLanguage\":\"es\",\"potentialAction\":[{\"@type\":\"ReadAction\",\"target\":[\"https:\\\/\\\/contrastes.com.co\\\/web\\\/2021\\\/05\\\/25\\\/no-son-buenas-las-noticias-que-llegan-desde-el-seno-de-la-seleccion-colombia-por-medio-de-un-comunicado-se-pudo-conocer-que-juan-fernando-quintero-no-podra-estar-para-los-partidos-ante-peru-y-argent\\\/\"]}]},{\"@type\":\"ImageObject\",\"inLanguage\":\"es\",\"@id\":\"https:\\\/\\\/contrastes.com.co\\\/web\\\/2021\\\/05\\\/25\\\/no-son-buenas-las-noticias-que-llegan-desde-el-seno-de-la-seleccion-colombia-por-medio-de-un-comunicado-se-pudo-conocer-que-juan-fernando-quintero-no-podra-estar-para-los-partidos-ante-peru-y-argent\\\/#primaryimage\",\"url\":\"\",\"contentUrl\":\"\"},{\"@type\":\"BreadcrumbList\",\"@id\":\"https:\\\/\\\/contrastes.com.co\\\/web\\\/2021\\\/05\\\/25\\\/no-son-buenas-las-noticias-que-llegan-desde-el-seno-de-la-seleccion-colombia-por-medio-de-un-comunicado-se-pudo-conocer-que-juan-fernando-quintero-no-podra-estar-para-los-partidos-ante-peru-y-argent\\\/#breadcrumb\",\"itemListElement\":[{\"@type\":\"ListItem\",\"position\":1,\"name\":\"Portada\",\"item\":\"https:\\\/\\\/contrastes.com.co\\\/web\\\/\"},{\"@type\":\"ListItem\",\"position\":2,\"name\":\"Juan Fernando Quintero, fuera de los partidos ante Per\u00fa y Argentina\"}]},{\"@type\":\"WebSite\",\"@id\":\"https:\\\/\\\/contrastes.com.co\\\/web\\\/#website\",\"url\":\"https:\\\/\\\/contrastes.com.co\\\/web\\\/\",\"name\":\"Contrastes\",\"description\":\"Periodismo de Conciencia\",\"publisher\":{\"@id\":\"https:\\\/\\\/contrastes.com.co\\\/web\\\/#organization\"},\"potentialAction\":[{\"@type\":\"SearchAction\",\"target\":{\"@type\":\"EntryPoint\",\"urlTemplate\":\"https:\\\/\\\/contrastes.com.co\\\/web\\\/?s={search_term_string}\"},\"query-input\":{\"@type\":\"PropertyValueSpecification\",\"valueRequired\":true,\"valueName\":\"search_term_string\"}}],\"inLanguage\":\"es\"},{\"@type\":\"Organization\",\"@id\":\"https:\\\/\\\/contrastes.com.co\\\/web\\\/#organization\",\"name\":\"Contrastes\",\"url\":\"https:\\\/\\\/contrastes.com.co\\\/web\\\/\",\"logo\":{\"@type\":\"ImageObject\",\"inLanguage\":\"es\",\"@id\":\"https:\\\/\\\/contrastes.com.co\\\/web\\\/#\\\/schema\\\/logo\\\/image\\\/\",\"url\":\"https:\\\/\\\/contrastes.com.co\\\/web\\\/wp-content\\\/uploads\\\/2025\\\/04\\\/15CONTRASTES3.png\",\"contentUrl\":\"https:\\\/\\\/contrastes.com.co\\\/web\\\/wp-content\\\/uploads\\\/2025\\\/04\\\/15CONTRASTES3.png\",\"width\":1536,\"height\":231,\"caption\":\"Contrastes\"},\"image\":{\"@id\":\"https:\\\/\\\/contrastes.com.co\\\/web\\\/#\\\/schema\\\/logo\\\/image\\\/\"},\"sameAs\":[\"https:\\\/\\\/www.facebook.com\\\/guillo.pantoja.1\"]},{\"@type\":\"Person\",\"@id\":\"https:\\\/\\\/contrastes.com.co\\\/web\\\/#\\\/schema\\\/person\\\/62ef7a62dc4da6de450c71fc2e95ed02\",\"name\":\"Editor\",\"image\":{\"@type\":\"ImageObject\",\"inLanguage\":\"es\",\"@id\":\"https:\\\/\\\/secure.gravatar.com\\\/avatar\\\/7bbb4f718d74bbf600dc556253bb04fd7ac8593751d6e2e3b85432d98aefae80?s=96&d=mm&r=g\",\"url\":\"https:\\\/\\\/secure.gravatar.com\\\/avatar\\\/7bbb4f718d74bbf600dc556253bb04fd7ac8593751d6e2e3b85432d98aefae80?s=96&d=mm&r=g\",\"contentUrl\":\"https:\\\/\\\/secure.gravatar.com\\\/avatar\\\/7bbb4f718d74bbf600dc556253bb04fd7ac8593751d6e2e3b85432d98aefae80?s=96&d=mm&r=g\",\"caption\":\"Editor\"},\"sameAs\":[\"https:\\\/\\\/contrastes.com.co\\\/web\"],\"url\":\"https:\\\/\\\/contrastes.com.co\\\/web\\\/author\\\/jdbobadilla\\\/\"}]}<\/script>\n<!-- \/ Yoast SEO plugin. -->","yoast_head_json":{"title":"Juan Fernando Quintero, fuera de los partidos ante Per\u00fa y Argentina - Constrastes","robots":{"index":"index","follow":"follow","max-snippet":"max-snippet:-1","max-image-preview":"max-image-preview:large","max-video-preview":"max-video-preview:-1"},"canonical":"https:\/\/contrastes.com.co\/web\/2021\/05\/25\/no-son-buenas-las-noticias-que-llegan-desde-el-seno-de-la-seleccion-colombia-por-medio-de-un-comunicado-se-pudo-conocer-que-juan-fernando-quintero-no-podra-estar-para-los-partidos-ante-peru-y-argent\/","og_locale":"es_ES","og_type":"article","og_title":"Juan Fernando Quintero, fuera de los partidos ante Per\u00fa y Argentina - Constrastes","og_description":"DIARIO MARCA No son buenas las noticias que llegan desde el seno de la Selecci\u00f3n Colombia. por medio de un comunicado, se pudo conocer que Juan Fernando Quintero no podr\u00e1 estar para los partidos ante Per\u00fa y Argentina por la Elliminatoria rumbo a Qatar 2022.El mismo cuerpo t\u00e9cnico no se ha pronunciado sobre si el [&hellip;]","og_url":"https:\/\/contrastes.com.co\/web\/2021\/05\/25\/no-son-buenas-las-noticias-que-llegan-desde-el-seno-de-la-seleccion-colombia-por-medio-de-un-comunicado-se-pudo-conocer-que-juan-fernando-quintero-no-podra-estar-para-los-partidos-ante-peru-y-argent\/","og_site_name":"Constrastes","article_publisher":"https:\/\/www.facebook.com\/guillo.pantoja.1","article_published_time":"2021-05-25T19:22:13+00:00","author":"Editor","twitter_card":"summary_large_image","twitter_misc":{"Escrito por":"Editor","Tiempo de lectura":"1 minuto"},"schema":{"@context":"https:\/\/schema.org","@graph":[{"@type":"Article","@id":"https:\/\/contrastes.com.co\/web\/2021\/05\/25\/no-son-buenas-las-noticias-que-llegan-desde-el-seno-de-la-seleccion-colombia-por-medio-de-un-comunicado-se-pudo-conocer-que-juan-fernando-quintero-no-podra-estar-para-los-partidos-ante-peru-y-argent\/#article","isPartOf":{"@id":"https:\/\/contrastes.com.co\/web\/2021\/05\/25\/no-son-buenas-las-noticias-que-llegan-desde-el-seno-de-la-seleccion-colombia-por-medio-de-un-comunicado-se-pudo-conocer-que-juan-fernando-quintero-no-podra-estar-para-los-partidos-ante-peru-y-argent\/"},"author":{"name":"Editor","@id":"https:\/\/contrastes.com.co\/web\/#\/schema\/person\/62ef7a62dc4da6de450c71fc2e95ed02"},"headline":"Juan Fernando Quintero, fuera de los partidos ante Per\u00fa y Argentina","datePublished":"2021-05-25T19:22:13+00:00","mainEntityOfPage":{"@id":"https:\/\/contrastes.com.co\/web\/2021\/05\/25\/no-son-buenas-las-noticias-que-llegan-desde-el-seno-de-la-seleccion-colombia-por-medio-de-un-comunicado-se-pudo-conocer-que-juan-fernando-quintero-no-podra-estar-para-los-partidos-ante-peru-y-argent\/"},"wordCount":238,"commentCount":0,"publisher":{"@id":"https:\/\/contrastes.com.co\/web\/#organization"},"image":{"@id":"https:\/\/contrastes.com.co\/web\/2021\/05\/25\/no-son-buenas-las-noticias-que-llegan-desde-el-seno-de-la-seleccion-colombia-por-medio-de-un-comunicado-se-pudo-conocer-que-juan-fernando-quintero-no-podra-estar-para-los-partidos-ante-peru-y-argent\/#primaryimage"},"thumbnailUrl":"","keywords":["QUINTERO","REINALDO RUEDA","selecci\u00f3n colombia"],"articleSection":["Pa\u00eds"],"inLanguage":"es","potentialAction":[{"@type":"CommentAction","name":"Comment","target":["https:\/\/contrastes.com.co\/web\/2021\/05\/25\/no-son-buenas-las-noticias-que-llegan-desde-el-seno-de-la-seleccion-colombia-por-medio-de-un-comunicado-se-pudo-conocer-que-juan-fernando-quintero-no-podra-estar-para-los-partidos-ante-peru-y-argent\/#respond"]}]},{"@type":"WebPage","@id":"https:\/\/contrastes.com.co\/web\/2021\/05\/25\/no-son-buenas-las-noticias-que-llegan-desde-el-seno-de-la-seleccion-colombia-por-medio-de-un-comunicado-se-pudo-conocer-que-juan-fernando-quintero-no-podra-estar-para-los-partidos-ante-peru-y-argent\/","url":"https:\/\/contrastes.com.co\/web\/2021\/05\/25\/no-son-buenas-las-noticias-que-llegan-desde-el-seno-de-la-seleccion-colombia-por-medio-de-un-comunicado-se-pudo-conocer-que-juan-fernando-quintero-no-podra-estar-para-los-partidos-ante-peru-y-argent\/","name":"Juan Fernando Quintero, fuera de los partidos ante Per\u00fa y Argentina - Constrastes","isPartOf":{"@id":"https:\/\/contrastes.com.co\/web\/#website"},"primaryImageOfPage":{"@id":"https:\/\/contrastes.com.co\/web\/2021\/05\/25\/no-son-buenas-las-noticias-que-llegan-desde-el-seno-de-la-seleccion-colombia-por-medio-de-un-comunicado-se-pudo-conocer-que-juan-fernando-quintero-no-podra-estar-para-los-partidos-ante-peru-y-argent\/#primaryimage"},"image":{"@id":"https:\/\/contrastes.com.co\/web\/2021\/05\/25\/no-son-buenas-las-noticias-que-llegan-desde-el-seno-de-la-seleccion-colombia-por-medio-de-un-comunicado-se-pudo-conocer-que-juan-fernando-quintero-no-podra-estar-para-los-partidos-ante-peru-y-argent\/#primaryimage"},"thumbnailUrl":"","datePublished":"2021-05-25T19:22:13+00:00","breadcrumb":{"@id":"https:\/\/contrastes.com.co\/web\/2021\/05\/25\/no-son-buenas-las-noticias-que-llegan-desde-el-seno-de-la-seleccion-colombia-por-medio-de-un-comunicado-se-pudo-conocer-que-juan-fernando-quintero-no-podra-estar-para-los-partidos-ante-peru-y-argent\/#breadcrumb"},"inLanguage":"es","potentialAction":[{"@type":"ReadAction","target":["https:\/\/contrastes.com.co\/web\/2021\/05\/25\/no-son-buenas-las-noticias-que-llegan-desde-el-seno-de-la-seleccion-colombia-por-medio-de-un-comunicado-se-pudo-conocer-que-juan-fernando-quintero-no-podra-estar-para-los-partidos-ante-peru-y-argent\/"]}]},{"@type":"ImageObject","inLanguage":"es","@id":"https:\/\/contrastes.com.co\/web\/2021\/05\/25\/no-son-buenas-las-noticias-que-llegan-desde-el-seno-de-la-seleccion-colombia-por-medio-de-un-comunicado-se-pudo-conocer-que-juan-fernando-quintero-no-podra-estar-para-los-partidos-ante-peru-y-argent\/#primaryimage","url":"","contentUrl":""},{"@type":"BreadcrumbList","@id":"https:\/\/contrastes.com.co\/web\/2021\/05\/25\/no-son-buenas-las-noticias-que-llegan-desde-el-seno-de-la-seleccion-colombia-por-medio-de-un-comunicado-se-pudo-conocer-que-juan-fernando-quintero-no-podra-estar-para-los-partidos-ante-peru-y-argent\/#breadcrumb","itemListElement":[{"@type":"ListItem","position":1,"name":"Portada","item":"https:\/\/contrastes.com.co\/web\/"},{"@type":"ListItem","position":2,"name":"Juan Fernando Quintero, fuera de los partidos ante Per\u00fa y Argentina"}]},{"@type":"WebSite","@id":"https:\/\/contrastes.com.co\/web\/#website","url":"https:\/\/contrastes.com.co\/web\/","name":"Contrastes","description":"Periodismo de Conciencia","publisher":{"@id":"https:\/\/contrastes.com.co\/web\/#organization"},"potentialAction":[{"@type":"SearchAction","target":{"@type":"EntryPoint","urlTemplate":"https:\/\/contrastes.com.co\/web\/?s={search_term_string}"},"query-input":{"@type":"PropertyValueSpecification","valueRequired":true,"valueName":"search_term_string"}}],"inLanguage":"es"},{"@type":"Organization","@id":"https:\/\/contrastes.com.co\/web\/#organization","name":"Contrastes","url":"https:\/\/contrastes.com.co\/web\/","logo":{"@type":"ImageObject","inLanguage":"es","@id":"https:\/\/contrastes.com.co\/web\/#\/schema\/logo\/image\/","url":"https:\/\/contrastes.com.co\/web\/wp-content\/uploads\/2025\/04\/15CONTRASTES3.png","contentUrl":"https:\/\/contrastes.com.co\/web\/wp-content\/uploads\/2025\/04\/15CONTRASTES3.png","width":1536,"height":231,"caption":"Contrastes"},"image":{"@id":"https:\/\/contrastes.com.co\/web\/#\/schema\/logo\/image\/"},"sameAs":["https:\/\/www.facebook.com\/guillo.pantoja.1"]},{"@type":"Person","@id":"https:\/\/contrastes.com.co\/web\/#\/schema\/person\/62ef7a62dc4da6de450c71fc2e95ed02","name":"Editor","image":{"@type":"ImageObject","inLanguage":"es","@id":"https:\/\/secure.gravatar.com\/avatar\/7bbb4f718d74bbf600dc556253bb04fd7ac8593751d6e2e3b85432d98aefae80?s=96&d=mm&r=g","url":"https:\/\/secure.gravatar.com\/avatar\/7bbb4f718d74bbf600dc556253bb04fd7ac8593751d6e2e3b85432d98aefae80?s=96&d=mm&r=g","contentUrl":"https:\/\/secure.gravatar.com\/avatar\/7bbb4f718d74bbf600dc556253bb04fd7ac8593751d6e2e3b85432d98aefae80?s=96&d=mm&r=g","caption":"Editor"},"sameAs":["https:\/\/contrastes.com.co\/web"],"url":"https:\/\/contrastes.com.co\/web\/author\/jdbobadilla\/"}]}},"blog_post_layout_featured_media_urls":{"thumbnail":"","full":""},"categories_names":{"101":{"name":"Pa\u00eds","link":"https:\/\/contrastes.com.co\/web\/category\/pais\/"}},"tags_names":{"3442":{"name":"QUINTERO","link":"https:\/\/contrastes.com.co\/web\/tag\/quintero\/"},"3443":{"name":"REINALDO RUEDA","link":"https:\/\/contrastes.com.co\/web\/tag\/reinaldo-rueda\/"},"1533":{"name":"selecci\u00f3n colombia","link":"https:\/\/contrastes.com.co\/web\/tag\/seleccion-colombia\/"}},"comments_number":"0","wpmagazine_modules_lite_featured_media_urls":{"thumbnail":"","cvmm-medium":"","cvmm-medium-plus":"","cvmm-portrait":"","cvmm-medium-square":"","cvmm-large":"","cvmm-small":"","full":""},"_links":{"self":[{"href":"https:\/\/contrastes.com.co\/web\/wp-json\/wp\/v2\/posts\/5999","targetHints":{"allow":["GET"]}}],"collection":[{"href":"https:\/\/contrastes.com.co\/web\/wp-json\/wp\/v2\/posts"}],"about":[{"href":"https:\/\/contrastes.com.co\/web\/wp-json\/wp\/v2\/types\/post"}],"author":[{"embeddable":true,"href":"https:\/\/contrastes.com.co\/web\/wp-json\/wp\/v2\/users\/1"}],"replies":[{"embeddable":true,"href":"https:\/\/contrastes.com.co\/web\/wp-json\/wp\/v2\/comments?post=5999"}],"version-history":[{"count":0,"href":"https:\/\/contrastes.com.co\/web\/wp-json\/wp\/v2\/posts\/5999\/revisions"}],"wp:attachment":[{"href":"https:\/\/contrastes.com.co\/web\/wp-json\/wp\/v2\/media?parent=5999"}],"wp:term":[{"taxonomy":"category","embeddable":true,"href":"https:\/\/contrastes.com.co\/web\/wp-json\/wp\/v2\/categories?post=5999"},{"taxonomy":"post_tag","embeddable":true,"href":"https:\/\/contrastes.com.co\/web\/wp-json\/wp\/v2\/tags?post=5999"}],"curies":[{"name":"wp","href":"https:\/\/api.w.org\/{rel}","templated":true}]}}