{"id":6064,"date":"2021-05-28T12:47:59","date_gmt":"2021-05-28T17:47:59","guid":{"rendered":"https:\/\/contrastes.com.co\/digital\/?p=6064"},"modified":"2021-05-28T12:47:59","modified_gmt":"2021-05-28T17:47:59","slug":"reiteran-llamado-a-poblacion-entre-65-y-79-anos-que-aun-no-se-vacuna-contra-el-covid-19","status":"publish","type":"post","link":"https:\/\/contrastes.com.co\/web\/2021\/05\/28\/reiteran-llamado-a-poblacion-entre-65-y-79-anos-que-aun-no-se-vacuna-contra-el-covid-19\/","title":{"rendered":"Reiteran llamado a poblaci\u00f3n entre 65 y 79 a\u00f1os que a\u00fan no se vacuna contra el Covid-19"},"content":{"rendered":"<p><strong>Gerente del Hospital Materno reitera llamado a poblaci\u00f3n entre 65 y 79 a\u00f1os que a\u00fan no se vacuna contra el Covid-19<\/strong><\/p>\n<blockquote><p><strong>Por otra parte, la vacunaci\u00f3n para otros rangos de edades contin\u00faa en la municipalidad, 55 a 59 a\u00f1os, 50 a 54 y 40 a 49 a\u00f1os con comorbilidades, que aparezcan priorizadas en el aplicativo Mi Vacuna del Ministerio de Salud y posterior agendamiento de sus citas.<\/strong><\/p><\/blockquote>\n<p><strong>Soledad.-<\/strong> El gerente del Hospital Materno Infantil de Soledad, Juan Esteban S\u00e1nchez P\u00e1ez, ha mostrado su satisfacci\u00f3n por el importante avance de la vacunaci\u00f3n en Soledad, pero al tiempo, ha expresado su preocupaci\u00f3n por el bajo n\u00famero de vacunados contra el Covid-19, en los rangos de 65 a 69 a\u00f1os de edad, 70 a 74 y 75 a 79 a\u00f1os, indicando que est\u00e1 poblaci\u00f3n ha sido la m\u00e1s renuente para aplicarse el biol\u00f3gico.<\/p>\n<p>La invitaci\u00f3n la hizo extensiva a este sector de la poblaci\u00f3n, se\u00f1alando que esto es cuesti\u00f3n de vida y el colocarse la vacuna los previene de complicaciones de la enfermedad. \u00abEl llamado nuevamente lo hacemos para que los adultos que se encuentran en estos rangos de 65 a 79 a\u00f1os, acudan a cualquiera de los puntos que tenemos habilitados en nuestra instituci\u00f3n, por su salud y bienestar de sus familias\u00bb, indic\u00f3 S\u00e1nchez P\u00e1ez, gerente Materno Infantil.<\/p>\n<p>Por otra parte, la vacunaci\u00f3n para otros rangos de edades contin\u00faa en la municipalidad, 55 a 59 a\u00f1os, 50 a 54 y 40 a 49 a\u00f1os con comorbilidades, que aparezcan priorizadas en el aplicativo Mi Vacuna del Ministerio de Salud y posterior agendamiento de sus citas.<\/p>\n","protected":false},"excerpt":{"rendered":"<p>El gerente del Hospital Materno Infantil de Soledad, Juan Esteban S\u00e1nchez P\u00e1ez, ha mostrado su satisfacci\u00f3n por el importante avance de la vacunaci\u00f3n en Soledad, pero al tiempo, ha expresado su preocupaci\u00f3n por el bajo n\u00famero de vacunados contra el Covid-19, en los rangos de 65 a 69 a\u00f1os de edad, 70 a 74 y 75 a 79 a\u00f1os, indicando que est\u00e1 poblaci\u00f3n ha sido la m\u00e1s renuente para aplicarse el biol\u00f3gico.<\/p>\n","protected":false},"author":1,"featured_media":6065,"comment_status":"open","ping_status":"open","sticky":false,"template":"","format":"standard","meta":{"footnotes":""},"categories":[73,23,2872],"tags":[1148,28,3385,2041,3481,51,2604],"class_list":["post-6064","post","type-post","status-publish","format-standard","has-post-thumbnail","hentry","category-coronavirus","category-locales","category-vacunacion","tag-alcaldia-de-sabanalarga","tag-alcaldia-de-soledad","tag-gerente-de-la-ese-materno-infantil-de-soledad","tag-juan-sanchez-paez","tag-llamado-a-vacunarse","tag-municipio-de-soledad","tag-vacunacion-covid-19"],"yoast_head":"<!-- This site is optimized with the Yoast SEO plugin v27.7 - https:\/\/yoast.com\/product\/yoast-seo-wordpress\/ -->\n<title>Reiteran llamado a poblaci\u00f3n entre 65 y 79 a\u00f1os que a\u00fan no se vacuna contra el Covid-19 - Constrastes<\/title>\n<meta name=\"description\" content=\"El gerente del Hospital Materno Infantil de Soledad, Juan Esteban S\u00e1nchez P\u00e1ez, ha mostrado su satisfacci\u00f3n por el importante avance de la vacunaci\u00f3n en Soledad, pero al tiempo, ha expresado su preocupaci\u00f3n por el bajo n\u00famero de vacunados contra el Covid-19, en los rangos de 65 a 69 a\u00f1os de edad, 70 a 74 y 75 a 79 a\u00f1os, indicando que est\u00e1 poblaci\u00f3n ha sido la m\u00e1s renuente para aplicarse el biol\u00f3gico.\" \/>\n<meta name=\"robots\" content=\"index, follow, max-snippet:-1, max-image-preview:large, max-video-preview:-1\" \/>\n<link rel=\"canonical\" href=\"https:\/\/contrastes.com.co\/web\/2021\/05\/28\/reiteran-llamado-a-poblacion-entre-65-y-79-anos-que-aun-no-se-vacuna-contra-el-covid-19\/\" \/>\n<meta property=\"og:locale\" content=\"es_ES\" \/>\n<meta property=\"og:type\" content=\"article\" \/>\n<meta property=\"og:title\" content=\"Reiteran llamado a poblaci\u00f3n entre 65 y 79 a\u00f1os que a\u00fan no se vacuna contra el Covid-19 - Constrastes\" \/>\n<meta property=\"og:description\" content=\"El gerente del Hospital Materno Infantil de Soledad, Juan Esteban S\u00e1nchez P\u00e1ez, ha mostrado su satisfacci\u00f3n por el importante avance de la vacunaci\u00f3n en Soledad, pero al tiempo, ha expresado su preocupaci\u00f3n por el bajo n\u00famero de vacunados contra el Covid-19, en los rangos de 65 a 69 a\u00f1os de edad, 70 a 74 y 75 a 79 a\u00f1os, indicando que est\u00e1 poblaci\u00f3n ha sido la m\u00e1s renuente para aplicarse el biol\u00f3gico.\" \/>\n<meta property=\"og:url\" content=\"https:\/\/contrastes.com.co\/web\/2021\/05\/28\/reiteran-llamado-a-poblacion-entre-65-y-79-anos-que-aun-no-se-vacuna-contra-el-covid-19\/\" \/>\n<meta property=\"og:site_name\" content=\"Constrastes\" \/>\n<meta property=\"article:publisher\" content=\"https:\/\/www.facebook.com\/guillo.pantoja.1\" \/>\n<meta property=\"article:published_time\" content=\"2021-05-28T17:47:59+00:00\" \/>\n<meta name=\"author\" content=\"Editor\" \/>\n<meta name=\"twitter:card\" content=\"summary_large_image\" \/>\n<meta name=\"twitter:label1\" content=\"Escrito por\" \/>\n\t<meta name=\"twitter:data1\" content=\"Editor\" \/>\n\t<meta name=\"twitter:label2\" content=\"Tiempo de lectura\" \/>\n\t<meta name=\"twitter:data2\" content=\"1 minuto\" \/>\n<script type=\"application\/ld+json\" class=\"yoast-schema-graph\">{\"@context\":\"https:\\\/\\\/schema.org\",\"@graph\":[{\"@type\":\"Article\",\"@id\":\"https:\\\/\\\/contrastes.com.co\\\/web\\\/2021\\\/05\\\/28\\\/reiteran-llamado-a-poblacion-entre-65-y-79-anos-que-aun-no-se-vacuna-contra-el-covid-19\\\/#article\",\"isPartOf\":{\"@id\":\"https:\\\/\\\/contrastes.com.co\\\/web\\\/2021\\\/05\\\/28\\\/reiteran-llamado-a-poblacion-entre-65-y-79-anos-que-aun-no-se-vacuna-contra-el-covid-19\\\/\"},\"author\":{\"name\":\"Editor\",\"@id\":\"https:\\\/\\\/contrastes.com.co\\\/web\\\/#\\\/schema\\\/person\\\/62ef7a62dc4da6de450c71fc2e95ed02\"},\"headline\":\"Reiteran llamado a poblaci\u00f3n entre 65 y 79 a\u00f1os que a\u00fan no se vacuna contra el Covid-19\",\"datePublished\":\"2021-05-28T17:47:59+00:00\",\"mainEntityOfPage\":{\"@id\":\"https:\\\/\\\/contrastes.com.co\\\/web\\\/2021\\\/05\\\/28\\\/reiteran-llamado-a-poblacion-entre-65-y-79-anos-que-aun-no-se-vacuna-contra-el-covid-19\\\/\"},\"wordCount\":289,\"commentCount\":0,\"publisher\":{\"@id\":\"https:\\\/\\\/contrastes.com.co\\\/web\\\/#organization\"},\"image\":{\"@id\":\"https:\\\/\\\/contrastes.com.co\\\/web\\\/2021\\\/05\\\/28\\\/reiteran-llamado-a-poblacion-entre-65-y-79-anos-que-aun-no-se-vacuna-contra-el-covid-19\\\/#primaryimage\"},\"thumbnailUrl\":\"\",\"keywords\":[\"alcaldia de sabanalarga\",\"alcaldia de Soledad\",\"gerente de la ESE Materno Infantil de Soledad\",\"Juan S\u00e1nchez P\u00e1ez\",\"llamado a vacunarse\",\"municipio de soledad\",\"Vacunaci\u00f3n Covid-19\"],\"articleSection\":[\"Coronavirus\",\"Locales\",\"Vacunaci\u00f3n\"],\"inLanguage\":\"es\",\"potentialAction\":[{\"@type\":\"CommentAction\",\"name\":\"Comment\",\"target\":[\"https:\\\/\\\/contrastes.com.co\\\/web\\\/2021\\\/05\\\/28\\\/reiteran-llamado-a-poblacion-entre-65-y-79-anos-que-aun-no-se-vacuna-contra-el-covid-19\\\/#respond\"]}]},{\"@type\":\"WebPage\",\"@id\":\"https:\\\/\\\/contrastes.com.co\\\/web\\\/2021\\\/05\\\/28\\\/reiteran-llamado-a-poblacion-entre-65-y-79-anos-que-aun-no-se-vacuna-contra-el-covid-19\\\/\",\"url\":\"https:\\\/\\\/contrastes.com.co\\\/web\\\/2021\\\/05\\\/28\\\/reiteran-llamado-a-poblacion-entre-65-y-79-anos-que-aun-no-se-vacuna-contra-el-covid-19\\\/\",\"name\":\"Reiteran llamado a poblaci\u00f3n entre 65 y 79 a\u00f1os que a\u00fan no se vacuna contra el Covid-19 - Constrastes\",\"isPartOf\":{\"@id\":\"https:\\\/\\\/contrastes.com.co\\\/web\\\/#website\"},\"primaryImageOfPage\":{\"@id\":\"https:\\\/\\\/contrastes.com.co\\\/web\\\/2021\\\/05\\\/28\\\/reiteran-llamado-a-poblacion-entre-65-y-79-anos-que-aun-no-se-vacuna-contra-el-covid-19\\\/#primaryimage\"},\"image\":{\"@id\":\"https:\\\/\\\/contrastes.com.co\\\/web\\\/2021\\\/05\\\/28\\\/reiteran-llamado-a-poblacion-entre-65-y-79-anos-que-aun-no-se-vacuna-contra-el-covid-19\\\/#primaryimage\"},\"thumbnailUrl\":\"\",\"datePublished\":\"2021-05-28T17:47:59+00:00\",\"description\":\"El gerente del Hospital Materno Infantil de Soledad, Juan Esteban S\u00e1nchez P\u00e1ez, ha mostrado su satisfacci\u00f3n por el importante avance de la vacunaci\u00f3n en Soledad, pero al tiempo, ha expresado su preocupaci\u00f3n por el bajo n\u00famero de vacunados contra el Covid-19, en los rangos de 65 a 69 a\u00f1os de edad, 70 a 74 y 75 a 79 a\u00f1os, indicando que est\u00e1 poblaci\u00f3n ha sido la m\u00e1s renuente para aplicarse el biol\u00f3gico.\",\"breadcrumb\":{\"@id\":\"https:\\\/\\\/contrastes.com.co\\\/web\\\/2021\\\/05\\\/28\\\/reiteran-llamado-a-poblacion-entre-65-y-79-anos-que-aun-no-se-vacuna-contra-el-covid-19\\\/#breadcrumb\"},\"inLanguage\":\"es\",\"potentialAction\":[{\"@type\":\"ReadAction\",\"target\":[\"https:\\\/\\\/contrastes.com.co\\\/web\\\/2021\\\/05\\\/28\\\/reiteran-llamado-a-poblacion-entre-65-y-79-anos-que-aun-no-se-vacuna-contra-el-covid-19\\\/\"]}]},{\"@type\":\"ImageObject\",\"inLanguage\":\"es\",\"@id\":\"https:\\\/\\\/contrastes.com.co\\\/web\\\/2021\\\/05\\\/28\\\/reiteran-llamado-a-poblacion-entre-65-y-79-anos-que-aun-no-se-vacuna-contra-el-covid-19\\\/#primaryimage\",\"url\":\"\",\"contentUrl\":\"\"},{\"@type\":\"BreadcrumbList\",\"@id\":\"https:\\\/\\\/contrastes.com.co\\\/web\\\/2021\\\/05\\\/28\\\/reiteran-llamado-a-poblacion-entre-65-y-79-anos-que-aun-no-se-vacuna-contra-el-covid-19\\\/#breadcrumb\",\"itemListElement\":[{\"@type\":\"ListItem\",\"position\":1,\"name\":\"Portada\",\"item\":\"https:\\\/\\\/contrastes.com.co\\\/web\\\/\"},{\"@type\":\"ListItem\",\"position\":2,\"name\":\"Reiteran llamado a poblaci\u00f3n entre 65 y 79 a\u00f1os que a\u00fan no se vacuna contra el Covid-19\"}]},{\"@type\":\"WebSite\",\"@id\":\"https:\\\/\\\/contrastes.com.co\\\/web\\\/#website\",\"url\":\"https:\\\/\\\/contrastes.com.co\\\/web\\\/\",\"name\":\"Contrastes\",\"description\":\"Periodismo de Conciencia\",\"publisher\":{\"@id\":\"https:\\\/\\\/contrastes.com.co\\\/web\\\/#organization\"},\"potentialAction\":[{\"@type\":\"SearchAction\",\"target\":{\"@type\":\"EntryPoint\",\"urlTemplate\":\"https:\\\/\\\/contrastes.com.co\\\/web\\\/?s={search_term_string}\"},\"query-input\":{\"@type\":\"PropertyValueSpecification\",\"valueRequired\":true,\"valueName\":\"search_term_string\"}}],\"inLanguage\":\"es\"},{\"@type\":\"Organization\",\"@id\":\"https:\\\/\\\/contrastes.com.co\\\/web\\\/#organization\",\"name\":\"Contrastes\",\"url\":\"https:\\\/\\\/contrastes.com.co\\\/web\\\/\",\"logo\":{\"@type\":\"ImageObject\",\"inLanguage\":\"es\",\"@id\":\"https:\\\/\\\/contrastes.com.co\\\/web\\\/#\\\/schema\\\/logo\\\/image\\\/\",\"url\":\"https:\\\/\\\/contrastes.com.co\\\/web\\\/wp-content\\\/uploads\\\/2025\\\/04\\\/15CONTRASTES3.png\",\"contentUrl\":\"https:\\\/\\\/contrastes.com.co\\\/web\\\/wp-content\\\/uploads\\\/2025\\\/04\\\/15CONTRASTES3.png\",\"width\":1536,\"height\":231,\"caption\":\"Contrastes\"},\"image\":{\"@id\":\"https:\\\/\\\/contrastes.com.co\\\/web\\\/#\\\/schema\\\/logo\\\/image\\\/\"},\"sameAs\":[\"https:\\\/\\\/www.facebook.com\\\/guillo.pantoja.1\"]},{\"@type\":\"Person\",\"@id\":\"https:\\\/\\\/contrastes.com.co\\\/web\\\/#\\\/schema\\\/person\\\/62ef7a62dc4da6de450c71fc2e95ed02\",\"name\":\"Editor\",\"image\":{\"@type\":\"ImageObject\",\"inLanguage\":\"es\",\"@id\":\"https:\\\/\\\/secure.gravatar.com\\\/avatar\\\/7bbb4f718d74bbf600dc556253bb04fd7ac8593751d6e2e3b85432d98aefae80?s=96&d=mm&r=g\",\"url\":\"https:\\\/\\\/secure.gravatar.com\\\/avatar\\\/7bbb4f718d74bbf600dc556253bb04fd7ac8593751d6e2e3b85432d98aefae80?s=96&d=mm&r=g\",\"contentUrl\":\"https:\\\/\\\/secure.gravatar.com\\\/avatar\\\/7bbb4f718d74bbf600dc556253bb04fd7ac8593751d6e2e3b85432d98aefae80?s=96&d=mm&r=g\",\"caption\":\"Editor\"},\"sameAs\":[\"https:\\\/\\\/contrastes.com.co\\\/web\"],\"url\":\"https:\\\/\\\/contrastes.com.co\\\/web\\\/author\\\/jdbobadilla\\\/\"}]}<\/script>\n<!-- \/ Yoast SEO plugin. -->","yoast_head_json":{"title":"Reiteran llamado a poblaci\u00f3n entre 65 y 79 a\u00f1os que a\u00fan no se vacuna contra el Covid-19 - Constrastes","description":"El gerente del Hospital Materno Infantil de Soledad, Juan Esteban S\u00e1nchez P\u00e1ez, ha mostrado su satisfacci\u00f3n por el importante avance de la vacunaci\u00f3n en Soledad, pero al tiempo, ha expresado su preocupaci\u00f3n por el bajo n\u00famero de vacunados contra el Covid-19, en los rangos de 65 a 69 a\u00f1os de edad, 70 a 74 y 75 a 79 a\u00f1os, indicando que est\u00e1 poblaci\u00f3n ha sido la m\u00e1s renuente para aplicarse el biol\u00f3gico.","robots":{"index":"index","follow":"follow","max-snippet":"max-snippet:-1","max-image-preview":"max-image-preview:large","max-video-preview":"max-video-preview:-1"},"canonical":"https:\/\/contrastes.com.co\/web\/2021\/05\/28\/reiteran-llamado-a-poblacion-entre-65-y-79-anos-que-aun-no-se-vacuna-contra-el-covid-19\/","og_locale":"es_ES","og_type":"article","og_title":"Reiteran llamado a poblaci\u00f3n entre 65 y 79 a\u00f1os que a\u00fan no se vacuna contra el Covid-19 - Constrastes","og_description":"El gerente del Hospital Materno Infantil de Soledad, Juan Esteban S\u00e1nchez P\u00e1ez, ha mostrado su satisfacci\u00f3n por el importante avance de la vacunaci\u00f3n en Soledad, pero al tiempo, ha expresado su preocupaci\u00f3n por el bajo n\u00famero de vacunados contra el Covid-19, en los rangos de 65 a 69 a\u00f1os de edad, 70 a 74 y 75 a 79 a\u00f1os, indicando que est\u00e1 poblaci\u00f3n ha sido la m\u00e1s renuente para aplicarse el biol\u00f3gico.","og_url":"https:\/\/contrastes.com.co\/web\/2021\/05\/28\/reiteran-llamado-a-poblacion-entre-65-y-79-anos-que-aun-no-se-vacuna-contra-el-covid-19\/","og_site_name":"Constrastes","article_publisher":"https:\/\/www.facebook.com\/guillo.pantoja.1","article_published_time":"2021-05-28T17:47:59+00:00","author":"Editor","twitter_card":"summary_large_image","twitter_misc":{"Escrito por":"Editor","Tiempo de lectura":"1 minuto"},"schema":{"@context":"https:\/\/schema.org","@graph":[{"@type":"Article","@id":"https:\/\/contrastes.com.co\/web\/2021\/05\/28\/reiteran-llamado-a-poblacion-entre-65-y-79-anos-que-aun-no-se-vacuna-contra-el-covid-19\/#article","isPartOf":{"@id":"https:\/\/contrastes.com.co\/web\/2021\/05\/28\/reiteran-llamado-a-poblacion-entre-65-y-79-anos-que-aun-no-se-vacuna-contra-el-covid-19\/"},"author":{"name":"Editor","@id":"https:\/\/contrastes.com.co\/web\/#\/schema\/person\/62ef7a62dc4da6de450c71fc2e95ed02"},"headline":"Reiteran llamado a poblaci\u00f3n entre 65 y 79 a\u00f1os que a\u00fan no se vacuna contra el Covid-19","datePublished":"2021-05-28T17:47:59+00:00","mainEntityOfPage":{"@id":"https:\/\/contrastes.com.co\/web\/2021\/05\/28\/reiteran-llamado-a-poblacion-entre-65-y-79-anos-que-aun-no-se-vacuna-contra-el-covid-19\/"},"wordCount":289,"commentCount":0,"publisher":{"@id":"https:\/\/contrastes.com.co\/web\/#organization"},"image":{"@id":"https:\/\/contrastes.com.co\/web\/2021\/05\/28\/reiteran-llamado-a-poblacion-entre-65-y-79-anos-que-aun-no-se-vacuna-contra-el-covid-19\/#primaryimage"},"thumbnailUrl":"","keywords":["alcaldia de sabanalarga","alcaldia de Soledad","gerente de la ESE Materno Infantil de Soledad","Juan S\u00e1nchez P\u00e1ez","llamado a vacunarse","municipio de soledad","Vacunaci\u00f3n Covid-19"],"articleSection":["Coronavirus","Locales","Vacunaci\u00f3n"],"inLanguage":"es","potentialAction":[{"@type":"CommentAction","name":"Comment","target":["https:\/\/contrastes.com.co\/web\/2021\/05\/28\/reiteran-llamado-a-poblacion-entre-65-y-79-anos-que-aun-no-se-vacuna-contra-el-covid-19\/#respond"]}]},{"@type":"WebPage","@id":"https:\/\/contrastes.com.co\/web\/2021\/05\/28\/reiteran-llamado-a-poblacion-entre-65-y-79-anos-que-aun-no-se-vacuna-contra-el-covid-19\/","url":"https:\/\/contrastes.com.co\/web\/2021\/05\/28\/reiteran-llamado-a-poblacion-entre-65-y-79-anos-que-aun-no-se-vacuna-contra-el-covid-19\/","name":"Reiteran llamado a poblaci\u00f3n entre 65 y 79 a\u00f1os que a\u00fan no se vacuna contra el Covid-19 - Constrastes","isPartOf":{"@id":"https:\/\/contrastes.com.co\/web\/#website"},"primaryImageOfPage":{"@id":"https:\/\/contrastes.com.co\/web\/2021\/05\/28\/reiteran-llamado-a-poblacion-entre-65-y-79-anos-que-aun-no-se-vacuna-contra-el-covid-19\/#primaryimage"},"image":{"@id":"https:\/\/contrastes.com.co\/web\/2021\/05\/28\/reiteran-llamado-a-poblacion-entre-65-y-79-anos-que-aun-no-se-vacuna-contra-el-covid-19\/#primaryimage"},"thumbnailUrl":"","datePublished":"2021-05-28T17:47:59+00:00","description":"El gerente del Hospital Materno Infantil de Soledad, Juan Esteban S\u00e1nchez P\u00e1ez, ha mostrado su satisfacci\u00f3n por el importante avance de la vacunaci\u00f3n en Soledad, pero al tiempo, ha expresado su preocupaci\u00f3n por el bajo n\u00famero de vacunados contra el Covid-19, en los rangos de 65 a 69 a\u00f1os de edad, 70 a 74 y 75 a 79 a\u00f1os, indicando que est\u00e1 poblaci\u00f3n ha sido la m\u00e1s renuente para aplicarse el biol\u00f3gico.","breadcrumb":{"@id":"https:\/\/contrastes.com.co\/web\/2021\/05\/28\/reiteran-llamado-a-poblacion-entre-65-y-79-anos-que-aun-no-se-vacuna-contra-el-covid-19\/#breadcrumb"},"inLanguage":"es","potentialAction":[{"@type":"ReadAction","target":["https:\/\/contrastes.com.co\/web\/2021\/05\/28\/reiteran-llamado-a-poblacion-entre-65-y-79-anos-que-aun-no-se-vacuna-contra-el-covid-19\/"]}]},{"@type":"ImageObject","inLanguage":"es","@id":"https:\/\/contrastes.com.co\/web\/2021\/05\/28\/reiteran-llamado-a-poblacion-entre-65-y-79-anos-que-aun-no-se-vacuna-contra-el-covid-19\/#primaryimage","url":"","contentUrl":""},{"@type":"BreadcrumbList","@id":"https:\/\/contrastes.com.co\/web\/2021\/05\/28\/reiteran-llamado-a-poblacion-entre-65-y-79-anos-que-aun-no-se-vacuna-contra-el-covid-19\/#breadcrumb","itemListElement":[{"@type":"ListItem","position":1,"name":"Portada","item":"https:\/\/contrastes.com.co\/web\/"},{"@type":"ListItem","position":2,"name":"Reiteran llamado a poblaci\u00f3n entre 65 y 79 a\u00f1os que a\u00fan no se vacuna contra el Covid-19"}]},{"@type":"WebSite","@id":"https:\/\/contrastes.com.co\/web\/#website","url":"https:\/\/contrastes.com.co\/web\/","name":"Contrastes","description":"Periodismo de Conciencia","publisher":{"@id":"https:\/\/contrastes.com.co\/web\/#organization"},"potentialAction":[{"@type":"SearchAction","target":{"@type":"EntryPoint","urlTemplate":"https:\/\/contrastes.com.co\/web\/?s={search_term_string}"},"query-input":{"@type":"PropertyValueSpecification","valueRequired":true,"valueName":"search_term_string"}}],"inLanguage":"es"},{"@type":"Organization","@id":"https:\/\/contrastes.com.co\/web\/#organization","name":"Contrastes","url":"https:\/\/contrastes.com.co\/web\/","logo":{"@type":"ImageObject","inLanguage":"es","@id":"https:\/\/contrastes.com.co\/web\/#\/schema\/logo\/image\/","url":"https:\/\/contrastes.com.co\/web\/wp-content\/uploads\/2025\/04\/15CONTRASTES3.png","contentUrl":"https:\/\/contrastes.com.co\/web\/wp-content\/uploads\/2025\/04\/15CONTRASTES3.png","width":1536,"height":231,"caption":"Contrastes"},"image":{"@id":"https:\/\/contrastes.com.co\/web\/#\/schema\/logo\/image\/"},"sameAs":["https:\/\/www.facebook.com\/guillo.pantoja.1"]},{"@type":"Person","@id":"https:\/\/contrastes.com.co\/web\/#\/schema\/person\/62ef7a62dc4da6de450c71fc2e95ed02","name":"Editor","image":{"@type":"ImageObject","inLanguage":"es","@id":"https:\/\/secure.gravatar.com\/avatar\/7bbb4f718d74bbf600dc556253bb04fd7ac8593751d6e2e3b85432d98aefae80?s=96&d=mm&r=g","url":"https:\/\/secure.gravatar.com\/avatar\/7bbb4f718d74bbf600dc556253bb04fd7ac8593751d6e2e3b85432d98aefae80?s=96&d=mm&r=g","contentUrl":"https:\/\/secure.gravatar.com\/avatar\/7bbb4f718d74bbf600dc556253bb04fd7ac8593751d6e2e3b85432d98aefae80?s=96&d=mm&r=g","caption":"Editor"},"sameAs":["https:\/\/contrastes.com.co\/web"],"url":"https:\/\/contrastes.com.co\/web\/author\/jdbobadilla\/"}]}},"blog_post_layout_featured_media_urls":{"thumbnail":"","full":""},"categories_names":{"73":{"name":"Coronavirus","link":"https:\/\/contrastes.com.co\/web\/category\/coronavirus\/"},"23":{"name":"Locales","link":"https:\/\/contrastes.com.co\/web\/category\/locales\/"},"2872":{"name":"Vacunaci\u00f3n","link":"https:\/\/contrastes.com.co\/web\/category\/vacunacion\/"}},"tags_names":{"1148":{"name":"alcaldia de sabanalarga","link":"https:\/\/contrastes.com.co\/web\/tag\/alcaldia-de-sabanalarga\/"},"28":{"name":"alcaldia de Soledad","link":"https:\/\/contrastes.com.co\/web\/tag\/alcaldia-de-soledad\/"},"3385":{"name":"gerente de la ESE Materno Infantil de Soledad","link":"https:\/\/contrastes.com.co\/web\/tag\/gerente-de-la-ese-materno-infantil-de-soledad\/"},"2041":{"name":"Juan S\u00e1nchez P\u00e1ez","link":"https:\/\/contrastes.com.co\/web\/tag\/juan-sanchez-paez\/"},"3481":{"name":"llamado a vacunarse","link":"https:\/\/contrastes.com.co\/web\/tag\/llamado-a-vacunarse\/"},"51":{"name":"municipio de soledad","link":"https:\/\/contrastes.com.co\/web\/tag\/municipio-de-soledad\/"},"2604":{"name":"Vacunaci\u00f3n Covid-19","link":"https:\/\/contrastes.com.co\/web\/tag\/vacunacion-covid-19\/"}},"comments_number":"0","wpmagazine_modules_lite_featured_media_urls":{"thumbnail":"","cvmm-medium":"","cvmm-medium-plus":"","cvmm-portrait":"","cvmm-medium-square":"","cvmm-large":"","cvmm-small":"","full":""},"_links":{"self":[{"href":"https:\/\/contrastes.com.co\/web\/wp-json\/wp\/v2\/posts\/6064","targetHints":{"allow":["GET"]}}],"collection":[{"href":"https:\/\/contrastes.com.co\/web\/wp-json\/wp\/v2\/posts"}],"about":[{"href":"https:\/\/contrastes.com.co\/web\/wp-json\/wp\/v2\/types\/post"}],"author":[{"embeddable":true,"href":"https:\/\/contrastes.com.co\/web\/wp-json\/wp\/v2\/users\/1"}],"replies":[{"embeddable":true,"href":"https:\/\/contrastes.com.co\/web\/wp-json\/wp\/v2\/comments?post=6064"}],"version-history":[{"count":0,"href":"https:\/\/contrastes.com.co\/web\/wp-json\/wp\/v2\/posts\/6064\/revisions"}],"wp:attachment":[{"href":"https:\/\/contrastes.com.co\/web\/wp-json\/wp\/v2\/media?parent=6064"}],"wp:term":[{"taxonomy":"category","embeddable":true,"href":"https:\/\/contrastes.com.co\/web\/wp-json\/wp\/v2\/categories?post=6064"},{"taxonomy":"post_tag","embeddable":true,"href":"https:\/\/contrastes.com.co\/web\/wp-json\/wp\/v2\/tags?post=6064"}],"curies":[{"name":"wp","href":"https:\/\/api.w.org\/{rel}","templated":true}]}}