{"id":6068,"date":"2021-05-28T13:16:26","date_gmt":"2021-05-28T18:16:26","guid":{"rendered":"https:\/\/contrastes.com.co\/digital\/?p=6068"},"modified":"2021-05-28T13:16:26","modified_gmt":"2021-05-28T18:16:26","slug":"un-mes-del-paro-entre-muertos-bloqueos-violencia-perdidas-economicas-y-pocos-acuerdos","status":"publish","type":"post","link":"https:\/\/contrastes.com.co\/web\/2021\/05\/28\/un-mes-del-paro-entre-muertos-bloqueos-violencia-perdidas-economicas-y-pocos-acuerdos\/","title":{"rendered":"Un mes del Paro entre muertos, bloqueos, violencia, p\u00e9rdidas econ\u00f3micas y pocos acuerdos"},"content":{"rendered":"<p><strong>Un mes de Paro Nacional: muertos, bloqueos, violencia, p\u00e9rdidas econ\u00f3micas, reforma ca\u00edda y pocos acuerdos<\/strong><\/p>\n<blockquote><p><strong>A pesar de que hay contactos entre el llamado comit\u00e9 de paro y el Gobierno nacional, no hay un avance claro frente a los bloqueos, uno de los puntos m\u00e1s \u00e1lgidos de la negociaci\u00f3n, y tampoco se ha avanzado en peticiones ciudadanas.<\/strong><\/p><\/blockquote>\n<h5><em><strong><a href=\"https:\/\/www.infobae.com\/america\/colombia\/2021\/05\/28\/el-paro-nacional-cumple-un-mes-muertos-bloqueos-violencia-perdidas-economicas-una-reforma-caida-y-pocos-acuerdos\/\">infobae.com<\/a><\/strong><\/em><\/h5>\n<p><img decoding=\"async\" class=\"alignleft  wp-image-845\" src=\"https:\/\/contrastes.com.co\/digital\/wp-content\/uploads\/2020\/05\/e-capitular.png\" alt=\"e capitular\" width=\"62\" height=\"62\" \/>l pasado 16 de abril, el Ministerio de Hacienda y Cr\u00e9dito P\u00fablico present\u00f3 el proyecto de reforma tributaria en en Congreso para iniciar su tr\u00e1mite y no pasaron ni quince d\u00edas para que la ciudadan\u00eda saliera a las calles a rechazarla, lo que gener\u00f3 que el domingo 2 de mayo el mismo presidente de la Rep\u00fablica pidiera el retiro del proyecto tras la presi\u00f3n ciudadana.<\/p>\n<p>Pero en el marco de esos d\u00edas, en Cali, por ejemplo, las manifestaciones fueron masivas y ya se hab\u00edan presentado encuentros fuertes entre el Esmad de la Polic\u00eda. Seg\u00fan el reporte del alcalde de Cali, Jorge Iv\u00e1n Ospina, el s\u00e1bado 1ro de mayo, hab\u00eda reportes de 63 personas heridas y dos fallecidas \u201cuno involucrado en la revuelta y una segunda muerte violenta en investigaci\u00f3n\u201d, adem\u00e1s, se reportaban 30 polic\u00edas afectados tambi\u00e9n. M\u00e1s tarde se confirm\u00f3 por parte de la Polic\u00eda que entre el 28 de abril y el 30 hab\u00edan muerto 10 personas en el marco de las protestas.<\/p>\n<p>Sin embargo, en un reciente informe, el Ministerio de Defensa dijo que hasta el momento se conocieron de 17 personas fallecidas por las protestas, de los cuales nueve casos siguen en proceso de verificaci\u00f3n, mientras que descartaron otros 19. Por el lado de la fuerza p\u00fablica, dos polic\u00edas han muerto (Cali y Soacha), mientras que hay reporte de 1.102 uniformados heridos, de los cuales 1.048 son hombres y 54 mujeres.<\/p>\n<p>Por su parte, Temblores ONG, indic\u00f3 que desde el 28 de abril al 24 de mayo, tienen conocimiento de al menos 43 denuncias de v\u00edctimas de violencia homicida en todo el pa\u00eds, con 18 casos en proceso de verificaci\u00f3n; 1.388 detenciones arbitrarias y 595 intervenciones violentas por parte de la fuerza p\u00fablica, adem\u00e1s de 46 v\u00edctimas de agresi\u00f3n ocular.<\/p>\n<p>El Espectador citando al Ministerio de Defensa, dice que al menos 1.175 veh\u00edculos de transporte p\u00fablico se han visto afectados, 439 oficinas bancarias da\u00f1adas al igual que 422 cajeros autom\u00e1ticos y 399 locales comerciales. Por otro lado, se suman a las afectaciones 28 peajes, 47 c\u00e1maras de fotomulta, 118 c\u00e1maras de seguridad, 66 sem\u00e1foros y 58 veh\u00edculos particulares. Adem\u00e1s de estas y otras afectaciones, el valor de los da\u00f1os est\u00e1 entre los 6 y 10 billones de pesos.<\/p>\n<p>El ministro de Hacienda, Jos\u00e9 Manuel Restrepo, enfatiz\u00f3 en que entre los sectores m\u00e1s afectados a causa de los bloqueos de las v\u00edas del territorio nacional est\u00e1 el agropecuario que ha reportado perdidas de m\u00e1s de 16 mil toneladas de productos que no se pudieron comercializar.<\/p>\n<p>Sin embargo, <strong>un mes de paro ha dejado anuncios y retiros importantes: a parte de la ca\u00edda del proyecto de reforma tributaria, tambi\u00e9n se vot\u00f3 negativamente la reforma a la salud, que era otro punto que ped\u00eda la ciudadan\u00eda, adem\u00e1s de la salida del ministro de Hacienda, Alberto Carrasquilla y su viceministro, Juan Alberto Londo\u00f1o;<\/strong> tambi\u00e9n se fue la canciller, Claudia Blum, que luego fue reemplazada por la misma vicepresidenta, Marta Luc\u00eda Ram\u00edrez; renunci\u00f3 el Alto Comisionado para la Paz, Miguel Ceballos que desde ya present\u00f3 su candidatura presidencial. Por otro lado, <strong>el presidente Iv\u00e1n Duque anunci\u00f3 que para el segundo semestre del a\u00f1o se financiar\u00eda la educaci\u00f3n universitaria p\u00fablica de los estratos 1, 2 y 3<\/strong>, pero, como se advirti\u00f3 con el hundimiento de la reforma, <strong>se acabar\u00e1 en junio el programa Ingreso Solidario<\/strong>.<\/p>\n<p><strong>Desde hace dos semanas el Comit\u00e9 del Paro y el Gobierno nacional est\u00e1n sentados<\/strong> debatiendo c\u00f3mo ponerle fin a la crisis que se presenta. Lo \u00faltimo que se conoci\u00f3 fue que se le pidi\u00f3 al Comit\u00e9 que acabar los bloqueos para continuar negociando, un punto en el que el Gobierno no piensa ceder. \u201cAlgunos miembros del comit\u00e9 del paro han insistido en promover de manera exclusiva la figura de los corredores humanitarios, sin condenar los bloqueos\u201d, explic\u00f3 Emilio Achila, Consejero Presidencial para la Estabilizaci\u00f3n.<\/p>\n<p>Tambi\u00e9n se lleg\u00f3 a un acuerdo en Buenaventura que est\u00e1 en el centro de la pol\u00e9mica por una autorizaci\u00f3n para que personas particulares puedan hacer veedur\u00eda sobre lo que transite por un corredor humanitario que se habilitar\u00eda.<\/p>\n<p>Por su parte, el Valle del Cauca, el departamento m\u00e1s impactado por los bloqueos, ha pasado de poco m\u00e1s de 73 a cerca de 40, una disminuci\u00f3n importante pero que todav\u00eda preocupa a las autoridades por las perdidas diarias, explica la Gobernadora Clara Luz Rold\u00e1n.<\/p>\n<h2><strong>Hechos recientes<\/strong><\/h2>\n<p>Esta semana el pa\u00eds fue testigo del incendio total del Palacio de Justicia de Tulu\u00e1 en hechos que no se han esclarecido aun. El fuego consumi\u00f3 casi la totalidad del edificio por dentro. El alcalde, John Jairo G\u00f3mez dijo que el centro es \u201cirreparable\u201d. Por su parte Francisco Barbosa, fiscal general dijo que el ente acusador \u201cpriorizar\u00e1 esta investigaci\u00f3n y esclarecer\u00e1 los hechos. Queremos decirle a la ciudadan\u00eda y al pa\u00eds que debe respetarse a la rama judicial del poder p\u00fablico en Colombia\u201d.<\/p>\n<p>El Ministerio de Defensa en compa\u00f1\u00eda con la Gobernaci\u00f3n del Valle en cabeza de Clara Luz Rold\u00e1n, ofrecieron una recompensa de $200 millones para dar con los responsables del centro judicial. En ese contexto muri\u00f3 Camilo Arango, joven de 18 a\u00f1os, que habr\u00eda sido v\u00edctima de una bala.<\/p>\n<p>Por su parte, el cuerpo investigativo de la Fiscal\u00eda General de la Naci\u00f3n en conjunto con la tercera Divisi\u00f3n del Ej\u00e9rcito Nacional logr\u00f3 la captura de alias \u2018Solterosky\u2019, presunto cabecilla de la segunda comisi\u00f3n de grupo armado organizado residual Estructura Sexta Dagoberto Ramos Ortiz, adem\u00e1s de otras 16 personas, que habr\u00edan participado en desmanes durante manifestaciones en Cali, y habr\u00edan coordinado movilizaci\u00f3n de personas y explosivos para ejecutar actos vand\u00e1licos.<\/p>\n","protected":false},"excerpt":{"rendered":"<p>A pesar de que hay contactos entre el llamado comit\u00e9 de paro y el Gobierno nacional, no hay un avance claro frente a los bloqueos, uno de los puntos m\u00e1s \u00e1lgidos de la negociaci\u00f3n, y tampoco se ha avanzado en peticiones ciudadanas.<\/p>\n","protected":false},"author":1,"featured_media":6069,"comment_status":"open","ping_status":"open","sticky":false,"template":"","format":"standard","meta":{"footnotes":""},"categories":[101,3255],"tags":[3356,3482,49,1240,3256,3483],"class_list":["post-6068","post","type-post","status-publish","format-standard","has-post-thumbnail","hentry","category-pais","category-protestas","tag-comite-de-paro","tag-dialogos-infructuosos","tag-gobierno-nacional","tag-paro-nacional","tag-protestas-en-colombia","tag-un-mes-del-paro"],"yoast_head":"<!-- This site is optimized with the Yoast SEO plugin v27.7 - https:\/\/yoast.com\/product\/yoast-seo-wordpress\/ -->\n<title>Un mes del Paro entre muertos, bloqueos, violencia, p\u00e9rdidas econ\u00f3micas y pocos acuerdos - Constrastes<\/title>\n<meta name=\"description\" content=\"A pesar de que hay contactos entre el llamado comit\u00e9 de paro y el Gobierno nacional, no hay un avance claro frente a los bloqueos, uno de los puntos m\u00e1s \u00e1lgidos de la negociaci\u00f3n, y tampoco se ha avanzado en peticiones ciudadanas.\" \/>\n<meta name=\"robots\" content=\"index, follow, max-snippet:-1, max-image-preview:large, max-video-preview:-1\" \/>\n<link rel=\"canonical\" href=\"https:\/\/contrastes.com.co\/web\/2021\/05\/28\/un-mes-del-paro-entre-muertos-bloqueos-violencia-perdidas-economicas-y-pocos-acuerdos\/\" \/>\n<meta property=\"og:locale\" content=\"es_ES\" \/>\n<meta property=\"og:type\" content=\"article\" \/>\n<meta property=\"og:title\" content=\"Un mes del Paro entre muertos, bloqueos, violencia, p\u00e9rdidas econ\u00f3micas y pocos acuerdos - Constrastes\" \/>\n<meta property=\"og:description\" content=\"A pesar de que hay contactos entre el llamado comit\u00e9 de paro y el Gobierno nacional, no hay un avance claro frente a los bloqueos, uno de los puntos m\u00e1s \u00e1lgidos de la negociaci\u00f3n, y tampoco se ha avanzado en peticiones ciudadanas.\" \/>\n<meta property=\"og:url\" content=\"https:\/\/contrastes.com.co\/web\/2021\/05\/28\/un-mes-del-paro-entre-muertos-bloqueos-violencia-perdidas-economicas-y-pocos-acuerdos\/\" \/>\n<meta property=\"og:site_name\" content=\"Constrastes\" \/>\n<meta property=\"article:publisher\" content=\"https:\/\/www.facebook.com\/guillo.pantoja.1\" \/>\n<meta property=\"article:published_time\" content=\"2021-05-28T18:16:26+00:00\" \/>\n<meta name=\"author\" content=\"Editor\" \/>\n<meta name=\"twitter:card\" content=\"summary_large_image\" \/>\n<meta name=\"twitter:label1\" content=\"Escrito por\" \/>\n\t<meta name=\"twitter:data1\" content=\"Editor\" \/>\n\t<meta name=\"twitter:label2\" content=\"Tiempo de lectura\" \/>\n\t<meta name=\"twitter:data2\" content=\"5 minutos\" \/>\n<script type=\"application\/ld+json\" class=\"yoast-schema-graph\">{\"@context\":\"https:\\\/\\\/schema.org\",\"@graph\":[{\"@type\":\"Article\",\"@id\":\"https:\\\/\\\/contrastes.com.co\\\/web\\\/2021\\\/05\\\/28\\\/un-mes-del-paro-entre-muertos-bloqueos-violencia-perdidas-economicas-y-pocos-acuerdos\\\/#article\",\"isPartOf\":{\"@id\":\"https:\\\/\\\/contrastes.com.co\\\/web\\\/2021\\\/05\\\/28\\\/un-mes-del-paro-entre-muertos-bloqueos-violencia-perdidas-economicas-y-pocos-acuerdos\\\/\"},\"author\":{\"name\":\"Editor\",\"@id\":\"https:\\\/\\\/contrastes.com.co\\\/web\\\/#\\\/schema\\\/person\\\/62ef7a62dc4da6de450c71fc2e95ed02\"},\"headline\":\"Un mes del Paro entre muertos, bloqueos, violencia, p\u00e9rdidas econ\u00f3micas y pocos acuerdos\",\"datePublished\":\"2021-05-28T18:16:26+00:00\",\"mainEntityOfPage\":{\"@id\":\"https:\\\/\\\/contrastes.com.co\\\/web\\\/2021\\\/05\\\/28\\\/un-mes-del-paro-entre-muertos-bloqueos-violencia-perdidas-economicas-y-pocos-acuerdos\\\/\"},\"wordCount\":1054,\"commentCount\":0,\"publisher\":{\"@id\":\"https:\\\/\\\/contrastes.com.co\\\/web\\\/#organization\"},\"image\":{\"@id\":\"https:\\\/\\\/contrastes.com.co\\\/web\\\/2021\\\/05\\\/28\\\/un-mes-del-paro-entre-muertos-bloqueos-violencia-perdidas-economicas-y-pocos-acuerdos\\\/#primaryimage\"},\"thumbnailUrl\":\"\",\"keywords\":[\"Comit\u00e9 de Paro\",\"di\u00e1logos infructuosos\",\"Gobierno Nacional\",\"Paro Nacional\",\"protestas en Colombia\",\"un mes del paro\"],\"articleSection\":[\"Pa\u00eds\",\"Protestas\"],\"inLanguage\":\"es\",\"potentialAction\":[{\"@type\":\"CommentAction\",\"name\":\"Comment\",\"target\":[\"https:\\\/\\\/contrastes.com.co\\\/web\\\/2021\\\/05\\\/28\\\/un-mes-del-paro-entre-muertos-bloqueos-violencia-perdidas-economicas-y-pocos-acuerdos\\\/#respond\"]}]},{\"@type\":\"WebPage\",\"@id\":\"https:\\\/\\\/contrastes.com.co\\\/web\\\/2021\\\/05\\\/28\\\/un-mes-del-paro-entre-muertos-bloqueos-violencia-perdidas-economicas-y-pocos-acuerdos\\\/\",\"url\":\"https:\\\/\\\/contrastes.com.co\\\/web\\\/2021\\\/05\\\/28\\\/un-mes-del-paro-entre-muertos-bloqueos-violencia-perdidas-economicas-y-pocos-acuerdos\\\/\",\"name\":\"Un mes del Paro entre muertos, bloqueos, violencia, p\u00e9rdidas econ\u00f3micas y pocos acuerdos - Constrastes\",\"isPartOf\":{\"@id\":\"https:\\\/\\\/contrastes.com.co\\\/web\\\/#website\"},\"primaryImageOfPage\":{\"@id\":\"https:\\\/\\\/contrastes.com.co\\\/web\\\/2021\\\/05\\\/28\\\/un-mes-del-paro-entre-muertos-bloqueos-violencia-perdidas-economicas-y-pocos-acuerdos\\\/#primaryimage\"},\"image\":{\"@id\":\"https:\\\/\\\/contrastes.com.co\\\/web\\\/2021\\\/05\\\/28\\\/un-mes-del-paro-entre-muertos-bloqueos-violencia-perdidas-economicas-y-pocos-acuerdos\\\/#primaryimage\"},\"thumbnailUrl\":\"\",\"datePublished\":\"2021-05-28T18:16:26+00:00\",\"description\":\"A pesar de que hay contactos entre el llamado comit\u00e9 de paro y el Gobierno nacional, no hay un avance claro frente a los bloqueos, uno de los puntos m\u00e1s \u00e1lgidos de la negociaci\u00f3n, y tampoco se ha avanzado en peticiones ciudadanas.\",\"breadcrumb\":{\"@id\":\"https:\\\/\\\/contrastes.com.co\\\/web\\\/2021\\\/05\\\/28\\\/un-mes-del-paro-entre-muertos-bloqueos-violencia-perdidas-economicas-y-pocos-acuerdos\\\/#breadcrumb\"},\"inLanguage\":\"es\",\"potentialAction\":[{\"@type\":\"ReadAction\",\"target\":[\"https:\\\/\\\/contrastes.com.co\\\/web\\\/2021\\\/05\\\/28\\\/un-mes-del-paro-entre-muertos-bloqueos-violencia-perdidas-economicas-y-pocos-acuerdos\\\/\"]}]},{\"@type\":\"ImageObject\",\"inLanguage\":\"es\",\"@id\":\"https:\\\/\\\/contrastes.com.co\\\/web\\\/2021\\\/05\\\/28\\\/un-mes-del-paro-entre-muertos-bloqueos-violencia-perdidas-economicas-y-pocos-acuerdos\\\/#primaryimage\",\"url\":\"\",\"contentUrl\":\"\"},{\"@type\":\"BreadcrumbList\",\"@id\":\"https:\\\/\\\/contrastes.com.co\\\/web\\\/2021\\\/05\\\/28\\\/un-mes-del-paro-entre-muertos-bloqueos-violencia-perdidas-economicas-y-pocos-acuerdos\\\/#breadcrumb\",\"itemListElement\":[{\"@type\":\"ListItem\",\"position\":1,\"name\":\"Portada\",\"item\":\"https:\\\/\\\/contrastes.com.co\\\/web\\\/\"},{\"@type\":\"ListItem\",\"position\":2,\"name\":\"Un mes del Paro entre muertos, bloqueos, violencia, p\u00e9rdidas econ\u00f3micas y pocos acuerdos\"}]},{\"@type\":\"WebSite\",\"@id\":\"https:\\\/\\\/contrastes.com.co\\\/web\\\/#website\",\"url\":\"https:\\\/\\\/contrastes.com.co\\\/web\\\/\",\"name\":\"Contrastes\",\"description\":\"Periodismo de Conciencia\",\"publisher\":{\"@id\":\"https:\\\/\\\/contrastes.com.co\\\/web\\\/#organization\"},\"potentialAction\":[{\"@type\":\"SearchAction\",\"target\":{\"@type\":\"EntryPoint\",\"urlTemplate\":\"https:\\\/\\\/contrastes.com.co\\\/web\\\/?s={search_term_string}\"},\"query-input\":{\"@type\":\"PropertyValueSpecification\",\"valueRequired\":true,\"valueName\":\"search_term_string\"}}],\"inLanguage\":\"es\"},{\"@type\":\"Organization\",\"@id\":\"https:\\\/\\\/contrastes.com.co\\\/web\\\/#organization\",\"name\":\"Contrastes\",\"url\":\"https:\\\/\\\/contrastes.com.co\\\/web\\\/\",\"logo\":{\"@type\":\"ImageObject\",\"inLanguage\":\"es\",\"@id\":\"https:\\\/\\\/contrastes.com.co\\\/web\\\/#\\\/schema\\\/logo\\\/image\\\/\",\"url\":\"https:\\\/\\\/contrastes.com.co\\\/web\\\/wp-content\\\/uploads\\\/2025\\\/04\\\/15CONTRASTES3.png\",\"contentUrl\":\"https:\\\/\\\/contrastes.com.co\\\/web\\\/wp-content\\\/uploads\\\/2025\\\/04\\\/15CONTRASTES3.png\",\"width\":1536,\"height\":231,\"caption\":\"Contrastes\"},\"image\":{\"@id\":\"https:\\\/\\\/contrastes.com.co\\\/web\\\/#\\\/schema\\\/logo\\\/image\\\/\"},\"sameAs\":[\"https:\\\/\\\/www.facebook.com\\\/guillo.pantoja.1\"]},{\"@type\":\"Person\",\"@id\":\"https:\\\/\\\/contrastes.com.co\\\/web\\\/#\\\/schema\\\/person\\\/62ef7a62dc4da6de450c71fc2e95ed02\",\"name\":\"Editor\",\"image\":{\"@type\":\"ImageObject\",\"inLanguage\":\"es\",\"@id\":\"https:\\\/\\\/secure.gravatar.com\\\/avatar\\\/7bbb4f718d74bbf600dc556253bb04fd7ac8593751d6e2e3b85432d98aefae80?s=96&d=mm&r=g\",\"url\":\"https:\\\/\\\/secure.gravatar.com\\\/avatar\\\/7bbb4f718d74bbf600dc556253bb04fd7ac8593751d6e2e3b85432d98aefae80?s=96&d=mm&r=g\",\"contentUrl\":\"https:\\\/\\\/secure.gravatar.com\\\/avatar\\\/7bbb4f718d74bbf600dc556253bb04fd7ac8593751d6e2e3b85432d98aefae80?s=96&d=mm&r=g\",\"caption\":\"Editor\"},\"sameAs\":[\"https:\\\/\\\/contrastes.com.co\\\/web\"],\"url\":\"https:\\\/\\\/contrastes.com.co\\\/web\\\/author\\\/jdbobadilla\\\/\"}]}<\/script>\n<!-- \/ Yoast SEO plugin. -->","yoast_head_json":{"title":"Un mes del Paro entre muertos, bloqueos, violencia, p\u00e9rdidas econ\u00f3micas y pocos acuerdos - Constrastes","description":"A pesar de que hay contactos entre el llamado comit\u00e9 de paro y el Gobierno nacional, no hay un avance claro frente a los bloqueos, uno de los puntos m\u00e1s \u00e1lgidos de la negociaci\u00f3n, y tampoco se ha avanzado en peticiones ciudadanas.","robots":{"index":"index","follow":"follow","max-snippet":"max-snippet:-1","max-image-preview":"max-image-preview:large","max-video-preview":"max-video-preview:-1"},"canonical":"https:\/\/contrastes.com.co\/web\/2021\/05\/28\/un-mes-del-paro-entre-muertos-bloqueos-violencia-perdidas-economicas-y-pocos-acuerdos\/","og_locale":"es_ES","og_type":"article","og_title":"Un mes del Paro entre muertos, bloqueos, violencia, p\u00e9rdidas econ\u00f3micas y pocos acuerdos - Constrastes","og_description":"A pesar de que hay contactos entre el llamado comit\u00e9 de paro y el Gobierno nacional, no hay un avance claro frente a los bloqueos, uno de los puntos m\u00e1s \u00e1lgidos de la negociaci\u00f3n, y tampoco se ha avanzado en peticiones ciudadanas.","og_url":"https:\/\/contrastes.com.co\/web\/2021\/05\/28\/un-mes-del-paro-entre-muertos-bloqueos-violencia-perdidas-economicas-y-pocos-acuerdos\/","og_site_name":"Constrastes","article_publisher":"https:\/\/www.facebook.com\/guillo.pantoja.1","article_published_time":"2021-05-28T18:16:26+00:00","author":"Editor","twitter_card":"summary_large_image","twitter_misc":{"Escrito por":"Editor","Tiempo de lectura":"5 minutos"},"schema":{"@context":"https:\/\/schema.org","@graph":[{"@type":"Article","@id":"https:\/\/contrastes.com.co\/web\/2021\/05\/28\/un-mes-del-paro-entre-muertos-bloqueos-violencia-perdidas-economicas-y-pocos-acuerdos\/#article","isPartOf":{"@id":"https:\/\/contrastes.com.co\/web\/2021\/05\/28\/un-mes-del-paro-entre-muertos-bloqueos-violencia-perdidas-economicas-y-pocos-acuerdos\/"},"author":{"name":"Editor","@id":"https:\/\/contrastes.com.co\/web\/#\/schema\/person\/62ef7a62dc4da6de450c71fc2e95ed02"},"headline":"Un mes del Paro entre muertos, bloqueos, violencia, p\u00e9rdidas econ\u00f3micas y pocos acuerdos","datePublished":"2021-05-28T18:16:26+00:00","mainEntityOfPage":{"@id":"https:\/\/contrastes.com.co\/web\/2021\/05\/28\/un-mes-del-paro-entre-muertos-bloqueos-violencia-perdidas-economicas-y-pocos-acuerdos\/"},"wordCount":1054,"commentCount":0,"publisher":{"@id":"https:\/\/contrastes.com.co\/web\/#organization"},"image":{"@id":"https:\/\/contrastes.com.co\/web\/2021\/05\/28\/un-mes-del-paro-entre-muertos-bloqueos-violencia-perdidas-economicas-y-pocos-acuerdos\/#primaryimage"},"thumbnailUrl":"","keywords":["Comit\u00e9 de Paro","di\u00e1logos infructuosos","Gobierno Nacional","Paro Nacional","protestas en Colombia","un mes del paro"],"articleSection":["Pa\u00eds","Protestas"],"inLanguage":"es","potentialAction":[{"@type":"CommentAction","name":"Comment","target":["https:\/\/contrastes.com.co\/web\/2021\/05\/28\/un-mes-del-paro-entre-muertos-bloqueos-violencia-perdidas-economicas-y-pocos-acuerdos\/#respond"]}]},{"@type":"WebPage","@id":"https:\/\/contrastes.com.co\/web\/2021\/05\/28\/un-mes-del-paro-entre-muertos-bloqueos-violencia-perdidas-economicas-y-pocos-acuerdos\/","url":"https:\/\/contrastes.com.co\/web\/2021\/05\/28\/un-mes-del-paro-entre-muertos-bloqueos-violencia-perdidas-economicas-y-pocos-acuerdos\/","name":"Un mes del Paro entre muertos, bloqueos, violencia, p\u00e9rdidas econ\u00f3micas y pocos acuerdos - Constrastes","isPartOf":{"@id":"https:\/\/contrastes.com.co\/web\/#website"},"primaryImageOfPage":{"@id":"https:\/\/contrastes.com.co\/web\/2021\/05\/28\/un-mes-del-paro-entre-muertos-bloqueos-violencia-perdidas-economicas-y-pocos-acuerdos\/#primaryimage"},"image":{"@id":"https:\/\/contrastes.com.co\/web\/2021\/05\/28\/un-mes-del-paro-entre-muertos-bloqueos-violencia-perdidas-economicas-y-pocos-acuerdos\/#primaryimage"},"thumbnailUrl":"","datePublished":"2021-05-28T18:16:26+00:00","description":"A pesar de que hay contactos entre el llamado comit\u00e9 de paro y el Gobierno nacional, no hay un avance claro frente a los bloqueos, uno de los puntos m\u00e1s \u00e1lgidos de la negociaci\u00f3n, y tampoco se ha avanzado en peticiones ciudadanas.","breadcrumb":{"@id":"https:\/\/contrastes.com.co\/web\/2021\/05\/28\/un-mes-del-paro-entre-muertos-bloqueos-violencia-perdidas-economicas-y-pocos-acuerdos\/#breadcrumb"},"inLanguage":"es","potentialAction":[{"@type":"ReadAction","target":["https:\/\/contrastes.com.co\/web\/2021\/05\/28\/un-mes-del-paro-entre-muertos-bloqueos-violencia-perdidas-economicas-y-pocos-acuerdos\/"]}]},{"@type":"ImageObject","inLanguage":"es","@id":"https:\/\/contrastes.com.co\/web\/2021\/05\/28\/un-mes-del-paro-entre-muertos-bloqueos-violencia-perdidas-economicas-y-pocos-acuerdos\/#primaryimage","url":"","contentUrl":""},{"@type":"BreadcrumbList","@id":"https:\/\/contrastes.com.co\/web\/2021\/05\/28\/un-mes-del-paro-entre-muertos-bloqueos-violencia-perdidas-economicas-y-pocos-acuerdos\/#breadcrumb","itemListElement":[{"@type":"ListItem","position":1,"name":"Portada","item":"https:\/\/contrastes.com.co\/web\/"},{"@type":"ListItem","position":2,"name":"Un mes del Paro entre muertos, bloqueos, violencia, p\u00e9rdidas econ\u00f3micas y pocos acuerdos"}]},{"@type":"WebSite","@id":"https:\/\/contrastes.com.co\/web\/#website","url":"https:\/\/contrastes.com.co\/web\/","name":"Contrastes","description":"Periodismo de Conciencia","publisher":{"@id":"https:\/\/contrastes.com.co\/web\/#organization"},"potentialAction":[{"@type":"SearchAction","target":{"@type":"EntryPoint","urlTemplate":"https:\/\/contrastes.com.co\/web\/?s={search_term_string}"},"query-input":{"@type":"PropertyValueSpecification","valueRequired":true,"valueName":"search_term_string"}}],"inLanguage":"es"},{"@type":"Organization","@id":"https:\/\/contrastes.com.co\/web\/#organization","name":"Contrastes","url":"https:\/\/contrastes.com.co\/web\/","logo":{"@type":"ImageObject","inLanguage":"es","@id":"https:\/\/contrastes.com.co\/web\/#\/schema\/logo\/image\/","url":"https:\/\/contrastes.com.co\/web\/wp-content\/uploads\/2025\/04\/15CONTRASTES3.png","contentUrl":"https:\/\/contrastes.com.co\/web\/wp-content\/uploads\/2025\/04\/15CONTRASTES3.png","width":1536,"height":231,"caption":"Contrastes"},"image":{"@id":"https:\/\/contrastes.com.co\/web\/#\/schema\/logo\/image\/"},"sameAs":["https:\/\/www.facebook.com\/guillo.pantoja.1"]},{"@type":"Person","@id":"https:\/\/contrastes.com.co\/web\/#\/schema\/person\/62ef7a62dc4da6de450c71fc2e95ed02","name":"Editor","image":{"@type":"ImageObject","inLanguage":"es","@id":"https:\/\/secure.gravatar.com\/avatar\/7bbb4f718d74bbf600dc556253bb04fd7ac8593751d6e2e3b85432d98aefae80?s=96&d=mm&r=g","url":"https:\/\/secure.gravatar.com\/avatar\/7bbb4f718d74bbf600dc556253bb04fd7ac8593751d6e2e3b85432d98aefae80?s=96&d=mm&r=g","contentUrl":"https:\/\/secure.gravatar.com\/avatar\/7bbb4f718d74bbf600dc556253bb04fd7ac8593751d6e2e3b85432d98aefae80?s=96&d=mm&r=g","caption":"Editor"},"sameAs":["https:\/\/contrastes.com.co\/web"],"url":"https:\/\/contrastes.com.co\/web\/author\/jdbobadilla\/"}]}},"blog_post_layout_featured_media_urls":{"thumbnail":"","full":""},"categories_names":{"101":{"name":"Pa\u00eds","link":"https:\/\/contrastes.com.co\/web\/category\/pais\/"},"3255":{"name":"Protestas","link":"https:\/\/contrastes.com.co\/web\/category\/protestas\/"}},"tags_names":{"3356":{"name":"Comit\u00e9 de Paro","link":"https:\/\/contrastes.com.co\/web\/tag\/comite-de-paro\/"},"3482":{"name":"di\u00e1logos infructuosos","link":"https:\/\/contrastes.com.co\/web\/tag\/dialogos-infructuosos\/"},"49":{"name":"Gobierno Nacional","link":"https:\/\/contrastes.com.co\/web\/tag\/gobierno-nacional\/"},"1240":{"name":"Paro Nacional","link":"https:\/\/contrastes.com.co\/web\/tag\/paro-nacional\/"},"3256":{"name":"protestas en Colombia","link":"https:\/\/contrastes.com.co\/web\/tag\/protestas-en-colombia\/"},"3483":{"name":"un mes del paro","link":"https:\/\/contrastes.com.co\/web\/tag\/un-mes-del-paro\/"}},"comments_number":"0","wpmagazine_modules_lite_featured_media_urls":{"thumbnail":"","cvmm-medium":"","cvmm-medium-plus":"","cvmm-portrait":"","cvmm-medium-square":"","cvmm-large":"","cvmm-small":"","full":""},"_links":{"self":[{"href":"https:\/\/contrastes.com.co\/web\/wp-json\/wp\/v2\/posts\/6068","targetHints":{"allow":["GET"]}}],"collection":[{"href":"https:\/\/contrastes.com.co\/web\/wp-json\/wp\/v2\/posts"}],"about":[{"href":"https:\/\/contrastes.com.co\/web\/wp-json\/wp\/v2\/types\/post"}],"author":[{"embeddable":true,"href":"https:\/\/contrastes.com.co\/web\/wp-json\/wp\/v2\/users\/1"}],"replies":[{"embeddable":true,"href":"https:\/\/contrastes.com.co\/web\/wp-json\/wp\/v2\/comments?post=6068"}],"version-history":[{"count":0,"href":"https:\/\/contrastes.com.co\/web\/wp-json\/wp\/v2\/posts\/6068\/revisions"}],"wp:attachment":[{"href":"https:\/\/contrastes.com.co\/web\/wp-json\/wp\/v2\/media?parent=6068"}],"wp:term":[{"taxonomy":"category","embeddable":true,"href":"https:\/\/contrastes.com.co\/web\/wp-json\/wp\/v2\/categories?post=6068"},{"taxonomy":"post_tag","embeddable":true,"href":"https:\/\/contrastes.com.co\/web\/wp-json\/wp\/v2\/tags?post=6068"}],"curies":[{"name":"wp","href":"https:\/\/api.w.org\/{rel}","templated":true}]}}