{"id":6144,"date":"2021-06-01T14:55:19","date_gmt":"2021-06-01T19:55:19","guid":{"rendered":"https:\/\/contrastes.com.co\/digital\/?p=6144"},"modified":"2021-06-01T14:55:19","modified_gmt":"2021-06-01T19:55:19","slug":"tras-la-pandemia-soledad-inicia-ruta-de-la-reactivacion-economica","status":"publish","type":"post","link":"https:\/\/contrastes.com.co\/web\/2021\/06\/01\/tras-la-pandemia-soledad-inicia-ruta-de-la-reactivacion-economica\/","title":{"rendered":"Tras la pandemia, Soledad inicia ruta de la reactivaci\u00f3n econ\u00f3mica"},"content":{"rendered":"<p><strong>Tras la pandemia covid-19, Soledad inicia ruta de la reactivaci\u00f3n econ\u00f3mica<\/strong><\/p>\n<blockquote><p><strong>\u00abNuestro objetivo es que a trav\u00e9s de microcr\u00e9ditos se pueda impulsar el emprendimiento y fortalecimiento de empresas, para suplir necesidades de materias primas, insumos, maquinarias y equipos, con lo cual contribuimos al crecimiento y sostenibilidad\u201d, explic\u00f3 el alcalde Rodolfo Ucr\u00f3s Rosales.<\/strong><\/p><\/blockquote>\n<p><strong>Soledad.-<\/strong> Enfocados en superar las adversidades ocasionadas por la pandemia del Covid-19, la Alcald\u00eda de Soledad, a trav\u00e9s de la Secretar\u00eda de Gesti\u00f3n Social y el Departamento Administrativo de Competitividad, trabaja en la ruta de reactivaci\u00f3n econ\u00f3mica, mediante iniciativas que permitir\u00e1n impulsar ofertas institucionales, fomentar la empleabilidad, generar alivios tributarios y fortalecer empresas, microempresas y unidades productivas.<\/p>\n<p><iframe title=\"Soledad inicia ruta de la reactivaci\u00f3n econ\u00f3mica\" width=\"640\" height=\"360\" src=\"https:\/\/www.youtube.com\/embed\/4-SEDDoYIR8?feature=oembed\" frameborder=\"0\" allow=\"accelerometer; autoplay; clipboard-write; encrypted-media; gyroscope; picture-in-picture; web-share\" referrerpolicy=\"strict-origin-when-cross-origin\" allowfullscreen><\/iframe><\/p>\n<p>\u201cDe la mano de la <strong>Secretar\u00eda de Gesti\u00f3n Social y del Departamento Administrativo de Competitividad<\/strong> estamos gestionando la creaci\u00f3n de un Fondo de Fomento y Cr\u00e9dito de Apoyo, entre otras acciones. Nuestro objetivo es que a trav\u00e9s de microcr\u00e9ditos se pueda impulsar el emprendimiento y fortalecimiento de empresas, para suplir necesidades de materias primas, insumos, maquinarias y equipos, con lo cual contribuimos al crecimiento y sostenibilidad\u201d, explic\u00f3 el <strong>alcalde Rodolfo Ucr\u00f3s Rosales<\/strong>.<\/p>\n<p>Por su lado, el <strong>director del Departamento Administrativo de la Competitividad, Robinson Morelo Gonz\u00e1lez<\/strong>, indic\u00f3: \u201cEl prop\u00f3sito de la ruta de la reactivaci\u00f3n econ\u00f3mica es desarrollar una agenda de trabajo que conlleve al encuentro entre gremios empresariales, el sector acad\u00e9mico-universidad y entes gubernamentales y no gubernamentales para que, a trav\u00e9s de su interacci\u00f3n, se pueda aportar de manera significativa a la dinamizaci\u00f3n del sector productivo\u201d.<\/p>\n<p>El funcionario afirm\u00f3 que una de las acciones a desarrollar es invitar a las empresas asentadas en el municipio, especialmente las del sector de la construcci\u00f3n, para que una vez tengan definidas su necesidad de perfiles de trabajo, puedan, a trav\u00e9s de la Agencia de Empleo, contratar mano de obra solede\u00f1a que cumpla con el perfil requerido.<\/p>\n<p>\u201cDe igual manera, se contempla la posibilidad de revisar junto con la <strong>Secretar\u00eda de Hacienda y el Concejo Municipal,<\/strong> la Pol\u00edtica Fiscal vigente en el municipio y a partir de all\u00ed, revisar opciones para generar alivios tributarios a nivel de los impuestos de mayor recaudo, como son Industria y Comercio y Predial Unificado, a efectos de establecer amnist\u00edas, descuentos por pago oportuno o revisar la posibilidad de modificar o ajustar el calendario tributario\u201d, dijo Morelo Gonz\u00e1lez.<\/p>\n","protected":false},"excerpt":{"rendered":"<p>Enfocados en superar las adversidades ocasionadas por la pandemia del Covid-19, la Alcald\u00eda de Soledad, a trav\u00e9s de la Secretar\u00eda de Gesti\u00f3n Social y el Departamento Administrativo de Competitividad, trabaja en la ruta de reactivaci\u00f3n econ\u00f3mica, mediante iniciativas que permitir\u00e1n impulsar ofertas institucionales, fomentar la empleabilidad, generar alivios tributarios y fortalecer empresas, microempresas y unidades productivas.<\/p>\n","protected":false},"author":1,"featured_media":6145,"comment_status":"open","ping_status":"open","sticky":false,"template":"","format":"standard","meta":{"footnotes":""},"categories":[73,480,23],"tags":[3313,3527,3406,2528,1879],"class_list":["post-6144","post","type-post","status-publish","format-standard","has-post-thumbnail","hentry","category-coronavirus","category-economia","category-locales","tag-alcalde-de-galapa","tag-director-del-departamento-administrativo-de-la-competitividad","tag-reapertura-economica","tag-robinson-morelo-gonzalez","tag-rodolfo-ucros-rosales"],"yoast_head":"<!-- This site is optimized with the Yoast SEO plugin v27.7 - https:\/\/yoast.com\/product\/yoast-seo-wordpress\/ -->\n<title>Tras la pandemia, Soledad inicia ruta de la reactivaci\u00f3n econ\u00f3mica - Constrastes<\/title>\n<meta name=\"description\" content=\"Enfocados en superar las adversidades ocasionadas por la pandemia del Covid-19, la Alcald\u00eda de Soledad, a trav\u00e9s de la Secretar\u00eda de Gesti\u00f3n Social y el Departamento Administrativo de Competitividad, trabaja en la ruta de reactivaci\u00f3n econ\u00f3mica, mediante iniciativas que permitir\u00e1n impulsar ofertas institucionales, fomentar la empleabilidad, generar alivios tributarios y fortalecer empresas, microempresas y unidades productivas.\" \/>\n<meta name=\"robots\" content=\"index, follow, max-snippet:-1, max-image-preview:large, max-video-preview:-1\" \/>\n<link rel=\"canonical\" href=\"https:\/\/contrastes.com.co\/web\/2021\/06\/01\/tras-la-pandemia-soledad-inicia-ruta-de-la-reactivacion-economica\/\" \/>\n<meta property=\"og:locale\" content=\"es_ES\" \/>\n<meta property=\"og:type\" content=\"article\" \/>\n<meta property=\"og:title\" content=\"Tras la pandemia, Soledad inicia ruta de la reactivaci\u00f3n econ\u00f3mica - Constrastes\" \/>\n<meta property=\"og:description\" content=\"Enfocados en superar las adversidades ocasionadas por la pandemia del Covid-19, la Alcald\u00eda de Soledad, a trav\u00e9s de la Secretar\u00eda de Gesti\u00f3n Social y el Departamento Administrativo de Competitividad, trabaja en la ruta de reactivaci\u00f3n econ\u00f3mica, mediante iniciativas que permitir\u00e1n impulsar ofertas institucionales, fomentar la empleabilidad, generar alivios tributarios y fortalecer empresas, microempresas y unidades productivas.\" \/>\n<meta property=\"og:url\" content=\"https:\/\/contrastes.com.co\/web\/2021\/06\/01\/tras-la-pandemia-soledad-inicia-ruta-de-la-reactivacion-economica\/\" \/>\n<meta property=\"og:site_name\" content=\"Constrastes\" \/>\n<meta property=\"article:publisher\" content=\"https:\/\/www.facebook.com\/guillo.pantoja.1\" \/>\n<meta property=\"article:published_time\" content=\"2021-06-01T19:55:19+00:00\" \/>\n<meta name=\"author\" content=\"Editor\" \/>\n<meta name=\"twitter:card\" content=\"summary_large_image\" \/>\n<meta name=\"twitter:label1\" content=\"Escrito por\" \/>\n\t<meta name=\"twitter:data1\" content=\"Editor\" \/>\n\t<meta name=\"twitter:label2\" content=\"Tiempo de lectura\" \/>\n\t<meta name=\"twitter:data2\" content=\"2 minutos\" \/>\n<script type=\"application\/ld+json\" class=\"yoast-schema-graph\">{\"@context\":\"https:\\\/\\\/schema.org\",\"@graph\":[{\"@type\":\"Article\",\"@id\":\"https:\\\/\\\/contrastes.com.co\\\/web\\\/2021\\\/06\\\/01\\\/tras-la-pandemia-soledad-inicia-ruta-de-la-reactivacion-economica\\\/#article\",\"isPartOf\":{\"@id\":\"https:\\\/\\\/contrastes.com.co\\\/web\\\/2021\\\/06\\\/01\\\/tras-la-pandemia-soledad-inicia-ruta-de-la-reactivacion-economica\\\/\"},\"author\":{\"name\":\"Editor\",\"@id\":\"https:\\\/\\\/contrastes.com.co\\\/web\\\/#\\\/schema\\\/person\\\/62ef7a62dc4da6de450c71fc2e95ed02\"},\"headline\":\"Tras la pandemia, Soledad inicia ruta de la reactivaci\u00f3n econ\u00f3mica\",\"datePublished\":\"2021-06-01T19:55:19+00:00\",\"mainEntityOfPage\":{\"@id\":\"https:\\\/\\\/contrastes.com.co\\\/web\\\/2021\\\/06\\\/01\\\/tras-la-pandemia-soledad-inicia-ruta-de-la-reactivacion-economica\\\/\"},\"wordCount\":435,\"commentCount\":0,\"publisher\":{\"@id\":\"https:\\\/\\\/contrastes.com.co\\\/web\\\/#organization\"},\"image\":{\"@id\":\"https:\\\/\\\/contrastes.com.co\\\/web\\\/2021\\\/06\\\/01\\\/tras-la-pandemia-soledad-inicia-ruta-de-la-reactivacion-economica\\\/#primaryimage\"},\"thumbnailUrl\":\"\",\"keywords\":[\"alcalde de Galapa\",\"director del Departamento Administrativo de la Competitividad\",\"reapertura econ\u00f3mica\",\"Robinson Morelo Gonz\u00e1lez\",\"Rodolfo Ucr\u00f3s Rosales\"],\"articleSection\":[\"Coronavirus\",\"Econom\u00eda\",\"Locales\"],\"inLanguage\":\"es\",\"potentialAction\":[{\"@type\":\"CommentAction\",\"name\":\"Comment\",\"target\":[\"https:\\\/\\\/contrastes.com.co\\\/web\\\/2021\\\/06\\\/01\\\/tras-la-pandemia-soledad-inicia-ruta-de-la-reactivacion-economica\\\/#respond\"]}]},{\"@type\":\"WebPage\",\"@id\":\"https:\\\/\\\/contrastes.com.co\\\/web\\\/2021\\\/06\\\/01\\\/tras-la-pandemia-soledad-inicia-ruta-de-la-reactivacion-economica\\\/\",\"url\":\"https:\\\/\\\/contrastes.com.co\\\/web\\\/2021\\\/06\\\/01\\\/tras-la-pandemia-soledad-inicia-ruta-de-la-reactivacion-economica\\\/\",\"name\":\"Tras la pandemia, Soledad inicia ruta de la reactivaci\u00f3n econ\u00f3mica - Constrastes\",\"isPartOf\":{\"@id\":\"https:\\\/\\\/contrastes.com.co\\\/web\\\/#website\"},\"primaryImageOfPage\":{\"@id\":\"https:\\\/\\\/contrastes.com.co\\\/web\\\/2021\\\/06\\\/01\\\/tras-la-pandemia-soledad-inicia-ruta-de-la-reactivacion-economica\\\/#primaryimage\"},\"image\":{\"@id\":\"https:\\\/\\\/contrastes.com.co\\\/web\\\/2021\\\/06\\\/01\\\/tras-la-pandemia-soledad-inicia-ruta-de-la-reactivacion-economica\\\/#primaryimage\"},\"thumbnailUrl\":\"\",\"datePublished\":\"2021-06-01T19:55:19+00:00\",\"description\":\"Enfocados en superar las adversidades ocasionadas por la pandemia del Covid-19, la Alcald\u00eda de Soledad, a trav\u00e9s de la Secretar\u00eda de Gesti\u00f3n Social y el Departamento Administrativo de Competitividad, trabaja en la ruta de reactivaci\u00f3n econ\u00f3mica, mediante iniciativas que permitir\u00e1n impulsar ofertas institucionales, fomentar la empleabilidad, generar alivios tributarios y fortalecer empresas, microempresas y unidades productivas.\",\"breadcrumb\":{\"@id\":\"https:\\\/\\\/contrastes.com.co\\\/web\\\/2021\\\/06\\\/01\\\/tras-la-pandemia-soledad-inicia-ruta-de-la-reactivacion-economica\\\/#breadcrumb\"},\"inLanguage\":\"es\",\"potentialAction\":[{\"@type\":\"ReadAction\",\"target\":[\"https:\\\/\\\/contrastes.com.co\\\/web\\\/2021\\\/06\\\/01\\\/tras-la-pandemia-soledad-inicia-ruta-de-la-reactivacion-economica\\\/\"]}]},{\"@type\":\"ImageObject\",\"inLanguage\":\"es\",\"@id\":\"https:\\\/\\\/contrastes.com.co\\\/web\\\/2021\\\/06\\\/01\\\/tras-la-pandemia-soledad-inicia-ruta-de-la-reactivacion-economica\\\/#primaryimage\",\"url\":\"\",\"contentUrl\":\"\"},{\"@type\":\"BreadcrumbList\",\"@id\":\"https:\\\/\\\/contrastes.com.co\\\/web\\\/2021\\\/06\\\/01\\\/tras-la-pandemia-soledad-inicia-ruta-de-la-reactivacion-economica\\\/#breadcrumb\",\"itemListElement\":[{\"@type\":\"ListItem\",\"position\":1,\"name\":\"Portada\",\"item\":\"https:\\\/\\\/contrastes.com.co\\\/web\\\/\"},{\"@type\":\"ListItem\",\"position\":2,\"name\":\"Tras la pandemia, Soledad inicia ruta de la reactivaci\u00f3n econ\u00f3mica\"}]},{\"@type\":\"WebSite\",\"@id\":\"https:\\\/\\\/contrastes.com.co\\\/web\\\/#website\",\"url\":\"https:\\\/\\\/contrastes.com.co\\\/web\\\/\",\"name\":\"Contrastes\",\"description\":\"Periodismo de Conciencia\",\"publisher\":{\"@id\":\"https:\\\/\\\/contrastes.com.co\\\/web\\\/#organization\"},\"potentialAction\":[{\"@type\":\"SearchAction\",\"target\":{\"@type\":\"EntryPoint\",\"urlTemplate\":\"https:\\\/\\\/contrastes.com.co\\\/web\\\/?s={search_term_string}\"},\"query-input\":{\"@type\":\"PropertyValueSpecification\",\"valueRequired\":true,\"valueName\":\"search_term_string\"}}],\"inLanguage\":\"es\"},{\"@type\":\"Organization\",\"@id\":\"https:\\\/\\\/contrastes.com.co\\\/web\\\/#organization\",\"name\":\"Contrastes\",\"url\":\"https:\\\/\\\/contrastes.com.co\\\/web\\\/\",\"logo\":{\"@type\":\"ImageObject\",\"inLanguage\":\"es\",\"@id\":\"https:\\\/\\\/contrastes.com.co\\\/web\\\/#\\\/schema\\\/logo\\\/image\\\/\",\"url\":\"https:\\\/\\\/contrastes.com.co\\\/web\\\/wp-content\\\/uploads\\\/2025\\\/04\\\/15CONTRASTES3.png\",\"contentUrl\":\"https:\\\/\\\/contrastes.com.co\\\/web\\\/wp-content\\\/uploads\\\/2025\\\/04\\\/15CONTRASTES3.png\",\"width\":1536,\"height\":231,\"caption\":\"Contrastes\"},\"image\":{\"@id\":\"https:\\\/\\\/contrastes.com.co\\\/web\\\/#\\\/schema\\\/logo\\\/image\\\/\"},\"sameAs\":[\"https:\\\/\\\/www.facebook.com\\\/guillo.pantoja.1\"]},{\"@type\":\"Person\",\"@id\":\"https:\\\/\\\/contrastes.com.co\\\/web\\\/#\\\/schema\\\/person\\\/62ef7a62dc4da6de450c71fc2e95ed02\",\"name\":\"Editor\",\"image\":{\"@type\":\"ImageObject\",\"inLanguage\":\"es\",\"@id\":\"https:\\\/\\\/secure.gravatar.com\\\/avatar\\\/7bbb4f718d74bbf600dc556253bb04fd7ac8593751d6e2e3b85432d98aefae80?s=96&d=mm&r=g\",\"url\":\"https:\\\/\\\/secure.gravatar.com\\\/avatar\\\/7bbb4f718d74bbf600dc556253bb04fd7ac8593751d6e2e3b85432d98aefae80?s=96&d=mm&r=g\",\"contentUrl\":\"https:\\\/\\\/secure.gravatar.com\\\/avatar\\\/7bbb4f718d74bbf600dc556253bb04fd7ac8593751d6e2e3b85432d98aefae80?s=96&d=mm&r=g\",\"caption\":\"Editor\"},\"sameAs\":[\"https:\\\/\\\/contrastes.com.co\\\/web\"],\"url\":\"https:\\\/\\\/contrastes.com.co\\\/web\\\/author\\\/jdbobadilla\\\/\"}]}<\/script>\n<!-- \/ Yoast SEO plugin. -->","yoast_head_json":{"title":"Tras la pandemia, Soledad inicia ruta de la reactivaci\u00f3n econ\u00f3mica - Constrastes","description":"Enfocados en superar las adversidades ocasionadas por la pandemia del Covid-19, la Alcald\u00eda de Soledad, a trav\u00e9s de la Secretar\u00eda de Gesti\u00f3n Social y el Departamento Administrativo de Competitividad, trabaja en la ruta de reactivaci\u00f3n econ\u00f3mica, mediante iniciativas que permitir\u00e1n impulsar ofertas institucionales, fomentar la empleabilidad, generar alivios tributarios y fortalecer empresas, microempresas y unidades productivas.","robots":{"index":"index","follow":"follow","max-snippet":"max-snippet:-1","max-image-preview":"max-image-preview:large","max-video-preview":"max-video-preview:-1"},"canonical":"https:\/\/contrastes.com.co\/web\/2021\/06\/01\/tras-la-pandemia-soledad-inicia-ruta-de-la-reactivacion-economica\/","og_locale":"es_ES","og_type":"article","og_title":"Tras la pandemia, Soledad inicia ruta de la reactivaci\u00f3n econ\u00f3mica - Constrastes","og_description":"Enfocados en superar las adversidades ocasionadas por la pandemia del Covid-19, la Alcald\u00eda de Soledad, a trav\u00e9s de la Secretar\u00eda de Gesti\u00f3n Social y el Departamento Administrativo de Competitividad, trabaja en la ruta de reactivaci\u00f3n econ\u00f3mica, mediante iniciativas que permitir\u00e1n impulsar ofertas institucionales, fomentar la empleabilidad, generar alivios tributarios y fortalecer empresas, microempresas y unidades productivas.","og_url":"https:\/\/contrastes.com.co\/web\/2021\/06\/01\/tras-la-pandemia-soledad-inicia-ruta-de-la-reactivacion-economica\/","og_site_name":"Constrastes","article_publisher":"https:\/\/www.facebook.com\/guillo.pantoja.1","article_published_time":"2021-06-01T19:55:19+00:00","author":"Editor","twitter_card":"summary_large_image","twitter_misc":{"Escrito por":"Editor","Tiempo de lectura":"2 minutos"},"schema":{"@context":"https:\/\/schema.org","@graph":[{"@type":"Article","@id":"https:\/\/contrastes.com.co\/web\/2021\/06\/01\/tras-la-pandemia-soledad-inicia-ruta-de-la-reactivacion-economica\/#article","isPartOf":{"@id":"https:\/\/contrastes.com.co\/web\/2021\/06\/01\/tras-la-pandemia-soledad-inicia-ruta-de-la-reactivacion-economica\/"},"author":{"name":"Editor","@id":"https:\/\/contrastes.com.co\/web\/#\/schema\/person\/62ef7a62dc4da6de450c71fc2e95ed02"},"headline":"Tras la pandemia, Soledad inicia ruta de la reactivaci\u00f3n econ\u00f3mica","datePublished":"2021-06-01T19:55:19+00:00","mainEntityOfPage":{"@id":"https:\/\/contrastes.com.co\/web\/2021\/06\/01\/tras-la-pandemia-soledad-inicia-ruta-de-la-reactivacion-economica\/"},"wordCount":435,"commentCount":0,"publisher":{"@id":"https:\/\/contrastes.com.co\/web\/#organization"},"image":{"@id":"https:\/\/contrastes.com.co\/web\/2021\/06\/01\/tras-la-pandemia-soledad-inicia-ruta-de-la-reactivacion-economica\/#primaryimage"},"thumbnailUrl":"","keywords":["alcalde de Galapa","director del Departamento Administrativo de la Competitividad","reapertura econ\u00f3mica","Robinson Morelo Gonz\u00e1lez","Rodolfo Ucr\u00f3s Rosales"],"articleSection":["Coronavirus","Econom\u00eda","Locales"],"inLanguage":"es","potentialAction":[{"@type":"CommentAction","name":"Comment","target":["https:\/\/contrastes.com.co\/web\/2021\/06\/01\/tras-la-pandemia-soledad-inicia-ruta-de-la-reactivacion-economica\/#respond"]}]},{"@type":"WebPage","@id":"https:\/\/contrastes.com.co\/web\/2021\/06\/01\/tras-la-pandemia-soledad-inicia-ruta-de-la-reactivacion-economica\/","url":"https:\/\/contrastes.com.co\/web\/2021\/06\/01\/tras-la-pandemia-soledad-inicia-ruta-de-la-reactivacion-economica\/","name":"Tras la pandemia, Soledad inicia ruta de la reactivaci\u00f3n econ\u00f3mica - Constrastes","isPartOf":{"@id":"https:\/\/contrastes.com.co\/web\/#website"},"primaryImageOfPage":{"@id":"https:\/\/contrastes.com.co\/web\/2021\/06\/01\/tras-la-pandemia-soledad-inicia-ruta-de-la-reactivacion-economica\/#primaryimage"},"image":{"@id":"https:\/\/contrastes.com.co\/web\/2021\/06\/01\/tras-la-pandemia-soledad-inicia-ruta-de-la-reactivacion-economica\/#primaryimage"},"thumbnailUrl":"","datePublished":"2021-06-01T19:55:19+00:00","description":"Enfocados en superar las adversidades ocasionadas por la pandemia del Covid-19, la Alcald\u00eda de Soledad, a trav\u00e9s de la Secretar\u00eda de Gesti\u00f3n Social y el Departamento Administrativo de Competitividad, trabaja en la ruta de reactivaci\u00f3n econ\u00f3mica, mediante iniciativas que permitir\u00e1n impulsar ofertas institucionales, fomentar la empleabilidad, generar alivios tributarios y fortalecer empresas, microempresas y unidades productivas.","breadcrumb":{"@id":"https:\/\/contrastes.com.co\/web\/2021\/06\/01\/tras-la-pandemia-soledad-inicia-ruta-de-la-reactivacion-economica\/#breadcrumb"},"inLanguage":"es","potentialAction":[{"@type":"ReadAction","target":["https:\/\/contrastes.com.co\/web\/2021\/06\/01\/tras-la-pandemia-soledad-inicia-ruta-de-la-reactivacion-economica\/"]}]},{"@type":"ImageObject","inLanguage":"es","@id":"https:\/\/contrastes.com.co\/web\/2021\/06\/01\/tras-la-pandemia-soledad-inicia-ruta-de-la-reactivacion-economica\/#primaryimage","url":"","contentUrl":""},{"@type":"BreadcrumbList","@id":"https:\/\/contrastes.com.co\/web\/2021\/06\/01\/tras-la-pandemia-soledad-inicia-ruta-de-la-reactivacion-economica\/#breadcrumb","itemListElement":[{"@type":"ListItem","position":1,"name":"Portada","item":"https:\/\/contrastes.com.co\/web\/"},{"@type":"ListItem","position":2,"name":"Tras la pandemia, Soledad inicia ruta de la reactivaci\u00f3n econ\u00f3mica"}]},{"@type":"WebSite","@id":"https:\/\/contrastes.com.co\/web\/#website","url":"https:\/\/contrastes.com.co\/web\/","name":"Contrastes","description":"Periodismo de Conciencia","publisher":{"@id":"https:\/\/contrastes.com.co\/web\/#organization"},"potentialAction":[{"@type":"SearchAction","target":{"@type":"EntryPoint","urlTemplate":"https:\/\/contrastes.com.co\/web\/?s={search_term_string}"},"query-input":{"@type":"PropertyValueSpecification","valueRequired":true,"valueName":"search_term_string"}}],"inLanguage":"es"},{"@type":"Organization","@id":"https:\/\/contrastes.com.co\/web\/#organization","name":"Contrastes","url":"https:\/\/contrastes.com.co\/web\/","logo":{"@type":"ImageObject","inLanguage":"es","@id":"https:\/\/contrastes.com.co\/web\/#\/schema\/logo\/image\/","url":"https:\/\/contrastes.com.co\/web\/wp-content\/uploads\/2025\/04\/15CONTRASTES3.png","contentUrl":"https:\/\/contrastes.com.co\/web\/wp-content\/uploads\/2025\/04\/15CONTRASTES3.png","width":1536,"height":231,"caption":"Contrastes"},"image":{"@id":"https:\/\/contrastes.com.co\/web\/#\/schema\/logo\/image\/"},"sameAs":["https:\/\/www.facebook.com\/guillo.pantoja.1"]},{"@type":"Person","@id":"https:\/\/contrastes.com.co\/web\/#\/schema\/person\/62ef7a62dc4da6de450c71fc2e95ed02","name":"Editor","image":{"@type":"ImageObject","inLanguage":"es","@id":"https:\/\/secure.gravatar.com\/avatar\/7bbb4f718d74bbf600dc556253bb04fd7ac8593751d6e2e3b85432d98aefae80?s=96&d=mm&r=g","url":"https:\/\/secure.gravatar.com\/avatar\/7bbb4f718d74bbf600dc556253bb04fd7ac8593751d6e2e3b85432d98aefae80?s=96&d=mm&r=g","contentUrl":"https:\/\/secure.gravatar.com\/avatar\/7bbb4f718d74bbf600dc556253bb04fd7ac8593751d6e2e3b85432d98aefae80?s=96&d=mm&r=g","caption":"Editor"},"sameAs":["https:\/\/contrastes.com.co\/web"],"url":"https:\/\/contrastes.com.co\/web\/author\/jdbobadilla\/"}]}},"blog_post_layout_featured_media_urls":{"thumbnail":"","full":""},"categories_names":{"73":{"name":"Coronavirus","link":"https:\/\/contrastes.com.co\/web\/category\/coronavirus\/"},"480":{"name":"Econom\u00eda","link":"https:\/\/contrastes.com.co\/web\/category\/economia\/"},"23":{"name":"Locales","link":"https:\/\/contrastes.com.co\/web\/category\/locales\/"}},"tags_names":{"3313":{"name":"alcalde de Galapa","link":"https:\/\/contrastes.com.co\/web\/tag\/alcalde-de-galapa\/"},"3527":{"name":"director del Departamento Administrativo de la Competitividad","link":"https:\/\/contrastes.com.co\/web\/tag\/director-del-departamento-administrativo-de-la-competitividad\/"},"3406":{"name":"reapertura econ\u00f3mica","link":"https:\/\/contrastes.com.co\/web\/tag\/reapertura-economica\/"},"2528":{"name":"Robinson Morelo Gonz\u00e1lez","link":"https:\/\/contrastes.com.co\/web\/tag\/robinson-morelo-gonzalez\/"},"1879":{"name":"Rodolfo Ucr\u00f3s Rosales","link":"https:\/\/contrastes.com.co\/web\/tag\/rodolfo-ucros-rosales\/"}},"comments_number":"0","wpmagazine_modules_lite_featured_media_urls":{"thumbnail":"","cvmm-medium":"","cvmm-medium-plus":"","cvmm-portrait":"","cvmm-medium-square":"","cvmm-large":"","cvmm-small":"","full":""},"_links":{"self":[{"href":"https:\/\/contrastes.com.co\/web\/wp-json\/wp\/v2\/posts\/6144","targetHints":{"allow":["GET"]}}],"collection":[{"href":"https:\/\/contrastes.com.co\/web\/wp-json\/wp\/v2\/posts"}],"about":[{"href":"https:\/\/contrastes.com.co\/web\/wp-json\/wp\/v2\/types\/post"}],"author":[{"embeddable":true,"href":"https:\/\/contrastes.com.co\/web\/wp-json\/wp\/v2\/users\/1"}],"replies":[{"embeddable":true,"href":"https:\/\/contrastes.com.co\/web\/wp-json\/wp\/v2\/comments?post=6144"}],"version-history":[{"count":0,"href":"https:\/\/contrastes.com.co\/web\/wp-json\/wp\/v2\/posts\/6144\/revisions"}],"wp:attachment":[{"href":"https:\/\/contrastes.com.co\/web\/wp-json\/wp\/v2\/media?parent=6144"}],"wp:term":[{"taxonomy":"category","embeddable":true,"href":"https:\/\/contrastes.com.co\/web\/wp-json\/wp\/v2\/categories?post=6144"},{"taxonomy":"post_tag","embeddable":true,"href":"https:\/\/contrastes.com.co\/web\/wp-json\/wp\/v2\/tags?post=6144"}],"curies":[{"name":"wp","href":"https:\/\/api.w.org\/{rel}","templated":true}]}}