{"id":6147,"date":"2021-06-01T15:08:48","date_gmt":"2021-06-01T20:08:48","guid":{"rendered":"https:\/\/contrastes.com.co\/digital\/?p=6147"},"modified":"2021-06-01T15:08:48","modified_gmt":"2021-06-01T20:08:48","slug":"este-ano-vamos-por-mas-calidad-educativa-elsa-noguera","status":"publish","type":"post","link":"https:\/\/contrastes.com.co\/web\/2021\/06\/01\/este-ano-vamos-por-mas-calidad-educativa-elsa-noguera\/","title":{"rendered":"\u201cEste a\u00f1o vamos por m\u00e1s calidad educativa\u00bb: Elsa Noguera"},"content":{"rendered":"<p>&nbsp;<\/p>\n<ul>\n<li>En el municipio de Sabanalarga, la Gobernadora del Atl\u00e1ntico acompa\u00f1\u00f3 la implementaci\u00f3n de la estrategia PENCORA, para el mejoramiento de la calidad educativa de los 20 municipios no certificados del departamento.<\/li>\n<\/ul>\n<p>&nbsp;<\/p>\n<ul>\n<li>La mandataria visit\u00f3 la Instituci\u00f3n Educativa Jos\u00e9 Consuegra Higgins, donde se realiz\u00f3 la socializaci\u00f3n de la estrategia con docentes, padres de familia y la entrega del material pedag\u00f3gico a los estudiantes de transici\u00f3n a und\u00e9cimo grado.<\/li>\n<\/ul>\n<p>&nbsp;<\/p>\n<ul>\n<li>Durante la visita, se continu\u00f3 adem\u00e1s la entrega de los kits pedag\u00f3gicos y de conexi\u00f3n para los estudiantes con discapacidad de los establecimientos educativos oficiales.<\/li>\n<\/ul>\n<p>&nbsp;<\/p>\n<p><strong>Sabanalarga.<\/strong> Gobernaci\u00f3n del Atl\u00e1ntico. Desde la Instituci\u00f3n Educativa Jos\u00e9 Consuegra Higgins, en el corregimiento de Isabel L\u00f3pez en Sabanalarga, la gobernadora, Elsa Noguera, acompa\u00f1\u00f3 la socializaci\u00f3n de los avances de la estrategia que busca mejorar la calidad educativa del departamento del Atl\u00e1ntico.<\/p>\n<p>&nbsp;<\/p>\n<p>\u201cDesde el a\u00f1o pasado le metimos toda la ficha, brindamos apoyo pedag\u00f3gico complementario a nuestros rectores y maestros para que pudieran garantizar la \u2018Escuela en Casa\u2019 y una educaci\u00f3n de calidad. Este esfuerzo se vio reflejado en el mejoramiento de los resultados de las Pruebas Saber, pero este a\u00f1o vamos por m\u00e1s calidad educativa\u201d, asegur\u00f3 Elsa Noguera.<\/p>\n<p>&nbsp;<\/p>\n<p>La mandataria explic\u00f3 que con la estrategia PENCORA estamos estimulando el desarrollo del pensamiento, la comunicaci\u00f3n y el razonamiento de los estudiantes. \u201cPara lograrlo, la estrategia tiene varios componentes: lo primero es la formaci\u00f3n virtual y presencial a nuestros docentes y directivos docentes. Segundo, acompa\u00f1amiento permanente a nuestros maestros en la implementaci\u00f3n de los contenidos pedag\u00f3gicos. Y tercero, suministro de material de apoyo pedag\u00f3gico a todos nuestros estudiantes, desde transici\u00f3n hasta 11 grado que hoy estamos entregando. Formaci\u00f3n adicional a los estudiantes de la media para fortalecer sus competencias b\u00e1sicas en seis \u00e1reas diferentes y as\u00ed aumentar sus oportunidades de acceder a la educaci\u00f3n superior\u201d, destac\u00f3 la Gobernadora.<\/p>\n<p>&nbsp;<\/p>\n<p>La estrategia permitir\u00e1 que los estudiantes de 10 grado reciban formaci\u00f3n en 20 sesiones semi-presenciales y los de 11 grado en un total de 26 sesiones.<\/p>\n<p>&nbsp;<\/p>\n<p>La secretaria de Educaci\u00f3n Departamental, Catalina Ucr\u00f3s G\u00f3mez, se\u00f1al\u00f3 que con la entrega de material pedag\u00f3gico se busca fortalecer las \u00e1reas b\u00e1sicas, no solo desde la escuela, sino con el trabajo desde casa. \u201cPap\u00e1 y mam\u00e1 han cumplido un rol fundamental durante la pandemia y esperamos que lo sigan haciendo, porque para nosotros lo m\u00e1s importante es garantizar las trayectorias educativas completas, pero de calidad\u201d, afirm\u00f3.<\/p>\n<p>&nbsp;<\/p>\n<p>Para el desarrollo y la implementaci\u00f3n de la estrategia, la administraci\u00f3n departamental cuenta con grandes aliados como son las Universidades Sim\u00f3n Bol\u00edvar, Americana y del Litoral.<\/p>\n","protected":false},"excerpt":{"rendered":"<p>&nbsp; En el municipio de Sabanalarga, la Gobernadora del Atl\u00e1ntico acompa\u00f1\u00f3 la implementaci\u00f3n de la estrategia PENCORA, para el mejoramiento de la calidad educativa de los 20 municipios no certificados del departamento. &nbsp; La mandataria visit\u00f3 la Instituci\u00f3n Educativa Jos\u00e9 Consuegra Higgins, donde se realiz\u00f3 la socializaci\u00f3n de la estrategia con docentes, padres de familia [&hellip;]<\/p>\n","protected":false},"author":1,"featured_media":6151,"comment_status":"open","ping_status":"open","sticky":false,"template":"","format":"standard","meta":{"footnotes":""},"categories":[101],"tags":[291,77,15,2164],"class_list":["post-6147","post","type-post","status-publish","format-standard","has-post-thumbnail","hentry","category-pais","tag-colombia","tag-elsa-noguera","tag-gobernacion-del-atlantico","tag-sabanalarga"],"yoast_head":"<!-- This site is optimized with the Yoast SEO plugin v27.7 - https:\/\/yoast.com\/product\/yoast-seo-wordpress\/ -->\n<title>\u201cEste a\u00f1o vamos por m\u00e1s calidad educativa&quot;: Elsa Noguera - Constrastes<\/title>\n<meta name=\"description\" content=\"Gobernaci\u00f3n del Atl\u00e1ntico. Desde la Instituci\u00f3n Educativa Jos\u00e9 Consuegra Higgins, en el corregimiento de Isabel L\u00f3pez en Sabanalarga, la gobernadora, Elsa Noguera, acompa\u00f1\u00f3 la socializaci\u00f3n de los avances de la estrategia que busca mejorar la calidad educativa del departamento del Atl\u00e1ntico.\" \/>\n<meta name=\"robots\" content=\"index, follow, max-snippet:-1, max-image-preview:large, max-video-preview:-1\" \/>\n<link rel=\"canonical\" href=\"https:\/\/contrastes.com.co\/web\/2021\/06\/01\/este-ano-vamos-por-mas-calidad-educativa-elsa-noguera\/\" \/>\n<meta property=\"og:locale\" content=\"es_ES\" \/>\n<meta property=\"og:type\" content=\"article\" \/>\n<meta property=\"og:title\" content=\"\u201cEste a\u00f1o vamos por m\u00e1s calidad educativa&quot;: Elsa Noguera - Constrastes\" \/>\n<meta property=\"og:description\" content=\"Gobernaci\u00f3n del Atl\u00e1ntico. Desde la Instituci\u00f3n Educativa Jos\u00e9 Consuegra Higgins, en el corregimiento de Isabel L\u00f3pez en Sabanalarga, la gobernadora, Elsa Noguera, acompa\u00f1\u00f3 la socializaci\u00f3n de los avances de la estrategia que busca mejorar la calidad educativa del departamento del Atl\u00e1ntico.\" \/>\n<meta property=\"og:url\" content=\"https:\/\/contrastes.com.co\/web\/2021\/06\/01\/este-ano-vamos-por-mas-calidad-educativa-elsa-noguera\/\" \/>\n<meta property=\"og:site_name\" content=\"Constrastes\" \/>\n<meta property=\"article:publisher\" content=\"https:\/\/www.facebook.com\/guillo.pantoja.1\" \/>\n<meta property=\"article:published_time\" content=\"2021-06-01T20:08:48+00:00\" \/>\n<meta name=\"author\" content=\"Editor\" \/>\n<meta name=\"twitter:card\" content=\"summary_large_image\" \/>\n<meta name=\"twitter:label1\" content=\"Escrito por\" \/>\n\t<meta name=\"twitter:data1\" content=\"Editor\" \/>\n\t<meta name=\"twitter:label2\" content=\"Tiempo de lectura\" \/>\n\t<meta name=\"twitter:data2\" content=\"2 minutos\" \/>\n<script type=\"application\/ld+json\" class=\"yoast-schema-graph\">{\"@context\":\"https:\\\/\\\/schema.org\",\"@graph\":[{\"@type\":\"Article\",\"@id\":\"https:\\\/\\\/contrastes.com.co\\\/web\\\/2021\\\/06\\\/01\\\/este-ano-vamos-por-mas-calidad-educativa-elsa-noguera\\\/#article\",\"isPartOf\":{\"@id\":\"https:\\\/\\\/contrastes.com.co\\\/web\\\/2021\\\/06\\\/01\\\/este-ano-vamos-por-mas-calidad-educativa-elsa-noguera\\\/\"},\"author\":{\"name\":\"Editor\",\"@id\":\"https:\\\/\\\/contrastes.com.co\\\/web\\\/#\\\/schema\\\/person\\\/62ef7a62dc4da6de450c71fc2e95ed02\"},\"headline\":\"\u201cEste a\u00f1o vamos por m\u00e1s calidad educativa\u00bb: Elsa Noguera\",\"datePublished\":\"2021-06-01T20:08:48+00:00\",\"mainEntityOfPage\":{\"@id\":\"https:\\\/\\\/contrastes.com.co\\\/web\\\/2021\\\/06\\\/01\\\/este-ano-vamos-por-mas-calidad-educativa-elsa-noguera\\\/\"},\"wordCount\":474,\"commentCount\":0,\"publisher\":{\"@id\":\"https:\\\/\\\/contrastes.com.co\\\/web\\\/#organization\"},\"image\":{\"@id\":\"https:\\\/\\\/contrastes.com.co\\\/web\\\/2021\\\/06\\\/01\\\/este-ano-vamos-por-mas-calidad-educativa-elsa-noguera\\\/#primaryimage\"},\"thumbnailUrl\":\"\",\"keywords\":[\"Colombia\",\"elsa noguera\",\"gobernaci\u00f3n del Atl\u00e1ntico\",\"Sabanalarga\"],\"articleSection\":[\"Pa\u00eds\"],\"inLanguage\":\"es\",\"potentialAction\":[{\"@type\":\"CommentAction\",\"name\":\"Comment\",\"target\":[\"https:\\\/\\\/contrastes.com.co\\\/web\\\/2021\\\/06\\\/01\\\/este-ano-vamos-por-mas-calidad-educativa-elsa-noguera\\\/#respond\"]}]},{\"@type\":\"WebPage\",\"@id\":\"https:\\\/\\\/contrastes.com.co\\\/web\\\/2021\\\/06\\\/01\\\/este-ano-vamos-por-mas-calidad-educativa-elsa-noguera\\\/\",\"url\":\"https:\\\/\\\/contrastes.com.co\\\/web\\\/2021\\\/06\\\/01\\\/este-ano-vamos-por-mas-calidad-educativa-elsa-noguera\\\/\",\"name\":\"\u201cEste a\u00f1o vamos por m\u00e1s calidad educativa\\\": Elsa Noguera - Constrastes\",\"isPartOf\":{\"@id\":\"https:\\\/\\\/contrastes.com.co\\\/web\\\/#website\"},\"primaryImageOfPage\":{\"@id\":\"https:\\\/\\\/contrastes.com.co\\\/web\\\/2021\\\/06\\\/01\\\/este-ano-vamos-por-mas-calidad-educativa-elsa-noguera\\\/#primaryimage\"},\"image\":{\"@id\":\"https:\\\/\\\/contrastes.com.co\\\/web\\\/2021\\\/06\\\/01\\\/este-ano-vamos-por-mas-calidad-educativa-elsa-noguera\\\/#primaryimage\"},\"thumbnailUrl\":\"\",\"datePublished\":\"2021-06-01T20:08:48+00:00\",\"description\":\"Gobernaci\u00f3n del Atl\u00e1ntico. Desde la Instituci\u00f3n Educativa Jos\u00e9 Consuegra Higgins, en el corregimiento de Isabel L\u00f3pez en Sabanalarga, la gobernadora, Elsa Noguera, acompa\u00f1\u00f3 la socializaci\u00f3n de los avances de la estrategia que busca mejorar la calidad educativa del departamento del Atl\u00e1ntico.\",\"breadcrumb\":{\"@id\":\"https:\\\/\\\/contrastes.com.co\\\/web\\\/2021\\\/06\\\/01\\\/este-ano-vamos-por-mas-calidad-educativa-elsa-noguera\\\/#breadcrumb\"},\"inLanguage\":\"es\",\"potentialAction\":[{\"@type\":\"ReadAction\",\"target\":[\"https:\\\/\\\/contrastes.com.co\\\/web\\\/2021\\\/06\\\/01\\\/este-ano-vamos-por-mas-calidad-educativa-elsa-noguera\\\/\"]}]},{\"@type\":\"ImageObject\",\"inLanguage\":\"es\",\"@id\":\"https:\\\/\\\/contrastes.com.co\\\/web\\\/2021\\\/06\\\/01\\\/este-ano-vamos-por-mas-calidad-educativa-elsa-noguera\\\/#primaryimage\",\"url\":\"\",\"contentUrl\":\"\"},{\"@type\":\"BreadcrumbList\",\"@id\":\"https:\\\/\\\/contrastes.com.co\\\/web\\\/2021\\\/06\\\/01\\\/este-ano-vamos-por-mas-calidad-educativa-elsa-noguera\\\/#breadcrumb\",\"itemListElement\":[{\"@type\":\"ListItem\",\"position\":1,\"name\":\"Portada\",\"item\":\"https:\\\/\\\/contrastes.com.co\\\/web\\\/\"},{\"@type\":\"ListItem\",\"position\":2,\"name\":\"\u201cEste a\u00f1o vamos por m\u00e1s calidad educativa\u00bb: Elsa Noguera\"}]},{\"@type\":\"WebSite\",\"@id\":\"https:\\\/\\\/contrastes.com.co\\\/web\\\/#website\",\"url\":\"https:\\\/\\\/contrastes.com.co\\\/web\\\/\",\"name\":\"Contrastes\",\"description\":\"Periodismo de Conciencia\",\"publisher\":{\"@id\":\"https:\\\/\\\/contrastes.com.co\\\/web\\\/#organization\"},\"potentialAction\":[{\"@type\":\"SearchAction\",\"target\":{\"@type\":\"EntryPoint\",\"urlTemplate\":\"https:\\\/\\\/contrastes.com.co\\\/web\\\/?s={search_term_string}\"},\"query-input\":{\"@type\":\"PropertyValueSpecification\",\"valueRequired\":true,\"valueName\":\"search_term_string\"}}],\"inLanguage\":\"es\"},{\"@type\":\"Organization\",\"@id\":\"https:\\\/\\\/contrastes.com.co\\\/web\\\/#organization\",\"name\":\"Contrastes\",\"url\":\"https:\\\/\\\/contrastes.com.co\\\/web\\\/\",\"logo\":{\"@type\":\"ImageObject\",\"inLanguage\":\"es\",\"@id\":\"https:\\\/\\\/contrastes.com.co\\\/web\\\/#\\\/schema\\\/logo\\\/image\\\/\",\"url\":\"https:\\\/\\\/contrastes.com.co\\\/web\\\/wp-content\\\/uploads\\\/2025\\\/04\\\/15CONTRASTES3.png\",\"contentUrl\":\"https:\\\/\\\/contrastes.com.co\\\/web\\\/wp-content\\\/uploads\\\/2025\\\/04\\\/15CONTRASTES3.png\",\"width\":1536,\"height\":231,\"caption\":\"Contrastes\"},\"image\":{\"@id\":\"https:\\\/\\\/contrastes.com.co\\\/web\\\/#\\\/schema\\\/logo\\\/image\\\/\"},\"sameAs\":[\"https:\\\/\\\/www.facebook.com\\\/guillo.pantoja.1\"]},{\"@type\":\"Person\",\"@id\":\"https:\\\/\\\/contrastes.com.co\\\/web\\\/#\\\/schema\\\/person\\\/62ef7a62dc4da6de450c71fc2e95ed02\",\"name\":\"Editor\",\"image\":{\"@type\":\"ImageObject\",\"inLanguage\":\"es\",\"@id\":\"https:\\\/\\\/secure.gravatar.com\\\/avatar\\\/7bbb4f718d74bbf600dc556253bb04fd7ac8593751d6e2e3b85432d98aefae80?s=96&d=mm&r=g\",\"url\":\"https:\\\/\\\/secure.gravatar.com\\\/avatar\\\/7bbb4f718d74bbf600dc556253bb04fd7ac8593751d6e2e3b85432d98aefae80?s=96&d=mm&r=g\",\"contentUrl\":\"https:\\\/\\\/secure.gravatar.com\\\/avatar\\\/7bbb4f718d74bbf600dc556253bb04fd7ac8593751d6e2e3b85432d98aefae80?s=96&d=mm&r=g\",\"caption\":\"Editor\"},\"sameAs\":[\"https:\\\/\\\/contrastes.com.co\\\/web\"],\"url\":\"https:\\\/\\\/contrastes.com.co\\\/web\\\/author\\\/jdbobadilla\\\/\"}]}<\/script>\n<!-- \/ Yoast SEO plugin. -->","yoast_head_json":{"title":"\u201cEste a\u00f1o vamos por m\u00e1s calidad educativa\": Elsa Noguera - Constrastes","description":"Gobernaci\u00f3n del Atl\u00e1ntico. Desde la Instituci\u00f3n Educativa Jos\u00e9 Consuegra Higgins, en el corregimiento de Isabel L\u00f3pez en Sabanalarga, la gobernadora, Elsa Noguera, acompa\u00f1\u00f3 la socializaci\u00f3n de los avances de la estrategia que busca mejorar la calidad educativa del departamento del Atl\u00e1ntico.","robots":{"index":"index","follow":"follow","max-snippet":"max-snippet:-1","max-image-preview":"max-image-preview:large","max-video-preview":"max-video-preview:-1"},"canonical":"https:\/\/contrastes.com.co\/web\/2021\/06\/01\/este-ano-vamos-por-mas-calidad-educativa-elsa-noguera\/","og_locale":"es_ES","og_type":"article","og_title":"\u201cEste a\u00f1o vamos por m\u00e1s calidad educativa\": Elsa Noguera - Constrastes","og_description":"Gobernaci\u00f3n del Atl\u00e1ntico. Desde la Instituci\u00f3n Educativa Jos\u00e9 Consuegra Higgins, en el corregimiento de Isabel L\u00f3pez en Sabanalarga, la gobernadora, Elsa Noguera, acompa\u00f1\u00f3 la socializaci\u00f3n de los avances de la estrategia que busca mejorar la calidad educativa del departamento del Atl\u00e1ntico.","og_url":"https:\/\/contrastes.com.co\/web\/2021\/06\/01\/este-ano-vamos-por-mas-calidad-educativa-elsa-noguera\/","og_site_name":"Constrastes","article_publisher":"https:\/\/www.facebook.com\/guillo.pantoja.1","article_published_time":"2021-06-01T20:08:48+00:00","author":"Editor","twitter_card":"summary_large_image","twitter_misc":{"Escrito por":"Editor","Tiempo de lectura":"2 minutos"},"schema":{"@context":"https:\/\/schema.org","@graph":[{"@type":"Article","@id":"https:\/\/contrastes.com.co\/web\/2021\/06\/01\/este-ano-vamos-por-mas-calidad-educativa-elsa-noguera\/#article","isPartOf":{"@id":"https:\/\/contrastes.com.co\/web\/2021\/06\/01\/este-ano-vamos-por-mas-calidad-educativa-elsa-noguera\/"},"author":{"name":"Editor","@id":"https:\/\/contrastes.com.co\/web\/#\/schema\/person\/62ef7a62dc4da6de450c71fc2e95ed02"},"headline":"\u201cEste a\u00f1o vamos por m\u00e1s calidad educativa\u00bb: Elsa Noguera","datePublished":"2021-06-01T20:08:48+00:00","mainEntityOfPage":{"@id":"https:\/\/contrastes.com.co\/web\/2021\/06\/01\/este-ano-vamos-por-mas-calidad-educativa-elsa-noguera\/"},"wordCount":474,"commentCount":0,"publisher":{"@id":"https:\/\/contrastes.com.co\/web\/#organization"},"image":{"@id":"https:\/\/contrastes.com.co\/web\/2021\/06\/01\/este-ano-vamos-por-mas-calidad-educativa-elsa-noguera\/#primaryimage"},"thumbnailUrl":"","keywords":["Colombia","elsa noguera","gobernaci\u00f3n del Atl\u00e1ntico","Sabanalarga"],"articleSection":["Pa\u00eds"],"inLanguage":"es","potentialAction":[{"@type":"CommentAction","name":"Comment","target":["https:\/\/contrastes.com.co\/web\/2021\/06\/01\/este-ano-vamos-por-mas-calidad-educativa-elsa-noguera\/#respond"]}]},{"@type":"WebPage","@id":"https:\/\/contrastes.com.co\/web\/2021\/06\/01\/este-ano-vamos-por-mas-calidad-educativa-elsa-noguera\/","url":"https:\/\/contrastes.com.co\/web\/2021\/06\/01\/este-ano-vamos-por-mas-calidad-educativa-elsa-noguera\/","name":"\u201cEste a\u00f1o vamos por m\u00e1s calidad educativa\": Elsa Noguera - Constrastes","isPartOf":{"@id":"https:\/\/contrastes.com.co\/web\/#website"},"primaryImageOfPage":{"@id":"https:\/\/contrastes.com.co\/web\/2021\/06\/01\/este-ano-vamos-por-mas-calidad-educativa-elsa-noguera\/#primaryimage"},"image":{"@id":"https:\/\/contrastes.com.co\/web\/2021\/06\/01\/este-ano-vamos-por-mas-calidad-educativa-elsa-noguera\/#primaryimage"},"thumbnailUrl":"","datePublished":"2021-06-01T20:08:48+00:00","description":"Gobernaci\u00f3n del Atl\u00e1ntico. Desde la Instituci\u00f3n Educativa Jos\u00e9 Consuegra Higgins, en el corregimiento de Isabel L\u00f3pez en Sabanalarga, la gobernadora, Elsa Noguera, acompa\u00f1\u00f3 la socializaci\u00f3n de los avances de la estrategia que busca mejorar la calidad educativa del departamento del Atl\u00e1ntico.","breadcrumb":{"@id":"https:\/\/contrastes.com.co\/web\/2021\/06\/01\/este-ano-vamos-por-mas-calidad-educativa-elsa-noguera\/#breadcrumb"},"inLanguage":"es","potentialAction":[{"@type":"ReadAction","target":["https:\/\/contrastes.com.co\/web\/2021\/06\/01\/este-ano-vamos-por-mas-calidad-educativa-elsa-noguera\/"]}]},{"@type":"ImageObject","inLanguage":"es","@id":"https:\/\/contrastes.com.co\/web\/2021\/06\/01\/este-ano-vamos-por-mas-calidad-educativa-elsa-noguera\/#primaryimage","url":"","contentUrl":""},{"@type":"BreadcrumbList","@id":"https:\/\/contrastes.com.co\/web\/2021\/06\/01\/este-ano-vamos-por-mas-calidad-educativa-elsa-noguera\/#breadcrumb","itemListElement":[{"@type":"ListItem","position":1,"name":"Portada","item":"https:\/\/contrastes.com.co\/web\/"},{"@type":"ListItem","position":2,"name":"\u201cEste a\u00f1o vamos por m\u00e1s calidad educativa\u00bb: Elsa Noguera"}]},{"@type":"WebSite","@id":"https:\/\/contrastes.com.co\/web\/#website","url":"https:\/\/contrastes.com.co\/web\/","name":"Contrastes","description":"Periodismo de Conciencia","publisher":{"@id":"https:\/\/contrastes.com.co\/web\/#organization"},"potentialAction":[{"@type":"SearchAction","target":{"@type":"EntryPoint","urlTemplate":"https:\/\/contrastes.com.co\/web\/?s={search_term_string}"},"query-input":{"@type":"PropertyValueSpecification","valueRequired":true,"valueName":"search_term_string"}}],"inLanguage":"es"},{"@type":"Organization","@id":"https:\/\/contrastes.com.co\/web\/#organization","name":"Contrastes","url":"https:\/\/contrastes.com.co\/web\/","logo":{"@type":"ImageObject","inLanguage":"es","@id":"https:\/\/contrastes.com.co\/web\/#\/schema\/logo\/image\/","url":"https:\/\/contrastes.com.co\/web\/wp-content\/uploads\/2025\/04\/15CONTRASTES3.png","contentUrl":"https:\/\/contrastes.com.co\/web\/wp-content\/uploads\/2025\/04\/15CONTRASTES3.png","width":1536,"height":231,"caption":"Contrastes"},"image":{"@id":"https:\/\/contrastes.com.co\/web\/#\/schema\/logo\/image\/"},"sameAs":["https:\/\/www.facebook.com\/guillo.pantoja.1"]},{"@type":"Person","@id":"https:\/\/contrastes.com.co\/web\/#\/schema\/person\/62ef7a62dc4da6de450c71fc2e95ed02","name":"Editor","image":{"@type":"ImageObject","inLanguage":"es","@id":"https:\/\/secure.gravatar.com\/avatar\/7bbb4f718d74bbf600dc556253bb04fd7ac8593751d6e2e3b85432d98aefae80?s=96&d=mm&r=g","url":"https:\/\/secure.gravatar.com\/avatar\/7bbb4f718d74bbf600dc556253bb04fd7ac8593751d6e2e3b85432d98aefae80?s=96&d=mm&r=g","contentUrl":"https:\/\/secure.gravatar.com\/avatar\/7bbb4f718d74bbf600dc556253bb04fd7ac8593751d6e2e3b85432d98aefae80?s=96&d=mm&r=g","caption":"Editor"},"sameAs":["https:\/\/contrastes.com.co\/web"],"url":"https:\/\/contrastes.com.co\/web\/author\/jdbobadilla\/"}]}},"blog_post_layout_featured_media_urls":{"thumbnail":"","full":""},"categories_names":{"101":{"name":"Pa\u00eds","link":"https:\/\/contrastes.com.co\/web\/category\/pais\/"}},"tags_names":{"291":{"name":"Colombia","link":"https:\/\/contrastes.com.co\/web\/tag\/colombia\/"},"77":{"name":"elsa noguera","link":"https:\/\/contrastes.com.co\/web\/tag\/elsa-noguera\/"},"15":{"name":"gobernaci\u00f3n del Atl\u00e1ntico","link":"https:\/\/contrastes.com.co\/web\/tag\/gobernacion-del-atlantico\/"},"2164":{"name":"Sabanalarga","link":"https:\/\/contrastes.com.co\/web\/tag\/sabanalarga\/"}},"comments_number":"0","wpmagazine_modules_lite_featured_media_urls":{"thumbnail":"","cvmm-medium":"","cvmm-medium-plus":"","cvmm-portrait":"","cvmm-medium-square":"","cvmm-large":"","cvmm-small":"","full":""},"_links":{"self":[{"href":"https:\/\/contrastes.com.co\/web\/wp-json\/wp\/v2\/posts\/6147","targetHints":{"allow":["GET"]}}],"collection":[{"href":"https:\/\/contrastes.com.co\/web\/wp-json\/wp\/v2\/posts"}],"about":[{"href":"https:\/\/contrastes.com.co\/web\/wp-json\/wp\/v2\/types\/post"}],"author":[{"embeddable":true,"href":"https:\/\/contrastes.com.co\/web\/wp-json\/wp\/v2\/users\/1"}],"replies":[{"embeddable":true,"href":"https:\/\/contrastes.com.co\/web\/wp-json\/wp\/v2\/comments?post=6147"}],"version-history":[{"count":0,"href":"https:\/\/contrastes.com.co\/web\/wp-json\/wp\/v2\/posts\/6147\/revisions"}],"wp:attachment":[{"href":"https:\/\/contrastes.com.co\/web\/wp-json\/wp\/v2\/media?parent=6147"}],"wp:term":[{"taxonomy":"category","embeddable":true,"href":"https:\/\/contrastes.com.co\/web\/wp-json\/wp\/v2\/categories?post=6147"},{"taxonomy":"post_tag","embeddable":true,"href":"https:\/\/contrastes.com.co\/web\/wp-json\/wp\/v2\/tags?post=6147"}],"curies":[{"name":"wp","href":"https:\/\/api.w.org\/{rel}","templated":true}]}}