{"id":6177,"date":"2021-06-03T12:24:10","date_gmt":"2021-06-03T17:24:10","guid":{"rendered":"https:\/\/contrastes.com.co\/digital\/?p=6177"},"modified":"2021-06-03T12:24:10","modified_gmt":"2021-06-03T17:24:10","slug":"gobernacion-del-atlantico-y-fundacion-promigas-entregaron-9-200-bonos-solidarios","status":"publish","type":"post","link":"https:\/\/contrastes.com.co\/web\/2021\/06\/03\/gobernacion-del-atlantico-y-fundacion-promigas-entregaron-9-200-bonos-solidarios\/","title":{"rendered":"Gobernaci\u00f3n del Atl\u00e1ntico y Fundaci\u00f3n Promigas entregaron 9.200 bonos solidarios"},"content":{"rendered":"<p><strong>Gobernaci\u00f3n del Atl\u00e1ntico y Fundaci\u00f3n Promigas entregaron 9.200 bonos solidarios a hogares del departamento<\/strong><\/p>\n<p><strong>*La entrega de las ayudas humanitarias se hizo en el marco de la campa\u00f1a \u2018M\u00e1s solidaridad, m\u00e1s vida\u2019, llegando a familias vulnerables de 8 municipios del Atl\u00e1ntico.<\/strong><\/p>\n<p><strong>*La inversi\u00f3n en la entrega de estas ayudas fue del orden de los 460 millones de pesos.<\/strong><\/p>\n<p><strong>Barranquilla.-<\/strong> Con el prop\u00f3sito de proteger la vida de los atlanticenses, la Gobernaci\u00f3n, en alianza con Promigas y su Fundaci\u00f3n entregaron 9.200 bonos solidarios a familias en condici\u00f3n de vulnerabilidad por la emergencia del Covid-19.<\/p>\n<p>Estas ayudas humanitarias fueron entregadas en 8 municipios del departamento, en el marco de la campa\u00f1a \u2018M\u00e1s solidaridad, m\u00e1s vida\u2019.<\/p>\n<blockquote><p><strong><img decoding=\"async\" class=\"alignleft  wp-image-5834\" src=\"https:\/\/contrastes.com.co\/digital\/wp-content\/uploads\/2021\/05\/comillas.png\" alt=\"comillas\" width=\"65\" height=\"65\" \/>\u201cTodos estamos mejor cuando el gobierno y la empresa privada unimos esfuerzos, por un Atl\u00e1ntico con vida\u201d, se\u00f1al\u00f3 la gobernadora, Elsa Noguera.<\/strong><\/p><\/blockquote>\n<p>Los municipios beneficiados con los bonos solidarios fueron <strong>Soledad, Luruaco, Juan de Acosta, Baranoa, Malambo, Sabanalarga, Pioj\u00f3 y Usiacur\u00ed,<\/strong> cuyas comunidades han sido priorizadas por su situaci\u00f3n de vulnerabilidad.<\/p>\n<p>\u201cMuy agradecida con <strong>Promigas y Fundaci\u00f3n Promigas<\/strong> por su compromiso con nuestra gente. Gracias a ese apoyo, cada familia recibi\u00f3 un bono de 50 mil pesos, que pudieron redimir en alimentos y elementos de primera necesidad en los supermercados establecidos\u201d, agreg\u00f3 la mandataria departamental.<\/p>\n<p>Esta nueva entrega de ayudas humanitarias, cuya inversi\u00f3n fue del orden de los 460 millones de pesos, se suma a los 22 mil millones entregados por Promigas y sus filiales en el a\u00f1o 2020, para mitigar los efectos de la emergencia sanitaria por el Covid-19 en Colombia y Per\u00fa. Durante el a\u00f1o pasado, fueron distribuidas m\u00e1s de 122 mil ayudas, entre bonos alimenticios, dotaci\u00f3n de equipos para hospitales y elementos de protecci\u00f3n sanitaria para 400 mil beneficiarios.<\/p>\n<p>\u201cEl sector privado nos ha demostrado que conf\u00eda en la eficiencia del Gobierno Departamental, para hacer llegar los alimentos a quienes realmente los necesitan\u201d, precis\u00f3 la Gobernadora del Atl\u00e1ntico.<\/p>\n","protected":false},"excerpt":{"rendered":"<p>Con el prop\u00f3sito de proteger la vida de los atlanticenses, la Gobernaci\u00f3n, en alianza con Promigas y su Fundaci\u00f3n entregaron 9.200 bonos solidarios a familias en condici\u00f3n de vulnerabilidad por la emergencia del Covid-19.<\/p>\n","protected":false},"author":1,"featured_media":6184,"comment_status":"open","ping_status":"open","sticky":false,"template":"","format":"standard","meta":{"footnotes":""},"categories":[73,2813,571,24],"tags":[3552,77,3553,15,3554,1134],"class_list":["post-6177","post","type-post","status-publish","format-standard","has-post-thumbnail","hentry","category-coronavirus","category-finanzas-personales","category-gestion-social","category-region","tag-campana-mas-solidaridad","tag-elsa-noguera","tag-fundacion-promigas","tag-gobernacion-del-atlantico","tag-mas-vida","tag-promigas"],"yoast_head":"<!-- This site is optimized with the Yoast SEO plugin v27.7 - https:\/\/yoast.com\/product\/yoast-seo-wordpress\/ -->\n<title>Gobernaci\u00f3n del Atl\u00e1ntico y Fundaci\u00f3n Promigas entregaron 9.200 bonos solidarios - Constrastes<\/title>\n<meta name=\"description\" content=\"Con el prop\u00f3sito de proteger la vida de los atlanticenses, la Gobernaci\u00f3n, en alianza con Promigas y su Fundaci\u00f3n entregaron 9.200 bonos solidarios a familias en condici\u00f3n de vulnerabilidad por la emergencia del Covid-19.\" \/>\n<meta name=\"robots\" content=\"index, follow, max-snippet:-1, max-image-preview:large, max-video-preview:-1\" \/>\n<link rel=\"canonical\" href=\"https:\/\/contrastes.com.co\/web\/2021\/06\/03\/gobernacion-del-atlantico-y-fundacion-promigas-entregaron-9-200-bonos-solidarios\/\" \/>\n<meta property=\"og:locale\" content=\"es_ES\" \/>\n<meta property=\"og:type\" content=\"article\" \/>\n<meta property=\"og:title\" content=\"Gobernaci\u00f3n del Atl\u00e1ntico y Fundaci\u00f3n Promigas entregaron 9.200 bonos solidarios - Constrastes\" \/>\n<meta property=\"og:description\" content=\"Con el prop\u00f3sito de proteger la vida de los atlanticenses, la Gobernaci\u00f3n, en alianza con Promigas y su Fundaci\u00f3n entregaron 9.200 bonos solidarios a familias en condici\u00f3n de vulnerabilidad por la emergencia del Covid-19.\" \/>\n<meta property=\"og:url\" content=\"https:\/\/contrastes.com.co\/web\/2021\/06\/03\/gobernacion-del-atlantico-y-fundacion-promigas-entregaron-9-200-bonos-solidarios\/\" \/>\n<meta property=\"og:site_name\" content=\"Constrastes\" \/>\n<meta property=\"article:publisher\" content=\"https:\/\/www.facebook.com\/guillo.pantoja.1\" \/>\n<meta property=\"article:published_time\" content=\"2021-06-03T17:24:10+00:00\" \/>\n<meta name=\"author\" content=\"Editor\" \/>\n<meta name=\"twitter:card\" content=\"summary_large_image\" \/>\n<meta name=\"twitter:label1\" content=\"Escrito por\" \/>\n\t<meta name=\"twitter:data1\" content=\"Editor\" \/>\n\t<meta name=\"twitter:label2\" content=\"Tiempo de lectura\" \/>\n\t<meta name=\"twitter:data2\" content=\"2 minutos\" \/>\n<script type=\"application\/ld+json\" class=\"yoast-schema-graph\">{\"@context\":\"https:\\\/\\\/schema.org\",\"@graph\":[{\"@type\":\"Article\",\"@id\":\"https:\\\/\\\/contrastes.com.co\\\/web\\\/2021\\\/06\\\/03\\\/gobernacion-del-atlantico-y-fundacion-promigas-entregaron-9-200-bonos-solidarios\\\/#article\",\"isPartOf\":{\"@id\":\"https:\\\/\\\/contrastes.com.co\\\/web\\\/2021\\\/06\\\/03\\\/gobernacion-del-atlantico-y-fundacion-promigas-entregaron-9-200-bonos-solidarios\\\/\"},\"author\":{\"name\":\"Editor\",\"@id\":\"https:\\\/\\\/contrastes.com.co\\\/web\\\/#\\\/schema\\\/person\\\/62ef7a62dc4da6de450c71fc2e95ed02\"},\"headline\":\"Gobernaci\u00f3n del Atl\u00e1ntico y Fundaci\u00f3n Promigas entregaron 9.200 bonos solidarios\",\"datePublished\":\"2021-06-03T17:24:10+00:00\",\"mainEntityOfPage\":{\"@id\":\"https:\\\/\\\/contrastes.com.co\\\/web\\\/2021\\\/06\\\/03\\\/gobernacion-del-atlantico-y-fundacion-promigas-entregaron-9-200-bonos-solidarios\\\/\"},\"wordCount\":343,\"commentCount\":0,\"publisher\":{\"@id\":\"https:\\\/\\\/contrastes.com.co\\\/web\\\/#organization\"},\"image\":{\"@id\":\"https:\\\/\\\/contrastes.com.co\\\/web\\\/2021\\\/06\\\/03\\\/gobernacion-del-atlantico-y-fundacion-promigas-entregaron-9-200-bonos-solidarios\\\/#primaryimage\"},\"thumbnailUrl\":\"\",\"keywords\":[\"campa\u00f1a \u2018M\u00e1s solidaridad\",\"elsa noguera\",\"Fundaci\u00f3n Promigas\",\"gobernaci\u00f3n del Atl\u00e1ntico\",\"m\u00e1s vida\u2019\",\"Promigas\"],\"articleSection\":[\"Coronavirus\",\"Finanzas personales\",\"Gesti\u00f3n Social\",\"Regi\u00f3n\"],\"inLanguage\":\"es\",\"potentialAction\":[{\"@type\":\"CommentAction\",\"name\":\"Comment\",\"target\":[\"https:\\\/\\\/contrastes.com.co\\\/web\\\/2021\\\/06\\\/03\\\/gobernacion-del-atlantico-y-fundacion-promigas-entregaron-9-200-bonos-solidarios\\\/#respond\"]}]},{\"@type\":\"WebPage\",\"@id\":\"https:\\\/\\\/contrastes.com.co\\\/web\\\/2021\\\/06\\\/03\\\/gobernacion-del-atlantico-y-fundacion-promigas-entregaron-9-200-bonos-solidarios\\\/\",\"url\":\"https:\\\/\\\/contrastes.com.co\\\/web\\\/2021\\\/06\\\/03\\\/gobernacion-del-atlantico-y-fundacion-promigas-entregaron-9-200-bonos-solidarios\\\/\",\"name\":\"Gobernaci\u00f3n del Atl\u00e1ntico y Fundaci\u00f3n Promigas entregaron 9.200 bonos solidarios - Constrastes\",\"isPartOf\":{\"@id\":\"https:\\\/\\\/contrastes.com.co\\\/web\\\/#website\"},\"primaryImageOfPage\":{\"@id\":\"https:\\\/\\\/contrastes.com.co\\\/web\\\/2021\\\/06\\\/03\\\/gobernacion-del-atlantico-y-fundacion-promigas-entregaron-9-200-bonos-solidarios\\\/#primaryimage\"},\"image\":{\"@id\":\"https:\\\/\\\/contrastes.com.co\\\/web\\\/2021\\\/06\\\/03\\\/gobernacion-del-atlantico-y-fundacion-promigas-entregaron-9-200-bonos-solidarios\\\/#primaryimage\"},\"thumbnailUrl\":\"\",\"datePublished\":\"2021-06-03T17:24:10+00:00\",\"description\":\"Con el prop\u00f3sito de proteger la vida de los atlanticenses, la Gobernaci\u00f3n, en alianza con Promigas y su Fundaci\u00f3n entregaron 9.200 bonos solidarios a familias en condici\u00f3n de vulnerabilidad por la emergencia del Covid-19.\",\"breadcrumb\":{\"@id\":\"https:\\\/\\\/contrastes.com.co\\\/web\\\/2021\\\/06\\\/03\\\/gobernacion-del-atlantico-y-fundacion-promigas-entregaron-9-200-bonos-solidarios\\\/#breadcrumb\"},\"inLanguage\":\"es\",\"potentialAction\":[{\"@type\":\"ReadAction\",\"target\":[\"https:\\\/\\\/contrastes.com.co\\\/web\\\/2021\\\/06\\\/03\\\/gobernacion-del-atlantico-y-fundacion-promigas-entregaron-9-200-bonos-solidarios\\\/\"]}]},{\"@type\":\"ImageObject\",\"inLanguage\":\"es\",\"@id\":\"https:\\\/\\\/contrastes.com.co\\\/web\\\/2021\\\/06\\\/03\\\/gobernacion-del-atlantico-y-fundacion-promigas-entregaron-9-200-bonos-solidarios\\\/#primaryimage\",\"url\":\"\",\"contentUrl\":\"\"},{\"@type\":\"BreadcrumbList\",\"@id\":\"https:\\\/\\\/contrastes.com.co\\\/web\\\/2021\\\/06\\\/03\\\/gobernacion-del-atlantico-y-fundacion-promigas-entregaron-9-200-bonos-solidarios\\\/#breadcrumb\",\"itemListElement\":[{\"@type\":\"ListItem\",\"position\":1,\"name\":\"Portada\",\"item\":\"https:\\\/\\\/contrastes.com.co\\\/web\\\/\"},{\"@type\":\"ListItem\",\"position\":2,\"name\":\"Gobernaci\u00f3n del Atl\u00e1ntico y Fundaci\u00f3n Promigas entregaron 9.200 bonos solidarios\"}]},{\"@type\":\"WebSite\",\"@id\":\"https:\\\/\\\/contrastes.com.co\\\/web\\\/#website\",\"url\":\"https:\\\/\\\/contrastes.com.co\\\/web\\\/\",\"name\":\"Contrastes\",\"description\":\"Periodismo de Conciencia\",\"publisher\":{\"@id\":\"https:\\\/\\\/contrastes.com.co\\\/web\\\/#organization\"},\"potentialAction\":[{\"@type\":\"SearchAction\",\"target\":{\"@type\":\"EntryPoint\",\"urlTemplate\":\"https:\\\/\\\/contrastes.com.co\\\/web\\\/?s={search_term_string}\"},\"query-input\":{\"@type\":\"PropertyValueSpecification\",\"valueRequired\":true,\"valueName\":\"search_term_string\"}}],\"inLanguage\":\"es\"},{\"@type\":\"Organization\",\"@id\":\"https:\\\/\\\/contrastes.com.co\\\/web\\\/#organization\",\"name\":\"Contrastes\",\"url\":\"https:\\\/\\\/contrastes.com.co\\\/web\\\/\",\"logo\":{\"@type\":\"ImageObject\",\"inLanguage\":\"es\",\"@id\":\"https:\\\/\\\/contrastes.com.co\\\/web\\\/#\\\/schema\\\/logo\\\/image\\\/\",\"url\":\"https:\\\/\\\/contrastes.com.co\\\/web\\\/wp-content\\\/uploads\\\/2025\\\/04\\\/15CONTRASTES3.png\",\"contentUrl\":\"https:\\\/\\\/contrastes.com.co\\\/web\\\/wp-content\\\/uploads\\\/2025\\\/04\\\/15CONTRASTES3.png\",\"width\":1536,\"height\":231,\"caption\":\"Contrastes\"},\"image\":{\"@id\":\"https:\\\/\\\/contrastes.com.co\\\/web\\\/#\\\/schema\\\/logo\\\/image\\\/\"},\"sameAs\":[\"https:\\\/\\\/www.facebook.com\\\/guillo.pantoja.1\"]},{\"@type\":\"Person\",\"@id\":\"https:\\\/\\\/contrastes.com.co\\\/web\\\/#\\\/schema\\\/person\\\/62ef7a62dc4da6de450c71fc2e95ed02\",\"name\":\"Editor\",\"image\":{\"@type\":\"ImageObject\",\"inLanguage\":\"es\",\"@id\":\"https:\\\/\\\/secure.gravatar.com\\\/avatar\\\/7bbb4f718d74bbf600dc556253bb04fd7ac8593751d6e2e3b85432d98aefae80?s=96&d=mm&r=g\",\"url\":\"https:\\\/\\\/secure.gravatar.com\\\/avatar\\\/7bbb4f718d74bbf600dc556253bb04fd7ac8593751d6e2e3b85432d98aefae80?s=96&d=mm&r=g\",\"contentUrl\":\"https:\\\/\\\/secure.gravatar.com\\\/avatar\\\/7bbb4f718d74bbf600dc556253bb04fd7ac8593751d6e2e3b85432d98aefae80?s=96&d=mm&r=g\",\"caption\":\"Editor\"},\"sameAs\":[\"https:\\\/\\\/contrastes.com.co\\\/web\"],\"url\":\"https:\\\/\\\/contrastes.com.co\\\/web\\\/author\\\/jdbobadilla\\\/\"}]}<\/script>\n<!-- \/ Yoast SEO plugin. -->","yoast_head_json":{"title":"Gobernaci\u00f3n del Atl\u00e1ntico y Fundaci\u00f3n Promigas entregaron 9.200 bonos solidarios - Constrastes","description":"Con el prop\u00f3sito de proteger la vida de los atlanticenses, la Gobernaci\u00f3n, en alianza con Promigas y su Fundaci\u00f3n entregaron 9.200 bonos solidarios a familias en condici\u00f3n de vulnerabilidad por la emergencia del Covid-19.","robots":{"index":"index","follow":"follow","max-snippet":"max-snippet:-1","max-image-preview":"max-image-preview:large","max-video-preview":"max-video-preview:-1"},"canonical":"https:\/\/contrastes.com.co\/web\/2021\/06\/03\/gobernacion-del-atlantico-y-fundacion-promigas-entregaron-9-200-bonos-solidarios\/","og_locale":"es_ES","og_type":"article","og_title":"Gobernaci\u00f3n del Atl\u00e1ntico y Fundaci\u00f3n Promigas entregaron 9.200 bonos solidarios - Constrastes","og_description":"Con el prop\u00f3sito de proteger la vida de los atlanticenses, la Gobernaci\u00f3n, en alianza con Promigas y su Fundaci\u00f3n entregaron 9.200 bonos solidarios a familias en condici\u00f3n de vulnerabilidad por la emergencia del Covid-19.","og_url":"https:\/\/contrastes.com.co\/web\/2021\/06\/03\/gobernacion-del-atlantico-y-fundacion-promigas-entregaron-9-200-bonos-solidarios\/","og_site_name":"Constrastes","article_publisher":"https:\/\/www.facebook.com\/guillo.pantoja.1","article_published_time":"2021-06-03T17:24:10+00:00","author":"Editor","twitter_card":"summary_large_image","twitter_misc":{"Escrito por":"Editor","Tiempo de lectura":"2 minutos"},"schema":{"@context":"https:\/\/schema.org","@graph":[{"@type":"Article","@id":"https:\/\/contrastes.com.co\/web\/2021\/06\/03\/gobernacion-del-atlantico-y-fundacion-promigas-entregaron-9-200-bonos-solidarios\/#article","isPartOf":{"@id":"https:\/\/contrastes.com.co\/web\/2021\/06\/03\/gobernacion-del-atlantico-y-fundacion-promigas-entregaron-9-200-bonos-solidarios\/"},"author":{"name":"Editor","@id":"https:\/\/contrastes.com.co\/web\/#\/schema\/person\/62ef7a62dc4da6de450c71fc2e95ed02"},"headline":"Gobernaci\u00f3n del Atl\u00e1ntico y Fundaci\u00f3n Promigas entregaron 9.200 bonos solidarios","datePublished":"2021-06-03T17:24:10+00:00","mainEntityOfPage":{"@id":"https:\/\/contrastes.com.co\/web\/2021\/06\/03\/gobernacion-del-atlantico-y-fundacion-promigas-entregaron-9-200-bonos-solidarios\/"},"wordCount":343,"commentCount":0,"publisher":{"@id":"https:\/\/contrastes.com.co\/web\/#organization"},"image":{"@id":"https:\/\/contrastes.com.co\/web\/2021\/06\/03\/gobernacion-del-atlantico-y-fundacion-promigas-entregaron-9-200-bonos-solidarios\/#primaryimage"},"thumbnailUrl":"","keywords":["campa\u00f1a \u2018M\u00e1s solidaridad","elsa noguera","Fundaci\u00f3n Promigas","gobernaci\u00f3n del Atl\u00e1ntico","m\u00e1s vida\u2019","Promigas"],"articleSection":["Coronavirus","Finanzas personales","Gesti\u00f3n Social","Regi\u00f3n"],"inLanguage":"es","potentialAction":[{"@type":"CommentAction","name":"Comment","target":["https:\/\/contrastes.com.co\/web\/2021\/06\/03\/gobernacion-del-atlantico-y-fundacion-promigas-entregaron-9-200-bonos-solidarios\/#respond"]}]},{"@type":"WebPage","@id":"https:\/\/contrastes.com.co\/web\/2021\/06\/03\/gobernacion-del-atlantico-y-fundacion-promigas-entregaron-9-200-bonos-solidarios\/","url":"https:\/\/contrastes.com.co\/web\/2021\/06\/03\/gobernacion-del-atlantico-y-fundacion-promigas-entregaron-9-200-bonos-solidarios\/","name":"Gobernaci\u00f3n del Atl\u00e1ntico y Fundaci\u00f3n Promigas entregaron 9.200 bonos solidarios - Constrastes","isPartOf":{"@id":"https:\/\/contrastes.com.co\/web\/#website"},"primaryImageOfPage":{"@id":"https:\/\/contrastes.com.co\/web\/2021\/06\/03\/gobernacion-del-atlantico-y-fundacion-promigas-entregaron-9-200-bonos-solidarios\/#primaryimage"},"image":{"@id":"https:\/\/contrastes.com.co\/web\/2021\/06\/03\/gobernacion-del-atlantico-y-fundacion-promigas-entregaron-9-200-bonos-solidarios\/#primaryimage"},"thumbnailUrl":"","datePublished":"2021-06-03T17:24:10+00:00","description":"Con el prop\u00f3sito de proteger la vida de los atlanticenses, la Gobernaci\u00f3n, en alianza con Promigas y su Fundaci\u00f3n entregaron 9.200 bonos solidarios a familias en condici\u00f3n de vulnerabilidad por la emergencia del Covid-19.","breadcrumb":{"@id":"https:\/\/contrastes.com.co\/web\/2021\/06\/03\/gobernacion-del-atlantico-y-fundacion-promigas-entregaron-9-200-bonos-solidarios\/#breadcrumb"},"inLanguage":"es","potentialAction":[{"@type":"ReadAction","target":["https:\/\/contrastes.com.co\/web\/2021\/06\/03\/gobernacion-del-atlantico-y-fundacion-promigas-entregaron-9-200-bonos-solidarios\/"]}]},{"@type":"ImageObject","inLanguage":"es","@id":"https:\/\/contrastes.com.co\/web\/2021\/06\/03\/gobernacion-del-atlantico-y-fundacion-promigas-entregaron-9-200-bonos-solidarios\/#primaryimage","url":"","contentUrl":""},{"@type":"BreadcrumbList","@id":"https:\/\/contrastes.com.co\/web\/2021\/06\/03\/gobernacion-del-atlantico-y-fundacion-promigas-entregaron-9-200-bonos-solidarios\/#breadcrumb","itemListElement":[{"@type":"ListItem","position":1,"name":"Portada","item":"https:\/\/contrastes.com.co\/web\/"},{"@type":"ListItem","position":2,"name":"Gobernaci\u00f3n del Atl\u00e1ntico y Fundaci\u00f3n Promigas entregaron 9.200 bonos solidarios"}]},{"@type":"WebSite","@id":"https:\/\/contrastes.com.co\/web\/#website","url":"https:\/\/contrastes.com.co\/web\/","name":"Contrastes","description":"Periodismo de Conciencia","publisher":{"@id":"https:\/\/contrastes.com.co\/web\/#organization"},"potentialAction":[{"@type":"SearchAction","target":{"@type":"EntryPoint","urlTemplate":"https:\/\/contrastes.com.co\/web\/?s={search_term_string}"},"query-input":{"@type":"PropertyValueSpecification","valueRequired":true,"valueName":"search_term_string"}}],"inLanguage":"es"},{"@type":"Organization","@id":"https:\/\/contrastes.com.co\/web\/#organization","name":"Contrastes","url":"https:\/\/contrastes.com.co\/web\/","logo":{"@type":"ImageObject","inLanguage":"es","@id":"https:\/\/contrastes.com.co\/web\/#\/schema\/logo\/image\/","url":"https:\/\/contrastes.com.co\/web\/wp-content\/uploads\/2025\/04\/15CONTRASTES3.png","contentUrl":"https:\/\/contrastes.com.co\/web\/wp-content\/uploads\/2025\/04\/15CONTRASTES3.png","width":1536,"height":231,"caption":"Contrastes"},"image":{"@id":"https:\/\/contrastes.com.co\/web\/#\/schema\/logo\/image\/"},"sameAs":["https:\/\/www.facebook.com\/guillo.pantoja.1"]},{"@type":"Person","@id":"https:\/\/contrastes.com.co\/web\/#\/schema\/person\/62ef7a62dc4da6de450c71fc2e95ed02","name":"Editor","image":{"@type":"ImageObject","inLanguage":"es","@id":"https:\/\/secure.gravatar.com\/avatar\/7bbb4f718d74bbf600dc556253bb04fd7ac8593751d6e2e3b85432d98aefae80?s=96&d=mm&r=g","url":"https:\/\/secure.gravatar.com\/avatar\/7bbb4f718d74bbf600dc556253bb04fd7ac8593751d6e2e3b85432d98aefae80?s=96&d=mm&r=g","contentUrl":"https:\/\/secure.gravatar.com\/avatar\/7bbb4f718d74bbf600dc556253bb04fd7ac8593751d6e2e3b85432d98aefae80?s=96&d=mm&r=g","caption":"Editor"},"sameAs":["https:\/\/contrastes.com.co\/web"],"url":"https:\/\/contrastes.com.co\/web\/author\/jdbobadilla\/"}]}},"blog_post_layout_featured_media_urls":{"thumbnail":"","full":""},"categories_names":{"73":{"name":"Coronavirus","link":"https:\/\/contrastes.com.co\/web\/category\/coronavirus\/"},"2813":{"name":"Finanzas personales","link":"https:\/\/contrastes.com.co\/web\/category\/finanzas-personales\/"},"571":{"name":"Gesti\u00f3n Social","link":"https:\/\/contrastes.com.co\/web\/category\/gestion-social\/"},"24":{"name":"Regi\u00f3n","link":"https:\/\/contrastes.com.co\/web\/category\/region\/"}},"tags_names":{"3552":{"name":"campa\u00f1a \u2018M\u00e1s solidaridad","link":"https:\/\/contrastes.com.co\/web\/tag\/campana-mas-solidaridad\/"},"77":{"name":"elsa noguera","link":"https:\/\/contrastes.com.co\/web\/tag\/elsa-noguera\/"},"3553":{"name":"Fundaci\u00f3n Promigas","link":"https:\/\/contrastes.com.co\/web\/tag\/fundacion-promigas\/"},"15":{"name":"gobernaci\u00f3n del Atl\u00e1ntico","link":"https:\/\/contrastes.com.co\/web\/tag\/gobernacion-del-atlantico\/"},"3554":{"name":"m\u00e1s vida\u2019","link":"https:\/\/contrastes.com.co\/web\/tag\/mas-vida\/"},"1134":{"name":"Promigas","link":"https:\/\/contrastes.com.co\/web\/tag\/promigas\/"}},"comments_number":"0","wpmagazine_modules_lite_featured_media_urls":{"thumbnail":"","cvmm-medium":"","cvmm-medium-plus":"","cvmm-portrait":"","cvmm-medium-square":"","cvmm-large":"","cvmm-small":"","full":""},"_links":{"self":[{"href":"https:\/\/contrastes.com.co\/web\/wp-json\/wp\/v2\/posts\/6177","targetHints":{"allow":["GET"]}}],"collection":[{"href":"https:\/\/contrastes.com.co\/web\/wp-json\/wp\/v2\/posts"}],"about":[{"href":"https:\/\/contrastes.com.co\/web\/wp-json\/wp\/v2\/types\/post"}],"author":[{"embeddable":true,"href":"https:\/\/contrastes.com.co\/web\/wp-json\/wp\/v2\/users\/1"}],"replies":[{"embeddable":true,"href":"https:\/\/contrastes.com.co\/web\/wp-json\/wp\/v2\/comments?post=6177"}],"version-history":[{"count":0,"href":"https:\/\/contrastes.com.co\/web\/wp-json\/wp\/v2\/posts\/6177\/revisions"}],"wp:attachment":[{"href":"https:\/\/contrastes.com.co\/web\/wp-json\/wp\/v2\/media?parent=6177"}],"wp:term":[{"taxonomy":"category","embeddable":true,"href":"https:\/\/contrastes.com.co\/web\/wp-json\/wp\/v2\/categories?post=6177"},{"taxonomy":"post_tag","embeddable":true,"href":"https:\/\/contrastes.com.co\/web\/wp-json\/wp\/v2\/tags?post=6177"}],"curies":[{"name":"wp","href":"https:\/\/api.w.org\/{rel}","templated":true}]}}