{"id":6217,"date":"2021-06-04T16:02:09","date_gmt":"2021-06-04T21:02:09","guid":{"rendered":"https:\/\/contrastes.com.co\/digital\/?p=6217"},"modified":"2021-06-04T16:02:09","modified_gmt":"2021-06-04T21:02:09","slug":"hospital-materno-infantil-conmemora-el-dia-mundial-de-la-fertilidad","status":"publish","type":"post","link":"https:\/\/contrastes.com.co\/web\/2021\/06\/04\/hospital-materno-infantil-conmemora-el-dia-mundial-de-la-fertilidad\/","title":{"rendered":"Hospital Materno Infantil Conmemora el D\u00eda Mundial de la Fertilidad"},"content":{"rendered":"<p><strong>Hospital Materno Infantil Conmemora el D\u00eda Mundial de la Fertilidad<\/strong><\/p>\n<p><strong>El 4 de junio se celebra el D\u00eda Mundial de la Fertilidad<\/strong>, con el objetivo de llamar la atenci\u00f3n sobre los problemas de fertilidad que se presentan cada vez con m\u00e1s frecuencia en la poblaci\u00f3n, y de identificar el momento indicado para consultar a un especialista.<\/p>\n<p>Hablamos de infertilidad cuando no se produce un embarazo pasado un a\u00f1o de relaciones sexuales sin utilizaci\u00f3n de m\u00e9todos anticonceptivos, o bien cuando hay una dificultad para mantener un embarazo.<\/p>\n<p>La infertilidad es bastante com\u00fan y reconocida por la Organizaci\u00f3n Mundial de la Salud, que afecta a un gran porcentaje de parejas en edad reproductiva. No obstante, existen tratamientos para muchos tipos de infertilidad y muchas parejas que han tenido dificultades logran tener un beb\u00e9 sano.<\/p>\n<p>Desde el Hospital Materno Infantil de Soledad, y bajo la Coordinaci\u00f3n del Plan de Intervenciones Colectivas, Secretar\u00eda de Salud y la Alcald\u00eda Municipal de Soledad, se viene desarrollando los programas sobre c\u00f3mo tener una vida sexual responsable, derechos sexuales y reproductivos, prevenci\u00f3n de las enfermedades de transmisi\u00f3n sexual, as\u00ed como tambi\u00e9n la planificaci\u00f3n familiar,<\/p>\n<p>Lo anterior con el prop\u00f3sito de orientar y educar a la poblaci\u00f3n sobre estos temas que est\u00e1n enmarcadas en las dimensiones estrat\u00e9gicas de vida saludable.<\/p>\n","protected":false},"excerpt":{"rendered":"<p>El 4 de junio se celebra el D\u00eda Mundial de la Fertilidad, con el objetivo de llamar la atenci\u00f3n sobre los problemas de fertilidad que se presentan cada vez con m\u00e1s frecuencia en la poblaci\u00f3n, y de identificar el momento indicado para consultar a un especialista.<\/p>\n","protected":false},"author":1,"featured_media":6218,"comment_status":"open","ping_status":"open","sticky":false,"template":"","format":"standard","meta":{"footnotes":""},"categories":[23,101,25],"tags":[3575,1338],"class_list":["post-6217","post","type-post","status-publish","format-standard","has-post-thumbnail","hentry","category-locales","category-pais","category-salud","tag-dia-mundial-de-la-fertilidad","tag-ese-hospital-materno-infantil-de-soledad"],"yoast_head":"<!-- This site is optimized with the Yoast SEO plugin v27.7 - https:\/\/yoast.com\/product\/yoast-seo-wordpress\/ -->\n<title>Hospital Materno Infantil Conmemora el D\u00eda Mundial de la Fertilidad - Constrastes<\/title>\n<meta name=\"description\" content=\"El 4 de junio se celebra el D\u00eda Mundial de la Fertilidad, con el objetivo de llamar la atenci\u00f3n sobre los problemas de fertilidad que se presentan cada vez con m\u00e1s frecuencia en la poblaci\u00f3n, y de identificar el momento indicado para consultar a un especialista.\" \/>\n<meta name=\"robots\" content=\"index, follow, max-snippet:-1, max-image-preview:large, max-video-preview:-1\" \/>\n<link rel=\"canonical\" href=\"https:\/\/contrastes.com.co\/web\/2021\/06\/04\/hospital-materno-infantil-conmemora-el-dia-mundial-de-la-fertilidad\/\" \/>\n<meta property=\"og:locale\" content=\"es_ES\" \/>\n<meta property=\"og:type\" content=\"article\" \/>\n<meta property=\"og:title\" content=\"Hospital Materno Infantil Conmemora el D\u00eda Mundial de la Fertilidad - Constrastes\" \/>\n<meta property=\"og:description\" content=\"El 4 de junio se celebra el D\u00eda Mundial de la Fertilidad, con el objetivo de llamar la atenci\u00f3n sobre los problemas de fertilidad que se presentan cada vez con m\u00e1s frecuencia en la poblaci\u00f3n, y de identificar el momento indicado para consultar a un especialista.\" \/>\n<meta property=\"og:url\" content=\"https:\/\/contrastes.com.co\/web\/2021\/06\/04\/hospital-materno-infantil-conmemora-el-dia-mundial-de-la-fertilidad\/\" \/>\n<meta property=\"og:site_name\" content=\"Constrastes\" \/>\n<meta property=\"article:publisher\" content=\"https:\/\/www.facebook.com\/guillo.pantoja.1\" \/>\n<meta property=\"article:published_time\" content=\"2021-06-04T21:02:09+00:00\" \/>\n<meta name=\"author\" content=\"Editor\" \/>\n<meta name=\"twitter:card\" content=\"summary_large_image\" \/>\n<meta name=\"twitter:label1\" content=\"Escrito por\" \/>\n\t<meta name=\"twitter:data1\" content=\"Editor\" \/>\n\t<meta name=\"twitter:label2\" content=\"Tiempo de lectura\" \/>\n\t<meta name=\"twitter:data2\" content=\"1 minuto\" \/>\n<script type=\"application\/ld+json\" class=\"yoast-schema-graph\">{\"@context\":\"https:\\\/\\\/schema.org\",\"@graph\":[{\"@type\":\"Article\",\"@id\":\"https:\\\/\\\/contrastes.com.co\\\/web\\\/2021\\\/06\\\/04\\\/hospital-materno-infantil-conmemora-el-dia-mundial-de-la-fertilidad\\\/#article\",\"isPartOf\":{\"@id\":\"https:\\\/\\\/contrastes.com.co\\\/web\\\/2021\\\/06\\\/04\\\/hospital-materno-infantil-conmemora-el-dia-mundial-de-la-fertilidad\\\/\"},\"author\":{\"name\":\"Editor\",\"@id\":\"https:\\\/\\\/contrastes.com.co\\\/web\\\/#\\\/schema\\\/person\\\/62ef7a62dc4da6de450c71fc2e95ed02\"},\"headline\":\"Hospital Materno Infantil Conmemora el D\u00eda Mundial de la Fertilidad\",\"datePublished\":\"2021-06-04T21:02:09+00:00\",\"mainEntityOfPage\":{\"@id\":\"https:\\\/\\\/contrastes.com.co\\\/web\\\/2021\\\/06\\\/04\\\/hospital-materno-infantil-conmemora-el-dia-mundial-de-la-fertilidad\\\/\"},\"wordCount\":243,\"commentCount\":0,\"publisher\":{\"@id\":\"https:\\\/\\\/contrastes.com.co\\\/web\\\/#organization\"},\"image\":{\"@id\":\"https:\\\/\\\/contrastes.com.co\\\/web\\\/2021\\\/06\\\/04\\\/hospital-materno-infantil-conmemora-el-dia-mundial-de-la-fertilidad\\\/#primaryimage\"},\"thumbnailUrl\":\"\",\"keywords\":[\"D\u00eda Mundial de la Fertilidad\",\"ESE Hospital Materno Infantil de Soledad\"],\"articleSection\":[\"Locales\",\"Pa\u00eds\",\"Salud\"],\"inLanguage\":\"es\",\"potentialAction\":[{\"@type\":\"CommentAction\",\"name\":\"Comment\",\"target\":[\"https:\\\/\\\/contrastes.com.co\\\/web\\\/2021\\\/06\\\/04\\\/hospital-materno-infantil-conmemora-el-dia-mundial-de-la-fertilidad\\\/#respond\"]}]},{\"@type\":\"WebPage\",\"@id\":\"https:\\\/\\\/contrastes.com.co\\\/web\\\/2021\\\/06\\\/04\\\/hospital-materno-infantil-conmemora-el-dia-mundial-de-la-fertilidad\\\/\",\"url\":\"https:\\\/\\\/contrastes.com.co\\\/web\\\/2021\\\/06\\\/04\\\/hospital-materno-infantil-conmemora-el-dia-mundial-de-la-fertilidad\\\/\",\"name\":\"Hospital Materno Infantil Conmemora el D\u00eda Mundial de la Fertilidad - Constrastes\",\"isPartOf\":{\"@id\":\"https:\\\/\\\/contrastes.com.co\\\/web\\\/#website\"},\"primaryImageOfPage\":{\"@id\":\"https:\\\/\\\/contrastes.com.co\\\/web\\\/2021\\\/06\\\/04\\\/hospital-materno-infantil-conmemora-el-dia-mundial-de-la-fertilidad\\\/#primaryimage\"},\"image\":{\"@id\":\"https:\\\/\\\/contrastes.com.co\\\/web\\\/2021\\\/06\\\/04\\\/hospital-materno-infantil-conmemora-el-dia-mundial-de-la-fertilidad\\\/#primaryimage\"},\"thumbnailUrl\":\"\",\"datePublished\":\"2021-06-04T21:02:09+00:00\",\"description\":\"El 4 de junio se celebra el D\u00eda Mundial de la Fertilidad, con el objetivo de llamar la atenci\u00f3n sobre los problemas de fertilidad que se presentan cada vez con m\u00e1s frecuencia en la poblaci\u00f3n, y de identificar el momento indicado para consultar a un especialista.\",\"breadcrumb\":{\"@id\":\"https:\\\/\\\/contrastes.com.co\\\/web\\\/2021\\\/06\\\/04\\\/hospital-materno-infantil-conmemora-el-dia-mundial-de-la-fertilidad\\\/#breadcrumb\"},\"inLanguage\":\"es\",\"potentialAction\":[{\"@type\":\"ReadAction\",\"target\":[\"https:\\\/\\\/contrastes.com.co\\\/web\\\/2021\\\/06\\\/04\\\/hospital-materno-infantil-conmemora-el-dia-mundial-de-la-fertilidad\\\/\"]}]},{\"@type\":\"ImageObject\",\"inLanguage\":\"es\",\"@id\":\"https:\\\/\\\/contrastes.com.co\\\/web\\\/2021\\\/06\\\/04\\\/hospital-materno-infantil-conmemora-el-dia-mundial-de-la-fertilidad\\\/#primaryimage\",\"url\":\"\",\"contentUrl\":\"\"},{\"@type\":\"BreadcrumbList\",\"@id\":\"https:\\\/\\\/contrastes.com.co\\\/web\\\/2021\\\/06\\\/04\\\/hospital-materno-infantil-conmemora-el-dia-mundial-de-la-fertilidad\\\/#breadcrumb\",\"itemListElement\":[{\"@type\":\"ListItem\",\"position\":1,\"name\":\"Portada\",\"item\":\"https:\\\/\\\/contrastes.com.co\\\/web\\\/\"},{\"@type\":\"ListItem\",\"position\":2,\"name\":\"Hospital Materno Infantil Conmemora el D\u00eda Mundial de la Fertilidad\"}]},{\"@type\":\"WebSite\",\"@id\":\"https:\\\/\\\/contrastes.com.co\\\/web\\\/#website\",\"url\":\"https:\\\/\\\/contrastes.com.co\\\/web\\\/\",\"name\":\"Contrastes\",\"description\":\"Periodismo de Conciencia\",\"publisher\":{\"@id\":\"https:\\\/\\\/contrastes.com.co\\\/web\\\/#organization\"},\"potentialAction\":[{\"@type\":\"SearchAction\",\"target\":{\"@type\":\"EntryPoint\",\"urlTemplate\":\"https:\\\/\\\/contrastes.com.co\\\/web\\\/?s={search_term_string}\"},\"query-input\":{\"@type\":\"PropertyValueSpecification\",\"valueRequired\":true,\"valueName\":\"search_term_string\"}}],\"inLanguage\":\"es\"},{\"@type\":\"Organization\",\"@id\":\"https:\\\/\\\/contrastes.com.co\\\/web\\\/#organization\",\"name\":\"Contrastes\",\"url\":\"https:\\\/\\\/contrastes.com.co\\\/web\\\/\",\"logo\":{\"@type\":\"ImageObject\",\"inLanguage\":\"es\",\"@id\":\"https:\\\/\\\/contrastes.com.co\\\/web\\\/#\\\/schema\\\/logo\\\/image\\\/\",\"url\":\"https:\\\/\\\/contrastes.com.co\\\/web\\\/wp-content\\\/uploads\\\/2025\\\/04\\\/15CONTRASTES3.png\",\"contentUrl\":\"https:\\\/\\\/contrastes.com.co\\\/web\\\/wp-content\\\/uploads\\\/2025\\\/04\\\/15CONTRASTES3.png\",\"width\":1536,\"height\":231,\"caption\":\"Contrastes\"},\"image\":{\"@id\":\"https:\\\/\\\/contrastes.com.co\\\/web\\\/#\\\/schema\\\/logo\\\/image\\\/\"},\"sameAs\":[\"https:\\\/\\\/www.facebook.com\\\/guillo.pantoja.1\"]},{\"@type\":\"Person\",\"@id\":\"https:\\\/\\\/contrastes.com.co\\\/web\\\/#\\\/schema\\\/person\\\/62ef7a62dc4da6de450c71fc2e95ed02\",\"name\":\"Editor\",\"image\":{\"@type\":\"ImageObject\",\"inLanguage\":\"es\",\"@id\":\"https:\\\/\\\/secure.gravatar.com\\\/avatar\\\/7bbb4f718d74bbf600dc556253bb04fd7ac8593751d6e2e3b85432d98aefae80?s=96&d=mm&r=g\",\"url\":\"https:\\\/\\\/secure.gravatar.com\\\/avatar\\\/7bbb4f718d74bbf600dc556253bb04fd7ac8593751d6e2e3b85432d98aefae80?s=96&d=mm&r=g\",\"contentUrl\":\"https:\\\/\\\/secure.gravatar.com\\\/avatar\\\/7bbb4f718d74bbf600dc556253bb04fd7ac8593751d6e2e3b85432d98aefae80?s=96&d=mm&r=g\",\"caption\":\"Editor\"},\"sameAs\":[\"https:\\\/\\\/contrastes.com.co\\\/web\"],\"url\":\"https:\\\/\\\/contrastes.com.co\\\/web\\\/author\\\/jdbobadilla\\\/\"}]}<\/script>\n<!-- \/ Yoast SEO plugin. -->","yoast_head_json":{"title":"Hospital Materno Infantil Conmemora el D\u00eda Mundial de la Fertilidad - Constrastes","description":"El 4 de junio se celebra el D\u00eda Mundial de la Fertilidad, con el objetivo de llamar la atenci\u00f3n sobre los problemas de fertilidad que se presentan cada vez con m\u00e1s frecuencia en la poblaci\u00f3n, y de identificar el momento indicado para consultar a un especialista.","robots":{"index":"index","follow":"follow","max-snippet":"max-snippet:-1","max-image-preview":"max-image-preview:large","max-video-preview":"max-video-preview:-1"},"canonical":"https:\/\/contrastes.com.co\/web\/2021\/06\/04\/hospital-materno-infantil-conmemora-el-dia-mundial-de-la-fertilidad\/","og_locale":"es_ES","og_type":"article","og_title":"Hospital Materno Infantil Conmemora el D\u00eda Mundial de la Fertilidad - Constrastes","og_description":"El 4 de junio se celebra el D\u00eda Mundial de la Fertilidad, con el objetivo de llamar la atenci\u00f3n sobre los problemas de fertilidad que se presentan cada vez con m\u00e1s frecuencia en la poblaci\u00f3n, y de identificar el momento indicado para consultar a un especialista.","og_url":"https:\/\/contrastes.com.co\/web\/2021\/06\/04\/hospital-materno-infantil-conmemora-el-dia-mundial-de-la-fertilidad\/","og_site_name":"Constrastes","article_publisher":"https:\/\/www.facebook.com\/guillo.pantoja.1","article_published_time":"2021-06-04T21:02:09+00:00","author":"Editor","twitter_card":"summary_large_image","twitter_misc":{"Escrito por":"Editor","Tiempo de lectura":"1 minuto"},"schema":{"@context":"https:\/\/schema.org","@graph":[{"@type":"Article","@id":"https:\/\/contrastes.com.co\/web\/2021\/06\/04\/hospital-materno-infantil-conmemora-el-dia-mundial-de-la-fertilidad\/#article","isPartOf":{"@id":"https:\/\/contrastes.com.co\/web\/2021\/06\/04\/hospital-materno-infantil-conmemora-el-dia-mundial-de-la-fertilidad\/"},"author":{"name":"Editor","@id":"https:\/\/contrastes.com.co\/web\/#\/schema\/person\/62ef7a62dc4da6de450c71fc2e95ed02"},"headline":"Hospital Materno Infantil Conmemora el D\u00eda Mundial de la Fertilidad","datePublished":"2021-06-04T21:02:09+00:00","mainEntityOfPage":{"@id":"https:\/\/contrastes.com.co\/web\/2021\/06\/04\/hospital-materno-infantil-conmemora-el-dia-mundial-de-la-fertilidad\/"},"wordCount":243,"commentCount":0,"publisher":{"@id":"https:\/\/contrastes.com.co\/web\/#organization"},"image":{"@id":"https:\/\/contrastes.com.co\/web\/2021\/06\/04\/hospital-materno-infantil-conmemora-el-dia-mundial-de-la-fertilidad\/#primaryimage"},"thumbnailUrl":"","keywords":["D\u00eda Mundial de la Fertilidad","ESE Hospital Materno Infantil de Soledad"],"articleSection":["Locales","Pa\u00eds","Salud"],"inLanguage":"es","potentialAction":[{"@type":"CommentAction","name":"Comment","target":["https:\/\/contrastes.com.co\/web\/2021\/06\/04\/hospital-materno-infantil-conmemora-el-dia-mundial-de-la-fertilidad\/#respond"]}]},{"@type":"WebPage","@id":"https:\/\/contrastes.com.co\/web\/2021\/06\/04\/hospital-materno-infantil-conmemora-el-dia-mundial-de-la-fertilidad\/","url":"https:\/\/contrastes.com.co\/web\/2021\/06\/04\/hospital-materno-infantil-conmemora-el-dia-mundial-de-la-fertilidad\/","name":"Hospital Materno Infantil Conmemora el D\u00eda Mundial de la Fertilidad - Constrastes","isPartOf":{"@id":"https:\/\/contrastes.com.co\/web\/#website"},"primaryImageOfPage":{"@id":"https:\/\/contrastes.com.co\/web\/2021\/06\/04\/hospital-materno-infantil-conmemora-el-dia-mundial-de-la-fertilidad\/#primaryimage"},"image":{"@id":"https:\/\/contrastes.com.co\/web\/2021\/06\/04\/hospital-materno-infantil-conmemora-el-dia-mundial-de-la-fertilidad\/#primaryimage"},"thumbnailUrl":"","datePublished":"2021-06-04T21:02:09+00:00","description":"El 4 de junio se celebra el D\u00eda Mundial de la Fertilidad, con el objetivo de llamar la atenci\u00f3n sobre los problemas de fertilidad que se presentan cada vez con m\u00e1s frecuencia en la poblaci\u00f3n, y de identificar el momento indicado para consultar a un especialista.","breadcrumb":{"@id":"https:\/\/contrastes.com.co\/web\/2021\/06\/04\/hospital-materno-infantil-conmemora-el-dia-mundial-de-la-fertilidad\/#breadcrumb"},"inLanguage":"es","potentialAction":[{"@type":"ReadAction","target":["https:\/\/contrastes.com.co\/web\/2021\/06\/04\/hospital-materno-infantil-conmemora-el-dia-mundial-de-la-fertilidad\/"]}]},{"@type":"ImageObject","inLanguage":"es","@id":"https:\/\/contrastes.com.co\/web\/2021\/06\/04\/hospital-materno-infantil-conmemora-el-dia-mundial-de-la-fertilidad\/#primaryimage","url":"","contentUrl":""},{"@type":"BreadcrumbList","@id":"https:\/\/contrastes.com.co\/web\/2021\/06\/04\/hospital-materno-infantil-conmemora-el-dia-mundial-de-la-fertilidad\/#breadcrumb","itemListElement":[{"@type":"ListItem","position":1,"name":"Portada","item":"https:\/\/contrastes.com.co\/web\/"},{"@type":"ListItem","position":2,"name":"Hospital Materno Infantil Conmemora el D\u00eda Mundial de la Fertilidad"}]},{"@type":"WebSite","@id":"https:\/\/contrastes.com.co\/web\/#website","url":"https:\/\/contrastes.com.co\/web\/","name":"Contrastes","description":"Periodismo de Conciencia","publisher":{"@id":"https:\/\/contrastes.com.co\/web\/#organization"},"potentialAction":[{"@type":"SearchAction","target":{"@type":"EntryPoint","urlTemplate":"https:\/\/contrastes.com.co\/web\/?s={search_term_string}"},"query-input":{"@type":"PropertyValueSpecification","valueRequired":true,"valueName":"search_term_string"}}],"inLanguage":"es"},{"@type":"Organization","@id":"https:\/\/contrastes.com.co\/web\/#organization","name":"Contrastes","url":"https:\/\/contrastes.com.co\/web\/","logo":{"@type":"ImageObject","inLanguage":"es","@id":"https:\/\/contrastes.com.co\/web\/#\/schema\/logo\/image\/","url":"https:\/\/contrastes.com.co\/web\/wp-content\/uploads\/2025\/04\/15CONTRASTES3.png","contentUrl":"https:\/\/contrastes.com.co\/web\/wp-content\/uploads\/2025\/04\/15CONTRASTES3.png","width":1536,"height":231,"caption":"Contrastes"},"image":{"@id":"https:\/\/contrastes.com.co\/web\/#\/schema\/logo\/image\/"},"sameAs":["https:\/\/www.facebook.com\/guillo.pantoja.1"]},{"@type":"Person","@id":"https:\/\/contrastes.com.co\/web\/#\/schema\/person\/62ef7a62dc4da6de450c71fc2e95ed02","name":"Editor","image":{"@type":"ImageObject","inLanguage":"es","@id":"https:\/\/secure.gravatar.com\/avatar\/7bbb4f718d74bbf600dc556253bb04fd7ac8593751d6e2e3b85432d98aefae80?s=96&d=mm&r=g","url":"https:\/\/secure.gravatar.com\/avatar\/7bbb4f718d74bbf600dc556253bb04fd7ac8593751d6e2e3b85432d98aefae80?s=96&d=mm&r=g","contentUrl":"https:\/\/secure.gravatar.com\/avatar\/7bbb4f718d74bbf600dc556253bb04fd7ac8593751d6e2e3b85432d98aefae80?s=96&d=mm&r=g","caption":"Editor"},"sameAs":["https:\/\/contrastes.com.co\/web"],"url":"https:\/\/contrastes.com.co\/web\/author\/jdbobadilla\/"}]}},"blog_post_layout_featured_media_urls":{"thumbnail":"","full":""},"categories_names":{"23":{"name":"Locales","link":"https:\/\/contrastes.com.co\/web\/category\/locales\/"},"101":{"name":"Pa\u00eds","link":"https:\/\/contrastes.com.co\/web\/category\/pais\/"},"25":{"name":"Salud","link":"https:\/\/contrastes.com.co\/web\/category\/salud\/"}},"tags_names":{"3575":{"name":"D\u00eda Mundial de la Fertilidad","link":"https:\/\/contrastes.com.co\/web\/tag\/dia-mundial-de-la-fertilidad\/"},"1338":{"name":"ESE Hospital Materno Infantil de Soledad","link":"https:\/\/contrastes.com.co\/web\/tag\/ese-hospital-materno-infantil-de-soledad\/"}},"comments_number":"0","wpmagazine_modules_lite_featured_media_urls":{"thumbnail":"","cvmm-medium":"","cvmm-medium-plus":"","cvmm-portrait":"","cvmm-medium-square":"","cvmm-large":"","cvmm-small":"","full":""},"_links":{"self":[{"href":"https:\/\/contrastes.com.co\/web\/wp-json\/wp\/v2\/posts\/6217","targetHints":{"allow":["GET"]}}],"collection":[{"href":"https:\/\/contrastes.com.co\/web\/wp-json\/wp\/v2\/posts"}],"about":[{"href":"https:\/\/contrastes.com.co\/web\/wp-json\/wp\/v2\/types\/post"}],"author":[{"embeddable":true,"href":"https:\/\/contrastes.com.co\/web\/wp-json\/wp\/v2\/users\/1"}],"replies":[{"embeddable":true,"href":"https:\/\/contrastes.com.co\/web\/wp-json\/wp\/v2\/comments?post=6217"}],"version-history":[{"count":0,"href":"https:\/\/contrastes.com.co\/web\/wp-json\/wp\/v2\/posts\/6217\/revisions"}],"wp:attachment":[{"href":"https:\/\/contrastes.com.co\/web\/wp-json\/wp\/v2\/media?parent=6217"}],"wp:term":[{"taxonomy":"category","embeddable":true,"href":"https:\/\/contrastes.com.co\/web\/wp-json\/wp\/v2\/categories?post=6217"},{"taxonomy":"post_tag","embeddable":true,"href":"https:\/\/contrastes.com.co\/web\/wp-json\/wp\/v2\/tags?post=6217"}],"curies":[{"name":"wp","href":"https:\/\/api.w.org\/{rel}","templated":true}]}}