{"id":6271,"date":"2021-06-10T11:38:20","date_gmt":"2021-06-10T16:38:20","guid":{"rendered":"https:\/\/contrastes.com.co\/digital\/?p=6271"},"modified":"2021-06-10T11:38:20","modified_gmt":"2021-06-10T16:38:20","slug":"el-comite-del-paro-estaria-preparando-cambios-en-la-forma-de-protestar","status":"publish","type":"post","link":"https:\/\/contrastes.com.co\/web\/2021\/06\/10\/el-comite-del-paro-estaria-preparando-cambios-en-la-forma-de-protestar\/","title":{"rendered":"El Comit\u00e9 del Paro estar\u00eda preparando cambios en la forma de protestar"},"content":{"rendered":"<p><strong>El Comit\u00e9 del Paro estar\u00eda preparando cambios en la forma de protestar.<\/strong><\/p>\n<blockquote><p><strong>La decisi\u00f3n se toma luego de serias conversaciones en las que se reconoci\u00f3 la necesidad de dejar de arriesgar la vida de los manifestantes e incluso, de los miembros de la fuerza p\u00fablica, teniendo en cuenta que todav\u00eda no existen garant\u00edas para la protesta pac\u00edfica.<\/strong><\/p><\/blockquote>\n<h5><em><strong><a href=\"https:\/\/www.infobae.com\/america\/colombia\/2021\/06\/10\/el-comite-del-paro-estaria-preparando-cambios-en-la-forma-de-protestar\/\">infobae.com<\/a><\/strong><\/em><\/h5>\n<p><strong>Bogota.-<\/strong> La suspensi\u00f3n de las <strong>conversaciones entre el Gobierno nacional y el Comit\u00e9 del Paro no han detenido<\/strong> a este \u00faltimo para seguir tomando decisiones sobre el futuro de la protesta que se desarrolla en el pa\u00eds, casi sin interrupciones, desde el pasado 28 de abril. De hecho, <strong>el paro nacional como se ha conocido hasta ahora estar\u00eda a punto de llegar a su final<\/strong>.<\/p>\n<p>Al menos esa parece ser la intenci\u00f3n del Comit\u00e9 del Paro, que agend\u00f3 una reuni\u00f3n para hablar del tema en la noche de este mi\u00e9rcoles 9 de junio, justo despu\u00e9s del encuentro que la misma tuvo con los delegados de la <strong>Comisi\u00f3n Interamericana de Derechos Humanos<\/strong>. Recordemos que esta se encuentra en el pa\u00eds desde el pasado 7 de junio a ra\u00edz de las denuncias sobre violaciones a los derechos humanos en el marco del paro nacional.<\/p>\n<p>Seg\u00fan afirmaron los voceros del comit\u00e9, la manifestaci\u00f3n se podr\u00eda transformar pensando en el bienestar del pa\u00eds y con el \u00e1nimo de buscar nuevas alternativas para que el gobierno del presidente Iv\u00e1n Duque siga escuchando el clamor de diferentes sectores que se sienten inconformes con su gesti\u00f3n. \u201cEl tema es cambiar de t\u00e1ctica y estrategia\u201d, le dijo de forma an\u00f3nima uno de los miembros de esa agrupaci\u00f3n a RCN Radio.<\/p>\n<p>Ello va en sinton\u00eda con lo dicho m\u00e1s temprano por el <strong>presidente de la Confederaci\u00f3n General del Trabajo, Percy Oyola<\/strong>, quien se\u00f1al\u00f3 en una entrevista con la Semana que, \u201cen la medida en que no tenemos garant\u00edas para el ejercicio de la protesta, no debemos arriesgar m\u00e1s vidas de los j\u00f3venes que son quienes han puesto una cuota de sangre muy importante y desafortunada en medio de esta protesta\u201d.<\/p>\n<p>Valga recordar que, el paro nacional se extiende en Colombia desde hace 43 d\u00edas y deja un saldo sumamente preocupante, tanto a nivel de protecci\u00f3n de los derechos de los colombianos, como del desempe\u00f1o de la econom\u00eda nacional.<\/p>\n<p>En cuanto a lo primero, son claros los informes que entregan organizaciones como Temblores ONG, que dan cuenta de al menos 3.789 denuncias por violencia policial, de las cuales 1.248 corresponden a violencia f\u00edsica, 45 a violencia homicida, 65 por agresiones a los ojos, 25 de violencia sexual y 1.649 de detenciones arbitrarias contra manifestantes.<\/p>\n<p>Sobre lo segundo, se han conocido m\u00faltiples pronunciamientos por parte de distintas entidades, como <strong>Fedesarrollo, que asegura que el costo econ\u00f3mico en mayo est\u00e1 entre los $4,8 billones y $6,1 billones<\/strong>, \u201csiendo los sectores m\u00e1s afectados el comercio, la industria y el agro, que representan un 80 % del costo total\u201d. <strong>En cuanto al desempleo, el Departamento Administrativo Nacional de Estad\u00edstica (Dane) asegur\u00f3 que el mismo se ubic\u00f3 en abril, cuando s\u00f3lo hubo tres d\u00edas de paro, en niveles del 15,1 por ciento<\/strong>, lo que represent\u00f3 un incremento frente al marzo inmediatamente anterior.<\/p>\n<p>La decisi\u00f3n se empieza a barajar en medio de tensiones entre el Comit\u00e9 del Paro y el Gobierno nacional que, tras poco m\u00e1s de tres semanas de negociaciones, no han podido ni si quiera cerrar el preacuerdo sobre las garant\u00edas para la protesta pac\u00edfica, que sirve como antesala a la negociaci\u00f3n real, entorno al pliego de emergencia presentado por los primeros en julio del a\u00f1o pasado.<\/p>\n<p>De hecho, la mesa de negociaciones fue levantada unilateralmente por el comit\u00e9 luego de que el Gobierno no accediera a firmar el preacuerdo esbozado el 24 de mayo y que, de acuerdo con el <strong>consejero presidencial Emilio Archila<\/strong>, era s\u00f3lo un borrador sobre el cual ya se hab\u00edan trabajado anotaciones y opiniones. Otro factor de desencuentro fue la negativa de las centrales obreras, agrarias y de docentes a la petici\u00f3n de rechazar los bloqueos que atraviesa el pa\u00eds.<\/p>\n<p>De acuerdo con Oyola, sin embargo,<strong> la posibilidad no significa el final de las manifestaciones, sino la modificaci\u00f3n de las mismas, pues \u201cel paro no puede concluir<\/strong>. La protesta contin\u00faa, ya viene es c\u00f3mo se desarrollar\u00e1\u201d. En ese sentido, se ha hablado de reemplazar las marchas por concentraciones puntuales y pac\u00edficas, que permitan minimizar el costo de vidas y heridos, tanto en t\u00e9rminos de civiles como para miembros de la Polic\u00eda.<\/p>\n<p>Todo lo anterior aplicar\u00eda, por su puesto, a las agrupaciones que siguen la pauta del Comit\u00e9 del Paro. Falta ver qu\u00e9 suceder\u00e1 con los estudiantes y otros colectivos de j\u00f3venes que dicen no sentirse representados por dicha organizaci\u00f3n.<\/p>\n","protected":false},"excerpt":{"rendered":"<p>La suspensi\u00f3n de las conversaciones entre el Gobierno nacional y el Comit\u00e9 del Paro no han detenido a este \u00faltimo para seguir tomando decisiones sobre el futuro de la protesta que se desarrolla en el pa\u00eds, casi sin interrupciones, desde el pasado 28 de abril. De hecho, el paro nacional como se ha conocido hasta ahora estar\u00eda a punto de llegar a su final.<\/p>\n","protected":false},"author":1,"featured_media":6272,"comment_status":"open","ping_status":"open","sticky":false,"template":"","format":"standard","meta":{"footnotes":""},"categories":[480,101,3255],"tags":[3614,3356,3615,49,3616,3617,3618,3256],"class_list":["post-6271","post","type-post","status-publish","format-standard","has-post-thumbnail","hentry","category-economia","category-pais","category-protestas","tag-comision-interamericana-de-derechos-humanos","tag-comite-de-paro","tag-desempleo","tag-gobierno-nacional","tag-percy-oyola","tag-perdidas","tag-presidente-de-la-confederacion-general-del-trabajo","tag-protestas-en-colombia"],"blog_post_layout_featured_media_urls":{"thumbnail":"","full":""},"categories_names":{"480":{"name":"Econom\u00eda","link":"https:\/\/contrastes.com.co\/web\/category\/economia\/"},"101":{"name":"Pa\u00eds","link":"https:\/\/contrastes.com.co\/web\/category\/pais\/"},"3255":{"name":"Protestas","link":"https:\/\/contrastes.com.co\/web\/category\/protestas\/"}},"tags_names":{"3614":{"name":"Comisi\u00f3n Interamericana de Derechos Humanos","link":"https:\/\/contrastes.com.co\/web\/tag\/comision-interamericana-de-derechos-humanos\/"},"3356":{"name":"Comit\u00e9 de Paro","link":"https:\/\/contrastes.com.co\/web\/tag\/comite-de-paro\/"},"3615":{"name":"desempleo","link":"https:\/\/contrastes.com.co\/web\/tag\/desempleo\/"},"49":{"name":"Gobierno Nacional","link":"https:\/\/contrastes.com.co\/web\/tag\/gobierno-nacional\/"},"3616":{"name":"Percy Oyola","link":"https:\/\/contrastes.com.co\/web\/tag\/percy-oyola\/"},"3617":{"name":"p\u00e9rdidas","link":"https:\/\/contrastes.com.co\/web\/tag\/perdidas\/"},"3618":{"name":"presidente de la Confederaci\u00f3n General del Trabajo","link":"https:\/\/contrastes.com.co\/web\/tag\/presidente-de-la-confederacion-general-del-trabajo\/"},"3256":{"name":"protestas en Colombia","link":"https:\/\/contrastes.com.co\/web\/tag\/protestas-en-colombia\/"}},"comments_number":"0","wpmagazine_modules_lite_featured_media_urls":{"thumbnail":"","cvmm-medium":"","cvmm-medium-plus":"","cvmm-portrait":"","cvmm-medium-square":"","cvmm-large":"","cvmm-small":"","full":""},"_links":{"self":[{"href":"https:\/\/contrastes.com.co\/web\/wp-json\/wp\/v2\/posts\/6271","targetHints":{"allow":["GET"]}}],"collection":[{"href":"https:\/\/contrastes.com.co\/web\/wp-json\/wp\/v2\/posts"}],"about":[{"href":"https:\/\/contrastes.com.co\/web\/wp-json\/wp\/v2\/types\/post"}],"author":[{"embeddable":true,"href":"https:\/\/contrastes.com.co\/web\/wp-json\/wp\/v2\/users\/1"}],"replies":[{"embeddable":true,"href":"https:\/\/contrastes.com.co\/web\/wp-json\/wp\/v2\/comments?post=6271"}],"version-history":[{"count":0,"href":"https:\/\/contrastes.com.co\/web\/wp-json\/wp\/v2\/posts\/6271\/revisions"}],"wp:featuredmedia":[{"embeddable":true,"href":"https:\/\/contrastes.com.co\/web\/wp-json\/"}],"wp:attachment":[{"href":"https:\/\/contrastes.com.co\/web\/wp-json\/wp\/v2\/media?parent=6271"}],"wp:term":[{"taxonomy":"category","embeddable":true,"href":"https:\/\/contrastes.com.co\/web\/wp-json\/wp\/v2\/categories?post=6271"},{"taxonomy":"post_tag","embeddable":true,"href":"https:\/\/contrastes.com.co\/web\/wp-json\/wp\/v2\/tags?post=6271"}],"curies":[{"name":"wp","href":"https:\/\/api.w.org\/{rel}","templated":true}]}}